{"id":76641,"date":"2016-10-05T19:46:04","date_gmt":"2016-10-05T19:46:04","guid":{"rendered":"https:\/\/dev.president-ksgov.net\/predsednik-thaci-ujedinjene-nemacke-je-postalo-nada-za-slobodu-i-demokratiju-u-naem-regionu\/"},"modified":"2016-10-05T19:46:04","modified_gmt":"2016-10-05T19:46:04","slug":"predsednik-thaci-ujedinjene-nemacke-je-postalo-nada-za-slobodu-i-demokratiju-u-naem-regionu","status":"publish","type":"post","link":"https:\/\/president-ksgov.net\/sr\/predsednik-thaci-ujedinjene-nemacke-je-postalo-nada-za-slobodu-i-demokratiju-u-naem-regionu\/","title":{"rendered":"Predsednik Tha\u00e7i: Ujedinjene Nema\u010dke je postalo nada za slobodu i demokratiju u na&#154;em regionu"},"content":{"rendered":"<p>Pri&#353;tina, 5. oktobar 2016. godine &#8211; Predsednik Republike Kosova, Hashim Tha\u00e7i, danas je u\u010destvovao na sve\u010danoj ceremoniji obele&#382;avanja 26. godi&#353;njice ujedinjena Nema\u010dke, koju je organizovala ambasada Nema\u010dke na Kosovu.<\/p>\n<p>Pred mnogim diplomatskim predstavnicima i predstavnicima kosovskih institucija, predsednik Tha\u00e7i je rekao da ovo nije slavlje samo nema\u010dkog naroda, ve\u0107 i slavlje Evrope i svih naroda koji &#382;ele slobodu.<br \/>\n\u00a0<br \/>\n&#8222;Ujedinjene dve Nema\u010dke je slavlje za narode Isto\u010dne Evrope, jer je najubedljiviji znak da je vreme jednopartijskog sistema, vreme zabrane druga\u010dijeg mi&#353;ljenja okon\u010dano. To je bio znak da epoha slobode, demokratije i jednakosti po\u010dinje i za Isto\u010dnu Evropu&#8220;, rekao je predsednik\u00a0 Tha\u00e7i.<br \/>\n\u00a0<br \/>\nPrema njegovom mi&#353;ljenju, ovako je do&#382;ivljen ovaj dan me\u0111u narodima Balkana, obuhvataju\u0107i i Kosovo.<br \/>\n\u00a0<br \/>\n&#8222;Ujedinjenje Nema\u010dke je postalo nada za slobodu i demokratiju. Postalo je nadahnu\u0107e za mnoge pokrete protiv komunizma i monizma na Balkanu&#8220;, dodao je on.<br \/>\n\u00a0<br \/>\nTako\u0111e, predsednik Tha\u00e7i je govorio i o podr&#353;ci koju su nema\u010dki narod i dr&#382;ava pru&#382;ali Kosovu u razli\u010ditim periodima. On je rekao da su vrednosti nema\u010dkog dru&#353;tva, Kosovari upoznali jo&#353; 60-tih godina, prvim talasom gastarbajtera.<br \/>\n\u00a0<br \/>\n&#8222;Danas je od ovog talasa ostala velika kosovska dijaspora, najbitniji most koji povezuje Kosovo i Nema\u010dku, ali i jedan od glavnih hranitelja\u00a0 Kosova. Podr&#353;ka Kosovu je nastavljena i tokom 90-tih godina kada je Nema\u010dka otvorila vrata stotinama hiljada proteranih od strane Milo&#353;evi\u0107evog re&#382;ima&#8220;, rekao je on.<br \/>\n\u00a0<br \/>\nPredsednik Tha\u00e7i je rekao da je Nema\u010dka nakon rata bila glavni podr&#382;avalac poku&#353;ajima za mir i stabilnost u regionu Balkana.<br \/>\n\u00a0<br \/>\n&#8222;Iskori&#353;\u0107avaju\u0107i istorijsko iskustvo francusko-nema\u010dkog pomirenja, nema\u010dka diplomatija i li\u010dno kancelarka Merkel bili su nepokolebljivi podr&#382;avaoci procesa normalizacije odnosa izme\u0111u Kosova i Srbije&#8220;, ocenio je predsednik Tha\u00e7i.<br \/>\n\u00a0<br \/>\nOn je rekao da \u0107e kosovski narod zauvek biti zahvalan nema\u010dkoj prijateljskoj dr&#382;avi i narodu.<br \/>\n\u00a0<br \/>\n&#8222;Na bitne dane, kao &#353;to je ovaj danas, &#382;elimo da produbimo saradnju i prijateljstvo me\u0111u nama&#8220;, zaklju\u010dio je predsednik Tha\u00e7i.<\/p>\n","protected":false},"excerpt":{"rendered":"<p>Pri&#353;tina, 5. oktobar 2016. godine &#8211; Predsednik Republike Kosova, Hashim Tha\u00e7i, danas je u\u010destvovao na sve\u010danoj ceremoniji obele&#382;avanja 26. godi&#353;njice ujedinjena Nema\u010dke, koju je organizovala ambasada Nema\u010dke na Kosovu.<\/p>\n","protected":false},"author":1,"featured_media":32903,"comment_status":"open","ping_status":"closed","sticky":false,"template":"","format":"standard","meta":{"_eb_attr":"","footnotes":""},"categories":[101],"tags":[],"class_list":["post-76641","post","type-post","status-publish","format-standard","has-post-thumbnail","hentry","category-vesti"],"yoast_head":"<!-- This site is optimized with the Yoast SEO plugin v23.5 - https:\/\/yoast.com\/wordpress\/plugins\/seo\/ -->\n<title>Predsednik Tha\u00e7i: Ujedinjene Nema\u010dke je postalo nada za slobodu i demokratiju u na&#154;em regionu - Predsednik Republike Kosovo - DR. VJOSA OSMANI - SADRIU<\/title>\n<meta name=\"description\" content=\"Predsednik Tha\u00e7i: Ujedinjene Nema\u010dke je postalo nada za slobodu i demokratiju u na&#154;em regionu - Predsednik Republike Kosovo - DR. VJOSA OSMANI - SADRIU -\" \/>\n<meta name=\"robots\" content=\"index, follow, max-snippet:-1, max-image-preview:large, max-video-preview:-1\" \/>\n<link rel=\"canonical\" href=\"https:\/\/president-ksgov.net\/sr\/predsednik-thaci-ujedinjene-nemacke-je-postalo-nada-za-slobodu-i-demokratiju-u-naem-regionu\/\" \/>\n<meta property=\"og:locale\" content=\"sr_RS\" \/>\n<meta property=\"og:type\" content=\"article\" \/>\n<meta property=\"og:title\" content=\"Predsednik Tha\u00e7i: Ujedinjene Nema\u010dke je postalo nada za slobodu i demokratiju u na&#154;em regionu - Predsednik Republike Kosovo - DR. VJOSA OSMANI - SADRIU\" \/>\n<meta property=\"og:description\" content=\"Predsednik Tha\u00e7i: Ujedinjene Nema\u010dke je postalo nada za slobodu i demokratiju u na&#154;em regionu - Predsednik Republike Kosovo - DR. VJOSA OSMANI - SADRIU -\" \/>\n<meta property=\"og:url\" content=\"https:\/\/president-ksgov.net\/sr\/predsednik-thaci-ujedinjene-nemacke-je-postalo-nada-za-slobodu-i-demokratiju-u-naem-regionu\/\" \/>\n<meta property=\"og:site_name\" content=\"Predsednik Republike Kosovo - DR. VJOSA OSMANI - SADRIU\" \/>\n<meta property=\"article:published_time\" content=\"2016-10-05T19:46:04+00:00\" \/>\n<meta property=\"og:image\" content=\"https:\/\/president-ksgov.net\/wp-content\/uploads\/05_10_2016_8634936_g_01.jpg\" \/>\n\t<meta property=\"og:image:width\" content=\"2400\" \/>\n\t<meta property=\"og:image:height\" content=\"1600\" \/>\n\t<meta property=\"og:image:type\" content=\"image\/jpeg\" \/>\n<meta name=\"author\" content=\"admin\" \/>\n<meta name=\"twitter:card\" content=\"summary_large_image\" \/>\n<meta name=\"twitter:label1\" content=\"\u041d\u0430\u043f\u0438\u0441\u0430\u043d\u043e \u043e\u0434\" \/>\n\t<meta name=\"twitter:data1\" content=\"admin\" \/>\n\t<meta name=\"twitter:label2\" content=\"\u041f\u0440\u043e\u0446\u0435\u045a\u0435\u043d\u043e \u0432\u0440\u0435\u043c\u0435 \u0447\u0438\u0442\u0430\u045a\u0430\" \/>\n\t<meta name=\"twitter:data2\" content=\"2 \u043c\u0438\u043d\u0443\u0442\u0430\" \/>\n<script type=\"application\/ld+json\" class=\"yoast-schema-graph\">{\"@context\":\"https:\/\/schema.org\",\"@graph\":[{\"@type\":\"WebPage\",\"@id\":\"https:\/\/president-ksgov.net\/sr\/predsednik-thaci-ujedinjene-nemacke-je-postalo-nada-za-slobodu-i-demokratiju-u-naem-regionu\/\",\"url\":\"https:\/\/president-ksgov.net\/sr\/predsednik-thaci-ujedinjene-nemacke-je-postalo-nada-za-slobodu-i-demokratiju-u-naem-regionu\/\",\"name\":\"Predsednik Tha\u00e7i: Ujedinjene Nema\u010dke je postalo nada za slobodu i demokratiju u na&#154;em regionu - Predsednik Republike Kosovo - DR. VJOSA OSMANI - SADRIU\",\"isPartOf\":{\"@id\":\"https:\/\/president-ksgov.net\/#website\"},\"primaryImageOfPage\":{\"@id\":\"https:\/\/president-ksgov.net\/sr\/predsednik-thaci-ujedinjene-nemacke-je-postalo-nada-za-slobodu-i-demokratiju-u-naem-regionu\/#primaryimage\"},\"image\":{\"@id\":\"https:\/\/president-ksgov.net\/sr\/predsednik-thaci-ujedinjene-nemacke-je-postalo-nada-za-slobodu-i-demokratiju-u-naem-regionu\/#primaryimage\"},\"thumbnailUrl\":\"https:\/\/president-ksgov.net\/wp-content\/uploads\/05_10_2016_8634936_g_01.jpg\",\"datePublished\":\"2016-10-05T19:46:04+00:00\",\"dateModified\":\"2016-10-05T19:46:04+00:00\",\"author\":{\"@id\":\"https:\/\/president-ksgov.net\/#\/schema\/person\/bb4337a5fb147cb2046d80548172cbee\"},\"description\":\"Predsednik Tha\u00e7i: Ujedinjene Nema\u010dke je postalo nada za slobodu i demokratiju u na&#154;em regionu - Predsednik Republike Kosovo - DR. VJOSA OSMANI - SADRIU -\",\"breadcrumb\":{\"@id\":\"https:\/\/president-ksgov.net\/sr\/predsednik-thaci-ujedinjene-nemacke-je-postalo-nada-za-slobodu-i-demokratiju-u-naem-regionu\/#breadcrumb\"},\"inLanguage\":\"sr-RS\",\"potentialAction\":[{\"@type\":\"ReadAction\",\"target\":[\"https:\/\/president-ksgov.net\/sr\/predsednik-thaci-ujedinjene-nemacke-je-postalo-nada-za-slobodu-i-demokratiju-u-naem-regionu\/\"]}]},{\"@type\":\"ImageObject\",\"inLanguage\":\"sr-RS\",\"@id\":\"https:\/\/president-ksgov.net\/sr\/predsednik-thaci-ujedinjene-nemacke-je-postalo-nada-za-slobodu-i-demokratiju-u-naem-regionu\/#primaryimage\",\"url\":\"https:\/\/president-ksgov.net\/wp-content\/uploads\/05_10_2016_8634936_g_01.jpg\",\"contentUrl\":\"https:\/\/president-ksgov.net\/wp-content\/uploads\/05_10_2016_8634936_g_01.jpg\",\"width\":2400,\"height\":1600},{\"@type\":\"BreadcrumbList\",\"@id\":\"https:\/\/president-ksgov.net\/sr\/predsednik-thaci-ujedinjene-nemacke-je-postalo-nada-za-slobodu-i-demokratiju-u-naem-regionu\/#breadcrumb\",\"itemListElement\":[{\"@type\":\"ListItem\",\"position\":1,\"name\":\"Home\",\"item\":\"https:\/\/president-ksgov.net\/sr\/\"},{\"@type\":\"ListItem\",\"position\":2,\"name\":\"Predsednik Tha\u00e7i: Ujedinjene Nema\u010dke je postalo nada za slobodu i demokratiju u na&#154;em regionu\"}]},{\"@type\":\"WebSite\",\"@id\":\"https:\/\/president-ksgov.net\/#website\",\"url\":\"https:\/\/president-ksgov.net\/\",\"name\":\"Presidente e Republik\u00ebs s\u00eb Kosov\u00ebs\",\"description\":\"Presidente e Republik\u00ebs s\u00eb Kosov\u00ebs\",\"alternateName\":\"DR. VJOSA OSMANI - SADRIU\",\"potentialAction\":[{\"@type\":\"SearchAction\",\"target\":{\"@type\":\"EntryPoint\",\"urlTemplate\":\"https:\/\/president-ksgov.net\/?s={search_term_string}\"},\"query-input\":{\"@type\":\"PropertyValueSpecification\",\"valueRequired\":true,\"valueName\":\"search_term_string\"}}],\"inLanguage\":\"sr-RS\"},{\"@type\":\"Person\",\"@id\":\"https:\/\/president-ksgov.net\/#\/schema\/person\/bb4337a5fb147cb2046d80548172cbee\",\"name\":\"admin\",\"image\":{\"@type\":\"ImageObject\",\"inLanguage\":\"sr-RS\",\"@id\":\"https:\/\/president-ksgov.net\/#\/schema\/person\/image\/\",\"url\":\"https:\/\/secure.gravatar.com\/avatar\/36156ca0fa3b8d9d25174f146e16beea0cf28f37adf1b9e19b6c9c279a7c9dd3?s=96&d=mm&r=g\",\"contentUrl\":\"https:\/\/secure.gravatar.com\/avatar\/36156ca0fa3b8d9d25174f146e16beea0cf28f37adf1b9e19b6c9c279a7c9dd3?s=96&d=mm&r=g\",\"caption\":\"admin\"},\"sameAs\":[\"https:\/\/president-ksgov.net\"]}]}<\/script>\n<!-- \/ Yoast SEO plugin. -->","yoast_head_json":{"title":"Predsednik Tha\u00e7i: Ujedinjene Nema\u010dke je postalo nada za slobodu i demokratiju u na&#154;em regionu - Predsednik Republike Kosovo - DR. VJOSA OSMANI - SADRIU","description":"Predsednik Tha\u00e7i: Ujedinjene Nema\u010dke je postalo nada za slobodu i demokratiju u na&#154;em regionu - Predsednik Republike Kosovo - DR. VJOSA OSMANI - SADRIU -","robots":{"index":"index","follow":"follow","max-snippet":"max-snippet:-1","max-image-preview":"max-image-preview:large","max-video-preview":"max-video-preview:-1"},"canonical":"https:\/\/president-ksgov.net\/sr\/predsednik-thaci-ujedinjene-nemacke-je-postalo-nada-za-slobodu-i-demokratiju-u-naem-regionu\/","og_locale":"sr_RS","og_type":"article","og_title":"Predsednik Tha\u00e7i: Ujedinjene Nema\u010dke je postalo nada za slobodu i demokratiju u na&#154;em regionu - Predsednik Republike Kosovo - DR. VJOSA OSMANI - SADRIU","og_description":"Predsednik Tha\u00e7i: Ujedinjene Nema\u010dke je postalo nada za slobodu i demokratiju u na&#154;em regionu - Predsednik Republike Kosovo - DR. VJOSA OSMANI - SADRIU -","og_url":"https:\/\/president-ksgov.net\/sr\/predsednik-thaci-ujedinjene-nemacke-je-postalo-nada-za-slobodu-i-demokratiju-u-naem-regionu\/","og_site_name":"Predsednik Republike Kosovo - DR. VJOSA OSMANI - SADRIU","article_published_time":"2016-10-05T19:46:04+00:00","og_image":[{"width":2400,"height":1600,"url":"https:\/\/president-ksgov.net\/wp-content\/uploads\/05_10_2016_8634936_g_01.jpg","type":"image\/jpeg"}],"author":"admin","twitter_card":"summary_large_image","twitter_misc":{"\u041d\u0430\u043f\u0438\u0441\u0430\u043d\u043e \u043e\u0434":"admin","\u041f\u0440\u043e\u0446\u0435\u045a\u0435\u043d\u043e \u0432\u0440\u0435\u043c\u0435 \u0447\u0438\u0442\u0430\u045a\u0430":"2 \u043c\u0438\u043d\u0443\u0442\u0430"},"schema":{"@context":"https:\/\/schema.org","@graph":[{"@type":"WebPage","@id":"https:\/\/president-ksgov.net\/sr\/predsednik-thaci-ujedinjene-nemacke-je-postalo-nada-za-slobodu-i-demokratiju-u-naem-regionu\/","url":"https:\/\/president-ksgov.net\/sr\/predsednik-thaci-ujedinjene-nemacke-je-postalo-nada-za-slobodu-i-demokratiju-u-naem-regionu\/","name":"Predsednik Tha\u00e7i: Ujedinjene Nema\u010dke je postalo nada za slobodu i demokratiju u na&#154;em regionu - Predsednik Republike Kosovo - DR. VJOSA OSMANI - SADRIU","isPartOf":{"@id":"https:\/\/president-ksgov.net\/#website"},"primaryImageOfPage":{"@id":"https:\/\/president-ksgov.net\/sr\/predsednik-thaci-ujedinjene-nemacke-je-postalo-nada-za-slobodu-i-demokratiju-u-naem-regionu\/#primaryimage"},"image":{"@id":"https:\/\/president-ksgov.net\/sr\/predsednik-thaci-ujedinjene-nemacke-je-postalo-nada-za-slobodu-i-demokratiju-u-naem-regionu\/#primaryimage"},"thumbnailUrl":"https:\/\/president-ksgov.net\/wp-content\/uploads\/05_10_2016_8634936_g_01.jpg","datePublished":"2016-10-05T19:46:04+00:00","dateModified":"2016-10-05T19:46:04+00:00","author":{"@id":"https:\/\/president-ksgov.net\/#\/schema\/person\/bb4337a5fb147cb2046d80548172cbee"},"description":"Predsednik Tha\u00e7i: Ujedinjene Nema\u010dke je postalo nada za slobodu i demokratiju u na&#154;em regionu - Predsednik Republike Kosovo - DR. VJOSA OSMANI - SADRIU -","breadcrumb":{"@id":"https:\/\/president-ksgov.net\/sr\/predsednik-thaci-ujedinjene-nemacke-je-postalo-nada-za-slobodu-i-demokratiju-u-naem-regionu\/#breadcrumb"},"inLanguage":"sr-RS","potentialAction":[{"@type":"ReadAction","target":["https:\/\/president-ksgov.net\/sr\/predsednik-thaci-ujedinjene-nemacke-je-postalo-nada-za-slobodu-i-demokratiju-u-naem-regionu\/"]}]},{"@type":"ImageObject","inLanguage":"sr-RS","@id":"https:\/\/president-ksgov.net\/sr\/predsednik-thaci-ujedinjene-nemacke-je-postalo-nada-za-slobodu-i-demokratiju-u-naem-regionu\/#primaryimage","url":"https:\/\/president-ksgov.net\/wp-content\/uploads\/05_10_2016_8634936_g_01.jpg","contentUrl":"https:\/\/president-ksgov.net\/wp-content\/uploads\/05_10_2016_8634936_g_01.jpg","width":2400,"height":1600},{"@type":"BreadcrumbList","@id":"https:\/\/president-ksgov.net\/sr\/predsednik-thaci-ujedinjene-nemacke-je-postalo-nada-za-slobodu-i-demokratiju-u-naem-regionu\/#breadcrumb","itemListElement":[{"@type":"ListItem","position":1,"name":"Home","item":"https:\/\/president-ksgov.net\/sr\/"},{"@type":"ListItem","position":2,"name":"Predsednik Tha\u00e7i: Ujedinjene Nema\u010dke je postalo nada za slobodu i demokratiju u na&#154;em regionu"}]},{"@type":"WebSite","@id":"https:\/\/president-ksgov.net\/#website","url":"https:\/\/president-ksgov.net\/","name":"Presidente e Republik\u00ebs s\u00eb Kosov\u00ebs","description":"Presidente e Republik\u00ebs s\u00eb Kosov\u00ebs","alternateName":"DR. VJOSA OSMANI - SADRIU","potentialAction":[{"@type":"SearchAction","target":{"@type":"EntryPoint","urlTemplate":"https:\/\/president-ksgov.net\/?s={search_term_string}"},"query-input":{"@type":"PropertyValueSpecification","valueRequired":true,"valueName":"search_term_string"}}],"inLanguage":"sr-RS"},{"@type":"Person","@id":"https:\/\/president-ksgov.net\/#\/schema\/person\/bb4337a5fb147cb2046d80548172cbee","name":"admin","image":{"@type":"ImageObject","inLanguage":"sr-RS","@id":"https:\/\/president-ksgov.net\/#\/schema\/person\/image\/","url":"https:\/\/secure.gravatar.com\/avatar\/36156ca0fa3b8d9d25174f146e16beea0cf28f37adf1b9e19b6c9c279a7c9dd3?s=96&d=mm&r=g","contentUrl":"https:\/\/secure.gravatar.com\/avatar\/36156ca0fa3b8d9d25174f146e16beea0cf28f37adf1b9e19b6c9c279a7c9dd3?s=96&d=mm&r=g","caption":"admin"},"sameAs":["https:\/\/president-ksgov.net"]}]}},"_links":{"self":[{"href":"https:\/\/president-ksgov.net\/sr\/wp-json\/wp\/v2\/posts\/76641","targetHints":{"allow":["GET"]}}],"collection":[{"href":"https:\/\/president-ksgov.net\/sr\/wp-json\/wp\/v2\/posts"}],"about":[{"href":"https:\/\/president-ksgov.net\/sr\/wp-json\/wp\/v2\/types\/post"}],"author":[{"embeddable":true,"href":"https:\/\/president-ksgov.net\/sr\/wp-json\/wp\/v2\/users\/1"}],"replies":[{"embeddable":true,"href":"https:\/\/president-ksgov.net\/sr\/wp-json\/wp\/v2\/comments?post=76641"}],"version-history":[{"count":0,"href":"https:\/\/president-ksgov.net\/sr\/wp-json\/wp\/v2\/posts\/76641\/revisions"}],"wp:featuredmedia":[{"embeddable":true,"href":"https:\/\/president-ksgov.net\/sr\/wp-json\/wp\/v2\/media\/32903"}],"wp:attachment":[{"href":"https:\/\/president-ksgov.net\/sr\/wp-json\/wp\/v2\/media?parent=76641"}],"wp:term":[{"taxonomy":"category","embeddable":true,"href":"https:\/\/president-ksgov.net\/sr\/wp-json\/wp\/v2\/categories?post=76641"},{"taxonomy":"post_tag","embeddable":true,"href":"https:\/\/president-ksgov.net\/sr\/wp-json\/wp\/v2\/tags?post=76641"}],"curies":[{"name":"wp","href":"https:\/\/api.w.org\/{rel}","templated":true}]}}