{"id":76638,"date":"2016-10-08T18:14:53","date_gmt":"2016-10-08T16:14:53","guid":{"rendered":"https:\/\/dev.president-ksgov.net\/thaci-u-becu-bez-balkana-evropa-nije-potpuna\/"},"modified":"2016-10-08T18:14:53","modified_gmt":"2016-10-08T18:14:53","slug":"thaci-u-becu-bez-balkana-evropa-nije-potpuna","status":"publish","type":"post","link":"https:\/\/president-ksgov.net\/sr\/thaci-u-becu-bez-balkana-evropa-nije-potpuna\/","title":{"rendered":"Tha\u00e7i u Be\u010du: Bez Balkana Evropa nije potpuna"},"content":{"rendered":"<p>Be\u010d, 8. oktobar 2016. godine &#8211; Predsednik Republike Kosova, Hashim Tha\u00e7i u\u010destvovao je na Kongresu Panevropskog pokreta, gde je zajedno sa predsednikom Albanije, Bujar-om Nishani i predsednikom Mekdonije, \u0110or\u0111e Ivanovom razgovarao na panel diskusiji o evropskoj perspektivi Zapadnog Balkana.<\/p>\n<p>Pred mnogim dr&#382;avnim predstavnicima, diplomatama i predstavnicima javnog &#382;ivota Austrije, predsednik Tha\u00e7i je rekao da su ovi razgovori izvor inspiracije i na&#353;ih poku&#353;aja, snova i posve\u0107enosti da u potpunosti budemo deo evropske budu\u0107nosti. <\/p>\n<p>&#8222;Ne samo geografski, ali i putem podele vrednosti koje odre\u0111uju na&#353; kontinent. Ukoliko se vratimo unazad, vidimo da je pro&#353;irenje EU bila jedna od najuspe&#353;nijih politika EU. Ona je promenila dru&#353;tva i zemlje, u\u010dinila ih slobodnim, demokratskim, prosperitetnim i sa mirom&#8220;, dodao je on. <\/p>\n<p>Prema Tha\u00e7i-ju, ovo su elementi koji podsti\u010du na&#353;u posve\u0107enost da dostignemo da izvr&#353;imo duboke reforme u svim aspektima upravljanja. <\/p>\n<p>On je dodao da je to razlog &#353;to se ponekada \u010dini da se procesi smatraju te&#353;kim ili da ne budu svakako ne&#353;to &#353;to se gra\u0111anima svi\u0111a, ali su od velikog interesa gra\u0111ana i doprinose da idemo prema evropskoj integraciji. <\/p>\n<p>&#8222;Put da postignemo ovaj cilj jeste evropska integracija. Ujedno, kao i EU i evropski kontinent nisu upotpunjeni i ne mogu da ostvare njegov potencijal u pogledu bezbednosti, blagostanja i u vrednostima, ukoliko Zapadni Balkan ostane van nje&#8220;, podvukao je on. <\/p>\n<p>Na Kongresu Panevropskog kongresa, predsednik Tha\u00e7i je rekao da se u\u010dlanjenje u EU podudara sa 95 odsto kosovskog naroda i da sve dok je obe\u0107anje o evropskoj budu\u0107nosti realno, i pozitivne promene su mogu\u0107e. <\/p>\n<p>&#8222;Ove izmene se manifestuju u razvoju svake zemlje oko privrednog prosperiteta, vladavine zakona i stabilnih institucija, ali tako\u0111e i u pogledu regionalne saradnje u prevazila&#382;enju promena pro&#353;losti&#8220;; rekao je on. <\/p>\n<p>Pred mnogim diplomatama, dr&#382;avnim predstavnicima, u\u010desnicima na ovom kongresu Tha\u00e7i je naglasio da je bitno da EU ostane usredsre\u0111ena na ovaj deo kontinenta i da obezbedi da pro&#353;irenje ostane za stolom. <\/p>\n<p>On je dodao da je do sada Kosovo bilo u stanju da napravi veliki napredak radi integracije EU. Prema Tha\u00e7i-ju, Sporazum o stabilizaciji i pridru&#382;ivanju Kosova EU je stupio na snagu po\u010detkom ove godine, \u010dine\u0107i to prvim ugovornim odnosom izme\u0111u na&#353;e zemlje i EU. <\/p>\n<p>&#8222;Ali, ipak treba jo&#353; da radimo, jer bez potpune normalizacije odnosa izme\u0111u Kosova i Srbije, nijedna od ove dve zemlje ne\u0107e mo\u0107i da postane deo ove unije. Ovo je i razlog zbog kojeg smo toliko posve\u0107eni dijalogu za normalizaciju odnosa sa Srbijom&#8220;, dodao je on. <\/p>\n<p>Predsednik Tha\u00e7i je govorio i o stabilnosti EU, govore\u0107i da\u00a0 Kosovo i daje \u010deka liberalizaciju viza za njegove gra\u0111ane, puno godina nakon &#353;to su njegovi susedi dobili ove privilegije. <\/p>\n<p>&#8222;Kao rezultat ovog nepravi\u010dnog tretiranja, Kosovari nastavljaju da budu najizolovaniji narod na Balkanu&#8220;, dodao je on.<\/p>\n<p>Na kraju predsednik Tha\u00e7i je rekao da EU treba da prihvati da bilo gde da ostavi prazninu da \u0107e iza\u0107i neko drugi ko je spreman da je ispuni. Prema njegovom mi&#353;ljenju, &#353;to vi&#353;e EU bude bila anga&#382;ovana, bi\u0107e manje prostora za manje demokratske strane snage i opasnosti od radikalizma. <\/p>\n<p>&#8222;U mesto toga, ovo obe\u0107ava prosperitet, vi&#353;e stabilnosti, v&#353;e reformi i vi&#353;e mira&#8220;; dodao je on.<br \/>\n\u00a0<\/p>\n","protected":false},"excerpt":{"rendered":"<p>Be\u010d, 8. oktobar 2016. godine &#8211; Predsednik Republike Kosova, Hashim Tha\u00e7i u\u010destvovao je na Kongresu Panevropskog pokreta, gde je zajedno sa predsednikom Albanije, Bujar-om Nishani i predsednikom Mekdonije, \u0110or\u0111e Ivanovom razgovarao na panel diskusiji o evropskoj perspektivi Zapadnog Balkana.<\/p>\n","protected":false},"author":1,"featured_media":32876,"comment_status":"open","ping_status":"closed","sticky":false,"template":"","format":"standard","meta":{"_eb_attr":"","footnotes":""},"categories":[114,101],"tags":[],"class_list":["post-76638","post","type-post","status-publish","format-standard","has-post-thumbnail","hentry","category-medunarodne-posete","category-vesti"],"yoast_head":"<!-- This site is optimized with the Yoast SEO plugin v23.5 - https:\/\/yoast.com\/wordpress\/plugins\/seo\/ -->\n<title>Tha\u00e7i u Be\u010du: Bez Balkana Evropa nije potpuna - Predsednik Republike Kosovo - DR. VJOSA OSMANI - SADRIU<\/title>\n<meta name=\"description\" content=\"Tha\u00e7i u Be\u010du: Bez Balkana Evropa nije potpuna - Predsednik Republike Kosovo - DR. VJOSA OSMANI - SADRIU -\" \/>\n<meta name=\"robots\" content=\"index, follow, max-snippet:-1, max-image-preview:large, max-video-preview:-1\" \/>\n<link rel=\"canonical\" href=\"https:\/\/president-ksgov.net\/sr\/thaci-u-becu-bez-balkana-evropa-nije-potpuna\/\" \/>\n<meta property=\"og:locale\" content=\"sr_RS\" \/>\n<meta property=\"og:type\" content=\"article\" \/>\n<meta property=\"og:title\" content=\"Tha\u00e7i u Be\u010du: Bez Balkana Evropa nije potpuna - Predsednik Republike Kosovo - DR. VJOSA OSMANI - SADRIU\" \/>\n<meta property=\"og:description\" content=\"Tha\u00e7i u Be\u010du: Bez Balkana Evropa nije potpuna - Predsednik Republike Kosovo - DR. VJOSA OSMANI - SADRIU -\" \/>\n<meta property=\"og:url\" content=\"https:\/\/president-ksgov.net\/sr\/thaci-u-becu-bez-balkana-evropa-nije-potpuna\/\" \/>\n<meta property=\"og:site_name\" content=\"Predsednik Republike Kosovo - DR. VJOSA OSMANI - SADRIU\" \/>\n<meta property=\"article:published_time\" content=\"2016-10-08T16:14:53+00:00\" \/>\n<meta property=\"article:modified_time\" content=\"2016-10-08T18:14:53+00:00\" \/>\n<meta property=\"og:image\" content=\"https:\/\/president-ksgov.net\/wp-content\/uploads\/08_10_2016_5808723_v_01.jpg\" \/>\n\t<meta property=\"og:image:width\" content=\"2400\" \/>\n\t<meta property=\"og:image:height\" content=\"1600\" \/>\n\t<meta property=\"og:image:type\" content=\"image\/jpeg\" \/>\n<meta name=\"author\" content=\"admin\" \/>\n<meta name=\"twitter:card\" content=\"summary_large_image\" \/>\n<meta name=\"twitter:label1\" content=\"\u041d\u0430\u043f\u0438\u0441\u0430\u043d\u043e \u043e\u0434\" \/>\n\t<meta name=\"twitter:data1\" content=\"admin\" \/>\n\t<meta name=\"twitter:label2\" content=\"\u041f\u0440\u043e\u0446\u0435\u045a\u0435\u043d\u043e \u0432\u0440\u0435\u043c\u0435 \u0447\u0438\u0442\u0430\u045a\u0430\" \/>\n\t<meta name=\"twitter:data2\" content=\"3 \u043c\u0438\u043d\u0443\u0442\u0430\" \/>\n<script type=\"application\/ld+json\" class=\"yoast-schema-graph\">{\"@context\":\"https:\/\/schema.org\",\"@graph\":[{\"@type\":\"WebPage\",\"@id\":\"https:\/\/president-ksgov.net\/sr\/thaci-u-becu-bez-balkana-evropa-nije-potpuna\/\",\"url\":\"https:\/\/president-ksgov.net\/sr\/thaci-u-becu-bez-balkana-evropa-nije-potpuna\/\",\"name\":\"Tha\u00e7i u Be\u010du: Bez Balkana Evropa nije potpuna - Predsednik Republike Kosovo - DR. VJOSA OSMANI - SADRIU\",\"isPartOf\":{\"@id\":\"https:\/\/president-ksgov.net\/#website\"},\"primaryImageOfPage\":{\"@id\":\"https:\/\/president-ksgov.net\/sr\/thaci-u-becu-bez-balkana-evropa-nije-potpuna\/#primaryimage\"},\"image\":{\"@id\":\"https:\/\/president-ksgov.net\/sr\/thaci-u-becu-bez-balkana-evropa-nije-potpuna\/#primaryimage\"},\"thumbnailUrl\":\"https:\/\/president-ksgov.net\/wp-content\/uploads\/08_10_2016_5808723_v_01.jpg\",\"datePublished\":\"2016-10-08T16:14:53+00:00\",\"dateModified\":\"2016-10-08T18:14:53+00:00\",\"author\":{\"@id\":\"https:\/\/president-ksgov.net\/#\/schema\/person\/bb4337a5fb147cb2046d80548172cbee\"},\"description\":\"Tha\u00e7i u Be\u010du: Bez Balkana Evropa nije potpuna - Predsednik Republike Kosovo - DR. VJOSA OSMANI - SADRIU -\",\"breadcrumb\":{\"@id\":\"https:\/\/president-ksgov.net\/sr\/thaci-u-becu-bez-balkana-evropa-nije-potpuna\/#breadcrumb\"},\"inLanguage\":\"sr-RS\",\"potentialAction\":[{\"@type\":\"ReadAction\",\"target\":[\"https:\/\/president-ksgov.net\/sr\/thaci-u-becu-bez-balkana-evropa-nije-potpuna\/\"]}]},{\"@type\":\"ImageObject\",\"inLanguage\":\"sr-RS\",\"@id\":\"https:\/\/president-ksgov.net\/sr\/thaci-u-becu-bez-balkana-evropa-nije-potpuna\/#primaryimage\",\"url\":\"https:\/\/president-ksgov.net\/wp-content\/uploads\/08_10_2016_5808723_v_01.jpg\",\"contentUrl\":\"https:\/\/president-ksgov.net\/wp-content\/uploads\/08_10_2016_5808723_v_01.jpg\",\"width\":2400,\"height\":1600},{\"@type\":\"BreadcrumbList\",\"@id\":\"https:\/\/president-ksgov.net\/sr\/thaci-u-becu-bez-balkana-evropa-nije-potpuna\/#breadcrumb\",\"itemListElement\":[{\"@type\":\"ListItem\",\"position\":1,\"name\":\"Home\",\"item\":\"https:\/\/president-ksgov.net\/sr\/\"},{\"@type\":\"ListItem\",\"position\":2,\"name\":\"Tha\u00e7i u Be\u010du: Bez Balkana Evropa nije potpuna\"}]},{\"@type\":\"WebSite\",\"@id\":\"https:\/\/president-ksgov.net\/#website\",\"url\":\"https:\/\/president-ksgov.net\/\",\"name\":\"Presidente e Republik\u00ebs s\u00eb Kosov\u00ebs\",\"description\":\"Presidente e Republik\u00ebs s\u00eb Kosov\u00ebs\",\"alternateName\":\"DR. VJOSA OSMANI - SADRIU\",\"potentialAction\":[{\"@type\":\"SearchAction\",\"target\":{\"@type\":\"EntryPoint\",\"urlTemplate\":\"https:\/\/president-ksgov.net\/?s={search_term_string}\"},\"query-input\":{\"@type\":\"PropertyValueSpecification\",\"valueRequired\":true,\"valueName\":\"search_term_string\"}}],\"inLanguage\":\"sr-RS\"},{\"@type\":\"Person\",\"@id\":\"https:\/\/president-ksgov.net\/#\/schema\/person\/bb4337a5fb147cb2046d80548172cbee\",\"name\":\"admin\",\"image\":{\"@type\":\"ImageObject\",\"inLanguage\":\"sr-RS\",\"@id\":\"https:\/\/president-ksgov.net\/#\/schema\/person\/image\/\",\"url\":\"https:\/\/secure.gravatar.com\/avatar\/36156ca0fa3b8d9d25174f146e16beea0cf28f37adf1b9e19b6c9c279a7c9dd3?s=96&d=mm&r=g\",\"contentUrl\":\"https:\/\/secure.gravatar.com\/avatar\/36156ca0fa3b8d9d25174f146e16beea0cf28f37adf1b9e19b6c9c279a7c9dd3?s=96&d=mm&r=g\",\"caption\":\"admin\"},\"sameAs\":[\"https:\/\/president-ksgov.net\"]}]}<\/script>\n<!-- \/ Yoast SEO plugin. -->","yoast_head_json":{"title":"Tha\u00e7i u Be\u010du: Bez Balkana Evropa nije potpuna - Predsednik Republike Kosovo - DR. VJOSA OSMANI - SADRIU","description":"Tha\u00e7i u Be\u010du: Bez Balkana Evropa nije potpuna - Predsednik Republike Kosovo - DR. VJOSA OSMANI - SADRIU -","robots":{"index":"index","follow":"follow","max-snippet":"max-snippet:-1","max-image-preview":"max-image-preview:large","max-video-preview":"max-video-preview:-1"},"canonical":"https:\/\/president-ksgov.net\/sr\/thaci-u-becu-bez-balkana-evropa-nije-potpuna\/","og_locale":"sr_RS","og_type":"article","og_title":"Tha\u00e7i u Be\u010du: Bez Balkana Evropa nije potpuna - Predsednik Republike Kosovo - DR. VJOSA OSMANI - SADRIU","og_description":"Tha\u00e7i u Be\u010du: Bez Balkana Evropa nije potpuna - Predsednik Republike Kosovo - DR. VJOSA OSMANI - SADRIU -","og_url":"https:\/\/president-ksgov.net\/sr\/thaci-u-becu-bez-balkana-evropa-nije-potpuna\/","og_site_name":"Predsednik Republike Kosovo - DR. VJOSA OSMANI - SADRIU","article_published_time":"2016-10-08T16:14:53+00:00","article_modified_time":"2016-10-08T18:14:53+00:00","og_image":[{"width":2400,"height":1600,"url":"https:\/\/president-ksgov.net\/wp-content\/uploads\/08_10_2016_5808723_v_01.jpg","type":"image\/jpeg"}],"author":"admin","twitter_card":"summary_large_image","twitter_misc":{"\u041d\u0430\u043f\u0438\u0441\u0430\u043d\u043e \u043e\u0434":"admin","\u041f\u0440\u043e\u0446\u0435\u045a\u0435\u043d\u043e \u0432\u0440\u0435\u043c\u0435 \u0447\u0438\u0442\u0430\u045a\u0430":"3 \u043c\u0438\u043d\u0443\u0442\u0430"},"schema":{"@context":"https:\/\/schema.org","@graph":[{"@type":"WebPage","@id":"https:\/\/president-ksgov.net\/sr\/thaci-u-becu-bez-balkana-evropa-nije-potpuna\/","url":"https:\/\/president-ksgov.net\/sr\/thaci-u-becu-bez-balkana-evropa-nije-potpuna\/","name":"Tha\u00e7i u Be\u010du: Bez Balkana Evropa nije potpuna - Predsednik Republike Kosovo - DR. VJOSA OSMANI - SADRIU","isPartOf":{"@id":"https:\/\/president-ksgov.net\/#website"},"primaryImageOfPage":{"@id":"https:\/\/president-ksgov.net\/sr\/thaci-u-becu-bez-balkana-evropa-nije-potpuna\/#primaryimage"},"image":{"@id":"https:\/\/president-ksgov.net\/sr\/thaci-u-becu-bez-balkana-evropa-nije-potpuna\/#primaryimage"},"thumbnailUrl":"https:\/\/president-ksgov.net\/wp-content\/uploads\/08_10_2016_5808723_v_01.jpg","datePublished":"2016-10-08T16:14:53+00:00","dateModified":"2016-10-08T18:14:53+00:00","author":{"@id":"https:\/\/president-ksgov.net\/#\/schema\/person\/bb4337a5fb147cb2046d80548172cbee"},"description":"Tha\u00e7i u Be\u010du: Bez Balkana Evropa nije potpuna - Predsednik Republike Kosovo - DR. VJOSA OSMANI - SADRIU -","breadcrumb":{"@id":"https:\/\/president-ksgov.net\/sr\/thaci-u-becu-bez-balkana-evropa-nije-potpuna\/#breadcrumb"},"inLanguage":"sr-RS","potentialAction":[{"@type":"ReadAction","target":["https:\/\/president-ksgov.net\/sr\/thaci-u-becu-bez-balkana-evropa-nije-potpuna\/"]}]},{"@type":"ImageObject","inLanguage":"sr-RS","@id":"https:\/\/president-ksgov.net\/sr\/thaci-u-becu-bez-balkana-evropa-nije-potpuna\/#primaryimage","url":"https:\/\/president-ksgov.net\/wp-content\/uploads\/08_10_2016_5808723_v_01.jpg","contentUrl":"https:\/\/president-ksgov.net\/wp-content\/uploads\/08_10_2016_5808723_v_01.jpg","width":2400,"height":1600},{"@type":"BreadcrumbList","@id":"https:\/\/president-ksgov.net\/sr\/thaci-u-becu-bez-balkana-evropa-nije-potpuna\/#breadcrumb","itemListElement":[{"@type":"ListItem","position":1,"name":"Home","item":"https:\/\/president-ksgov.net\/sr\/"},{"@type":"ListItem","position":2,"name":"Tha\u00e7i u Be\u010du: Bez Balkana Evropa nije potpuna"}]},{"@type":"WebSite","@id":"https:\/\/president-ksgov.net\/#website","url":"https:\/\/president-ksgov.net\/","name":"Presidente e Republik\u00ebs s\u00eb Kosov\u00ebs","description":"Presidente e Republik\u00ebs s\u00eb Kosov\u00ebs","alternateName":"DR. VJOSA OSMANI - SADRIU","potentialAction":[{"@type":"SearchAction","target":{"@type":"EntryPoint","urlTemplate":"https:\/\/president-ksgov.net\/?s={search_term_string}"},"query-input":{"@type":"PropertyValueSpecification","valueRequired":true,"valueName":"search_term_string"}}],"inLanguage":"sr-RS"},{"@type":"Person","@id":"https:\/\/president-ksgov.net\/#\/schema\/person\/bb4337a5fb147cb2046d80548172cbee","name":"admin","image":{"@type":"ImageObject","inLanguage":"sr-RS","@id":"https:\/\/president-ksgov.net\/#\/schema\/person\/image\/","url":"https:\/\/secure.gravatar.com\/avatar\/36156ca0fa3b8d9d25174f146e16beea0cf28f37adf1b9e19b6c9c279a7c9dd3?s=96&d=mm&r=g","contentUrl":"https:\/\/secure.gravatar.com\/avatar\/36156ca0fa3b8d9d25174f146e16beea0cf28f37adf1b9e19b6c9c279a7c9dd3?s=96&d=mm&r=g","caption":"admin"},"sameAs":["https:\/\/president-ksgov.net"]}]}},"_links":{"self":[{"href":"https:\/\/president-ksgov.net\/sr\/wp-json\/wp\/v2\/posts\/76638","targetHints":{"allow":["GET"]}}],"collection":[{"href":"https:\/\/president-ksgov.net\/sr\/wp-json\/wp\/v2\/posts"}],"about":[{"href":"https:\/\/president-ksgov.net\/sr\/wp-json\/wp\/v2\/types\/post"}],"author":[{"embeddable":true,"href":"https:\/\/president-ksgov.net\/sr\/wp-json\/wp\/v2\/users\/1"}],"replies":[{"embeddable":true,"href":"https:\/\/president-ksgov.net\/sr\/wp-json\/wp\/v2\/comments?post=76638"}],"version-history":[{"count":0,"href":"https:\/\/president-ksgov.net\/sr\/wp-json\/wp\/v2\/posts\/76638\/revisions"}],"wp:featuredmedia":[{"embeddable":true,"href":"https:\/\/president-ksgov.net\/sr\/wp-json\/wp\/v2\/media\/32876"}],"wp:attachment":[{"href":"https:\/\/president-ksgov.net\/sr\/wp-json\/wp\/v2\/media?parent=76638"}],"wp:term":[{"taxonomy":"category","embeddable":true,"href":"https:\/\/president-ksgov.net\/sr\/wp-json\/wp\/v2\/categories?post=76638"},{"taxonomy":"post_tag","embeddable":true,"href":"https:\/\/president-ksgov.net\/sr\/wp-json\/wp\/v2\/tags?post=76638"}],"curies":[{"name":"wp","href":"https:\/\/api.w.org\/{rel}","templated":true}]}}