{"id":76636,"date":"2016-10-10T15:45:14","date_gmt":"2016-10-10T15:45:14","guid":{"rendered":"https:\/\/dev.president-ksgov.net\/predsednik-thaci-trai-od-institucija-pravde-rasvetljavanje-zlocina-izvrenih-tokom-rata-i-nakon-rata\/"},"modified":"2016-10-10T15:45:14","modified_gmt":"2016-10-10T15:45:14","slug":"predsednik-thaci-trai-od-institucija-pravde-rasvetljavanje-zlocina-izvrenih-tokom-rata-i-nakon-rata","status":"publish","type":"post","link":"https:\/\/president-ksgov.net\/sr\/predsednik-thaci-trai-od-institucija-pravde-rasvetljavanje-zlocina-izvrenih-tokom-rata-i-nakon-rata\/","title":{"rendered":"Predsednik Tha\u00e7i tra&#158;i od institucija pravde rasvetljavanje zlo\u010dina izvr&#154;enih tokom rata i nakon rata"},"content":{"rendered":"<p>Pri&#353;tina, 10. oktobar &#8211; Predsednik Republike Kosova, Hashim Tha\u00e7i, danas je poslao \u010detiri pisma na adresu Kancelarije glavnog dr&#382;avnog tu&#382;ioca i Tu&#382;ila\u010dkog saveta Kosova.<\/p>\n<p>Ove zahteve predsednika Tha\u00e7i-ja institucijama pravde u zemlji, proizi&#353;la su nakon predaje skoro svih nadle&#382;nosti od strane me\u0111unarodne zajednice na dr&#382;avne institucije koje su sa polja pravde. <\/p>\n<p>&#8222;Zahvaljuju\u0107i stru\u010dnosti, nepristrasnosti, posve\u0107enosti koja je pokazana od strane svih onih koji rade u sistemu pravde, sada smo u na&#353;e ruke preuzeli odgovornost koju nikada nismo imali. I nakon &#353;to su ove nadle&#382;nosti prenete na dr&#382;avne institucije, na&#353;a odgovornost je jo&#353; ve\u0107a prema svim gra\u0111anima Republike Kosova, da uspostavimo pravdu&#8220;, rekao je predsednik Tha\u00e7i. <\/p>\n<p>Po\u010dev od ustavnog mandata kao predsednika, kako bi garantovao ustavno funkcionisanje institucija, kao predstavnik jedinstvenosti naroda Republike Kosova, predsednik Tha\u00e7i je rekao da je danas poslao \u010detiri pisma na adresu Kancelarije glavnog dr&#382;avnog tu&#382;ioca, Tu&#382;ila\u010dkog saveta Kosova kako bi ih ohrabrio da posvete posebnu pa&#382;nju jednom broju slu\u010dajeva koji brinu sve gra\u0111ane Kosova.<\/p>\n<p>&#8222;Zlo\u010dini koji su izvr&#353;eni tokom rata i nakon rata na Kosovu kao i uni&#353;tavanje imovine, posebno istorijskog i kulturnog nasle\u0111a, jo&#353; uvek \u010dekaju meritoran odgovor od pravde&#8220; rekao je predsednik Tha\u00e7i. <\/p>\n<p>U prvom pismu predsednik Tha\u00e7i je naglasio potrebu da se bave ratnim zlo\u010dinima izvr&#353;enim na Kosovu tokom rata. &#8222;Poznati slu\u010dajevi te&#353;kih ratnih kao &#353;to je masakr protiv porodice Jashari u Prekazu, masakr i Ra\u010dku, Izbici, Gornjoj Arbiji, u Velikoj Kru&#353;i, Liko&#353;anu, Meje, Dubravi, \u0106u&#353;ku, Ljbeni\u0107u, Gra&#353;tici i bilo gde drugde na Kosovu, koji treba da budu tretirani kako je potrebno od strane pravde&#8220; rekao je predsednik Tha\u00e7i.<\/p>\n<p>U drugom pismu on je tra&#382;io da se posebna pa&#382;nja posveti i mnogim ozbiljnim zlo\u010dinima izvr&#353;enim odmah nakon rata ili u godinama koje su usledile, kao &#353;to je ubistvo bra\u0107e Bytyqi u junu 1999. godine, poku&#353;aj atentata na biv&#353;eg predsednika Ibrahima Rugovu u martu 2005. godine, kao i ubistvo jednog broja javnih lica. Ali i slu\u010dajevi kao &#353;to je onaj u Staro Grackom u Lipljanu, slu\u010daj u Gora&#382;dvecu u Pe\u0107i kada je ubijeno dvoje dece, kao i slu\u010daj napada na autobus &#8222;Ni&#353;-ekspresa&#8220; u blizini Podujeva.<\/p>\n<p>A u tre\u0107em pismu predsednik Tha\u00e7i je tra&#382;io da se tako\u0111e, posebna pa&#382;nja posveti monstruoznim zlo\u010dinima, kao &#353;to silovanje osoba, posebno &#382;ena i devojaka, tokom rata na Kosovu 1998-1999. godine.<\/p>\n<p>&#8222;O ovoj rani se dosta dugo \u0107utalo&#8220; rekao je on.<\/p>\n<p>Ali prema mi&#353;ljenju predsednika Tha\u00e7i-ja,, zahvaljuju\u0107i hrabrosti &#382;ena i devojaka, &#382;rtava ovog zlo\u010dina, sakupljeni je dovoljno informacija kako bi te&#382;ina ovog zlo\u010dina\u010dkog akta bila shva\u0107ena. <\/p>\n<p>&#8222;Za sve ove zlo\u010dine, gra\u0111ani Kosova, njihove porodice, ali i celo Kosovsko dru&#353;tvo imaju potrebu za pravdom&#8220;, rekao je on. <\/p>\n<p>U \u010detvrtom pismu, predsednik Tha\u00e7i je rekao da je ohrabrio Kancelariju glavnog dr&#382;avnog tu&#382;ioca i Tu&#382;ila\u010dki savet Kosova da posebnu pa&#382;nju posvete i rasvetljavanju istine o razaranju zajedni\u010dke kulturne ba&#353;tine, one religijske i kulturne. <\/p>\n<p>&#8222;Prema mnogobrojnim studijama, preko 200 objekata, ili druga\u010dije re\u010deno, preko 40 posto verskih islamskih objekata i 5 katoli\u010dkih crkava je razoreno ili o&#353;te\u0107eno sistematski od strane srpske vojske ili policije. Tako\u0111e, i deo pravoslavnog srpskog nasle\u0111a na Kosovu, od posebne istorijske va&#382;nosti, je o&#353;te\u0107en nakon rata. I dok smo posnosni na to &#353;to tokom rata nijedan objekat koji je pripadao ovoj ba&#353;tini nije ugro&#382;en, nakon rata je bilo nekoliko desetina napada i razaranja ovih objekata, od strane pojedinaca ili kriminalnih grupa. Verujem da svi gra\u0111ani Republike Kosova, ali i druge zajednice, kao &#353;to je Srpska pravoslavna crkva imaju potrebu za podr&#353;kom i ohrabrenjem, potvr\u0111uju\u0107i ozbiljan pristup organa pravde u rasvetljavanju ovih napada koji su sramni i kriminalni&#8220;, rekao je predsednik Tha\u00e7i. a kraju, predsednik\u00a0 Tha\u00e7i je izrazio potpunu uverenost da \u0107e organi pravde na Kosovu, njihovom stru\u010dno&#353;\u0107u, posve\u0107eno&#353;\u0107u i nepristrasno&#353;\u0107u mo\u0107i da daju odgovore na sva ova pitanja, <\/p>\n<p>On je rekao da \u0107e kancelarija glavnog dr&#382;avnog tu&#382;ioca imati podr&#353;ku svih u ovoj misiji. <\/p>\n<p>Rasvetljavanje istine o ovim slu\u010dajevima, prema mi&#353;ljenju predsednika Tha\u00e7i-ja \u0107e rezultirati i ja\u010danjem poverenja svih gra\u0111ana i me\u0111unarodnih partnera u sistem pravde na Kosovu.<br \/>\n\u00a0<\/p>\n","protected":false},"excerpt":{"rendered":"<p>Pri&#353;tina, 10. oktobar &#8211; Predsednik Republike Kosova, Hashim Tha\u00e7i, danas je poslao \u010detiri pisma na adresu Kancelarije glavnog dr&#382;avnog tu&#382;ioca i Tu&#382;ila\u010dkog saveta Kosova.<\/p>\n","protected":false},"author":1,"featured_media":32868,"comment_status":"open","ping_status":"closed","sticky":false,"template":"","format":"standard","meta":{"_eb_attr":"","footnotes":""},"categories":[101],"tags":[],"class_list":["post-76636","post","type-post","status-publish","format-standard","has-post-thumbnail","hentry","category-vesti"],"yoast_head":"<!-- This site is optimized with the Yoast SEO plugin v23.5 - https:\/\/yoast.com\/wordpress\/plugins\/seo\/ -->\n<title>Predsednik Tha\u00e7i tra&#158;i od institucija pravde rasvetljavanje zlo\u010dina izvr&#154;enih tokom rata i nakon rata - Predsednik Republike Kosovo - DR. VJOSA OSMANI - SADRIU<\/title>\n<meta name=\"description\" content=\"Predsednik Tha\u00e7i tra&#158;i od institucija pravde rasvetljavanje zlo\u010dina izvr&#154;enih tokom rata i nakon rata - Predsednik Republike Kosovo - DR. VJOSA OSMANI - SADRIU -\" \/>\n<meta name=\"robots\" content=\"index, follow, max-snippet:-1, max-image-preview:large, max-video-preview:-1\" \/>\n<link rel=\"canonical\" href=\"https:\/\/president-ksgov.net\/sr\/predsednik-thaci-trai-od-institucija-pravde-rasvetljavanje-zlocina-izvrenih-tokom-rata-i-nakon-rata\/\" \/>\n<meta property=\"og:locale\" content=\"sr_RS\" \/>\n<meta property=\"og:type\" content=\"article\" \/>\n<meta property=\"og:title\" content=\"Predsednik Tha\u00e7i tra&#158;i od institucija pravde rasvetljavanje zlo\u010dina izvr&#154;enih tokom rata i nakon rata - Predsednik Republike Kosovo - DR. VJOSA OSMANI - SADRIU\" \/>\n<meta property=\"og:description\" content=\"Predsednik Tha\u00e7i tra&#158;i od institucija pravde rasvetljavanje zlo\u010dina izvr&#154;enih tokom rata i nakon rata - Predsednik Republike Kosovo - DR. VJOSA OSMANI - SADRIU -\" \/>\n<meta property=\"og:url\" content=\"https:\/\/president-ksgov.net\/sr\/predsednik-thaci-trai-od-institucija-pravde-rasvetljavanje-zlocina-izvrenih-tokom-rata-i-nakon-rata\/\" \/>\n<meta property=\"og:site_name\" content=\"Predsednik Republike Kosovo - DR. VJOSA OSMANI - SADRIU\" \/>\n<meta property=\"article:published_time\" content=\"2016-10-10T15:45:14+00:00\" \/>\n<meta property=\"og:image\" content=\"https:\/\/president-ksgov.net\/wp-content\/uploads\/10_10_2016_852826_p_04.jpg\" \/>\n\t<meta property=\"og:image:width\" content=\"2400\" \/>\n\t<meta property=\"og:image:height\" content=\"1600\" \/>\n\t<meta property=\"og:image:type\" content=\"image\/jpeg\" \/>\n<meta name=\"author\" content=\"admin\" \/>\n<meta name=\"twitter:card\" content=\"summary_large_image\" \/>\n<meta name=\"twitter:label1\" content=\"\u041d\u0430\u043f\u0438\u0441\u0430\u043d\u043e \u043e\u0434\" \/>\n\t<meta name=\"twitter:data1\" content=\"admin\" \/>\n\t<meta name=\"twitter:label2\" content=\"\u041f\u0440\u043e\u0446\u0435\u045a\u0435\u043d\u043e \u0432\u0440\u0435\u043c\u0435 \u0447\u0438\u0442\u0430\u045a\u0430\" \/>\n\t<meta name=\"twitter:data2\" content=\"4 \u043c\u0438\u043d\u0443\u0442\u0430\" \/>\n<script type=\"application\/ld+json\" class=\"yoast-schema-graph\">{\"@context\":\"https:\/\/schema.org\",\"@graph\":[{\"@type\":\"WebPage\",\"@id\":\"https:\/\/president-ksgov.net\/sr\/predsednik-thaci-trai-od-institucija-pravde-rasvetljavanje-zlocina-izvrenih-tokom-rata-i-nakon-rata\/\",\"url\":\"https:\/\/president-ksgov.net\/sr\/predsednik-thaci-trai-od-institucija-pravde-rasvetljavanje-zlocina-izvrenih-tokom-rata-i-nakon-rata\/\",\"name\":\"Predsednik Tha\u00e7i tra&#158;i od institucija pravde rasvetljavanje zlo\u010dina izvr&#154;enih tokom rata i nakon rata - Predsednik Republike Kosovo - DR. VJOSA OSMANI - SADRIU\",\"isPartOf\":{\"@id\":\"https:\/\/president-ksgov.net\/#website\"},\"primaryImageOfPage\":{\"@id\":\"https:\/\/president-ksgov.net\/sr\/predsednik-thaci-trai-od-institucija-pravde-rasvetljavanje-zlocina-izvrenih-tokom-rata-i-nakon-rata\/#primaryimage\"},\"image\":{\"@id\":\"https:\/\/president-ksgov.net\/sr\/predsednik-thaci-trai-od-institucija-pravde-rasvetljavanje-zlocina-izvrenih-tokom-rata-i-nakon-rata\/#primaryimage\"},\"thumbnailUrl\":\"https:\/\/president-ksgov.net\/wp-content\/uploads\/10_10_2016_852826_p_04.jpg\",\"datePublished\":\"2016-10-10T15:45:14+00:00\",\"dateModified\":\"2016-10-10T15:45:14+00:00\",\"author\":{\"@id\":\"https:\/\/president-ksgov.net\/#\/schema\/person\/bb4337a5fb147cb2046d80548172cbee\"},\"description\":\"Predsednik Tha\u00e7i tra&#158;i od institucija pravde rasvetljavanje zlo\u010dina izvr&#154;enih tokom rata i nakon rata - Predsednik Republike Kosovo - DR. VJOSA OSMANI - SADRIU -\",\"breadcrumb\":{\"@id\":\"https:\/\/president-ksgov.net\/sr\/predsednik-thaci-trai-od-institucija-pravde-rasvetljavanje-zlocina-izvrenih-tokom-rata-i-nakon-rata\/#breadcrumb\"},\"inLanguage\":\"sr-RS\",\"potentialAction\":[{\"@type\":\"ReadAction\",\"target\":[\"https:\/\/president-ksgov.net\/sr\/predsednik-thaci-trai-od-institucija-pravde-rasvetljavanje-zlocina-izvrenih-tokom-rata-i-nakon-rata\/\"]}]},{\"@type\":\"ImageObject\",\"inLanguage\":\"sr-RS\",\"@id\":\"https:\/\/president-ksgov.net\/sr\/predsednik-thaci-trai-od-institucija-pravde-rasvetljavanje-zlocina-izvrenih-tokom-rata-i-nakon-rata\/#primaryimage\",\"url\":\"https:\/\/president-ksgov.net\/wp-content\/uploads\/10_10_2016_852826_p_04.jpg\",\"contentUrl\":\"https:\/\/president-ksgov.net\/wp-content\/uploads\/10_10_2016_852826_p_04.jpg\",\"width\":2400,\"height\":1600},{\"@type\":\"BreadcrumbList\",\"@id\":\"https:\/\/president-ksgov.net\/sr\/predsednik-thaci-trai-od-institucija-pravde-rasvetljavanje-zlocina-izvrenih-tokom-rata-i-nakon-rata\/#breadcrumb\",\"itemListElement\":[{\"@type\":\"ListItem\",\"position\":1,\"name\":\"Home\",\"item\":\"https:\/\/president-ksgov.net\/sr\/\"},{\"@type\":\"ListItem\",\"position\":2,\"name\":\"Predsednik Tha\u00e7i tra&#158;i od institucija pravde rasvetljavanje zlo\u010dina izvr&#154;enih tokom rata i nakon rata\"}]},{\"@type\":\"WebSite\",\"@id\":\"https:\/\/president-ksgov.net\/#website\",\"url\":\"https:\/\/president-ksgov.net\/\",\"name\":\"Presidente e Republik\u00ebs s\u00eb Kosov\u00ebs\",\"description\":\"Presidente e Republik\u00ebs s\u00eb Kosov\u00ebs\",\"alternateName\":\"DR. VJOSA OSMANI - SADRIU\",\"potentialAction\":[{\"@type\":\"SearchAction\",\"target\":{\"@type\":\"EntryPoint\",\"urlTemplate\":\"https:\/\/president-ksgov.net\/?s={search_term_string}\"},\"query-input\":{\"@type\":\"PropertyValueSpecification\",\"valueRequired\":true,\"valueName\":\"search_term_string\"}}],\"inLanguage\":\"sr-RS\"},{\"@type\":\"Person\",\"@id\":\"https:\/\/president-ksgov.net\/#\/schema\/person\/bb4337a5fb147cb2046d80548172cbee\",\"name\":\"admin\",\"image\":{\"@type\":\"ImageObject\",\"inLanguage\":\"sr-RS\",\"@id\":\"https:\/\/president-ksgov.net\/#\/schema\/person\/image\/\",\"url\":\"https:\/\/secure.gravatar.com\/avatar\/36156ca0fa3b8d9d25174f146e16beea0cf28f37adf1b9e19b6c9c279a7c9dd3?s=96&d=mm&r=g\",\"contentUrl\":\"https:\/\/secure.gravatar.com\/avatar\/36156ca0fa3b8d9d25174f146e16beea0cf28f37adf1b9e19b6c9c279a7c9dd3?s=96&d=mm&r=g\",\"caption\":\"admin\"},\"sameAs\":[\"https:\/\/president-ksgov.net\"]}]}<\/script>\n<!-- \/ Yoast SEO plugin. -->","yoast_head_json":{"title":"Predsednik Tha\u00e7i tra&#158;i od institucija pravde rasvetljavanje zlo\u010dina izvr&#154;enih tokom rata i nakon rata - Predsednik Republike Kosovo - DR. VJOSA OSMANI - SADRIU","description":"Predsednik Tha\u00e7i tra&#158;i od institucija pravde rasvetljavanje zlo\u010dina izvr&#154;enih tokom rata i nakon rata - Predsednik Republike Kosovo - DR. VJOSA OSMANI - SADRIU -","robots":{"index":"index","follow":"follow","max-snippet":"max-snippet:-1","max-image-preview":"max-image-preview:large","max-video-preview":"max-video-preview:-1"},"canonical":"https:\/\/president-ksgov.net\/sr\/predsednik-thaci-trai-od-institucija-pravde-rasvetljavanje-zlocina-izvrenih-tokom-rata-i-nakon-rata\/","og_locale":"sr_RS","og_type":"article","og_title":"Predsednik Tha\u00e7i tra&#158;i od institucija pravde rasvetljavanje zlo\u010dina izvr&#154;enih tokom rata i nakon rata - Predsednik Republike Kosovo - DR. VJOSA OSMANI - SADRIU","og_description":"Predsednik Tha\u00e7i tra&#158;i od institucija pravde rasvetljavanje zlo\u010dina izvr&#154;enih tokom rata i nakon rata - Predsednik Republike Kosovo - DR. VJOSA OSMANI - SADRIU -","og_url":"https:\/\/president-ksgov.net\/sr\/predsednik-thaci-trai-od-institucija-pravde-rasvetljavanje-zlocina-izvrenih-tokom-rata-i-nakon-rata\/","og_site_name":"Predsednik Republike Kosovo - DR. VJOSA OSMANI - SADRIU","article_published_time":"2016-10-10T15:45:14+00:00","og_image":[{"width":2400,"height":1600,"url":"https:\/\/president-ksgov.net\/wp-content\/uploads\/10_10_2016_852826_p_04.jpg","type":"image\/jpeg"}],"author":"admin","twitter_card":"summary_large_image","twitter_misc":{"\u041d\u0430\u043f\u0438\u0441\u0430\u043d\u043e \u043e\u0434":"admin","\u041f\u0440\u043e\u0446\u0435\u045a\u0435\u043d\u043e \u0432\u0440\u0435\u043c\u0435 \u0447\u0438\u0442\u0430\u045a\u0430":"4 \u043c\u0438\u043d\u0443\u0442\u0430"},"schema":{"@context":"https:\/\/schema.org","@graph":[{"@type":"WebPage","@id":"https:\/\/president-ksgov.net\/sr\/predsednik-thaci-trai-od-institucija-pravde-rasvetljavanje-zlocina-izvrenih-tokom-rata-i-nakon-rata\/","url":"https:\/\/president-ksgov.net\/sr\/predsednik-thaci-trai-od-institucija-pravde-rasvetljavanje-zlocina-izvrenih-tokom-rata-i-nakon-rata\/","name":"Predsednik Tha\u00e7i tra&#158;i od institucija pravde rasvetljavanje zlo\u010dina izvr&#154;enih tokom rata i nakon rata - Predsednik Republike Kosovo - DR. VJOSA OSMANI - SADRIU","isPartOf":{"@id":"https:\/\/president-ksgov.net\/#website"},"primaryImageOfPage":{"@id":"https:\/\/president-ksgov.net\/sr\/predsednik-thaci-trai-od-institucija-pravde-rasvetljavanje-zlocina-izvrenih-tokom-rata-i-nakon-rata\/#primaryimage"},"image":{"@id":"https:\/\/president-ksgov.net\/sr\/predsednik-thaci-trai-od-institucija-pravde-rasvetljavanje-zlocina-izvrenih-tokom-rata-i-nakon-rata\/#primaryimage"},"thumbnailUrl":"https:\/\/president-ksgov.net\/wp-content\/uploads\/10_10_2016_852826_p_04.jpg","datePublished":"2016-10-10T15:45:14+00:00","dateModified":"2016-10-10T15:45:14+00:00","author":{"@id":"https:\/\/president-ksgov.net\/#\/schema\/person\/bb4337a5fb147cb2046d80548172cbee"},"description":"Predsednik Tha\u00e7i tra&#158;i od institucija pravde rasvetljavanje zlo\u010dina izvr&#154;enih tokom rata i nakon rata - Predsednik Republike Kosovo - DR. VJOSA OSMANI - SADRIU -","breadcrumb":{"@id":"https:\/\/president-ksgov.net\/sr\/predsednik-thaci-trai-od-institucija-pravde-rasvetljavanje-zlocina-izvrenih-tokom-rata-i-nakon-rata\/#breadcrumb"},"inLanguage":"sr-RS","potentialAction":[{"@type":"ReadAction","target":["https:\/\/president-ksgov.net\/sr\/predsednik-thaci-trai-od-institucija-pravde-rasvetljavanje-zlocina-izvrenih-tokom-rata-i-nakon-rata\/"]}]},{"@type":"ImageObject","inLanguage":"sr-RS","@id":"https:\/\/president-ksgov.net\/sr\/predsednik-thaci-trai-od-institucija-pravde-rasvetljavanje-zlocina-izvrenih-tokom-rata-i-nakon-rata\/#primaryimage","url":"https:\/\/president-ksgov.net\/wp-content\/uploads\/10_10_2016_852826_p_04.jpg","contentUrl":"https:\/\/president-ksgov.net\/wp-content\/uploads\/10_10_2016_852826_p_04.jpg","width":2400,"height":1600},{"@type":"BreadcrumbList","@id":"https:\/\/president-ksgov.net\/sr\/predsednik-thaci-trai-od-institucija-pravde-rasvetljavanje-zlocina-izvrenih-tokom-rata-i-nakon-rata\/#breadcrumb","itemListElement":[{"@type":"ListItem","position":1,"name":"Home","item":"https:\/\/president-ksgov.net\/sr\/"},{"@type":"ListItem","position":2,"name":"Predsednik Tha\u00e7i tra&#158;i od institucija pravde rasvetljavanje zlo\u010dina izvr&#154;enih tokom rata i nakon rata"}]},{"@type":"WebSite","@id":"https:\/\/president-ksgov.net\/#website","url":"https:\/\/president-ksgov.net\/","name":"Presidente e Republik\u00ebs s\u00eb Kosov\u00ebs","description":"Presidente e Republik\u00ebs s\u00eb Kosov\u00ebs","alternateName":"DR. VJOSA OSMANI - SADRIU","potentialAction":[{"@type":"SearchAction","target":{"@type":"EntryPoint","urlTemplate":"https:\/\/president-ksgov.net\/?s={search_term_string}"},"query-input":{"@type":"PropertyValueSpecification","valueRequired":true,"valueName":"search_term_string"}}],"inLanguage":"sr-RS"},{"@type":"Person","@id":"https:\/\/president-ksgov.net\/#\/schema\/person\/bb4337a5fb147cb2046d80548172cbee","name":"admin","image":{"@type":"ImageObject","inLanguage":"sr-RS","@id":"https:\/\/president-ksgov.net\/#\/schema\/person\/image\/","url":"https:\/\/secure.gravatar.com\/avatar\/36156ca0fa3b8d9d25174f146e16beea0cf28f37adf1b9e19b6c9c279a7c9dd3?s=96&d=mm&r=g","contentUrl":"https:\/\/secure.gravatar.com\/avatar\/36156ca0fa3b8d9d25174f146e16beea0cf28f37adf1b9e19b6c9c279a7c9dd3?s=96&d=mm&r=g","caption":"admin"},"sameAs":["https:\/\/president-ksgov.net"]}]}},"_links":{"self":[{"href":"https:\/\/president-ksgov.net\/sr\/wp-json\/wp\/v2\/posts\/76636","targetHints":{"allow":["GET"]}}],"collection":[{"href":"https:\/\/president-ksgov.net\/sr\/wp-json\/wp\/v2\/posts"}],"about":[{"href":"https:\/\/president-ksgov.net\/sr\/wp-json\/wp\/v2\/types\/post"}],"author":[{"embeddable":true,"href":"https:\/\/president-ksgov.net\/sr\/wp-json\/wp\/v2\/users\/1"}],"replies":[{"embeddable":true,"href":"https:\/\/president-ksgov.net\/sr\/wp-json\/wp\/v2\/comments?post=76636"}],"version-history":[{"count":0,"href":"https:\/\/president-ksgov.net\/sr\/wp-json\/wp\/v2\/posts\/76636\/revisions"}],"wp:featuredmedia":[{"embeddable":true,"href":"https:\/\/president-ksgov.net\/sr\/wp-json\/wp\/v2\/media\/32868"}],"wp:attachment":[{"href":"https:\/\/president-ksgov.net\/sr\/wp-json\/wp\/v2\/media?parent=76636"}],"wp:term":[{"taxonomy":"category","embeddable":true,"href":"https:\/\/president-ksgov.net\/sr\/wp-json\/wp\/v2\/categories?post=76636"},{"taxonomy":"post_tag","embeddable":true,"href":"https:\/\/president-ksgov.net\/sr\/wp-json\/wp\/v2\/tags?post=76636"}],"curies":[{"name":"wp","href":"https:\/\/api.w.org\/{rel}","templated":true}]}}