{"id":76630,"date":"2016-10-18T11:56:31","date_gmt":"2016-10-18T11:56:31","guid":{"rendered":"https:\/\/dev.president-ksgov.net\/predsednik-thaci-da-se-ujedinimo-u-borbi-protiv-trgovine-ljudima\/"},"modified":"2016-10-18T11:56:31","modified_gmt":"2016-10-18T11:56:31","slug":"predsednik-thaci-da-se-ujedinimo-u-borbi-protiv-trgovine-ljudima","status":"publish","type":"post","link":"https:\/\/president-ksgov.net\/sr\/predsednik-thaci-da-se-ujedinimo-u-borbi-protiv-trgovine-ljudima\/","title":{"rendered":"Predsednik Tha\u00e7i: Da se ujedinimo u borbi protiv trgovine ljudima"},"content":{"rendered":"<p>Pri&#353;tina, 18. oktobar &#8211; Predsednik Republike Kosova, Hashim Tha\u00e7i, danas je u\u010destvovao na konferenciji koja je organizovana povodom Dana Evropske unije protiv trgovine ljudskim bi\u0107ima.<\/p>\n<p>Predsednik Tha\u00e7i naglasio je da se mnogi ljudi &#353;irom sveta suo\u010davaju sa ovim sramnim fenomenom, i da ni Kosovo nije izuzeto.<br \/>\n\u00a0<br \/>\n&#8222;Ovaj fenomen treba zaustaviti putem konkretnih postupaka i mera&#8220;, rekao je predsednik Tha\u00e7i.<br \/>\n\u00a0<br \/>\nOn je rekao da je sada trenutak da se svi ujedinimo, da spre\u010dimo i da se borimo protiv ovog zlo\u010dina, i svih njegovih oblika i da ujedno \u010dinimo vi&#353;e radi za&#353;tite &#382;rtava tafikinga.<br \/>\n\u00a0<br \/>\nKako bismo imali uspeha u zaustavljanju i u borbi protiv trgovine ljudima, kao i u obezbe\u0111ivanju pomo\u0107i i za&#353;titi za &#382;rtve trafikinga, predsednik Tha\u00e7i je rekao da je svakako potrebna saradnja svih mehanizama i organa na dr&#382;avnom nivou.<br \/>\n\u00a0<br \/>\nRepublika Kosovo ne mo&#382;e i ne\u0107e biti tiha u borbi protiv trgovine ljudima. Trgovina ljudima je pitanje koje doti\u010de sve nas i u isto vreme rizikuje budu\u0107nost svih nas&#8220;, dodao je on.<br \/>\n\u00a0<br \/>\nPrema predsedniku Tha\u00e7i-ju, odgovornost je svake institucije i svakog lica na Kosovu, da se anga&#382;uje,\u00a0 kako bismo okon\u010dali trgovinu ljudima u svim njenim oblicima.<br \/>\n\u00a0<br \/>\nPredsednik Tha\u00e7i je potencirao da nadle&#382;ni organi za zaustavljanje i borbu protiv trgovine ljudima, kao i za pru&#382;anje pomo\u0107i i za&#353;tite &#382;rtava trafikinga, treba da deluju tako da zaustave trgovinu, osu\u0111uju\u0107i i hapse\u0107i trafikante, a pogotovu da pomognu i za&#353;tite &#382;rtve.<br \/>\n\u00a0<br \/>\n&#8222;Potpun uspeh u borbi protiv trgovine ljudima ne mo&#382;emo imati bez podr&#353;ke i obuhvatanja celokupnog dru&#353;tva&#8220;, rekao je predsednik Tha\u00e7i.<br \/>\n\u00a0<br \/>\nEfikasno zaustavljanje i borba protiv ove negativne pojave, predsednik Tha\u00e7i je rekao, da nam poma&#382;e da Republiku Kosovo na\u010dinimo dr&#382;avom sa dobrom slikom u me\u0111unarodnom mnjenju, u kojoj nema mesta za trgovinu ljudima i u kojoj se ljudsko dostojanstvo po&#353;tuje.<br \/>\n\u00a0<br \/>\nDeo ove konferencije koju je organizovalo Ministarstvo unutra&#353;njih poslova, osim predsednika Tha\u00e7i-ja i ministra Sk\u00ebnder-a Hyseni, koji je bio doma\u0107in, u\u010desnici su bili &#353;efica Kancelarije EU na Kosovu Nataliya Apostolova, ameri\u010dki ambasador Greg Delawie, ministarka pravde, Dhurata Hoxha,\u00a0 ministar rada u socijalnog blagostanja, Arban Abrashi i drugi.<br \/>\n\u00a0<br \/>\nTako\u0111e, na ovoj konferenciji je bio pristan i veliki broj predstavnika organizacija civilnog dru&#353;tva koje pru&#382;aju konstantan doprinos u borbi protiv ove negativne pojave.<\/p>\n","protected":false},"excerpt":{"rendered":"<p>Pri&#353;tina, 18. oktobar &#8211; Predsednik Republike Kosova, Hashim Tha\u00e7i, danas je u\u010destvovao na konferenciji koja je organizovana povodom Dana Evropske unije protiv trgovine ljudskim bi\u0107ima.<\/p>\n","protected":false},"author":1,"featured_media":32784,"comment_status":"open","ping_status":"closed","sticky":false,"template":"","format":"standard","meta":{"_eb_attr":"","footnotes":""},"categories":[101],"tags":[],"class_list":["post-76630","post","type-post","status-publish","format-standard","has-post-thumbnail","hentry","category-vesti"],"yoast_head":"<!-- This site is optimized with the Yoast SEO plugin v23.5 - https:\/\/yoast.com\/wordpress\/plugins\/seo\/ -->\n<title>Predsednik Tha\u00e7i: Da se ujedinimo u borbi protiv trgovine ljudima - Predsednik Republike Kosovo - DR. VJOSA OSMANI - SADRIU<\/title>\n<meta name=\"description\" content=\"Predsednik Tha\u00e7i: Da se ujedinimo u borbi protiv trgovine ljudima - Predsednik Republike Kosovo - DR. VJOSA OSMANI - SADRIU -\" \/>\n<meta name=\"robots\" content=\"index, follow, max-snippet:-1, max-image-preview:large, max-video-preview:-1\" \/>\n<link rel=\"canonical\" href=\"https:\/\/president-ksgov.net\/sr\/predsednik-thaci-da-se-ujedinimo-u-borbi-protiv-trgovine-ljudima\/\" \/>\n<meta property=\"og:locale\" content=\"sr_RS\" \/>\n<meta property=\"og:type\" content=\"article\" \/>\n<meta property=\"og:title\" content=\"Predsednik Tha\u00e7i: Da se ujedinimo u borbi protiv trgovine ljudima - Predsednik Republike Kosovo - DR. VJOSA OSMANI - SADRIU\" \/>\n<meta property=\"og:description\" content=\"Predsednik Tha\u00e7i: Da se ujedinimo u borbi protiv trgovine ljudima - Predsednik Republike Kosovo - DR. VJOSA OSMANI - SADRIU -\" \/>\n<meta property=\"og:url\" content=\"https:\/\/president-ksgov.net\/sr\/predsednik-thaci-da-se-ujedinimo-u-borbi-protiv-trgovine-ljudima\/\" \/>\n<meta property=\"og:site_name\" content=\"Predsednik Republike Kosovo - DR. VJOSA OSMANI - SADRIU\" \/>\n<meta property=\"article:published_time\" content=\"2016-10-18T11:56:31+00:00\" \/>\n<meta property=\"og:image\" content=\"https:\/\/president-ksgov.net\/wp-content\/uploads\/18_10_2016_2357308_DSC_8773-scaled.jpg\" \/>\n\t<meta property=\"og:image:width\" content=\"2560\" \/>\n\t<meta property=\"og:image:height\" content=\"1705\" \/>\n\t<meta property=\"og:image:type\" content=\"image\/jpeg\" \/>\n<meta name=\"author\" content=\"admin\" \/>\n<meta name=\"twitter:card\" content=\"summary_large_image\" \/>\n<meta name=\"twitter:label1\" content=\"\u041d\u0430\u043f\u0438\u0441\u0430\u043d\u043e \u043e\u0434\" \/>\n\t<meta name=\"twitter:data1\" content=\"admin\" \/>\n\t<meta name=\"twitter:label2\" content=\"\u041f\u0440\u043e\u0446\u0435\u045a\u0435\u043d\u043e \u0432\u0440\u0435\u043c\u0435 \u0447\u0438\u0442\u0430\u045a\u0430\" \/>\n\t<meta name=\"twitter:data2\" content=\"2 \u043c\u0438\u043d\u0443\u0442\u0430\" \/>\n<script type=\"application\/ld+json\" class=\"yoast-schema-graph\">{\"@context\":\"https:\/\/schema.org\",\"@graph\":[{\"@type\":\"WebPage\",\"@id\":\"https:\/\/president-ksgov.net\/sr\/predsednik-thaci-da-se-ujedinimo-u-borbi-protiv-trgovine-ljudima\/\",\"url\":\"https:\/\/president-ksgov.net\/sr\/predsednik-thaci-da-se-ujedinimo-u-borbi-protiv-trgovine-ljudima\/\",\"name\":\"Predsednik Tha\u00e7i: Da se ujedinimo u borbi protiv trgovine ljudima - Predsednik Republike Kosovo - DR. VJOSA OSMANI - SADRIU\",\"isPartOf\":{\"@id\":\"https:\/\/president-ksgov.net\/#website\"},\"primaryImageOfPage\":{\"@id\":\"https:\/\/president-ksgov.net\/sr\/predsednik-thaci-da-se-ujedinimo-u-borbi-protiv-trgovine-ljudima\/#primaryimage\"},\"image\":{\"@id\":\"https:\/\/president-ksgov.net\/sr\/predsednik-thaci-da-se-ujedinimo-u-borbi-protiv-trgovine-ljudima\/#primaryimage\"},\"thumbnailUrl\":\"https:\/\/president-ksgov.net\/wp-content\/uploads\/18_10_2016_2357308_DSC_8773-scaled.jpg\",\"datePublished\":\"2016-10-18T11:56:31+00:00\",\"dateModified\":\"2016-10-18T11:56:31+00:00\",\"author\":{\"@id\":\"https:\/\/president-ksgov.net\/#\/schema\/person\/bb4337a5fb147cb2046d80548172cbee\"},\"description\":\"Predsednik Tha\u00e7i: Da se ujedinimo u borbi protiv trgovine ljudima - Predsednik Republike Kosovo - DR. VJOSA OSMANI - SADRIU -\",\"breadcrumb\":{\"@id\":\"https:\/\/president-ksgov.net\/sr\/predsednik-thaci-da-se-ujedinimo-u-borbi-protiv-trgovine-ljudima\/#breadcrumb\"},\"inLanguage\":\"sr-RS\",\"potentialAction\":[{\"@type\":\"ReadAction\",\"target\":[\"https:\/\/president-ksgov.net\/sr\/predsednik-thaci-da-se-ujedinimo-u-borbi-protiv-trgovine-ljudima\/\"]}]},{\"@type\":\"ImageObject\",\"inLanguage\":\"sr-RS\",\"@id\":\"https:\/\/president-ksgov.net\/sr\/predsednik-thaci-da-se-ujedinimo-u-borbi-protiv-trgovine-ljudima\/#primaryimage\",\"url\":\"https:\/\/president-ksgov.net\/wp-content\/uploads\/18_10_2016_2357308_DSC_8773-scaled.jpg\",\"contentUrl\":\"https:\/\/president-ksgov.net\/wp-content\/uploads\/18_10_2016_2357308_DSC_8773-scaled.jpg\",\"width\":2560,\"height\":1705},{\"@type\":\"BreadcrumbList\",\"@id\":\"https:\/\/president-ksgov.net\/sr\/predsednik-thaci-da-se-ujedinimo-u-borbi-protiv-trgovine-ljudima\/#breadcrumb\",\"itemListElement\":[{\"@type\":\"ListItem\",\"position\":1,\"name\":\"Home\",\"item\":\"https:\/\/president-ksgov.net\/sr\/\"},{\"@type\":\"ListItem\",\"position\":2,\"name\":\"Predsednik Tha\u00e7i: Da se ujedinimo u borbi protiv trgovine ljudima\"}]},{\"@type\":\"WebSite\",\"@id\":\"https:\/\/president-ksgov.net\/#website\",\"url\":\"https:\/\/president-ksgov.net\/\",\"name\":\"Presidente e Republik\u00ebs s\u00eb Kosov\u00ebs\",\"description\":\"Presidente e Republik\u00ebs s\u00eb Kosov\u00ebs\",\"alternateName\":\"DR. VJOSA OSMANI - SADRIU\",\"potentialAction\":[{\"@type\":\"SearchAction\",\"target\":{\"@type\":\"EntryPoint\",\"urlTemplate\":\"https:\/\/president-ksgov.net\/?s={search_term_string}\"},\"query-input\":{\"@type\":\"PropertyValueSpecification\",\"valueRequired\":true,\"valueName\":\"search_term_string\"}}],\"inLanguage\":\"sr-RS\"},{\"@type\":\"Person\",\"@id\":\"https:\/\/president-ksgov.net\/#\/schema\/person\/bb4337a5fb147cb2046d80548172cbee\",\"name\":\"admin\",\"image\":{\"@type\":\"ImageObject\",\"inLanguage\":\"sr-RS\",\"@id\":\"https:\/\/president-ksgov.net\/#\/schema\/person\/image\/\",\"url\":\"https:\/\/secure.gravatar.com\/avatar\/36156ca0fa3b8d9d25174f146e16beea0cf28f37adf1b9e19b6c9c279a7c9dd3?s=96&d=mm&r=g\",\"contentUrl\":\"https:\/\/secure.gravatar.com\/avatar\/36156ca0fa3b8d9d25174f146e16beea0cf28f37adf1b9e19b6c9c279a7c9dd3?s=96&d=mm&r=g\",\"caption\":\"admin\"},\"sameAs\":[\"https:\/\/president-ksgov.net\"]}]}<\/script>\n<!-- \/ Yoast SEO plugin. -->","yoast_head_json":{"title":"Predsednik Tha\u00e7i: Da se ujedinimo u borbi protiv trgovine ljudima - Predsednik Republike Kosovo - DR. VJOSA OSMANI - SADRIU","description":"Predsednik Tha\u00e7i: Da se ujedinimo u borbi protiv trgovine ljudima - Predsednik Republike Kosovo - DR. VJOSA OSMANI - SADRIU -","robots":{"index":"index","follow":"follow","max-snippet":"max-snippet:-1","max-image-preview":"max-image-preview:large","max-video-preview":"max-video-preview:-1"},"canonical":"https:\/\/president-ksgov.net\/sr\/predsednik-thaci-da-se-ujedinimo-u-borbi-protiv-trgovine-ljudima\/","og_locale":"sr_RS","og_type":"article","og_title":"Predsednik Tha\u00e7i: Da se ujedinimo u borbi protiv trgovine ljudima - Predsednik Republike Kosovo - DR. VJOSA OSMANI - SADRIU","og_description":"Predsednik Tha\u00e7i: Da se ujedinimo u borbi protiv trgovine ljudima - Predsednik Republike Kosovo - DR. VJOSA OSMANI - SADRIU -","og_url":"https:\/\/president-ksgov.net\/sr\/predsednik-thaci-da-se-ujedinimo-u-borbi-protiv-trgovine-ljudima\/","og_site_name":"Predsednik Republike Kosovo - DR. VJOSA OSMANI - SADRIU","article_published_time":"2016-10-18T11:56:31+00:00","og_image":[{"width":2560,"height":1705,"url":"https:\/\/president-ksgov.net\/wp-content\/uploads\/18_10_2016_2357308_DSC_8773-scaled.jpg","type":"image\/jpeg"}],"author":"admin","twitter_card":"summary_large_image","twitter_misc":{"\u041d\u0430\u043f\u0438\u0441\u0430\u043d\u043e \u043e\u0434":"admin","\u041f\u0440\u043e\u0446\u0435\u045a\u0435\u043d\u043e \u0432\u0440\u0435\u043c\u0435 \u0447\u0438\u0442\u0430\u045a\u0430":"2 \u043c\u0438\u043d\u0443\u0442\u0430"},"schema":{"@context":"https:\/\/schema.org","@graph":[{"@type":"WebPage","@id":"https:\/\/president-ksgov.net\/sr\/predsednik-thaci-da-se-ujedinimo-u-borbi-protiv-trgovine-ljudima\/","url":"https:\/\/president-ksgov.net\/sr\/predsednik-thaci-da-se-ujedinimo-u-borbi-protiv-trgovine-ljudima\/","name":"Predsednik Tha\u00e7i: Da se ujedinimo u borbi protiv trgovine ljudima - Predsednik Republike Kosovo - DR. VJOSA OSMANI - SADRIU","isPartOf":{"@id":"https:\/\/president-ksgov.net\/#website"},"primaryImageOfPage":{"@id":"https:\/\/president-ksgov.net\/sr\/predsednik-thaci-da-se-ujedinimo-u-borbi-protiv-trgovine-ljudima\/#primaryimage"},"image":{"@id":"https:\/\/president-ksgov.net\/sr\/predsednik-thaci-da-se-ujedinimo-u-borbi-protiv-trgovine-ljudima\/#primaryimage"},"thumbnailUrl":"https:\/\/president-ksgov.net\/wp-content\/uploads\/18_10_2016_2357308_DSC_8773-scaled.jpg","datePublished":"2016-10-18T11:56:31+00:00","dateModified":"2016-10-18T11:56:31+00:00","author":{"@id":"https:\/\/president-ksgov.net\/#\/schema\/person\/bb4337a5fb147cb2046d80548172cbee"},"description":"Predsednik Tha\u00e7i: Da se ujedinimo u borbi protiv trgovine ljudima - Predsednik Republike Kosovo - DR. VJOSA OSMANI - SADRIU -","breadcrumb":{"@id":"https:\/\/president-ksgov.net\/sr\/predsednik-thaci-da-se-ujedinimo-u-borbi-protiv-trgovine-ljudima\/#breadcrumb"},"inLanguage":"sr-RS","potentialAction":[{"@type":"ReadAction","target":["https:\/\/president-ksgov.net\/sr\/predsednik-thaci-da-se-ujedinimo-u-borbi-protiv-trgovine-ljudima\/"]}]},{"@type":"ImageObject","inLanguage":"sr-RS","@id":"https:\/\/president-ksgov.net\/sr\/predsednik-thaci-da-se-ujedinimo-u-borbi-protiv-trgovine-ljudima\/#primaryimage","url":"https:\/\/president-ksgov.net\/wp-content\/uploads\/18_10_2016_2357308_DSC_8773-scaled.jpg","contentUrl":"https:\/\/president-ksgov.net\/wp-content\/uploads\/18_10_2016_2357308_DSC_8773-scaled.jpg","width":2560,"height":1705},{"@type":"BreadcrumbList","@id":"https:\/\/president-ksgov.net\/sr\/predsednik-thaci-da-se-ujedinimo-u-borbi-protiv-trgovine-ljudima\/#breadcrumb","itemListElement":[{"@type":"ListItem","position":1,"name":"Home","item":"https:\/\/president-ksgov.net\/sr\/"},{"@type":"ListItem","position":2,"name":"Predsednik Tha\u00e7i: Da se ujedinimo u borbi protiv trgovine ljudima"}]},{"@type":"WebSite","@id":"https:\/\/president-ksgov.net\/#website","url":"https:\/\/president-ksgov.net\/","name":"Presidente e Republik\u00ebs s\u00eb Kosov\u00ebs","description":"Presidente e Republik\u00ebs s\u00eb Kosov\u00ebs","alternateName":"DR. VJOSA OSMANI - SADRIU","potentialAction":[{"@type":"SearchAction","target":{"@type":"EntryPoint","urlTemplate":"https:\/\/president-ksgov.net\/?s={search_term_string}"},"query-input":{"@type":"PropertyValueSpecification","valueRequired":true,"valueName":"search_term_string"}}],"inLanguage":"sr-RS"},{"@type":"Person","@id":"https:\/\/president-ksgov.net\/#\/schema\/person\/bb4337a5fb147cb2046d80548172cbee","name":"admin","image":{"@type":"ImageObject","inLanguage":"sr-RS","@id":"https:\/\/president-ksgov.net\/#\/schema\/person\/image\/","url":"https:\/\/secure.gravatar.com\/avatar\/36156ca0fa3b8d9d25174f146e16beea0cf28f37adf1b9e19b6c9c279a7c9dd3?s=96&d=mm&r=g","contentUrl":"https:\/\/secure.gravatar.com\/avatar\/36156ca0fa3b8d9d25174f146e16beea0cf28f37adf1b9e19b6c9c279a7c9dd3?s=96&d=mm&r=g","caption":"admin"},"sameAs":["https:\/\/president-ksgov.net"]}]}},"_links":{"self":[{"href":"https:\/\/president-ksgov.net\/sr\/wp-json\/wp\/v2\/posts\/76630","targetHints":{"allow":["GET"]}}],"collection":[{"href":"https:\/\/president-ksgov.net\/sr\/wp-json\/wp\/v2\/posts"}],"about":[{"href":"https:\/\/president-ksgov.net\/sr\/wp-json\/wp\/v2\/types\/post"}],"author":[{"embeddable":true,"href":"https:\/\/president-ksgov.net\/sr\/wp-json\/wp\/v2\/users\/1"}],"replies":[{"embeddable":true,"href":"https:\/\/president-ksgov.net\/sr\/wp-json\/wp\/v2\/comments?post=76630"}],"version-history":[{"count":0,"href":"https:\/\/president-ksgov.net\/sr\/wp-json\/wp\/v2\/posts\/76630\/revisions"}],"wp:featuredmedia":[{"embeddable":true,"href":"https:\/\/president-ksgov.net\/sr\/wp-json\/wp\/v2\/media\/32784"}],"wp:attachment":[{"href":"https:\/\/president-ksgov.net\/sr\/wp-json\/wp\/v2\/media?parent=76630"}],"wp:term":[{"taxonomy":"category","embeddable":true,"href":"https:\/\/president-ksgov.net\/sr\/wp-json\/wp\/v2\/categories?post=76630"},{"taxonomy":"post_tag","embeddable":true,"href":"https:\/\/president-ksgov.net\/sr\/wp-json\/wp\/v2\/tags?post=76630"}],"curies":[{"name":"wp","href":"https:\/\/api.w.org\/{rel}","templated":true}]}}