{"id":76627,"date":"2016-10-23T10:52:00","date_gmt":"2016-10-23T10:52:00","guid":{"rendered":"https:\/\/dev.president-ksgov.net\/govor-predsednika-thaci-ja-na-93-seminaru-rose-roth-te-parlamentarne-skupstine-nato-a\/"},"modified":"2023-03-08T09:01:40","modified_gmt":"2023-03-08T09:01:40","slug":"govor-predsednika-thaci-ja-na-93-seminaru-rose-roth-te-parlamentarne-skupstine-nato-a","status":"publish","type":"post","link":"https:\/\/president-ksgov.net\/sr\/govor-predsednika-thaci-ja-na-93-seminaru-rose-roth-te-parlamentarne-skupstine-nato-a\/","title":{"rendered":"Govor predsednika Tha\u00e7i-ja na 93. seminaru  Rose Roth t\u00eb Parlamentarne skup\u0161tine NATO-a"},"content":{"rendered":"<p>Pre 17 godina, Kosovo je bila zemlja koja samo \u0161to je iza\u0161la iz rata, poku\u0161aja genocida, iz decenije represije i srpskih dr&zcaron;avnih politika rasne diskriminacije i iz &ccaron;itavih decenija diskriminacije.<\/p>\n<p>Zadovoljstvo mi je da vam po&zcaron;elim dobrodo\u0161licu ovde, u Pri\u0161tinu. <\/p>\n<p>Zadovoljstvo je \u0161to je Kosovo doma&cacute;in sastanka Programa Rose-Roth Parlamentarne skup\u0161tine NATO-a. <\/p>\n<p>&Ccaron;estitam Skup\u0161tini Kosova na ovako dobroj organizaciji. <\/p>\n<p>Verujem da je Kosovo danas pravo mesto da ovaj seminar, tre&cacute;i u ovoj godini odr&zcaron;ite ba\u0161 na Kosovu. <\/p>\n<p>Na\u0161a dr&zcaron;ava je dobar slu&ccaron;aj da se nau&ccaron;e bitne lekcije za me&dstrok;unarodnu zajednicu.<\/p>\n<p>Kosovo vi\u0161e nije izvor nestabilnosti, ve&cacute; nasuprot- ono je izvoznik mira i dijaloga. <\/p>\n<p>Ovo Kosovo &ccaron;ini dobrom prilikom da se u&ccaron;i u vezi sa sli&ccaron;nim slu&ccaron;ajevima iz &ccaron;itavog sveta. <\/p>\n<p>U nastavku &cacute;u elaborirati ove lekcije sa Kosova. <\/p>\n<p>Dame i gospodo, <\/p>\n<p>Pre 17 godina, Kosovo je bila zemlja koja samo \u0161to je iza\u0161la iz rata, poku\u0161aja genocida, iz decenije represije i srpskih dr&zcaron;avnih politika rasne diskriminacije i iz &ccaron;itavih decenija diskriminacije. <\/p>\n<p>Ali, u tim te\u0161kim danima, me&dstrok;unarodna zajednica, a posebno NATO su stale na &ccaron;elo uspostavljanja mira i blagostanja na Kosovu. <\/p>\n<p>Gra&dstrok;ani Kosova su ra\u0161irenih ruku do&ccaron;ekalo mirovne snage KFOR-a kojima je rukovodio NATO i misija Ujedinjenih nacija. <\/p>\n<p>Pre mesec dana, ovde u Pri\u0161tini sam bio doma&cacute;in prvom komandantu mirovnih snaga KFOR-a, general- majoru, Mike Jackson-u.<\/p>\n<p>Sa njim smo se prisetili dana nakon rata i spremnosti tada\u0161njih gerilski snaga, Oslobodila&ccaron;ke vojske Kosova da predaju oru&zcaron;je i da slu&zcaron;e. <\/p>\n<p>Nad ovom inicijativom smo postavili temelje budu&cacute;ih za\u0161titni&ccaron;kih snaga Kosova. <\/p>\n<p>Ovo je bio plod poverenja me&dstrok;u nama i vama i iskrene i profesionalne saradnje. <\/p>\n<p>Ovo poverenje je o&ccaron;uvao i dan danas u u&ccaron;i nas tome da je zapravo izgradnja poverenje izme&dstrok;u dve stranke jedan od prvih uslova da se ima dugotrajan mir i stabilnost. <\/p>\n<p>Jo\u0161 jedna druga lekcija iz tih posleratnih dana, koja je bitna i koji je jedan od najve&cacute;ih izazova sa kojima se danas suo&ccaron;ava Evropa i Severno- atlantski savez, jeste i pitanje izbeglica. <\/p>\n<p>1999. godine zbog rata, preko milion gra&dstrok;ana Kosova, ili vi\u0161e od polovine populacije, je bilo naterano da napusti njihovu zemlju i da postanju izbeglice u regionu, a i \u0161ire. <\/p>\n<p>Ali, zavr\u0161etkom rata i uspostavljanjem mira, ovih milion ljudi nisu &ccaron;ekali ni UNHCR niti bilo koju drugu agenciju, ve&cacute; su se vratili i njihove ku&cacute;e. <\/p>\n<p>Nije im smetalo \u0161to su im ku&cacute;e uni\u0161tene, \u0161to je ekonomija uni\u0161tena, \u0161to je dr&zcaron;avne institucije trebalo graditi od nule. <\/p>\n<p>Bitno je bilo da imaju mir, iako jo\u0161 uvek te&zcaron;ak, kao garancija za bezbednost i stabilnost, je bio NATO. <\/p>\n<p>I danas, kada vidimo talase izbeglica, treba da se anga&zcaron;ujemo na tome da stvorimo za njih mir i stabilnost. <\/p>\n<p>Oni ne &zcaron;ele ni\u0161ta vi\u0161e od toga da se vrate njihovim ku&cacute;ama, da imaju mir, daimaju stabilnost. <\/p>\n<p>Poru\u0161ene ku&cacute;e, razorenu dr&zcaron;avu, izgradi&cacute;e ponovo, kao \u0161to smo mi to u&ccaron;inili na Kosovu. <\/p>\n<p>Dame i gospodo, <\/p>\n<p>Kosovo je zahvaljuju&cacute;i saradnji sa me&dstrok;unarodnom zajednicom, u februaru 2008. godine zavr\u0161ilo dug proces re\u0161avanja svog politi&ccaron;kog statusa na me&dstrok;unarodnoj sceni. <\/p>\n<p>Deo ovog procesa su bile u Ujedinjene nacije, i EU, i Sjedinjene Ameri&ccaron;ke Dr&zcaron;ave i Rusija. <\/p>\n<p>Tog meseca Kosovo je proglasilo nezavisnost u potpunoj koordinaciji sa me&dstrok;unarodnom zajednicom. <\/p>\n<p>Od tada smo daleko stigli. <\/p>\n<p>Pre godinu dana smo postigli da potpi\u0161emo Sporazum o stabilizaciji i pridru&zcaron;ivanju sa EU. <\/p>\n<p>Ovo je do\u0161lo kao rezultat brzih i uspe\u0161nih reformi u uspostavljanju reda i zakona, u izgradnji demokratskih institucija i u postavljanju temelja slobodne ekonomije. <\/p>\n<p>Izgradili smo sjajne odnose sa svim zemljama u regionu. <\/p>\n<p>Obradovali smo se u&ccaron;lanjenju Albanije u NATO, obradovali smo u&ccaron;lanjenju Crne Gore u NATO i sre&cacute;ni smo zbog mogu&cacute;nosti da &cacute;e i Makedonija ubrzo u&cacute;i u NATO. <\/p>\n<p>Dakle, druga lekcija sa Kosova jeste da na Balkanu NATP zna&ccaron;i mir, zna&ccaron;i stabilnost, zna&ccaron;i blagostanje, zna&ccaron;i razvoj. <\/p>\n<p>Pre 17 godina Kosovo i Srbija su bile zemlje u sukobu, na\u0161i narodi su bili neprijatelji. <\/p>\n<p>Danas imamo drugu sliku. <\/p>\n<p>Sa Srbijom smo zapo&ccaron;eli proces normalizacije odnosa izme&dstrok;u na\u0161ih dr&zcaron;ava. <\/p>\n<p>Kao rezultat ovog procesa \u2013 koji uop\u0161te nije lak- postigli smo da jedni-druge posmatramo kao susede, saradnike i da zapo&ccaron;nemo novo poglavlje u na\u0161im odnosima. <\/p>\n<p>Verujem da vas je ministarka Tahiri ju&ccaron;e obavestila o detaljima o dosada\u0161njem dijalogu.<\/p>\n<p>Dozvolite mi da dodam da je Kosovo spremno, zapravo tra&zcaron;i da se dijalog podigne na drugi nivo, da dobije drugi kvalitet. <\/p>\n<p>Spremni smo na poseban proces saradnje, prijateljskih odnosa i pomirenja. <\/p>\n<p>Nismo nikada imali bolju priliku, kao Kosovo i kao Srbija, kao region, nego u narednim mesecima, da na\u0161u saradnju izvedemo na siguran put. <\/p>\n<p>Zahvaljuju&cacute;i posve&cacute;enosti dijalogu i saradnji, danas odnosi izme&dstrok;u Kosova i Srbije, nisu bi\u0161e pretnja stabilnosti u regionu. <\/p>\n<p>Ve&cacute; su primer susedstva, primer da se putem dijaloga okrenemo prema boljoj budu&cacute;nosti za sve. <\/p>\n<p>Od toga koristi ima i region. <\/p>\n<p>Pobolj\u0161anje odnosa izme&dstrok;u Kosova i Srbije je uticalo na pobolj\u0161anje odnosa me&dstrok;u ostalim dr&zcaron;avama regiona.<\/p>\n<p>Pro\u0161le nedelje je u Srbiji bio premijer Albanije kako bi diskutovao o pro\u0161irenju privredne saradnje izme&dstrok;u dve dr&zcaron;ave. <\/p>\n<p>Ovo bi se te\u0161ko postiglo da odnosi izme&dstrok;u Kosova i Srbije nisu pre toga oslobo&dstrok;eni tenzije. <\/p>\n<p>Dakle i ka&zcaron;emo da je Kosovo danas izvoznik stabilnosti i promoter dijaloga. <\/p>\n<p>Dame i gospodo, <\/p>\n<p>Mi smo ponosni na uspehe u unutra\u0161njoj konsolidaciji Kosova. <\/p>\n<p>Izgradili smo multietni&ccaron;ke institucije, u kojima su zastupljene sve zajednice koje &zcaron;ive na Kosovu. <\/p>\n<p>&Ccaron;ak i oni koji su nekada bili pod barikadama u severnom delu Kosova, koji su &ccaron;ak napadali mirovne trupe KFOR-a i NATO-a, danas su deo dr&zcaron;avnih institucija Kosova, Skup\u0161tine, Vlade, lokalne uprave, gde su anga&zcaron;ovani na pravima njihovih zajednica. <\/p>\n<p>Ovim duhom saradnje za olju budu&cacute;nost Kosova, radimo i na osnivanju Oru&zcaron;anih snaga Kosova. <\/p>\n<p>&Zcaron;elimo da odluka o osnivanju Kosovske armije bude usvojena od strane svih zajednica koje &zcaron;ive na Kosovu. <\/p>\n<p>Iskustvo koje imamo sada sa Bezbednosnim snagama Kosova &ccaron;ini da budemo optimisti u vezi sa ovom ambicijom. <\/p>\n<p>Bezbednosne snage Kosova su izgra&dstrok;ene u partnerstvu sa NATO-om. <\/p>\n<p>To su snage sa NATO-ovim standardima, multietni&ccaron;ke snage, profesionalne, uz dobru rodnu zastupljenost i koje su dokazana na Kosovu, ali i u akcijama van dr&zcaron;ave Kosovo.\u00a0 <\/p>\n<p>Kada smo kod Bezbednosnih snaga Kosova, dozvolite mi da &ccaron;estitam na jo\u0161 jednom uspehu. <\/p>\n<p>Ove nedelje, osam &ccaron;lanova Brigade za brzo reagovanje su dobili zlatne medalje u Britaniji. <\/p>\n<p>Ovo je prvi put da su u&ccaron;estvovali na ovom takmi&ccaron;enju koje je poznato kao jedno od najte&zcaron;ih u vojnoj spremnosti. <\/p>\n<p>Odavde &ccaron;estitam ovim pripadnicima Bezbednosnih snaga Kosova, koji su dokazali jo\u0161 jednom da su ove snage, \u0161to se ti&ccaron;e stepena spremnosti, jednaki sa ostalim svetskim vojskama. <\/p>\n<p>Oru&zcaron;ane snage Kosova su slede&cacute;i veliki korak na na\u0161em putovanju prema te&zcaron;nji da postanemo &ccaron;lanica NATO-a i EU. <\/p>\n<p>Ovo je na\u0161a budu&cacute;nost, ovo je na\u0161 dr&zcaron;avni konsenzus. <\/p>\n<p>Ohrabreni smo Berlinskim procesom za Zapadni Balkan, koji je povratio poverenje u ube&dstrok;enje da ovaj region ima svoje mesto u NATO-u i EU. <\/p>\n<p>Kada smo god ove ta&ccaron;ke, dozvolite mi da spomenem jo\u0161 jednu lekciju. <\/p>\n<p>Na Balkanu u&ccaron;imo da u me&dstrok;unarodnim odnosima nema vakuuma. <\/p>\n<p>Shvatamo da danas pa&zcaron;nja EU nije na pro\u0161irenju. <\/p>\n<p>Finansijska kriza. Talas izbeglica, BREXIT su teme koje su odvukle pa&zcaron;nju Brisela sa Zapadnog Balkana. <\/p>\n<p>Ali, ka\u0161njenja EU i NATO-a, da sebi pribli&zcaron;e region Zapadnog Balkana, ne&cacute;e prosto ostaviti vakuum. <\/p>\n<p>Druge ideologije, sa drugih kontinenta, sa drugim agendama za svet, poku\u0161avaju da prodru u na\u0161 region. <\/p>\n<p>One jedva &ccaron;ekaju da upotpune vakuum, koji ostavlja ka\u0161njenje EU i NATO-a. <\/p>\n<p>S toga je bitno za region, ali i za EU, za NATO, za kontinent da ne kasnimo sa procesima integracija u NATO i EU. <\/p>\n<p>Dame i gospodo, <\/p>\n<p>Kao Kosovo mi smo uspeli da se uspe\u0161no suo&ccaron;imo sa nekima od najve&cacute;ih izazova, sa kojima se svet danas suo&ccaron;ava. <\/p>\n<p>Bili smo uspe\u0161ni u borbi protiv radikalizma i ekstremizma. <\/p>\n<p>Ni mi nismo bili imuni u vezi sa ovom pretnjom i gra&dstrok;ani Kosova su putovali kako bi se pridru&zcaron;ili ISIS-u. <\/p>\n<p>Ali, ovaj broj je postao nula.<\/p>\n<p>Radili smo na nekoliko polja. <\/p>\n<p>Sankcionisali smo zakonom u&ccaron;estvovanje u ratovima van Kosova. <\/p>\n<p>Obavestili smo gra&dstrok;ane o prevari koju predstavlja ISIS. <\/p>\n<p>Radili smo sa Islamskom zajednicom kako bismo spre&ccaron;ili infiltriranje pogre\u0161nih ideologija kod vernika.<\/p>\n<p>Dakle, postigli smi uspehe, zbog kojih svi hvale Kosovo, zbog kojih je i zamenik predsednika Biden nazvao Kosovo liderom i primerom u regionu. <\/p>\n<p>Ali, dame i gospodo, <\/p>\n<p>Bitka protiv radikalizma i ekstremizma ne mo&zcaron;e da se dobije bore&cacute;i se sam. <\/p>\n<p>Pobedi&cacute;emo samo ukoliko smo ujedinjeni. <\/p>\n<p>Dakle, bitno je da se podr&zcaron;i te&zcaron;nja Kosova da postane &ccaron;lanica me&dstrok;unarodnih organizacija za bezbednost.<\/p>\n<p>Spremni smo i &zcaron;elimo da budemo deo programa Partnerstva za mir, &zcaron;elimo i imamo potrebu da postanemo deo INTERPOL-a. <\/p>\n<p>Za to nam je potrebna podr\u0161ka svih vas. <\/p>\n<p>Kosovo je danas pri&ccaron;a o uspehu. <\/p>\n<p>Na\u0161 zajedni&ccaron;ki uspeh u izgradnji mira, stabilnosti i prosperiteta. <\/p>\n<p>Ali, nije jo\u0161 uvek zatvorena i zavr\u0161ena pri&ccaron;a. <\/p>\n<p>Zahvalni smo vam \u0161to nastavljate da nas podr&zcaron;avate i na va\u0161oj saradnji. <\/p>\n<p>Hvala vam!<\/p>\n","protected":false},"excerpt":{"rendered":"<p>Pre 17 godina, Kosovo je bila zemlja koja samo \u0161to je iza\u0161la iz rata, poku\u0161aja genocida, iz decenije represije i srpskih dr&zcaron;avnih politika rasne diskriminacije i iz &ccaron;itavih decenija diskriminacije.<\/p>\n","protected":false},"author":1,"featured_media":32721,"comment_status":"open","ping_status":"closed","sticky":false,"template":"","format":"standard","meta":{"_eb_attr":"","footnotes":""},"categories":[106],"tags":[],"class_list":["post-76627","post","type-post","status-publish","format-standard","has-post-thumbnail","hentry","category-govori"],"yoast_head":"<!-- This site is optimized with the Yoast SEO plugin v23.5 - https:\/\/yoast.com\/wordpress\/plugins\/seo\/ -->\n<title>Govor predsednika Tha\u00e7i-ja na 93. seminaru Rose Roth t\u00eb Parlamentarne skup\u0161tine NATO-a - Predsednik Republike Kosovo - DR. VJOSA OSMANI - SADRIU<\/title>\n<meta name=\"description\" content=\"Govor predsednika Tha\u00e7i-ja na 93. seminaru Rose Roth t\u00eb Parlamentarne skup\u0161tine NATO-a - Predsednik Republike Kosovo - DR. VJOSA OSMANI - SADRIU -\" \/>\n<meta name=\"robots\" content=\"index, follow, max-snippet:-1, max-image-preview:large, max-video-preview:-1\" \/>\n<link rel=\"canonical\" href=\"https:\/\/president-ksgov.net\/sr\/govor-predsednika-thaci-ja-na-93-seminaru-rose-roth-te-parlamentarne-skupstine-nato-a\/\" \/>\n<meta property=\"og:locale\" content=\"sr_RS\" \/>\n<meta property=\"og:type\" content=\"article\" \/>\n<meta property=\"og:title\" content=\"Govor predsednika Tha\u00e7i-ja na 93. seminaru Rose Roth t\u00eb Parlamentarne skup\u0161tine NATO-a - Predsednik Republike Kosovo - DR. VJOSA OSMANI - SADRIU\" \/>\n<meta property=\"og:description\" content=\"Govor predsednika Tha\u00e7i-ja na 93. seminaru Rose Roth t\u00eb Parlamentarne skup\u0161tine NATO-a - Predsednik Republike Kosovo - DR. VJOSA OSMANI - SADRIU -\" \/>\n<meta property=\"og:url\" content=\"https:\/\/president-ksgov.net\/sr\/govor-predsednika-thaci-ja-na-93-seminaru-rose-roth-te-parlamentarne-skupstine-nato-a\/\" \/>\n<meta property=\"og:site_name\" content=\"Predsednik Republike Kosovo - DR. VJOSA OSMANI - SADRIU\" \/>\n<meta property=\"article:published_time\" content=\"2016-10-23T10:52:00+00:00\" \/>\n<meta property=\"article:modified_time\" content=\"2023-03-08T09:01:40+00:00\" \/>\n<meta property=\"og:image\" content=\"https:\/\/president-ksgov.net\/wp-content\/uploads\/24_10_2016_4700302_nato_01.jpg\" \/>\n\t<meta property=\"og:image:width\" content=\"2400\" \/>\n\t<meta property=\"og:image:height\" content=\"1600\" \/>\n\t<meta property=\"og:image:type\" content=\"image\/jpeg\" \/>\n<meta name=\"author\" content=\"admin\" \/>\n<meta name=\"twitter:card\" content=\"summary_large_image\" \/>\n<meta name=\"twitter:label1\" content=\"\u041d\u0430\u043f\u0438\u0441\u0430\u043d\u043e \u043e\u0434\" \/>\n\t<meta name=\"twitter:data1\" content=\"admin\" \/>\n\t<meta name=\"twitter:label2\" content=\"\u041f\u0440\u043e\u0446\u0435\u045a\u0435\u043d\u043e \u0432\u0440\u0435\u043c\u0435 \u0447\u0438\u0442\u0430\u045a\u0430\" \/>\n\t<meta name=\"twitter:data2\" content=\"9 \u043c\u0438\u043d\u0443\u0442\u0430\" \/>\n<script type=\"application\/ld+json\" class=\"yoast-schema-graph\">{\"@context\":\"https:\/\/schema.org\",\"@graph\":[{\"@type\":\"WebPage\",\"@id\":\"https:\/\/president-ksgov.net\/sr\/govor-predsednika-thaci-ja-na-93-seminaru-rose-roth-te-parlamentarne-skupstine-nato-a\/\",\"url\":\"https:\/\/president-ksgov.net\/sr\/govor-predsednika-thaci-ja-na-93-seminaru-rose-roth-te-parlamentarne-skupstine-nato-a\/\",\"name\":\"Govor predsednika Tha\u00e7i-ja na 93. seminaru Rose Roth t\u00eb Parlamentarne skup\u0161tine NATO-a - Predsednik Republike Kosovo - DR. VJOSA OSMANI - SADRIU\",\"isPartOf\":{\"@id\":\"https:\/\/president-ksgov.net\/#website\"},\"primaryImageOfPage\":{\"@id\":\"https:\/\/president-ksgov.net\/sr\/govor-predsednika-thaci-ja-na-93-seminaru-rose-roth-te-parlamentarne-skupstine-nato-a\/#primaryimage\"},\"image\":{\"@id\":\"https:\/\/president-ksgov.net\/sr\/govor-predsednika-thaci-ja-na-93-seminaru-rose-roth-te-parlamentarne-skupstine-nato-a\/#primaryimage\"},\"thumbnailUrl\":\"https:\/\/president-ksgov.net\/wp-content\/uploads\/24_10_2016_4700302_nato_01.jpg\",\"datePublished\":\"2016-10-23T10:52:00+00:00\",\"dateModified\":\"2023-03-08T09:01:40+00:00\",\"author\":{\"@id\":\"https:\/\/president-ksgov.net\/#\/schema\/person\/bb4337a5fb147cb2046d80548172cbee\"},\"description\":\"Govor predsednika Tha\u00e7i-ja na 93. seminaru Rose Roth t\u00eb Parlamentarne skup\u0161tine NATO-a - Predsednik Republike Kosovo - DR. VJOSA OSMANI - SADRIU -\",\"breadcrumb\":{\"@id\":\"https:\/\/president-ksgov.net\/sr\/govor-predsednika-thaci-ja-na-93-seminaru-rose-roth-te-parlamentarne-skupstine-nato-a\/#breadcrumb\"},\"inLanguage\":\"sr-RS\",\"potentialAction\":[{\"@type\":\"ReadAction\",\"target\":[\"https:\/\/president-ksgov.net\/sr\/govor-predsednika-thaci-ja-na-93-seminaru-rose-roth-te-parlamentarne-skupstine-nato-a\/\"]}]},{\"@type\":\"ImageObject\",\"inLanguage\":\"sr-RS\",\"@id\":\"https:\/\/president-ksgov.net\/sr\/govor-predsednika-thaci-ja-na-93-seminaru-rose-roth-te-parlamentarne-skupstine-nato-a\/#primaryimage\",\"url\":\"https:\/\/president-ksgov.net\/wp-content\/uploads\/24_10_2016_4700302_nato_01.jpg\",\"contentUrl\":\"https:\/\/president-ksgov.net\/wp-content\/uploads\/24_10_2016_4700302_nato_01.jpg\",\"width\":2400,\"height\":1600},{\"@type\":\"BreadcrumbList\",\"@id\":\"https:\/\/president-ksgov.net\/sr\/govor-predsednika-thaci-ja-na-93-seminaru-rose-roth-te-parlamentarne-skupstine-nato-a\/#breadcrumb\",\"itemListElement\":[{\"@type\":\"ListItem\",\"position\":1,\"name\":\"Home\",\"item\":\"https:\/\/president-ksgov.net\/sr\/\"},{\"@type\":\"ListItem\",\"position\":2,\"name\":\"Govor predsednika Tha\u00e7i-ja na 93. seminaru Rose Roth t\u00eb Parlamentarne skup\u0161tine NATO-a\"}]},{\"@type\":\"WebSite\",\"@id\":\"https:\/\/president-ksgov.net\/#website\",\"url\":\"https:\/\/president-ksgov.net\/\",\"name\":\"Presidente e Republik\u00ebs s\u00eb Kosov\u00ebs\",\"description\":\"Presidente e Republik\u00ebs s\u00eb Kosov\u00ebs\",\"alternateName\":\"DR. VJOSA OSMANI - SADRIU\",\"potentialAction\":[{\"@type\":\"SearchAction\",\"target\":{\"@type\":\"EntryPoint\",\"urlTemplate\":\"https:\/\/president-ksgov.net\/?s={search_term_string}\"},\"query-input\":{\"@type\":\"PropertyValueSpecification\",\"valueRequired\":true,\"valueName\":\"search_term_string\"}}],\"inLanguage\":\"sr-RS\"},{\"@type\":\"Person\",\"@id\":\"https:\/\/president-ksgov.net\/#\/schema\/person\/bb4337a5fb147cb2046d80548172cbee\",\"name\":\"admin\",\"image\":{\"@type\":\"ImageObject\",\"inLanguage\":\"sr-RS\",\"@id\":\"https:\/\/president-ksgov.net\/#\/schema\/person\/image\/\",\"url\":\"https:\/\/secure.gravatar.com\/avatar\/36156ca0fa3b8d9d25174f146e16beea0cf28f37adf1b9e19b6c9c279a7c9dd3?s=96&d=mm&r=g\",\"contentUrl\":\"https:\/\/secure.gravatar.com\/avatar\/36156ca0fa3b8d9d25174f146e16beea0cf28f37adf1b9e19b6c9c279a7c9dd3?s=96&d=mm&r=g\",\"caption\":\"admin\"},\"sameAs\":[\"https:\/\/president-ksgov.net\"]}]}<\/script>\n<!-- \/ Yoast SEO plugin. -->","yoast_head_json":{"title":"Govor predsednika Tha\u00e7i-ja na 93. seminaru Rose Roth t\u00eb Parlamentarne skup\u0161tine NATO-a - Predsednik Republike Kosovo - DR. VJOSA OSMANI - SADRIU","description":"Govor predsednika Tha\u00e7i-ja na 93. seminaru Rose Roth t\u00eb Parlamentarne skup\u0161tine NATO-a - Predsednik Republike Kosovo - DR. VJOSA OSMANI - SADRIU -","robots":{"index":"index","follow":"follow","max-snippet":"max-snippet:-1","max-image-preview":"max-image-preview:large","max-video-preview":"max-video-preview:-1"},"canonical":"https:\/\/president-ksgov.net\/sr\/govor-predsednika-thaci-ja-na-93-seminaru-rose-roth-te-parlamentarne-skupstine-nato-a\/","og_locale":"sr_RS","og_type":"article","og_title":"Govor predsednika Tha\u00e7i-ja na 93. seminaru Rose Roth t\u00eb Parlamentarne skup\u0161tine NATO-a - Predsednik Republike Kosovo - DR. VJOSA OSMANI - SADRIU","og_description":"Govor predsednika Tha\u00e7i-ja na 93. seminaru Rose Roth t\u00eb Parlamentarne skup\u0161tine NATO-a - Predsednik Republike Kosovo - DR. VJOSA OSMANI - SADRIU -","og_url":"https:\/\/president-ksgov.net\/sr\/govor-predsednika-thaci-ja-na-93-seminaru-rose-roth-te-parlamentarne-skupstine-nato-a\/","og_site_name":"Predsednik Republike Kosovo - DR. VJOSA OSMANI - SADRIU","article_published_time":"2016-10-23T10:52:00+00:00","article_modified_time":"2023-03-08T09:01:40+00:00","og_image":[{"width":2400,"height":1600,"url":"https:\/\/president-ksgov.net\/wp-content\/uploads\/24_10_2016_4700302_nato_01.jpg","type":"image\/jpeg"}],"author":"admin","twitter_card":"summary_large_image","twitter_misc":{"\u041d\u0430\u043f\u0438\u0441\u0430\u043d\u043e \u043e\u0434":"admin","\u041f\u0440\u043e\u0446\u0435\u045a\u0435\u043d\u043e \u0432\u0440\u0435\u043c\u0435 \u0447\u0438\u0442\u0430\u045a\u0430":"9 \u043c\u0438\u043d\u0443\u0442\u0430"},"schema":{"@context":"https:\/\/schema.org","@graph":[{"@type":"WebPage","@id":"https:\/\/president-ksgov.net\/sr\/govor-predsednika-thaci-ja-na-93-seminaru-rose-roth-te-parlamentarne-skupstine-nato-a\/","url":"https:\/\/president-ksgov.net\/sr\/govor-predsednika-thaci-ja-na-93-seminaru-rose-roth-te-parlamentarne-skupstine-nato-a\/","name":"Govor predsednika Tha\u00e7i-ja na 93. seminaru Rose Roth t\u00eb Parlamentarne skup\u0161tine NATO-a - Predsednik Republike Kosovo - DR. VJOSA OSMANI - SADRIU","isPartOf":{"@id":"https:\/\/president-ksgov.net\/#website"},"primaryImageOfPage":{"@id":"https:\/\/president-ksgov.net\/sr\/govor-predsednika-thaci-ja-na-93-seminaru-rose-roth-te-parlamentarne-skupstine-nato-a\/#primaryimage"},"image":{"@id":"https:\/\/president-ksgov.net\/sr\/govor-predsednika-thaci-ja-na-93-seminaru-rose-roth-te-parlamentarne-skupstine-nato-a\/#primaryimage"},"thumbnailUrl":"https:\/\/president-ksgov.net\/wp-content\/uploads\/24_10_2016_4700302_nato_01.jpg","datePublished":"2016-10-23T10:52:00+00:00","dateModified":"2023-03-08T09:01:40+00:00","author":{"@id":"https:\/\/president-ksgov.net\/#\/schema\/person\/bb4337a5fb147cb2046d80548172cbee"},"description":"Govor predsednika Tha\u00e7i-ja na 93. seminaru Rose Roth t\u00eb Parlamentarne skup\u0161tine NATO-a - Predsednik Republike Kosovo - DR. VJOSA OSMANI - SADRIU -","breadcrumb":{"@id":"https:\/\/president-ksgov.net\/sr\/govor-predsednika-thaci-ja-na-93-seminaru-rose-roth-te-parlamentarne-skupstine-nato-a\/#breadcrumb"},"inLanguage":"sr-RS","potentialAction":[{"@type":"ReadAction","target":["https:\/\/president-ksgov.net\/sr\/govor-predsednika-thaci-ja-na-93-seminaru-rose-roth-te-parlamentarne-skupstine-nato-a\/"]}]},{"@type":"ImageObject","inLanguage":"sr-RS","@id":"https:\/\/president-ksgov.net\/sr\/govor-predsednika-thaci-ja-na-93-seminaru-rose-roth-te-parlamentarne-skupstine-nato-a\/#primaryimage","url":"https:\/\/president-ksgov.net\/wp-content\/uploads\/24_10_2016_4700302_nato_01.jpg","contentUrl":"https:\/\/president-ksgov.net\/wp-content\/uploads\/24_10_2016_4700302_nato_01.jpg","width":2400,"height":1600},{"@type":"BreadcrumbList","@id":"https:\/\/president-ksgov.net\/sr\/govor-predsednika-thaci-ja-na-93-seminaru-rose-roth-te-parlamentarne-skupstine-nato-a\/#breadcrumb","itemListElement":[{"@type":"ListItem","position":1,"name":"Home","item":"https:\/\/president-ksgov.net\/sr\/"},{"@type":"ListItem","position":2,"name":"Govor predsednika Tha\u00e7i-ja na 93. seminaru Rose Roth t\u00eb Parlamentarne skup\u0161tine NATO-a"}]},{"@type":"WebSite","@id":"https:\/\/president-ksgov.net\/#website","url":"https:\/\/president-ksgov.net\/","name":"Presidente e Republik\u00ebs s\u00eb Kosov\u00ebs","description":"Presidente e Republik\u00ebs s\u00eb Kosov\u00ebs","alternateName":"DR. VJOSA OSMANI - SADRIU","potentialAction":[{"@type":"SearchAction","target":{"@type":"EntryPoint","urlTemplate":"https:\/\/president-ksgov.net\/?s={search_term_string}"},"query-input":{"@type":"PropertyValueSpecification","valueRequired":true,"valueName":"search_term_string"}}],"inLanguage":"sr-RS"},{"@type":"Person","@id":"https:\/\/president-ksgov.net\/#\/schema\/person\/bb4337a5fb147cb2046d80548172cbee","name":"admin","image":{"@type":"ImageObject","inLanguage":"sr-RS","@id":"https:\/\/president-ksgov.net\/#\/schema\/person\/image\/","url":"https:\/\/secure.gravatar.com\/avatar\/36156ca0fa3b8d9d25174f146e16beea0cf28f37adf1b9e19b6c9c279a7c9dd3?s=96&d=mm&r=g","contentUrl":"https:\/\/secure.gravatar.com\/avatar\/36156ca0fa3b8d9d25174f146e16beea0cf28f37adf1b9e19b6c9c279a7c9dd3?s=96&d=mm&r=g","caption":"admin"},"sameAs":["https:\/\/president-ksgov.net"]}]}},"_links":{"self":[{"href":"https:\/\/president-ksgov.net\/sr\/wp-json\/wp\/v2\/posts\/76627","targetHints":{"allow":["GET"]}}],"collection":[{"href":"https:\/\/president-ksgov.net\/sr\/wp-json\/wp\/v2\/posts"}],"about":[{"href":"https:\/\/president-ksgov.net\/sr\/wp-json\/wp\/v2\/types\/post"}],"author":[{"embeddable":true,"href":"https:\/\/president-ksgov.net\/sr\/wp-json\/wp\/v2\/users\/1"}],"replies":[{"embeddable":true,"href":"https:\/\/president-ksgov.net\/sr\/wp-json\/wp\/v2\/comments?post=76627"}],"version-history":[{"count":1,"href":"https:\/\/president-ksgov.net\/sr\/wp-json\/wp\/v2\/posts\/76627\/revisions"}],"predecessor-version":[{"id":81557,"href":"https:\/\/president-ksgov.net\/sr\/wp-json\/wp\/v2\/posts\/76627\/revisions\/81557"}],"wp:featuredmedia":[{"embeddable":true,"href":"https:\/\/president-ksgov.net\/sr\/wp-json\/wp\/v2\/media\/32721"}],"wp:attachment":[{"href":"https:\/\/president-ksgov.net\/sr\/wp-json\/wp\/v2\/media?parent=76627"}],"wp:term":[{"taxonomy":"category","embeddable":true,"href":"https:\/\/president-ksgov.net\/sr\/wp-json\/wp\/v2\/categories?post=76627"},{"taxonomy":"post_tag","embeddable":true,"href":"https:\/\/president-ksgov.net\/sr\/wp-json\/wp\/v2\/tags?post=76627"}],"curies":[{"name":"wp","href":"https:\/\/api.w.org\/{rel}","templated":true}]}}