{"id":76621,"date":"2016-10-26T18:38:46","date_gmt":"2016-10-26T18:38:46","guid":{"rendered":"https:\/\/dev.president-ksgov.net\/predsednik-thaci-braneci-ustav-branimo-republiku\/"},"modified":"2016-10-26T18:38:46","modified_gmt":"2016-10-26T18:38:46","slug":"predsednik-thaci-braneci-ustav-branimo-republiku","status":"publish","type":"post","link":"https:\/\/president-ksgov.net\/sr\/predsednik-thaci-braneci-ustav-branimo-republiku\/","title":{"rendered":"Predsednik Tha\u00e7i: Brane\u0107i Ustav, branimo Republiku"},"content":{"rendered":"<p>Sreda, 26. oktobar 2016. godine &#8211; Predsednik Republike Kosova, Hashim Tha\u00e7i, danas je u\u010destvovao na ceremoniji obele&#382;avanja sedme sudske godi&#353;njice Ustavnog suda.<\/p>\n<p>Kako bi &#353;titili na&#353; ustavni poredak, predsednik Tha\u00e7i je rekao da je bilo i vi&#353;e nego potrebno stvaranje jednog nezavisnog organa za za&#353;titu ustavnosti i za za&#353;titu ljudskih prava i sloboda, koji \u0107e i dati kona\u010dno tuma\u010denje Ustava i uskla\u0111enost zakona sa Ustavom.<br \/>\n\u00a0<br \/>\n&#8222;Ovaj zadatak i ove obaveze Ustavni sud uspe&#353;no ispunjava&#8220;, rekao je predsednik Tha\u00e7i.<br \/>\n\u00a0<br \/>\nEfekat odluka ovog suda, u smislu njihove pravne snage, prema predsedniku Tha\u00e7i-ju je kona\u010dan i one ne mogu podle\u0107i razmatranju bilo koje dr&#382;avne institucije ili mehanizma.<br \/>\n\u00a0<br \/>\n&#8222;Sprovo\u0111enje ovih odluka, po\u010dev od predsednika, pa do svih institucija i gra\u0111ana Republike Kosova, pokazalo je i pokazuje da je Ustavni sud jedan od najve\u0107ih doprinosilaca\u00a0 funkcionisanju demokratije na Kosovu&#8220;, rekao je predsednik Tha\u00e7i.<br \/>\n\u00a0<br \/>\nNa ovaj na\u010din, on je rekao da sna&#382;no gradimo koncept Kosova kao ustavne dr&#382;ave, u kojoj se ustavni principi ogledaju u odlukama i postupcima svih dr&#382;avnih institucija i organa.<br \/>\n\u00a0<br \/>\n&#8222;O\u010duvanje reputacije i dostojanstva Ustavnog suda podrazumeva i o\u010duvanje reputacije i dostojanstva Republike Kosova. Brane\u0107i Ustav, branite i Republiku, branite gra\u0111ane i branite institucije&#8220;, rekao je predsednik Tha\u00e7i<br \/>\n\u00a0<br \/>\nKao predsednik Republike Kosova, on je naglasio da efikasnost i funkcionisanje Ustavnog suda kao primer funkcionisanja sudstva u na&#353;oj zemlji, treba da uzmu i drugi nivoi sudstva.<br \/>\n\u00a0<br \/>\nNa ceremoniji obele&#382;avanja sedme sudske godi&#353;njice Ustavnog suda, osim predsednika Tha\u00e7i-ja i predsednice Ustavnog suda, Arta-Rama-Hajrizi, prisutni su bili i predsednik Skup&#353;tine Kadri Veseli, premijer Isa Mustafa i mnogobrojni predstavnici diplomatskog kora na Kosovu.<\/p>\n","protected":false},"excerpt":{"rendered":"<p>Sreda, 26. oktobar 2016. godine &#8211; Predsednik Republike Kosova, Hashim Tha\u00e7i, danas je u\u010destvovao na ceremoniji obele&#382;avanja sedme sudske godi&#353;njice Ustavnog suda.<\/p>\n","protected":false},"author":1,"featured_media":32667,"comment_status":"open","ping_status":"closed","sticky":false,"template":"","format":"standard","meta":{"_eb_attr":"","footnotes":""},"categories":[101],"tags":[],"class_list":["post-76621","post","type-post","status-publish","format-standard","has-post-thumbnail","hentry","category-vesti"],"yoast_head":"<!-- This site is optimized with the Yoast SEO plugin v23.5 - https:\/\/yoast.com\/wordpress\/plugins\/seo\/ -->\n<title>Predsednik Tha\u00e7i: Brane\u0107i Ustav, branimo Republiku - Predsednik Republike Kosovo - DR. VJOSA OSMANI - SADRIU<\/title>\n<meta name=\"description\" content=\"Predsednik Tha\u00e7i: Brane\u0107i Ustav, branimo Republiku - Predsednik Republike Kosovo - DR. VJOSA OSMANI - SADRIU -\" \/>\n<meta name=\"robots\" content=\"index, follow, max-snippet:-1, max-image-preview:large, max-video-preview:-1\" \/>\n<link rel=\"canonical\" href=\"https:\/\/president-ksgov.net\/presidenti-thaci-duke-mbrojtur-kushtetuten-mbrojme-republiken-2\/\" \/>\n<meta property=\"og:locale\" content=\"sr_RS\" \/>\n<meta property=\"og:type\" content=\"article\" \/>\n<meta property=\"og:title\" content=\"Predsednik Tha\u00e7i: Brane\u0107i Ustav, branimo Republiku - Predsednik Republike Kosovo - DR. VJOSA OSMANI - SADRIU\" \/>\n<meta property=\"og:description\" content=\"Predsednik Tha\u00e7i: Brane\u0107i Ustav, branimo Republiku - Predsednik Republike Kosovo - DR. VJOSA OSMANI - SADRIU -\" \/>\n<meta property=\"og:url\" content=\"https:\/\/president-ksgov.net\/presidenti-thaci-duke-mbrojtur-kushtetuten-mbrojme-republiken-2\/\" \/>\n<meta property=\"og:site_name\" content=\"Predsednik Republike Kosovo - DR. VJOSA OSMANI - SADRIU\" \/>\n<meta property=\"article:published_time\" content=\"2016-10-26T18:38:46+00:00\" \/>\n<meta property=\"og:image\" content=\"https:\/\/president-ksgov.net\/wp-content\/uploads\/26_10_2016_9441826_k_01.jpg\" \/>\n\t<meta property=\"og:image:width\" content=\"2400\" \/>\n\t<meta property=\"og:image:height\" content=\"1600\" \/>\n\t<meta property=\"og:image:type\" content=\"image\/jpeg\" \/>\n<meta name=\"author\" content=\"admin\" \/>\n<meta name=\"twitter:card\" content=\"summary_large_image\" \/>\n<meta name=\"twitter:label1\" content=\"\u041d\u0430\u043f\u0438\u0441\u0430\u043d\u043e \u043e\u0434\" \/>\n\t<meta name=\"twitter:data1\" content=\"admin\" \/>\n\t<meta name=\"twitter:label2\" content=\"\u041f\u0440\u043e\u0446\u0435\u045a\u0435\u043d\u043e \u0432\u0440\u0435\u043c\u0435 \u0447\u0438\u0442\u0430\u045a\u0430\" \/>\n\t<meta name=\"twitter:data2\" content=\"1 \u043c\u0438\u043d\u0443\u0442\" \/>\n<script type=\"application\/ld+json\" class=\"yoast-schema-graph\">{\"@context\":\"https:\/\/schema.org\",\"@graph\":[{\"@type\":\"WebPage\",\"@id\":\"https:\/\/president-ksgov.net\/presidenti-thaci-duke-mbrojtur-kushtetuten-mbrojme-republiken-2\/\",\"url\":\"https:\/\/president-ksgov.net\/presidenti-thaci-duke-mbrojtur-kushtetuten-mbrojme-republiken-2\/\",\"name\":\"Predsednik Tha\u00e7i: Brane\u0107i Ustav, branimo Republiku - Predsednik Republike Kosovo - DR. VJOSA OSMANI - SADRIU\",\"isPartOf\":{\"@id\":\"https:\/\/president-ksgov.net\/#website\"},\"primaryImageOfPage\":{\"@id\":\"https:\/\/president-ksgov.net\/presidenti-thaci-duke-mbrojtur-kushtetuten-mbrojme-republiken-2\/#primaryimage\"},\"image\":{\"@id\":\"https:\/\/president-ksgov.net\/presidenti-thaci-duke-mbrojtur-kushtetuten-mbrojme-republiken-2\/#primaryimage\"},\"thumbnailUrl\":\"https:\/\/president-ksgov.net\/wp-content\/uploads\/26_10_2016_9441826_k_01.jpg\",\"datePublished\":\"2016-10-26T18:38:46+00:00\",\"dateModified\":\"2016-10-26T18:38:46+00:00\",\"author\":{\"@id\":\"https:\/\/president-ksgov.net\/#\/schema\/person\/bb4337a5fb147cb2046d80548172cbee\"},\"description\":\"Predsednik Tha\u00e7i: Brane\u0107i Ustav, branimo Republiku - Predsednik Republike Kosovo - DR. VJOSA OSMANI - SADRIU -\",\"breadcrumb\":{\"@id\":\"https:\/\/president-ksgov.net\/presidenti-thaci-duke-mbrojtur-kushtetuten-mbrojme-republiken-2\/#breadcrumb\"},\"inLanguage\":\"sr-RS\",\"potentialAction\":[{\"@type\":\"ReadAction\",\"target\":[\"https:\/\/president-ksgov.net\/presidenti-thaci-duke-mbrojtur-kushtetuten-mbrojme-republiken-2\/\"]}]},{\"@type\":\"ImageObject\",\"inLanguage\":\"sr-RS\",\"@id\":\"https:\/\/president-ksgov.net\/presidenti-thaci-duke-mbrojtur-kushtetuten-mbrojme-republiken-2\/#primaryimage\",\"url\":\"https:\/\/president-ksgov.net\/wp-content\/uploads\/26_10_2016_9441826_k_01.jpg\",\"contentUrl\":\"https:\/\/president-ksgov.net\/wp-content\/uploads\/26_10_2016_9441826_k_01.jpg\",\"width\":2400,\"height\":1600},{\"@type\":\"BreadcrumbList\",\"@id\":\"https:\/\/president-ksgov.net\/presidenti-thaci-duke-mbrojtur-kushtetuten-mbrojme-republiken-2\/#breadcrumb\",\"itemListElement\":[{\"@type\":\"ListItem\",\"position\":1,\"name\":\"Home\",\"item\":\"https:\/\/president-ksgov.net\/sr\/\"},{\"@type\":\"ListItem\",\"position\":2,\"name\":\"Predsednik Tha\u00e7i: Brane\u0107i Ustav, branimo Republiku\"}]},{\"@type\":\"WebSite\",\"@id\":\"https:\/\/president-ksgov.net\/#website\",\"url\":\"https:\/\/president-ksgov.net\/\",\"name\":\"Presidente e Republik\u00ebs s\u00eb Kosov\u00ebs\",\"description\":\"Presidente e Republik\u00ebs s\u00eb Kosov\u00ebs\",\"alternateName\":\"DR. VJOSA OSMANI - SADRIU\",\"potentialAction\":[{\"@type\":\"SearchAction\",\"target\":{\"@type\":\"EntryPoint\",\"urlTemplate\":\"https:\/\/president-ksgov.net\/?s={search_term_string}\"},\"query-input\":{\"@type\":\"PropertyValueSpecification\",\"valueRequired\":true,\"valueName\":\"search_term_string\"}}],\"inLanguage\":\"sr-RS\"},{\"@type\":\"Person\",\"@id\":\"https:\/\/president-ksgov.net\/#\/schema\/person\/bb4337a5fb147cb2046d80548172cbee\",\"name\":\"admin\",\"image\":{\"@type\":\"ImageObject\",\"inLanguage\":\"sr-RS\",\"@id\":\"https:\/\/president-ksgov.net\/#\/schema\/person\/image\/\",\"url\":\"https:\/\/secure.gravatar.com\/avatar\/36156ca0fa3b8d9d25174f146e16beea0cf28f37adf1b9e19b6c9c279a7c9dd3?s=96&d=mm&r=g\",\"contentUrl\":\"https:\/\/secure.gravatar.com\/avatar\/36156ca0fa3b8d9d25174f146e16beea0cf28f37adf1b9e19b6c9c279a7c9dd3?s=96&d=mm&r=g\",\"caption\":\"admin\"},\"sameAs\":[\"https:\/\/president-ksgov.net\"]}]}<\/script>\n<!-- \/ Yoast SEO plugin. -->","yoast_head_json":{"title":"Predsednik Tha\u00e7i: Brane\u0107i Ustav, branimo Republiku - Predsednik Republike Kosovo - DR. VJOSA OSMANI - SADRIU","description":"Predsednik Tha\u00e7i: Brane\u0107i Ustav, branimo Republiku - Predsednik Republike Kosovo - DR. VJOSA OSMANI - SADRIU -","robots":{"index":"index","follow":"follow","max-snippet":"max-snippet:-1","max-image-preview":"max-image-preview:large","max-video-preview":"max-video-preview:-1"},"canonical":"https:\/\/president-ksgov.net\/presidenti-thaci-duke-mbrojtur-kushtetuten-mbrojme-republiken-2\/","og_locale":"sr_RS","og_type":"article","og_title":"Predsednik Tha\u00e7i: Brane\u0107i Ustav, branimo Republiku - Predsednik Republike Kosovo - DR. VJOSA OSMANI - SADRIU","og_description":"Predsednik Tha\u00e7i: Brane\u0107i Ustav, branimo Republiku - Predsednik Republike Kosovo - DR. VJOSA OSMANI - SADRIU -","og_url":"https:\/\/president-ksgov.net\/presidenti-thaci-duke-mbrojtur-kushtetuten-mbrojme-republiken-2\/","og_site_name":"Predsednik Republike Kosovo - DR. VJOSA OSMANI - SADRIU","article_published_time":"2016-10-26T18:38:46+00:00","og_image":[{"width":2400,"height":1600,"url":"https:\/\/president-ksgov.net\/wp-content\/uploads\/26_10_2016_9441826_k_01.jpg","type":"image\/jpeg"}],"author":"admin","twitter_card":"summary_large_image","twitter_misc":{"\u041d\u0430\u043f\u0438\u0441\u0430\u043d\u043e \u043e\u0434":"admin","\u041f\u0440\u043e\u0446\u0435\u045a\u0435\u043d\u043e \u0432\u0440\u0435\u043c\u0435 \u0447\u0438\u0442\u0430\u045a\u0430":"1 \u043c\u0438\u043d\u0443\u0442"},"schema":{"@context":"https:\/\/schema.org","@graph":[{"@type":"WebPage","@id":"https:\/\/president-ksgov.net\/presidenti-thaci-duke-mbrojtur-kushtetuten-mbrojme-republiken-2\/","url":"https:\/\/president-ksgov.net\/presidenti-thaci-duke-mbrojtur-kushtetuten-mbrojme-republiken-2\/","name":"Predsednik Tha\u00e7i: Brane\u0107i Ustav, branimo Republiku - Predsednik Republike Kosovo - DR. VJOSA OSMANI - SADRIU","isPartOf":{"@id":"https:\/\/president-ksgov.net\/#website"},"primaryImageOfPage":{"@id":"https:\/\/president-ksgov.net\/presidenti-thaci-duke-mbrojtur-kushtetuten-mbrojme-republiken-2\/#primaryimage"},"image":{"@id":"https:\/\/president-ksgov.net\/presidenti-thaci-duke-mbrojtur-kushtetuten-mbrojme-republiken-2\/#primaryimage"},"thumbnailUrl":"https:\/\/president-ksgov.net\/wp-content\/uploads\/26_10_2016_9441826_k_01.jpg","datePublished":"2016-10-26T18:38:46+00:00","dateModified":"2016-10-26T18:38:46+00:00","author":{"@id":"https:\/\/president-ksgov.net\/#\/schema\/person\/bb4337a5fb147cb2046d80548172cbee"},"description":"Predsednik Tha\u00e7i: Brane\u0107i Ustav, branimo Republiku - Predsednik Republike Kosovo - DR. VJOSA OSMANI - SADRIU -","breadcrumb":{"@id":"https:\/\/president-ksgov.net\/presidenti-thaci-duke-mbrojtur-kushtetuten-mbrojme-republiken-2\/#breadcrumb"},"inLanguage":"sr-RS","potentialAction":[{"@type":"ReadAction","target":["https:\/\/president-ksgov.net\/presidenti-thaci-duke-mbrojtur-kushtetuten-mbrojme-republiken-2\/"]}]},{"@type":"ImageObject","inLanguage":"sr-RS","@id":"https:\/\/president-ksgov.net\/presidenti-thaci-duke-mbrojtur-kushtetuten-mbrojme-republiken-2\/#primaryimage","url":"https:\/\/president-ksgov.net\/wp-content\/uploads\/26_10_2016_9441826_k_01.jpg","contentUrl":"https:\/\/president-ksgov.net\/wp-content\/uploads\/26_10_2016_9441826_k_01.jpg","width":2400,"height":1600},{"@type":"BreadcrumbList","@id":"https:\/\/president-ksgov.net\/presidenti-thaci-duke-mbrojtur-kushtetuten-mbrojme-republiken-2\/#breadcrumb","itemListElement":[{"@type":"ListItem","position":1,"name":"Home","item":"https:\/\/president-ksgov.net\/sr\/"},{"@type":"ListItem","position":2,"name":"Predsednik Tha\u00e7i: Brane\u0107i Ustav, branimo Republiku"}]},{"@type":"WebSite","@id":"https:\/\/president-ksgov.net\/#website","url":"https:\/\/president-ksgov.net\/","name":"Presidente e Republik\u00ebs s\u00eb Kosov\u00ebs","description":"Presidente e Republik\u00ebs s\u00eb Kosov\u00ebs","alternateName":"DR. VJOSA OSMANI - SADRIU","potentialAction":[{"@type":"SearchAction","target":{"@type":"EntryPoint","urlTemplate":"https:\/\/president-ksgov.net\/?s={search_term_string}"},"query-input":{"@type":"PropertyValueSpecification","valueRequired":true,"valueName":"search_term_string"}}],"inLanguage":"sr-RS"},{"@type":"Person","@id":"https:\/\/president-ksgov.net\/#\/schema\/person\/bb4337a5fb147cb2046d80548172cbee","name":"admin","image":{"@type":"ImageObject","inLanguage":"sr-RS","@id":"https:\/\/president-ksgov.net\/#\/schema\/person\/image\/","url":"https:\/\/secure.gravatar.com\/avatar\/36156ca0fa3b8d9d25174f146e16beea0cf28f37adf1b9e19b6c9c279a7c9dd3?s=96&d=mm&r=g","contentUrl":"https:\/\/secure.gravatar.com\/avatar\/36156ca0fa3b8d9d25174f146e16beea0cf28f37adf1b9e19b6c9c279a7c9dd3?s=96&d=mm&r=g","caption":"admin"},"sameAs":["https:\/\/president-ksgov.net"]}]}},"_links":{"self":[{"href":"https:\/\/president-ksgov.net\/sr\/wp-json\/wp\/v2\/posts\/76621","targetHints":{"allow":["GET"]}}],"collection":[{"href":"https:\/\/president-ksgov.net\/sr\/wp-json\/wp\/v2\/posts"}],"about":[{"href":"https:\/\/president-ksgov.net\/sr\/wp-json\/wp\/v2\/types\/post"}],"author":[{"embeddable":true,"href":"https:\/\/president-ksgov.net\/sr\/wp-json\/wp\/v2\/users\/1"}],"replies":[{"embeddable":true,"href":"https:\/\/president-ksgov.net\/sr\/wp-json\/wp\/v2\/comments?post=76621"}],"version-history":[{"count":0,"href":"https:\/\/president-ksgov.net\/sr\/wp-json\/wp\/v2\/posts\/76621\/revisions"}],"wp:featuredmedia":[{"embeddable":true,"href":"https:\/\/president-ksgov.net\/sr\/wp-json\/wp\/v2\/media\/32667"}],"wp:attachment":[{"href":"https:\/\/president-ksgov.net\/sr\/wp-json\/wp\/v2\/media?parent=76621"}],"wp:term":[{"taxonomy":"category","embeddable":true,"href":"https:\/\/president-ksgov.net\/sr\/wp-json\/wp\/v2\/categories?post=76621"},{"taxonomy":"post_tag","embeddable":true,"href":"https:\/\/president-ksgov.net\/sr\/wp-json\/wp\/v2\/tags?post=76621"}],"curies":[{"name":"wp","href":"https:\/\/api.w.org\/{rel}","templated":true}]}}