{"id":76620,"date":"2016-10-28T13:01:29","date_gmt":"2016-10-28T13:01:29","guid":{"rendered":"https:\/\/dev.president-ksgov.net\/predsednik-thaci-izolacija-od-strane-eu-je-nepravedna-i-treba-da-se-zavri-to-pre\/"},"modified":"2016-10-28T13:01:29","modified_gmt":"2016-10-28T13:01:29","slug":"predsednik-thaci-izolacija-od-strane-eu-je-nepravedna-i-treba-da-se-zavri-to-pre","status":"publish","type":"post","link":"https:\/\/president-ksgov.net\/sr\/predsednik-thaci-izolacija-od-strane-eu-je-nepravedna-i-treba-da-se-zavri-to-pre\/","title":{"rendered":"Predsednik Tha\u00e7i: Izolacija od strane EU je nepravedna i treba da se zavr&#154;i &#154;to pre"},"content":{"rendered":"<p>Pri&#353;tina, 28. oktobar 2016. godine &#8211; Predsednik Republike Kosova, Hashim Tha\u00e7i, okupio je danas Nacionalni savet za evropske integracije.<\/p>\n<p>Predsednik Tha\u00e7i je naglasio da je od izuzetne va&#382;nosti da ovaj savet nastavi da funkcioni&#353;e , ali treba da bude smislen i usmeren na rezultate. <\/p>\n<p>Predsednik je rekao da Kosovu nije potreban jedan sastanak, jedan savet, komunikacija ili protokolarna slika vi&#353;e. &#8222;Treba da se kre\u0107emo, korak dalje od birokratije i da gledamo napred, jedan korak prema komunikaciji, saradnji i konkretnom anga&#382;ovanju&#8220;, rekao je predsednik Tha\u00e7i.<br \/>\n\u00a0<br \/>\nOn je rekao da savet treba da bude vi&#353;e jedna dodatna platforma da identifikujemo zajedno mogu\u0107nosti za unapre\u0111enje procesa integracija na&#353;e zemlje u Evropsku uniju, ali i da tretiramo izazove i zaostatke tamo gde ih ima. <\/p>\n<p>Predsednik Tha\u00e7i je dodao da je na&#353; jedini cilj da na&#353;u zemlju preko na&#353;eg zajedni\u010dkog rada pribli&#382;imo bli&#382;e EU. Ali, prema njemu, o tome treba da razgovaramo otvoreno i konkretno, gde smo i &#353;ta treba da uradimo. <\/p>\n<p>&#8222;Dakle, i tema dana&#353;njeg sastanka je vrlo konkretna: &#8222;Izolacija ili integracija!&#8220;, rekao je on. <\/p>\n<p>Predsednik Tha\u00e7i je rekao da ukoliko gledamo iz perspektive evropske integracije, imamo posla sa jednom dosta paradoksalnom situacijom. <\/p>\n<p>Prema njemu, Kosovo je na\u010dinilo velike korake prema EU, kruni&#353;u\u0107i na&#353; rad izgradnje dr&#382;ave, vi&#353;e od jedne i po dekade nakon oslobo\u0111enja i 8 godina nakon progla&#353;enja nezavisnosti Republike Kosova.<br \/>\n\u00a0<br \/>\nOn je rekao da je Kosovo potpisalo obostrani ugovorni sporazum izme\u0111u Republike Kosova i Evropske unije, a stupanje na snagu ovog sporazuma je formalizovalo i \u010dini nepovratnim proces u\u010dlanjenja zemlje u Evropsku uniju. <\/p>\n<p>&#8222;Ju\u010de je bila prva godi&#353;njica potpisivanja SSP-a, ovog istorijskog sporazuma. Na&#382;alost, ovaj bitan datum je pro&#353;ao u ti&#353;ini, zbog trenutne stagniraju\u0107e situacije u na&#353;oj zemlji&#8220;, dodao je on. <\/p>\n<p>Predsednik je pozvao na politi\u010dku kulturu i odmerenost, na otvorenu politi\u010dku debatu, na me\u0111usobno po&#353;tovanje, koje dovodi do re&#353;avanja problema demokratskim sredstvima. <\/p>\n<p>On se kasnije zadr&#382;ao na dva konkretna pitanja, kod nastavljanja procesa reformacija i kod procesa liberalizacije viza za gra\u0111ane Republike Kosova. <\/p>\n<p>Predsednik\u00a0 Tha\u00e7i je rekao da svim de&#353;avanjima i debatama kojima se bavimo, mi nemamo luksuz da dozvolimo da postoji stagnacija. <\/p>\n<p>&#8222;I ovde svi imamo ulogu. Sada kada smo po\u010deli da vidimo prve rezultate sprovo\u0111enja Sporazuma o stabilizaciji i pridru&#382;ivanju, kao ugovora za na&#353;u evropsku budu\u0107nost, treba da poka&#382;emo ozbiljnost i rezultate u sprovo\u0111enju obaveza i reformi&#8220;, dodao je on. <\/p>\n<p>Kao predsednik zemlje, on je rekao da \u0107e svima pru&#382;ati institucionalnu podr&#353;ku u sprovo\u0111enju ove agende reformi koje ne samo da su bitne za na&#353;u evropsku budu\u0107nost, ali u prvom redu da razviju na&#353;u zemlju i da pobolj&#353;aju kvalitet &#382;ivota gra\u0111ana zemlje. <\/p>\n<p>Predsednik je govorio i o drugom pitanju, za koje je tra&#382;io da mu se posveti posebna pa&#382;nja, kako bi se &#353;to pre okon\u010dao proces liberalizacije viza. <\/p>\n<p>&#8222;Ne mo&#382;e se opravdati trenutno stanje u kojem gra\u0111ani Kosova nastavljaju da budu li&#353;eni prava na kretanje bez viza u zemljama Evropske unije,odnosno u &#352;engen zoni. Mi smo odabrani i imamo ustavne i moralne odgovornosti pred na&#353;im gra\u0111anima da re&#353;imo problem.&#8220;, rekao je on. <\/p>\n<p>Predsednik\u00a0 Tha\u00e7i je naglasio da koliko god da se smatra nepravednim ovaj pristup Evropske unije u odnosu na Kosovu, istina je da je odluka instituvija EU o liberalizaciji viza talac zklju\u010divanja ratifikacije Sporazuma o obele&#382;avanju grani\u010dne linije sa Crnom Gorom, ali i u pokazivanju ubedljivih rezultata u borbi protiv organizovanog kriminala i korupcije. <\/p>\n<p>&#8222;Kao predsednik zemlje smatram u potpunosti nepravednim ovaj pristup Evropske unije&#8220;, dodao je on. <\/p>\n<p>Predsednik Tha\u00e7i je pitao predstavnike EU i ambasadore dr&#382;ava \u010dlanica EU, koliko je dr&#382;avnih granica obele&#382;eno i ratifikovano u dr&#382;avama regiona, po\u010dev od Srbije, Makedonije, Albanije, Crne Gore i Bosne i Hercegovine, pre nego &#353;to je EU donela odluku o liberalizaciji viza?<\/p>\n<p>On je rekao da je uobi\u010dajen odgovor, koji konstantno \u010dujemo u ovakvim slu\u010dajevima, da EU u\u010di iz ranijih iskustava i gre&#353;aka. <\/p>\n<p>&#8222;Ali na&#382;alost, ni ovaj argument ne opstaje uop&#353;te, jer za nekoliko nedelja, za gra\u0111ane Gruzije i Ukrajine, Parlament Evropske unije i Savet EU, \u0107e odlu\u010divati o ukidanju viza&#8220;; rekao je predsednik. <\/p>\n<p>Koje su dr&#382;avne granice obele&#382;ile ove dve dr&#382;ave za koje se entuzijazmom o\u010dekuje da se donese odluka o ukidanju viza?&#8220;, pitao je predsednik Tha\u00e7i.<\/p>\n<p>Kako ne bi do&#353;lo do nesporazuma, predsednik Tha\u00e7i je rekao da \u0107e se Kosovo radovati odluci o ukidanju viza bilo koje dr&#382;ave, ali ne prihvata da bude otvoreno diskriminisano od strane EU.<br \/>\n\u00a0<br \/>\nPredsednik Tha\u00e7i je govorio i o ja\u010danju borbe protiv organizovanog kriminala i korupcije. <\/p>\n<p>&#8222;Ovo je konstantan posao koji treba da ja\u010da jo&#353; vi&#353;e. Dakle, ni EU, niti bilo ko drugi nema prava da vr&#353;i pritisak na rad sudstva, koji \u0107e biti nastavljen i nakon liberalizacije viza&#8220;, rekao je predsednik Tha\u00e7i.<br \/>\n\u00a0<br \/>\nNa kraju, predsednik Tha\u00e7i je rekao da nepravedna izolacija Kosovara treba da se zavr&#353;i &#353;to je pre mogu\u0107e, jer Evropska unija i njene \u010dlanice nemaju nijedan jedini argument\u00a0 da dr&#382;e u izolaciji gra\u0111ane Republike Kosova. <\/p>\n<p>Ovo je prvi put da je predsednik Tha\u00e7i sazvao Nacionalni savet za evropske integracije, od kada je na ovom polo&#382;aju, od aprila 2016. godine.\u00a0<\/p>\n","protected":false},"excerpt":{"rendered":"<p>Pri&#353;tina, 28. oktobar 2016. godine &#8211; Predsednik Republike Kosova, Hashim Tha\u00e7i, okupio je danas Nacionalni savet za evropske integracije.<\/p>\n","protected":false},"author":1,"featured_media":32654,"comment_status":"open","ping_status":"closed","sticky":false,"template":"","format":"standard","meta":{"_eb_attr":"","footnotes":""},"categories":[101],"tags":[],"class_list":["post-76620","post","type-post","status-publish","format-standard","has-post-thumbnail","hentry","category-vesti"],"yoast_head":"<!-- This site is optimized with the Yoast SEO plugin v23.5 - https:\/\/yoast.com\/wordpress\/plugins\/seo\/ -->\n<title>Predsednik Tha\u00e7i: Izolacija od strane EU je nepravedna i treba da se zavr&#154;i &#154;to pre - Predsednik Republike Kosovo - DR. VJOSA OSMANI - SADRIU<\/title>\n<meta name=\"description\" content=\"Predsednik Tha\u00e7i: Izolacija od strane EU je nepravedna i treba da se zavr&#154;i &#154;to pre - Predsednik Republike Kosovo - DR. VJOSA OSMANI - SADRIU -\" \/>\n<meta name=\"robots\" content=\"index, follow, max-snippet:-1, max-image-preview:large, max-video-preview:-1\" \/>\n<link rel=\"canonical\" href=\"https:\/\/president-ksgov.net\/sr\/predsednik-thaci-izolacija-od-strane-eu-je-nepravedna-i-treba-da-se-zavri-to-pre\/\" \/>\n<meta property=\"og:locale\" content=\"sr_RS\" \/>\n<meta property=\"og:type\" content=\"article\" \/>\n<meta property=\"og:title\" content=\"Predsednik Tha\u00e7i: Izolacija od strane EU je nepravedna i treba da se zavr&#154;i &#154;to pre - Predsednik Republike Kosovo - DR. VJOSA OSMANI - SADRIU\" \/>\n<meta property=\"og:description\" content=\"Predsednik Tha\u00e7i: Izolacija od strane EU je nepravedna i treba da se zavr&#154;i &#154;to pre - Predsednik Republike Kosovo - DR. VJOSA OSMANI - SADRIU -\" \/>\n<meta property=\"og:url\" content=\"https:\/\/president-ksgov.net\/sr\/predsednik-thaci-izolacija-od-strane-eu-je-nepravedna-i-treba-da-se-zavri-to-pre\/\" \/>\n<meta property=\"og:site_name\" content=\"Predsednik Republike Kosovo - DR. VJOSA OSMANI - SADRIU\" \/>\n<meta property=\"article:published_time\" content=\"2016-10-28T13:01:29+00:00\" \/>\n<meta property=\"og:image\" content=\"https:\/\/president-ksgov.net\/wp-content\/uploads\/28_10_2016_4236729_DSC_9290-scaled.jpg\" \/>\n\t<meta property=\"og:image:width\" content=\"2560\" \/>\n\t<meta property=\"og:image:height\" content=\"1705\" \/>\n\t<meta property=\"og:image:type\" content=\"image\/jpeg\" \/>\n<meta name=\"author\" content=\"admin\" \/>\n<meta name=\"twitter:card\" content=\"summary_large_image\" \/>\n<meta name=\"twitter:label1\" content=\"\u041d\u0430\u043f\u0438\u0441\u0430\u043d\u043e \u043e\u0434\" \/>\n\t<meta name=\"twitter:data1\" content=\"admin\" \/>\n\t<meta name=\"twitter:label2\" content=\"\u041f\u0440\u043e\u0446\u0435\u045a\u0435\u043d\u043e \u0432\u0440\u0435\u043c\u0435 \u0447\u0438\u0442\u0430\u045a\u0430\" \/>\n\t<meta name=\"twitter:data2\" content=\"5 \u043c\u0438\u043d\u0443\u0442\u0430\" \/>\n<script type=\"application\/ld+json\" class=\"yoast-schema-graph\">{\"@context\":\"https:\/\/schema.org\",\"@graph\":[{\"@type\":\"WebPage\",\"@id\":\"https:\/\/president-ksgov.net\/sr\/predsednik-thaci-izolacija-od-strane-eu-je-nepravedna-i-treba-da-se-zavri-to-pre\/\",\"url\":\"https:\/\/president-ksgov.net\/sr\/predsednik-thaci-izolacija-od-strane-eu-je-nepravedna-i-treba-da-se-zavri-to-pre\/\",\"name\":\"Predsednik Tha\u00e7i: Izolacija od strane EU je nepravedna i treba da se zavr&#154;i &#154;to pre - Predsednik Republike Kosovo - DR. VJOSA OSMANI - SADRIU\",\"isPartOf\":{\"@id\":\"https:\/\/president-ksgov.net\/#website\"},\"primaryImageOfPage\":{\"@id\":\"https:\/\/president-ksgov.net\/sr\/predsednik-thaci-izolacija-od-strane-eu-je-nepravedna-i-treba-da-se-zavri-to-pre\/#primaryimage\"},\"image\":{\"@id\":\"https:\/\/president-ksgov.net\/sr\/predsednik-thaci-izolacija-od-strane-eu-je-nepravedna-i-treba-da-se-zavri-to-pre\/#primaryimage\"},\"thumbnailUrl\":\"https:\/\/president-ksgov.net\/wp-content\/uploads\/28_10_2016_4236729_DSC_9290-scaled.jpg\",\"datePublished\":\"2016-10-28T13:01:29+00:00\",\"dateModified\":\"2016-10-28T13:01:29+00:00\",\"author\":{\"@id\":\"https:\/\/president-ksgov.net\/#\/schema\/person\/bb4337a5fb147cb2046d80548172cbee\"},\"description\":\"Predsednik Tha\u00e7i: Izolacija od strane EU je nepravedna i treba da se zavr&#154;i &#154;to pre - Predsednik Republike Kosovo - DR. VJOSA OSMANI - SADRIU -\",\"breadcrumb\":{\"@id\":\"https:\/\/president-ksgov.net\/sr\/predsednik-thaci-izolacija-od-strane-eu-je-nepravedna-i-treba-da-se-zavri-to-pre\/#breadcrumb\"},\"inLanguage\":\"sr-RS\",\"potentialAction\":[{\"@type\":\"ReadAction\",\"target\":[\"https:\/\/president-ksgov.net\/sr\/predsednik-thaci-izolacija-od-strane-eu-je-nepravedna-i-treba-da-se-zavri-to-pre\/\"]}]},{\"@type\":\"ImageObject\",\"inLanguage\":\"sr-RS\",\"@id\":\"https:\/\/president-ksgov.net\/sr\/predsednik-thaci-izolacija-od-strane-eu-je-nepravedna-i-treba-da-se-zavri-to-pre\/#primaryimage\",\"url\":\"https:\/\/president-ksgov.net\/wp-content\/uploads\/28_10_2016_4236729_DSC_9290-scaled.jpg\",\"contentUrl\":\"https:\/\/president-ksgov.net\/wp-content\/uploads\/28_10_2016_4236729_DSC_9290-scaled.jpg\",\"width\":2560,\"height\":1705},{\"@type\":\"BreadcrumbList\",\"@id\":\"https:\/\/president-ksgov.net\/sr\/predsednik-thaci-izolacija-od-strane-eu-je-nepravedna-i-treba-da-se-zavri-to-pre\/#breadcrumb\",\"itemListElement\":[{\"@type\":\"ListItem\",\"position\":1,\"name\":\"Home\",\"item\":\"https:\/\/president-ksgov.net\/sr\/\"},{\"@type\":\"ListItem\",\"position\":2,\"name\":\"Predsednik Tha\u00e7i: Izolacija od strane EU je nepravedna i treba da se zavr&#154;i &#154;to pre\"}]},{\"@type\":\"WebSite\",\"@id\":\"https:\/\/president-ksgov.net\/#website\",\"url\":\"https:\/\/president-ksgov.net\/\",\"name\":\"Presidente e Republik\u00ebs s\u00eb Kosov\u00ebs\",\"description\":\"Presidente e Republik\u00ebs s\u00eb Kosov\u00ebs\",\"alternateName\":\"DR. VJOSA OSMANI - SADRIU\",\"potentialAction\":[{\"@type\":\"SearchAction\",\"target\":{\"@type\":\"EntryPoint\",\"urlTemplate\":\"https:\/\/president-ksgov.net\/?s={search_term_string}\"},\"query-input\":{\"@type\":\"PropertyValueSpecification\",\"valueRequired\":true,\"valueName\":\"search_term_string\"}}],\"inLanguage\":\"sr-RS\"},{\"@type\":\"Person\",\"@id\":\"https:\/\/president-ksgov.net\/#\/schema\/person\/bb4337a5fb147cb2046d80548172cbee\",\"name\":\"admin\",\"image\":{\"@type\":\"ImageObject\",\"inLanguage\":\"sr-RS\",\"@id\":\"https:\/\/president-ksgov.net\/#\/schema\/person\/image\/\",\"url\":\"https:\/\/secure.gravatar.com\/avatar\/36156ca0fa3b8d9d25174f146e16beea0cf28f37adf1b9e19b6c9c279a7c9dd3?s=96&d=mm&r=g\",\"contentUrl\":\"https:\/\/secure.gravatar.com\/avatar\/36156ca0fa3b8d9d25174f146e16beea0cf28f37adf1b9e19b6c9c279a7c9dd3?s=96&d=mm&r=g\",\"caption\":\"admin\"},\"sameAs\":[\"https:\/\/president-ksgov.net\"]}]}<\/script>\n<!-- \/ Yoast SEO plugin. -->","yoast_head_json":{"title":"Predsednik Tha\u00e7i: Izolacija od strane EU je nepravedna i treba da se zavr&#154;i &#154;to pre - Predsednik Republike Kosovo - DR. VJOSA OSMANI - SADRIU","description":"Predsednik Tha\u00e7i: Izolacija od strane EU je nepravedna i treba da se zavr&#154;i &#154;to pre - Predsednik Republike Kosovo - DR. VJOSA OSMANI - SADRIU -","robots":{"index":"index","follow":"follow","max-snippet":"max-snippet:-1","max-image-preview":"max-image-preview:large","max-video-preview":"max-video-preview:-1"},"canonical":"https:\/\/president-ksgov.net\/sr\/predsednik-thaci-izolacija-od-strane-eu-je-nepravedna-i-treba-da-se-zavri-to-pre\/","og_locale":"sr_RS","og_type":"article","og_title":"Predsednik Tha\u00e7i: Izolacija od strane EU je nepravedna i treba da se zavr&#154;i &#154;to pre - Predsednik Republike Kosovo - DR. VJOSA OSMANI - SADRIU","og_description":"Predsednik Tha\u00e7i: Izolacija od strane EU je nepravedna i treba da se zavr&#154;i &#154;to pre - Predsednik Republike Kosovo - DR. VJOSA OSMANI - SADRIU -","og_url":"https:\/\/president-ksgov.net\/sr\/predsednik-thaci-izolacija-od-strane-eu-je-nepravedna-i-treba-da-se-zavri-to-pre\/","og_site_name":"Predsednik Republike Kosovo - DR. VJOSA OSMANI - SADRIU","article_published_time":"2016-10-28T13:01:29+00:00","og_image":[{"width":2560,"height":1705,"url":"https:\/\/president-ksgov.net\/wp-content\/uploads\/28_10_2016_4236729_DSC_9290-scaled.jpg","type":"image\/jpeg"}],"author":"admin","twitter_card":"summary_large_image","twitter_misc":{"\u041d\u0430\u043f\u0438\u0441\u0430\u043d\u043e \u043e\u0434":"admin","\u041f\u0440\u043e\u0446\u0435\u045a\u0435\u043d\u043e \u0432\u0440\u0435\u043c\u0435 \u0447\u0438\u0442\u0430\u045a\u0430":"5 \u043c\u0438\u043d\u0443\u0442\u0430"},"schema":{"@context":"https:\/\/schema.org","@graph":[{"@type":"WebPage","@id":"https:\/\/president-ksgov.net\/sr\/predsednik-thaci-izolacija-od-strane-eu-je-nepravedna-i-treba-da-se-zavri-to-pre\/","url":"https:\/\/president-ksgov.net\/sr\/predsednik-thaci-izolacija-od-strane-eu-je-nepravedna-i-treba-da-se-zavri-to-pre\/","name":"Predsednik Tha\u00e7i: Izolacija od strane EU je nepravedna i treba da se zavr&#154;i &#154;to pre - Predsednik Republike Kosovo - DR. VJOSA OSMANI - SADRIU","isPartOf":{"@id":"https:\/\/president-ksgov.net\/#website"},"primaryImageOfPage":{"@id":"https:\/\/president-ksgov.net\/sr\/predsednik-thaci-izolacija-od-strane-eu-je-nepravedna-i-treba-da-se-zavri-to-pre\/#primaryimage"},"image":{"@id":"https:\/\/president-ksgov.net\/sr\/predsednik-thaci-izolacija-od-strane-eu-je-nepravedna-i-treba-da-se-zavri-to-pre\/#primaryimage"},"thumbnailUrl":"https:\/\/president-ksgov.net\/wp-content\/uploads\/28_10_2016_4236729_DSC_9290-scaled.jpg","datePublished":"2016-10-28T13:01:29+00:00","dateModified":"2016-10-28T13:01:29+00:00","author":{"@id":"https:\/\/president-ksgov.net\/#\/schema\/person\/bb4337a5fb147cb2046d80548172cbee"},"description":"Predsednik Tha\u00e7i: Izolacija od strane EU je nepravedna i treba da se zavr&#154;i &#154;to pre - Predsednik Republike Kosovo - DR. VJOSA OSMANI - SADRIU -","breadcrumb":{"@id":"https:\/\/president-ksgov.net\/sr\/predsednik-thaci-izolacija-od-strane-eu-je-nepravedna-i-treba-da-se-zavri-to-pre\/#breadcrumb"},"inLanguage":"sr-RS","potentialAction":[{"@type":"ReadAction","target":["https:\/\/president-ksgov.net\/sr\/predsednik-thaci-izolacija-od-strane-eu-je-nepravedna-i-treba-da-se-zavri-to-pre\/"]}]},{"@type":"ImageObject","inLanguage":"sr-RS","@id":"https:\/\/president-ksgov.net\/sr\/predsednik-thaci-izolacija-od-strane-eu-je-nepravedna-i-treba-da-se-zavri-to-pre\/#primaryimage","url":"https:\/\/president-ksgov.net\/wp-content\/uploads\/28_10_2016_4236729_DSC_9290-scaled.jpg","contentUrl":"https:\/\/president-ksgov.net\/wp-content\/uploads\/28_10_2016_4236729_DSC_9290-scaled.jpg","width":2560,"height":1705},{"@type":"BreadcrumbList","@id":"https:\/\/president-ksgov.net\/sr\/predsednik-thaci-izolacija-od-strane-eu-je-nepravedna-i-treba-da-se-zavri-to-pre\/#breadcrumb","itemListElement":[{"@type":"ListItem","position":1,"name":"Home","item":"https:\/\/president-ksgov.net\/sr\/"},{"@type":"ListItem","position":2,"name":"Predsednik Tha\u00e7i: Izolacija od strane EU je nepravedna i treba da se zavr&#154;i &#154;to pre"}]},{"@type":"WebSite","@id":"https:\/\/president-ksgov.net\/#website","url":"https:\/\/president-ksgov.net\/","name":"Presidente e Republik\u00ebs s\u00eb Kosov\u00ebs","description":"Presidente e Republik\u00ebs s\u00eb Kosov\u00ebs","alternateName":"DR. VJOSA OSMANI - SADRIU","potentialAction":[{"@type":"SearchAction","target":{"@type":"EntryPoint","urlTemplate":"https:\/\/president-ksgov.net\/?s={search_term_string}"},"query-input":{"@type":"PropertyValueSpecification","valueRequired":true,"valueName":"search_term_string"}}],"inLanguage":"sr-RS"},{"@type":"Person","@id":"https:\/\/president-ksgov.net\/#\/schema\/person\/bb4337a5fb147cb2046d80548172cbee","name":"admin","image":{"@type":"ImageObject","inLanguage":"sr-RS","@id":"https:\/\/president-ksgov.net\/#\/schema\/person\/image\/","url":"https:\/\/secure.gravatar.com\/avatar\/36156ca0fa3b8d9d25174f146e16beea0cf28f37adf1b9e19b6c9c279a7c9dd3?s=96&d=mm&r=g","contentUrl":"https:\/\/secure.gravatar.com\/avatar\/36156ca0fa3b8d9d25174f146e16beea0cf28f37adf1b9e19b6c9c279a7c9dd3?s=96&d=mm&r=g","caption":"admin"},"sameAs":["https:\/\/president-ksgov.net"]}]}},"_links":{"self":[{"href":"https:\/\/president-ksgov.net\/sr\/wp-json\/wp\/v2\/posts\/76620","targetHints":{"allow":["GET"]}}],"collection":[{"href":"https:\/\/president-ksgov.net\/sr\/wp-json\/wp\/v2\/posts"}],"about":[{"href":"https:\/\/president-ksgov.net\/sr\/wp-json\/wp\/v2\/types\/post"}],"author":[{"embeddable":true,"href":"https:\/\/president-ksgov.net\/sr\/wp-json\/wp\/v2\/users\/1"}],"replies":[{"embeddable":true,"href":"https:\/\/president-ksgov.net\/sr\/wp-json\/wp\/v2\/comments?post=76620"}],"version-history":[{"count":0,"href":"https:\/\/president-ksgov.net\/sr\/wp-json\/wp\/v2\/posts\/76620\/revisions"}],"wp:featuredmedia":[{"embeddable":true,"href":"https:\/\/president-ksgov.net\/sr\/wp-json\/wp\/v2\/media\/32654"}],"wp:attachment":[{"href":"https:\/\/president-ksgov.net\/sr\/wp-json\/wp\/v2\/media?parent=76620"}],"wp:term":[{"taxonomy":"category","embeddable":true,"href":"https:\/\/president-ksgov.net\/sr\/wp-json\/wp\/v2\/categories?post=76620"},{"taxonomy":"post_tag","embeddable":true,"href":"https:\/\/president-ksgov.net\/sr\/wp-json\/wp\/v2\/tags?post=76620"}],"curies":[{"name":"wp","href":"https:\/\/api.w.org\/{rel}","templated":true}]}}