{"id":76613,"date":"2016-11-03T17:20:40","date_gmt":"2016-11-03T17:20:40","guid":{"rendered":"https:\/\/dev.president-ksgov.net\/blaga-snaga-izolacije\/"},"modified":"2016-11-03T17:20:40","modified_gmt":"2016-11-03T17:20:40","slug":"blaga-snaga-izolacije","status":"publish","type":"post","link":"https:\/\/president-ksgov.net\/sr\/blaga-snaga-izolacije\/","title":{"rendered":"&#132;Blaga&#147; snaga izolacije"},"content":{"rendered":"<p>Kosovo je, takore\u0107i pet godina bilo u dijalogu za liberalizaciju viza sa EU, i radilo je prema ovom cilju mnogo vi&#353;e vremena od ovih pet godina. Njegovi susedi u regionu, osim &#353;to su svi zaboravili kroz &#353;ta su prolazili, takore\u0107i &#353;est godina ranije, sada su se navikli na ovu osnovnu slobodu. Da li je Kosovo toliko druga\u010dije od njegovih suseda? Zvani\u010dnici visokog nivoa Evropske komisije se pre godinu i po dana rekli da Kosovo &#8222;kora\u010da poslednjom miljom&#8220; prema statusu za vize. Treba da upitamo sebe koliko je ta poslednja milja duga\u010dka?<\/p>\n<p>Hashim Tha\u00e7i<\/p>\n<p>Kosovo je, takore\u0107i pet godina bilo u dijalogu za liberalizaciju viza sa EU, i radilo je prema ovom cilju mnogo vi&#353;e vremena od ovih pet godina. Njegovi susedi u regionu, osim &#353;to su svi zaboravili kroz &#353;ta su prolazili, takore\u0107i &#353;est godina ranije, sada su se navikli na ovu osnovnu slobodu. Da li je Kosovo toliko druga\u010dije od njegovih suseda? Zvani\u010dnici visokog nivoa Evropske komisije se pre godinu i po dana rekli da Kosovo &#8222;kora\u010da poslednjom miljom&#8220; prema statusu za vize. Treba da upitamo sebe koliko je ta poslednja milja duga\u010dka?<\/p>\n<p>Nemamo drugu alternativu osim da posmatramo posebno tretiranje Kosova u odnosu na njegove susede, kada se radi o procesu liberalizacije viza. I dok je drugi deo zemalja Zapadnog Balkan primio Vodi\u010d iz 2008. godine, Kosovo je moralo da sa\u010deka 2012. godine kako bi primilo istu stvari. <\/p>\n<p>Dok j zemljama regiona bilo dozvoljeno da putuju bez viza u &#352;engen zoni, 2009.\u00a0 i 2010. godine, gra\u0111ani Kosova jo&#353; uvek \u010dekaju na istu mogu\u0107nost. Dok je drugim zemljama dat vodi\u010d sa manje od 50 zahteva, kosovski vodi\u010d obuhvata 95 zahteva! &#352;ta vi&#353;e, kriterijumi za Kosovo, obuhvataju i nekoliko polja koja su direktno povezana sa viznom politikom i koji nisu tra&#382;eni ni od jedne od ostalih \u010dlanica u regionu a i &#353;ire. <\/p>\n<p>Kosovo je sada do&#353;lo do kraja vodi\u010da. Mi smo ispunili sve tehni\u010dke zahteve koji su odre\u0111eni u vodi\u010du. U maju ove godine, Evropska komisija je na kraju preporu\u010dila Savetu Evrope i Evropskom parlamentu da ukine zahteve za vize za Kosovare. Preporuka je predstavila sva dostignu\u0107a koje je dostiglo Kosovo u ispunjenju tehni\u010dkih zahteva. <\/p>\n<p>Komisija je pomenula dva od 95 zahteva iz vodi\u010da na kojima treba jo&#353; vi&#353;e raditi. Ova dva polja obuhvataju ratifikaciju demarkacije granice sa Crnom Gorom i pobolj&#353;anje borbe protiv organizovanog kriminala i korupcije. Institucije Kosova nisu &#353;tedele ni energiju u kretanju napred na ovim poljima. Ovo poslednje u nizu je u rukama nezavisnih sudskih institucija, sektor u kojem EU jo&#353; uvek dr&#382;i jake izvr&#353;ne nadle&#382;nosti. Vlada Kosova je preduzela neophodne korake kako bi pove\u0107ala koordinaciju i nezavisnost ovih institucija. Svako dalj me&#353;anje \u0107e povrediti nezavisne odnose me\u0111u ovim granama vlade. <\/p>\n<p>Vodi\u010d tako\u0111e od Kosova tra&#382;i da &#8222;da se potrudi kako bi okon\u010dalo [&#8230;] odre\u0111ivanje granice sa Crnom Gorom&#8220;. Treba da je jasno i za dalje posmatra\u010de, da je bilo velikog truda od strane Vlade da se okon\u010da ovaj postupak. <\/p>\n<p>Sporazum je potpisan i usvojen od strane Vlade. Me\u0111utim, ratifikacija se suo\u010dava sa velikim politi\u010dkim osporavanjima. Nije sigurno da se ovo pitanje ne mo&#382;e ra&#353;iti na vreme; me\u0111utim pitanje je sada da li liberalizacija viza za gra\u0111ane jedne zemlje treba da postane talac zbog ovog pitanja (u me\u0111uvremenu gra\u0111ani ostalih zemalja koje dele granicu sa Kosovom, sada u&#382;ivaju u putovanjima bez viza ve\u0107 neko vreme). Ukoliko je demarkacija granica od tolike bitnosti, onda za&#353;to ona nije tra&#382;ena od ostalih zemalja u regionu? Koje granice je obele&#382;ila Crna Gora, Albanija, Srbija, Makedonija i Bosna i Hercegovina? Zvani\u010dnici EU \u0107e re\u0107i da EU u\u010di iz gre&#353;aka koje je u\u010dinila u pro&#353;losti.\u00a0 <\/p>\n<p>Ukoliko je tako, pitamo sebe, koje granice su Obele&#382;ile Gruzija i Ukrajina, obe ove zemlje su spremne da dobiju pravo putovanja bez viza od strane EU, u narednim nedeljama. Me\u0111utim, ja sam siguran da \u0107e se demarkacija sa Crnom Gorom na kraju okon\u010dati, ali teraju\u0107i nas da to u\u010dinimo u nerealnim rokovima mo&#382;emo vi&#353;e da u\u010dinimo &#353;tete nego da pomognemo. <\/p>\n<p>Po&#353;to je ostavljeno iza svog regiona, Kosovo je sada sebe prona&#353;lo u grupaciji sa najudaljenijim zemljama Evrope, bez jasne perspektive o u\u010dlanjenju. Zvani\u010dna linija je da se svaka zemlja oceni na osnovu svojih zasluga u ispunjenju njenih specifi\u010dnih kriterijuma. Me\u0111utim, realnost je da je napredak Kosova talac nedostatka jedinstva i politike volje unutar EU. <\/p>\n<p>Imaju\u0107i u vidu enormne napore Vlade tokom pro&#353;le godine kada je nekoliko opozicionih glasova izabralo nasilna sredstva, poku&#353;avaju\u0107i da o&#353;tete na&#353; rad, Kosovo ima potrebe da EU pove\u0107a njeno anga&#382;ovanje i da nam da ono &#353;to smo s pravom stekli. <\/p>\n<p>Dr&#382;ave \u010dlanice EU treba da uklone Kosovo sa crne liste &#352;engena i da dozvole gra\u0111anima Kosova da pose\u0107uju prijatelje i njihove porodice u Evropi bez uslovljavaju\u0107ih procesa i koji im oduzimaju puno vremena da se prijave za jednu vizu. Ovo bi jednako bilo korisno jer je to i najbolji na\u010din da se obezbedi stabilno anga&#382;ovanje na konstantnim reformama na Kosovu i repatrijaciji ilegalnih emigranata iz EU. <\/p>\n<p>Mi od EU tra&#382;imo da ne promeni jo&#353; jednom pravila za Kosovo. Mi on njih tra&#382;imo da misle o Zapadnom Balkanu kao jednom regionu sa jasnom perspektivom u\u010dlanjenja gde si treba da budu tretirani jednako. Mi od EU tra&#382;imo da pravi\u010dno sudi o naporima Kosova za reformama, bez politi\u010dkih elemenata. Mi od EU tra&#382;imo da ra&#353;iri njene ruke za na&#353;e gra\u0111ane; narod koji je najspremniji u regionu da bude primljen u njeno naru\u010dje. <\/p>\n<p>Proces liberalizacije viza je bio dobar za Kosovo; to je svetao primer blage snage koja je kori&#353;\u0107ena da se podstreknu reforme. Me\u0111utim, kasne\u0107i sa nagra\u0111ivanjem, kada je nagrada zaslu&#382;ena s pravom, ima suprotan efekat. Rizikuje propast ili ne&#353;to gore. <\/p>\n<p>Svako dalje ka&#353;njenje u uklanjanju Kosova sa crne liste koristi jedinstvenu situaciju na Kosovu. Ovo podrazumeva pru&#382;anje kombinacija usluga i ka&#382;njavanja. Ovo podrazumeva kori&#353;\u0107enje blage snage izolacije kako bi smo se obavezali na reforme. Problem je u tome &#353;to izolacija nije blaga. EU je bolja od toga.<br \/>\n\u00a0<\/p>\n","protected":false},"excerpt":{"rendered":"<p>Kosovo je, takore\u0107i pet godina bilo u dijalogu za liberalizaciju viza sa EU, i radilo je prema ovom cilju mnogo vi&#353;e vremena od ovih pet godina. Njegovi susedi u regionu, osim &#353;to su svi zaboravili kroz &#353;ta su prolazili, takore\u0107i &#353;est godina ranije, sada su se navikli na ovu osnovnu slobodu. Da li je Kosovo toliko druga\u010dije od njegovih suseda? Zvani\u010dnici visokog nivoa Evropske komisije se pre godinu i po dana rekli da Kosovo &#8222;kora\u010da poslednjom miljom&#8220; prema statusu za vize. Treba da upitamo sebe koliko je ta poslednja milja duga\u010dka?<\/p>\n","protected":false},"author":1,"featured_media":32620,"comment_status":"open","ping_status":"closed","sticky":false,"template":"","format":"standard","meta":{"_eb_attr":"","footnotes":""},"categories":[101],"tags":[],"class_list":["post-76613","post","type-post","status-publish","format-standard","has-post-thumbnail","hentry","category-vesti"],"yoast_head":"<!-- This site is optimized with the Yoast SEO plugin v23.5 - https:\/\/yoast.com\/wordpress\/plugins\/seo\/ -->\n<title>&#132;Blaga&#147; snaga izolacije - Predsednik Republike Kosovo - DR. VJOSA OSMANI - SADRIU<\/title>\n<meta name=\"description\" content=\"&#132;Blaga&#147; snaga izolacije - Predsednik Republike Kosovo - DR. VJOSA OSMANI - SADRIU -\" \/>\n<meta name=\"robots\" content=\"index, follow, max-snippet:-1, max-image-preview:large, max-video-preview:-1\" \/>\n<link rel=\"canonical\" href=\"https:\/\/president-ksgov.net\/sr\/blaga-snaga-izolacije\/\" \/>\n<meta property=\"og:locale\" content=\"sr_RS\" \/>\n<meta property=\"og:type\" content=\"article\" \/>\n<meta property=\"og:title\" content=\"&#132;Blaga&#147; snaga izolacije - Predsednik Republike Kosovo - DR. VJOSA OSMANI - SADRIU\" \/>\n<meta property=\"og:description\" content=\"&#132;Blaga&#147; snaga izolacije - Predsednik Republike Kosovo - DR. VJOSA OSMANI - SADRIU -\" \/>\n<meta property=\"og:url\" content=\"https:\/\/president-ksgov.net\/sr\/blaga-snaga-izolacije\/\" \/>\n<meta property=\"og:site_name\" content=\"Predsednik Republike Kosovo - DR. VJOSA OSMANI - SADRIU\" \/>\n<meta property=\"article:published_time\" content=\"2016-11-03T17:20:40+00:00\" \/>\n<meta property=\"og:image\" content=\"https:\/\/president-ksgov.net\/wp-content\/uploads\/04_11_2016_8922435_h_52690469-scaled.jpg\" \/>\n\t<meta property=\"og:image:width\" content=\"2560\" \/>\n\t<meta property=\"og:image:height\" content=\"1707\" \/>\n\t<meta property=\"og:image:type\" content=\"image\/jpeg\" \/>\n<meta name=\"author\" content=\"admin\" \/>\n<meta name=\"twitter:card\" content=\"summary_large_image\" \/>\n<meta name=\"twitter:label1\" content=\"\u041d\u0430\u043f\u0438\u0441\u0430\u043d\u043e \u043e\u0434\" \/>\n\t<meta name=\"twitter:data1\" content=\"admin\" \/>\n\t<meta name=\"twitter:label2\" content=\"\u041f\u0440\u043e\u0446\u0435\u045a\u0435\u043d\u043e \u0432\u0440\u0435\u043c\u0435 \u0447\u0438\u0442\u0430\u045a\u0430\" \/>\n\t<meta name=\"twitter:data2\" content=\"5 \u043c\u0438\u043d\u0443\u0442\u0430\" \/>\n<script type=\"application\/ld+json\" class=\"yoast-schema-graph\">{\"@context\":\"https:\/\/schema.org\",\"@graph\":[{\"@type\":\"WebPage\",\"@id\":\"https:\/\/president-ksgov.net\/sr\/blaga-snaga-izolacije\/\",\"url\":\"https:\/\/president-ksgov.net\/sr\/blaga-snaga-izolacije\/\",\"name\":\"&#132;Blaga&#147; snaga izolacije - Predsednik Republike Kosovo - DR. VJOSA OSMANI - SADRIU\",\"isPartOf\":{\"@id\":\"https:\/\/president-ksgov.net\/#website\"},\"primaryImageOfPage\":{\"@id\":\"https:\/\/president-ksgov.net\/sr\/blaga-snaga-izolacije\/#primaryimage\"},\"image\":{\"@id\":\"https:\/\/president-ksgov.net\/sr\/blaga-snaga-izolacije\/#primaryimage\"},\"thumbnailUrl\":\"https:\/\/president-ksgov.net\/wp-content\/uploads\/04_11_2016_8922435_h_52690469-scaled.jpg\",\"datePublished\":\"2016-11-03T17:20:40+00:00\",\"dateModified\":\"2016-11-03T17:20:40+00:00\",\"author\":{\"@id\":\"https:\/\/president-ksgov.net\/#\/schema\/person\/bb4337a5fb147cb2046d80548172cbee\"},\"description\":\"&#132;Blaga&#147; snaga izolacije - Predsednik Republike Kosovo - DR. VJOSA OSMANI - SADRIU -\",\"breadcrumb\":{\"@id\":\"https:\/\/president-ksgov.net\/sr\/blaga-snaga-izolacije\/#breadcrumb\"},\"inLanguage\":\"sr-RS\",\"potentialAction\":[{\"@type\":\"ReadAction\",\"target\":[\"https:\/\/president-ksgov.net\/sr\/blaga-snaga-izolacije\/\"]}]},{\"@type\":\"ImageObject\",\"inLanguage\":\"sr-RS\",\"@id\":\"https:\/\/president-ksgov.net\/sr\/blaga-snaga-izolacije\/#primaryimage\",\"url\":\"https:\/\/president-ksgov.net\/wp-content\/uploads\/04_11_2016_8922435_h_52690469-scaled.jpg\",\"contentUrl\":\"https:\/\/president-ksgov.net\/wp-content\/uploads\/04_11_2016_8922435_h_52690469-scaled.jpg\",\"width\":2560,\"height\":1707},{\"@type\":\"BreadcrumbList\",\"@id\":\"https:\/\/president-ksgov.net\/sr\/blaga-snaga-izolacije\/#breadcrumb\",\"itemListElement\":[{\"@type\":\"ListItem\",\"position\":1,\"name\":\"Home\",\"item\":\"https:\/\/president-ksgov.net\/sr\/\"},{\"@type\":\"ListItem\",\"position\":2,\"name\":\"&#132;Blaga&#147; snaga izolacije\"}]},{\"@type\":\"WebSite\",\"@id\":\"https:\/\/president-ksgov.net\/#website\",\"url\":\"https:\/\/president-ksgov.net\/\",\"name\":\"Presidente e Republik\u00ebs s\u00eb Kosov\u00ebs\",\"description\":\"Presidente e Republik\u00ebs s\u00eb Kosov\u00ebs\",\"alternateName\":\"DR. VJOSA OSMANI - SADRIU\",\"potentialAction\":[{\"@type\":\"SearchAction\",\"target\":{\"@type\":\"EntryPoint\",\"urlTemplate\":\"https:\/\/president-ksgov.net\/?s={search_term_string}\"},\"query-input\":{\"@type\":\"PropertyValueSpecification\",\"valueRequired\":true,\"valueName\":\"search_term_string\"}}],\"inLanguage\":\"sr-RS\"},{\"@type\":\"Person\",\"@id\":\"https:\/\/president-ksgov.net\/#\/schema\/person\/bb4337a5fb147cb2046d80548172cbee\",\"name\":\"admin\",\"image\":{\"@type\":\"ImageObject\",\"inLanguage\":\"sr-RS\",\"@id\":\"https:\/\/president-ksgov.net\/#\/schema\/person\/image\/\",\"url\":\"https:\/\/secure.gravatar.com\/avatar\/36156ca0fa3b8d9d25174f146e16beea0cf28f37adf1b9e19b6c9c279a7c9dd3?s=96&d=mm&r=g\",\"contentUrl\":\"https:\/\/secure.gravatar.com\/avatar\/36156ca0fa3b8d9d25174f146e16beea0cf28f37adf1b9e19b6c9c279a7c9dd3?s=96&d=mm&r=g\",\"caption\":\"admin\"},\"sameAs\":[\"https:\/\/president-ksgov.net\"]}]}<\/script>\n<!-- \/ Yoast SEO plugin. -->","yoast_head_json":{"title":"&#132;Blaga&#147; snaga izolacije - Predsednik Republike Kosovo - DR. VJOSA OSMANI - SADRIU","description":"&#132;Blaga&#147; snaga izolacije - Predsednik Republike Kosovo - DR. VJOSA OSMANI - SADRIU -","robots":{"index":"index","follow":"follow","max-snippet":"max-snippet:-1","max-image-preview":"max-image-preview:large","max-video-preview":"max-video-preview:-1"},"canonical":"https:\/\/president-ksgov.net\/sr\/blaga-snaga-izolacije\/","og_locale":"sr_RS","og_type":"article","og_title":"&#132;Blaga&#147; snaga izolacije - Predsednik Republike Kosovo - DR. VJOSA OSMANI - SADRIU","og_description":"&#132;Blaga&#147; snaga izolacije - Predsednik Republike Kosovo - DR. VJOSA OSMANI - SADRIU -","og_url":"https:\/\/president-ksgov.net\/sr\/blaga-snaga-izolacije\/","og_site_name":"Predsednik Republike Kosovo - DR. VJOSA OSMANI - SADRIU","article_published_time":"2016-11-03T17:20:40+00:00","og_image":[{"width":2560,"height":1707,"url":"https:\/\/president-ksgov.net\/wp-content\/uploads\/04_11_2016_8922435_h_52690469-scaled.jpg","type":"image\/jpeg"}],"author":"admin","twitter_card":"summary_large_image","twitter_misc":{"\u041d\u0430\u043f\u0438\u0441\u0430\u043d\u043e \u043e\u0434":"admin","\u041f\u0440\u043e\u0446\u0435\u045a\u0435\u043d\u043e \u0432\u0440\u0435\u043c\u0435 \u0447\u0438\u0442\u0430\u045a\u0430":"5 \u043c\u0438\u043d\u0443\u0442\u0430"},"schema":{"@context":"https:\/\/schema.org","@graph":[{"@type":"WebPage","@id":"https:\/\/president-ksgov.net\/sr\/blaga-snaga-izolacije\/","url":"https:\/\/president-ksgov.net\/sr\/blaga-snaga-izolacije\/","name":"&#132;Blaga&#147; snaga izolacije - Predsednik Republike Kosovo - DR. VJOSA OSMANI - SADRIU","isPartOf":{"@id":"https:\/\/president-ksgov.net\/#website"},"primaryImageOfPage":{"@id":"https:\/\/president-ksgov.net\/sr\/blaga-snaga-izolacije\/#primaryimage"},"image":{"@id":"https:\/\/president-ksgov.net\/sr\/blaga-snaga-izolacije\/#primaryimage"},"thumbnailUrl":"https:\/\/president-ksgov.net\/wp-content\/uploads\/04_11_2016_8922435_h_52690469-scaled.jpg","datePublished":"2016-11-03T17:20:40+00:00","dateModified":"2016-11-03T17:20:40+00:00","author":{"@id":"https:\/\/president-ksgov.net\/#\/schema\/person\/bb4337a5fb147cb2046d80548172cbee"},"description":"&#132;Blaga&#147; snaga izolacije - Predsednik Republike Kosovo - DR. VJOSA OSMANI - SADRIU -","breadcrumb":{"@id":"https:\/\/president-ksgov.net\/sr\/blaga-snaga-izolacije\/#breadcrumb"},"inLanguage":"sr-RS","potentialAction":[{"@type":"ReadAction","target":["https:\/\/president-ksgov.net\/sr\/blaga-snaga-izolacije\/"]}]},{"@type":"ImageObject","inLanguage":"sr-RS","@id":"https:\/\/president-ksgov.net\/sr\/blaga-snaga-izolacije\/#primaryimage","url":"https:\/\/president-ksgov.net\/wp-content\/uploads\/04_11_2016_8922435_h_52690469-scaled.jpg","contentUrl":"https:\/\/president-ksgov.net\/wp-content\/uploads\/04_11_2016_8922435_h_52690469-scaled.jpg","width":2560,"height":1707},{"@type":"BreadcrumbList","@id":"https:\/\/president-ksgov.net\/sr\/blaga-snaga-izolacije\/#breadcrumb","itemListElement":[{"@type":"ListItem","position":1,"name":"Home","item":"https:\/\/president-ksgov.net\/sr\/"},{"@type":"ListItem","position":2,"name":"&#132;Blaga&#147; snaga izolacije"}]},{"@type":"WebSite","@id":"https:\/\/president-ksgov.net\/#website","url":"https:\/\/president-ksgov.net\/","name":"Presidente e Republik\u00ebs s\u00eb Kosov\u00ebs","description":"Presidente e Republik\u00ebs s\u00eb Kosov\u00ebs","alternateName":"DR. VJOSA OSMANI - SADRIU","potentialAction":[{"@type":"SearchAction","target":{"@type":"EntryPoint","urlTemplate":"https:\/\/president-ksgov.net\/?s={search_term_string}"},"query-input":{"@type":"PropertyValueSpecification","valueRequired":true,"valueName":"search_term_string"}}],"inLanguage":"sr-RS"},{"@type":"Person","@id":"https:\/\/president-ksgov.net\/#\/schema\/person\/bb4337a5fb147cb2046d80548172cbee","name":"admin","image":{"@type":"ImageObject","inLanguage":"sr-RS","@id":"https:\/\/president-ksgov.net\/#\/schema\/person\/image\/","url":"https:\/\/secure.gravatar.com\/avatar\/36156ca0fa3b8d9d25174f146e16beea0cf28f37adf1b9e19b6c9c279a7c9dd3?s=96&d=mm&r=g","contentUrl":"https:\/\/secure.gravatar.com\/avatar\/36156ca0fa3b8d9d25174f146e16beea0cf28f37adf1b9e19b6c9c279a7c9dd3?s=96&d=mm&r=g","caption":"admin"},"sameAs":["https:\/\/president-ksgov.net"]}]}},"_links":{"self":[{"href":"https:\/\/president-ksgov.net\/sr\/wp-json\/wp\/v2\/posts\/76613","targetHints":{"allow":["GET"]}}],"collection":[{"href":"https:\/\/president-ksgov.net\/sr\/wp-json\/wp\/v2\/posts"}],"about":[{"href":"https:\/\/president-ksgov.net\/sr\/wp-json\/wp\/v2\/types\/post"}],"author":[{"embeddable":true,"href":"https:\/\/president-ksgov.net\/sr\/wp-json\/wp\/v2\/users\/1"}],"replies":[{"embeddable":true,"href":"https:\/\/president-ksgov.net\/sr\/wp-json\/wp\/v2\/comments?post=76613"}],"version-history":[{"count":0,"href":"https:\/\/president-ksgov.net\/sr\/wp-json\/wp\/v2\/posts\/76613\/revisions"}],"wp:featuredmedia":[{"embeddable":true,"href":"https:\/\/president-ksgov.net\/sr\/wp-json\/wp\/v2\/media\/32620"}],"wp:attachment":[{"href":"https:\/\/president-ksgov.net\/sr\/wp-json\/wp\/v2\/media?parent=76613"}],"wp:term":[{"taxonomy":"category","embeddable":true,"href":"https:\/\/president-ksgov.net\/sr\/wp-json\/wp\/v2\/categories?post=76613"},{"taxonomy":"post_tag","embeddable":true,"href":"https:\/\/president-ksgov.net\/sr\/wp-json\/wp\/v2\/tags?post=76613"}],"curies":[{"name":"wp","href":"https:\/\/api.w.org\/{rel}","templated":true}]}}