{"id":76611,"date":"2016-11-04T16:00:10","date_gmt":"2016-11-04T16:00:10","guid":{"rendered":"https:\/\/dev.president-ksgov.net\/predsednik-thaci-sastao-se-sa-mladima-sa-kosova-i-iz-srbije-vi-ste-primer-pomirenja\/"},"modified":"2016-11-04T16:00:10","modified_gmt":"2016-11-04T16:00:10","slug":"predsednik-thaci-sastao-se-sa-mladima-sa-kosova-i-iz-srbije-vi-ste-primer-pomirenja","status":"publish","type":"post","link":"https:\/\/president-ksgov.net\/sr\/predsednik-thaci-sastao-se-sa-mladima-sa-kosova-i-iz-srbije-vi-ste-primer-pomirenja\/","title":{"rendered":"Predsednik Tha\u00e7i sastao se sa mladima sa Kosova i iz Srbije: Vi ste primer pomirenja!"},"content":{"rendered":"<p>Pri&#353;tina, 4. novembar&#8211; Predsednik Republike Kosova, Hashim Tha\u00e7i, danas je do\u010dekao oko trideset mladih iz Inicijative mladih za ljudska prava (YIHR), sa Kosova i iz Srbije.<\/p>\n<p>U razgovoru sa mladima, predsednik Tha\u00e7i govorio je o odnosima Kosovo &#8211; Srbija, ali i o procesu normalizacije odnosa izme\u0111u dve dr&#382;ave.<br \/>\n\u00a0<br \/>\n&#8222;Putem ovakvih inicijativa, mladi iz dve dr&#382;ave su ispred politike. Vi ste obe\u0107ali da \u0107ete izgraditi sigurnu evropsku budu\u0107nost saradnje, razvoja i blagostanja me\u0111u na&#353;im gra\u0111anima&#8220;; rekao je predsednik Tha\u00e7i.<br \/>\n\u00a0<br \/>\nMladi iz Srbije i sa Kosova pitali se predsednika Tha\u00e7i-ja i o procesu dijaloga o normalizaciji odnosa.<br \/>\n\u00a0<br \/>\nNakon 100 godina problema i konflikata, predsednik Tha\u00e7i je rekao da smo postigli da potpi&#353;emo sporazum o normalizaciji odnosa Kosovo &#8211; Srbija u aprilu 2013. godine i ovo je veliko dostignu\u0107e.<br \/>\n\u00a0<br \/>\n&#8222;Nadam se da \u0107emo imati ja\u010danje dijaloga, sa visokim prioritetima u bliskoj budu\u0107nosti izme\u0111u Kosova i Srbije, koje \u0107e rezultovati jednim traktatom ili sporazumom o miru,\u00a0 susedstvu, prijateljstvu i pomirenju&#8220;, dodao je predsednik Tha\u00e7i.<\/p>\n<p>Predsednika su pitali i o nestalim Albancima, Srbima i ostalim pripadnicima zajednica tokom rata na Kosovu.\u00a0<br \/>\n\u00a0<br \/>\nOn je rekao\u00a0 da ne &#382;eli da zemlja ostane talac istorije, ve\u0107 da imamo jak osnov da izgradimo sigurnu budu\u0107nost saradnje.<br \/>\n\u00a0<br \/>\n&#8222;Na&#353;a stogodi&#353;nja pro&#353;lost, izme\u0111u Kosova i Srbije, je bila puna problema, konflikata, neprijateljstva u mr&#382;nje. Bol je isti za one kojima je ubijen suprug, bez etni\u010dke razlike. Postoji neophodnost da se jednom za svagda re&#353;i pitanje nestalih, koje je i humanitarno pitanje. Na sastanku koji sam odr&#382;ao sa dve organizacije koje predstavljaju porodice nestalih, sa albanskom i sa srpskom organizacijom za nestala lica, tra&#382;io sam da se ovo pitanje hitno postavi za re&#353;avanje u Briselu&#8220;, rekao je predsednik Tha\u00e7i.<br \/>\n\u00a0<br \/>\nUpitan o barikadama koje su ranije bile postavljene na reci Ibar u Kosovskoj Mitrovici, koje su sada uklonjene, predsednik Tha\u00e7i je rekao da je njihovo uklanjanje rezultat procesa dijaloga u Briselu.<br \/>\n\u00a0<br \/>\n&#8222;To je rezultat dijaloga koji se dogodio izme\u0111u Kosova i Srbije. Otvaranje novih pograni\u010dnih ta\u010daka je uspeh i rezultat zajedni\u010dkih razgovora&#8220;, dodao je on.<br \/>\n\u00a0<br \/>\nPredsednik Tha\u00e7i je upitan i gde vidi Kosovo nakon 10 godina.<br \/>\n\u00a0<br \/>\nOn je rekao da \u0107e Kosovo biti \u010dlan NATO-a i da ukoliko ne bude bilo \u010dlan Evropske unije, da \u0107e sigurno biti na pragu u\u010dlanjenja u porodicu evropskih dr&#382;ava.\u00a0<\/p>\n","protected":false},"excerpt":{"rendered":"<p>Pri&#353;tina, 4. novembar&#8211; Predsednik Republike Kosova, Hashim Tha\u00e7i, danas je do\u010dekao oko trideset mladih iz Inicijative mladih za ljudska prava (YIHR), sa Kosova i iz Srbije.<\/p>\n","protected":false},"author":1,"featured_media":32570,"comment_status":"open","ping_status":"closed","sticky":false,"template":"","format":"standard","meta":{"_eb_attr":"","footnotes":""},"categories":[101],"tags":[],"class_list":["post-76611","post","type-post","status-publish","format-standard","has-post-thumbnail","hentry","category-vesti"],"yoast_head":"<!-- This site is optimized with the Yoast SEO plugin v23.5 - https:\/\/yoast.com\/wordpress\/plugins\/seo\/ -->\n<title>Predsednik Tha\u00e7i sastao se sa mladima sa Kosova i iz Srbije: Vi ste primer pomirenja! - Predsednik Republike Kosovo - DR. VJOSA OSMANI - SADRIU<\/title>\n<meta name=\"description\" content=\"Predsednik Tha\u00e7i sastao se sa mladima sa Kosova i iz Srbije: Vi ste primer pomirenja! - Predsednik Republike Kosovo - DR. VJOSA OSMANI - SADRIU -\" \/>\n<meta name=\"robots\" content=\"index, follow, max-snippet:-1, max-image-preview:large, max-video-preview:-1\" \/>\n<link rel=\"canonical\" href=\"https:\/\/president-ksgov.net\/sr\/predsednik-thaci-sastao-se-sa-mladima-sa-kosova-i-iz-srbije-vi-ste-primer-pomirenja\/\" \/>\n<meta property=\"og:locale\" content=\"sr_RS\" \/>\n<meta property=\"og:type\" content=\"article\" \/>\n<meta property=\"og:title\" content=\"Predsednik Tha\u00e7i sastao se sa mladima sa Kosova i iz Srbije: Vi ste primer pomirenja! - Predsednik Republike Kosovo - DR. VJOSA OSMANI - SADRIU\" \/>\n<meta property=\"og:description\" content=\"Predsednik Tha\u00e7i sastao se sa mladima sa Kosova i iz Srbije: Vi ste primer pomirenja! - Predsednik Republike Kosovo - DR. VJOSA OSMANI - SADRIU -\" \/>\n<meta property=\"og:url\" content=\"https:\/\/president-ksgov.net\/sr\/predsednik-thaci-sastao-se-sa-mladima-sa-kosova-i-iz-srbije-vi-ste-primer-pomirenja\/\" \/>\n<meta property=\"og:site_name\" content=\"Predsednik Republike Kosovo - DR. VJOSA OSMANI - SADRIU\" \/>\n<meta property=\"article:published_time\" content=\"2016-11-04T16:00:10+00:00\" \/>\n<meta property=\"og:image\" content=\"https:\/\/president-ksgov.net\/wp-content\/uploads\/04_11_2016_3559206_y_01.jpg\" \/>\n\t<meta property=\"og:image:width\" content=\"2400\" \/>\n\t<meta property=\"og:image:height\" content=\"1600\" \/>\n\t<meta property=\"og:image:type\" content=\"image\/jpeg\" \/>\n<meta name=\"author\" content=\"admin\" \/>\n<meta name=\"twitter:card\" content=\"summary_large_image\" \/>\n<meta name=\"twitter:label1\" content=\"\u041d\u0430\u043f\u0438\u0441\u0430\u043d\u043e \u043e\u0434\" \/>\n\t<meta name=\"twitter:data1\" content=\"admin\" \/>\n\t<meta name=\"twitter:label2\" content=\"\u041f\u0440\u043e\u0446\u0435\u045a\u0435\u043d\u043e \u0432\u0440\u0435\u043c\u0435 \u0447\u0438\u0442\u0430\u045a\u0430\" \/>\n\t<meta name=\"twitter:data2\" content=\"2 \u043c\u0438\u043d\u0443\u0442\u0430\" \/>\n<script type=\"application\/ld+json\" class=\"yoast-schema-graph\">{\"@context\":\"https:\/\/schema.org\",\"@graph\":[{\"@type\":\"WebPage\",\"@id\":\"https:\/\/president-ksgov.net\/sr\/predsednik-thaci-sastao-se-sa-mladima-sa-kosova-i-iz-srbije-vi-ste-primer-pomirenja\/\",\"url\":\"https:\/\/president-ksgov.net\/sr\/predsednik-thaci-sastao-se-sa-mladima-sa-kosova-i-iz-srbije-vi-ste-primer-pomirenja\/\",\"name\":\"Predsednik Tha\u00e7i sastao se sa mladima sa Kosova i iz Srbije: Vi ste primer pomirenja! - Predsednik Republike Kosovo - DR. VJOSA OSMANI - SADRIU\",\"isPartOf\":{\"@id\":\"https:\/\/president-ksgov.net\/#website\"},\"primaryImageOfPage\":{\"@id\":\"https:\/\/president-ksgov.net\/sr\/predsednik-thaci-sastao-se-sa-mladima-sa-kosova-i-iz-srbije-vi-ste-primer-pomirenja\/#primaryimage\"},\"image\":{\"@id\":\"https:\/\/president-ksgov.net\/sr\/predsednik-thaci-sastao-se-sa-mladima-sa-kosova-i-iz-srbije-vi-ste-primer-pomirenja\/#primaryimage\"},\"thumbnailUrl\":\"https:\/\/president-ksgov.net\/wp-content\/uploads\/04_11_2016_3559206_y_01.jpg\",\"datePublished\":\"2016-11-04T16:00:10+00:00\",\"dateModified\":\"2016-11-04T16:00:10+00:00\",\"author\":{\"@id\":\"https:\/\/president-ksgov.net\/#\/schema\/person\/bb4337a5fb147cb2046d80548172cbee\"},\"description\":\"Predsednik Tha\u00e7i sastao se sa mladima sa Kosova i iz Srbije: Vi ste primer pomirenja! - Predsednik Republike Kosovo - DR. VJOSA OSMANI - SADRIU -\",\"breadcrumb\":{\"@id\":\"https:\/\/president-ksgov.net\/sr\/predsednik-thaci-sastao-se-sa-mladima-sa-kosova-i-iz-srbije-vi-ste-primer-pomirenja\/#breadcrumb\"},\"inLanguage\":\"sr-RS\",\"potentialAction\":[{\"@type\":\"ReadAction\",\"target\":[\"https:\/\/president-ksgov.net\/sr\/predsednik-thaci-sastao-se-sa-mladima-sa-kosova-i-iz-srbije-vi-ste-primer-pomirenja\/\"]}]},{\"@type\":\"ImageObject\",\"inLanguage\":\"sr-RS\",\"@id\":\"https:\/\/president-ksgov.net\/sr\/predsednik-thaci-sastao-se-sa-mladima-sa-kosova-i-iz-srbije-vi-ste-primer-pomirenja\/#primaryimage\",\"url\":\"https:\/\/president-ksgov.net\/wp-content\/uploads\/04_11_2016_3559206_y_01.jpg\",\"contentUrl\":\"https:\/\/president-ksgov.net\/wp-content\/uploads\/04_11_2016_3559206_y_01.jpg\",\"width\":2400,\"height\":1600},{\"@type\":\"BreadcrumbList\",\"@id\":\"https:\/\/president-ksgov.net\/sr\/predsednik-thaci-sastao-se-sa-mladima-sa-kosova-i-iz-srbije-vi-ste-primer-pomirenja\/#breadcrumb\",\"itemListElement\":[{\"@type\":\"ListItem\",\"position\":1,\"name\":\"Home\",\"item\":\"https:\/\/president-ksgov.net\/sr\/\"},{\"@type\":\"ListItem\",\"position\":2,\"name\":\"Predsednik Tha\u00e7i sastao se sa mladima sa Kosova i iz Srbije: Vi ste primer pomirenja!\"}]},{\"@type\":\"WebSite\",\"@id\":\"https:\/\/president-ksgov.net\/#website\",\"url\":\"https:\/\/president-ksgov.net\/\",\"name\":\"Presidente e Republik\u00ebs s\u00eb Kosov\u00ebs\",\"description\":\"Presidente e Republik\u00ebs s\u00eb Kosov\u00ebs\",\"alternateName\":\"DR. VJOSA OSMANI - SADRIU\",\"potentialAction\":[{\"@type\":\"SearchAction\",\"target\":{\"@type\":\"EntryPoint\",\"urlTemplate\":\"https:\/\/president-ksgov.net\/?s={search_term_string}\"},\"query-input\":{\"@type\":\"PropertyValueSpecification\",\"valueRequired\":true,\"valueName\":\"search_term_string\"}}],\"inLanguage\":\"sr-RS\"},{\"@type\":\"Person\",\"@id\":\"https:\/\/president-ksgov.net\/#\/schema\/person\/bb4337a5fb147cb2046d80548172cbee\",\"name\":\"admin\",\"image\":{\"@type\":\"ImageObject\",\"inLanguage\":\"sr-RS\",\"@id\":\"https:\/\/president-ksgov.net\/#\/schema\/person\/image\/\",\"url\":\"https:\/\/secure.gravatar.com\/avatar\/36156ca0fa3b8d9d25174f146e16beea0cf28f37adf1b9e19b6c9c279a7c9dd3?s=96&d=mm&r=g\",\"contentUrl\":\"https:\/\/secure.gravatar.com\/avatar\/36156ca0fa3b8d9d25174f146e16beea0cf28f37adf1b9e19b6c9c279a7c9dd3?s=96&d=mm&r=g\",\"caption\":\"admin\"},\"sameAs\":[\"https:\/\/president-ksgov.net\"]}]}<\/script>\n<!-- \/ Yoast SEO plugin. -->","yoast_head_json":{"title":"Predsednik Tha\u00e7i sastao se sa mladima sa Kosova i iz Srbije: Vi ste primer pomirenja! - Predsednik Republike Kosovo - DR. VJOSA OSMANI - SADRIU","description":"Predsednik Tha\u00e7i sastao se sa mladima sa Kosova i iz Srbije: Vi ste primer pomirenja! - Predsednik Republike Kosovo - DR. VJOSA OSMANI - SADRIU -","robots":{"index":"index","follow":"follow","max-snippet":"max-snippet:-1","max-image-preview":"max-image-preview:large","max-video-preview":"max-video-preview:-1"},"canonical":"https:\/\/president-ksgov.net\/sr\/predsednik-thaci-sastao-se-sa-mladima-sa-kosova-i-iz-srbije-vi-ste-primer-pomirenja\/","og_locale":"sr_RS","og_type":"article","og_title":"Predsednik Tha\u00e7i sastao se sa mladima sa Kosova i iz Srbije: Vi ste primer pomirenja! - Predsednik Republike Kosovo - DR. VJOSA OSMANI - SADRIU","og_description":"Predsednik Tha\u00e7i sastao se sa mladima sa Kosova i iz Srbije: Vi ste primer pomirenja! - Predsednik Republike Kosovo - DR. VJOSA OSMANI - SADRIU -","og_url":"https:\/\/president-ksgov.net\/sr\/predsednik-thaci-sastao-se-sa-mladima-sa-kosova-i-iz-srbije-vi-ste-primer-pomirenja\/","og_site_name":"Predsednik Republike Kosovo - DR. VJOSA OSMANI - SADRIU","article_published_time":"2016-11-04T16:00:10+00:00","og_image":[{"width":2400,"height":1600,"url":"https:\/\/president-ksgov.net\/wp-content\/uploads\/04_11_2016_3559206_y_01.jpg","type":"image\/jpeg"}],"author":"admin","twitter_card":"summary_large_image","twitter_misc":{"\u041d\u0430\u043f\u0438\u0441\u0430\u043d\u043e \u043e\u0434":"admin","\u041f\u0440\u043e\u0446\u0435\u045a\u0435\u043d\u043e \u0432\u0440\u0435\u043c\u0435 \u0447\u0438\u0442\u0430\u045a\u0430":"2 \u043c\u0438\u043d\u0443\u0442\u0430"},"schema":{"@context":"https:\/\/schema.org","@graph":[{"@type":"WebPage","@id":"https:\/\/president-ksgov.net\/sr\/predsednik-thaci-sastao-se-sa-mladima-sa-kosova-i-iz-srbije-vi-ste-primer-pomirenja\/","url":"https:\/\/president-ksgov.net\/sr\/predsednik-thaci-sastao-se-sa-mladima-sa-kosova-i-iz-srbije-vi-ste-primer-pomirenja\/","name":"Predsednik Tha\u00e7i sastao se sa mladima sa Kosova i iz Srbije: Vi ste primer pomirenja! - Predsednik Republike Kosovo - DR. VJOSA OSMANI - SADRIU","isPartOf":{"@id":"https:\/\/president-ksgov.net\/#website"},"primaryImageOfPage":{"@id":"https:\/\/president-ksgov.net\/sr\/predsednik-thaci-sastao-se-sa-mladima-sa-kosova-i-iz-srbije-vi-ste-primer-pomirenja\/#primaryimage"},"image":{"@id":"https:\/\/president-ksgov.net\/sr\/predsednik-thaci-sastao-se-sa-mladima-sa-kosova-i-iz-srbije-vi-ste-primer-pomirenja\/#primaryimage"},"thumbnailUrl":"https:\/\/president-ksgov.net\/wp-content\/uploads\/04_11_2016_3559206_y_01.jpg","datePublished":"2016-11-04T16:00:10+00:00","dateModified":"2016-11-04T16:00:10+00:00","author":{"@id":"https:\/\/president-ksgov.net\/#\/schema\/person\/bb4337a5fb147cb2046d80548172cbee"},"description":"Predsednik Tha\u00e7i sastao se sa mladima sa Kosova i iz Srbije: Vi ste primer pomirenja! - Predsednik Republike Kosovo - DR. VJOSA OSMANI - SADRIU -","breadcrumb":{"@id":"https:\/\/president-ksgov.net\/sr\/predsednik-thaci-sastao-se-sa-mladima-sa-kosova-i-iz-srbije-vi-ste-primer-pomirenja\/#breadcrumb"},"inLanguage":"sr-RS","potentialAction":[{"@type":"ReadAction","target":["https:\/\/president-ksgov.net\/sr\/predsednik-thaci-sastao-se-sa-mladima-sa-kosova-i-iz-srbije-vi-ste-primer-pomirenja\/"]}]},{"@type":"ImageObject","inLanguage":"sr-RS","@id":"https:\/\/president-ksgov.net\/sr\/predsednik-thaci-sastao-se-sa-mladima-sa-kosova-i-iz-srbije-vi-ste-primer-pomirenja\/#primaryimage","url":"https:\/\/president-ksgov.net\/wp-content\/uploads\/04_11_2016_3559206_y_01.jpg","contentUrl":"https:\/\/president-ksgov.net\/wp-content\/uploads\/04_11_2016_3559206_y_01.jpg","width":2400,"height":1600},{"@type":"BreadcrumbList","@id":"https:\/\/president-ksgov.net\/sr\/predsednik-thaci-sastao-se-sa-mladima-sa-kosova-i-iz-srbije-vi-ste-primer-pomirenja\/#breadcrumb","itemListElement":[{"@type":"ListItem","position":1,"name":"Home","item":"https:\/\/president-ksgov.net\/sr\/"},{"@type":"ListItem","position":2,"name":"Predsednik Tha\u00e7i sastao se sa mladima sa Kosova i iz Srbije: Vi ste primer pomirenja!"}]},{"@type":"WebSite","@id":"https:\/\/president-ksgov.net\/#website","url":"https:\/\/president-ksgov.net\/","name":"Presidente e Republik\u00ebs s\u00eb Kosov\u00ebs","description":"Presidente e Republik\u00ebs s\u00eb Kosov\u00ebs","alternateName":"DR. VJOSA OSMANI - SADRIU","potentialAction":[{"@type":"SearchAction","target":{"@type":"EntryPoint","urlTemplate":"https:\/\/president-ksgov.net\/?s={search_term_string}"},"query-input":{"@type":"PropertyValueSpecification","valueRequired":true,"valueName":"search_term_string"}}],"inLanguage":"sr-RS"},{"@type":"Person","@id":"https:\/\/president-ksgov.net\/#\/schema\/person\/bb4337a5fb147cb2046d80548172cbee","name":"admin","image":{"@type":"ImageObject","inLanguage":"sr-RS","@id":"https:\/\/president-ksgov.net\/#\/schema\/person\/image\/","url":"https:\/\/secure.gravatar.com\/avatar\/36156ca0fa3b8d9d25174f146e16beea0cf28f37adf1b9e19b6c9c279a7c9dd3?s=96&d=mm&r=g","contentUrl":"https:\/\/secure.gravatar.com\/avatar\/36156ca0fa3b8d9d25174f146e16beea0cf28f37adf1b9e19b6c9c279a7c9dd3?s=96&d=mm&r=g","caption":"admin"},"sameAs":["https:\/\/president-ksgov.net"]}]}},"_links":{"self":[{"href":"https:\/\/president-ksgov.net\/sr\/wp-json\/wp\/v2\/posts\/76611","targetHints":{"allow":["GET"]}}],"collection":[{"href":"https:\/\/president-ksgov.net\/sr\/wp-json\/wp\/v2\/posts"}],"about":[{"href":"https:\/\/president-ksgov.net\/sr\/wp-json\/wp\/v2\/types\/post"}],"author":[{"embeddable":true,"href":"https:\/\/president-ksgov.net\/sr\/wp-json\/wp\/v2\/users\/1"}],"replies":[{"embeddable":true,"href":"https:\/\/president-ksgov.net\/sr\/wp-json\/wp\/v2\/comments?post=76611"}],"version-history":[{"count":0,"href":"https:\/\/president-ksgov.net\/sr\/wp-json\/wp\/v2\/posts\/76611\/revisions"}],"wp:featuredmedia":[{"embeddable":true,"href":"https:\/\/president-ksgov.net\/sr\/wp-json\/wp\/v2\/media\/32570"}],"wp:attachment":[{"href":"https:\/\/president-ksgov.net\/sr\/wp-json\/wp\/v2\/media?parent=76611"}],"wp:term":[{"taxonomy":"category","embeddable":true,"href":"https:\/\/president-ksgov.net\/sr\/wp-json\/wp\/v2\/categories?post=76611"},{"taxonomy":"post_tag","embeddable":true,"href":"https:\/\/president-ksgov.net\/sr\/wp-json\/wp\/v2\/tags?post=76611"}],"curies":[{"name":"wp","href":"https:\/\/api.w.org\/{rel}","templated":true}]}}