{"id":76605,"date":"2016-11-10T19:22:25","date_gmt":"2016-11-10T19:22:25","guid":{"rendered":"https:\/\/dev.president-ksgov.net\/medijska-agenda-predsednika-thaci-ja-za-sutra-petak-11-novembar-2\/"},"modified":"2016-11-10T19:22:25","modified_gmt":"2016-11-10T19:22:25","slug":"medijska-agenda-predsednika-thaci-ja-za-sutra-petak-11-novembar-2","status":"publish","type":"post","link":"https:\/\/president-ksgov.net\/sr\/medijska-agenda-predsednika-thaci-ja-za-sutra-petak-11-novembar-2\/","title":{"rendered":"Medijska agenda predsednika Tha\u00e7i-ja za sutra (petak, 11. novembar)"},"content":{"rendered":"<p>Medijska agenda predsednika Tha\u00e7i-ja za sutra (petak, 11. novembar)<br \/>\n\u00a0<br \/>\nU 10:00\u010dasova, predsednik Tha\u00e7i \u0107e u\u010destvovati na konferenciji koju organizuje Misija OEBS-a na Kosovu, na kojoj \u0107e se objaviti informativna kampanja o paketima zakona o ljudskim pravima.<br \/>\n\u00a0<br \/>\nMesto: Swiss Diamond<br \/>\n\u00a0<br \/>\n\u00a0<br \/>\nU 11:00 \u010dasova, predsednik Tha\u00e7i \u0107e se sastati sa predstavnicima politi\u010dkih subjekata kako bi razgovarali o izbornoj reformi.<br \/>\n\u00a0<br \/>\nMesto: Sala C 301<br \/>\n\u00a0<br \/>\n\u00a0<br \/>\nU 13:15 \u010dasova, predsednik Tha\u00e7i na sastanku do\u010dekuje komisionera Evropske unije za pro&#353;irenje i evropsku politiku susedstva, Johannes-a Hahn.<br \/>\n\u00a0<br \/>\nMesto: Kabinet predsednika<br \/>\n\u00a0<br \/>\nU 14:30 \u010dasova, predsednik Tha\u00e7i do\u010dekuje na sastanku delegaciju Me\u0111unarodnog monetarnog fonda na Kosovu, kojom rukovodi Ruud Vermeulen.<br \/>\n\u00a0<br \/>\nMesto: Kabinet predsednika<br \/>\n\u00a0<br \/>\nSrda\u010dno o\u010dekujemo va&#353;e ekipe!<\/p>\n","protected":false},"excerpt":{"rendered":"<p>Medijska agenda predsednika Tha\u00e7i-ja za sutra (petak, 11. novembar) \u00a0 U 10:00\u010dasova, predsednik Tha\u00e7i \u0107e u\u010destvovati na konferenciji koju organizuje Misija OEBS-a na Kosovu, na kojoj \u0107e se objaviti informativna kampanja o paketima zakona o ljudskim pravima. \u00a0 Mesto: Swiss Diamond \u00a0 \u00a0 U 11:00 \u010dasova, predsednik Tha\u00e7i \u0107e se sastati sa predstavnicima politi\u010dkih subjekata kako bi razgovarali o izbornoj reformi. \u00a0 Mesto: Sala C 301 \u00a0 \u00a0 U 13:15 \u010dasova, predsednik Tha\u00e7i na sastanku do\u010dekuje komisionera Evropske unije za pro&#353;irenje i evropsku politiku susedstva, Johannes-a Hahn. \u00a0 Mesto: Kabinet predsednika \u00a0 U 14:30 \u010dasova, predsednik Tha\u00e7i do\u010dekuje na sastanku delegaciju Me\u0111unarodnog monetarnog fonda na Kosovu, kojom rukovodi Ruud Vermeulen. \u00a0 Mesto: Kabinet predsednika \u00a0 Srda\u010dno o\u010dekujemo va&#353;e ekipe!<\/p>\n","protected":false},"author":1,"featured_media":86338,"comment_status":"open","ping_status":"closed","sticky":false,"template":"","format":"standard","meta":{"_eb_attr":"","footnotes":""},"categories":[11],"tags":[],"class_list":["post-76605","post","type-post","status-publish","format-standard","has-post-thumbnail","hentry","category-uncategorized-sr"],"yoast_head":"<!-- This site is optimized with the Yoast SEO plugin v23.5 - https:\/\/yoast.com\/wordpress\/plugins\/seo\/ -->\n<title>Medijska agenda predsednika Tha\u00e7i-ja za sutra (petak, 11. novembar) - Predsednik Republike Kosovo - DR. VJOSA OSMANI - SADRIU<\/title>\n<meta name=\"description\" content=\"Medijska agenda predsednika Tha\u00e7i-ja za sutra (petak, 11. novembar) - Predsednik Republike Kosovo - DR. VJOSA OSMANI - SADRIU -\" \/>\n<meta name=\"robots\" content=\"index, follow, max-snippet:-1, max-image-preview:large, max-video-preview:-1\" \/>\n<link rel=\"canonical\" href=\"https:\/\/president-ksgov.net\/sr\/medijska-agenda-predsednika-thaci-ja-za-sutra-petak-11-novembar-2\/\" \/>\n<meta property=\"og:locale\" content=\"sr_RS\" \/>\n<meta property=\"og:type\" content=\"article\" \/>\n<meta property=\"og:title\" content=\"Medijska agenda predsednika Tha\u00e7i-ja za sutra (petak, 11. novembar) - Predsednik Republike Kosovo - DR. VJOSA OSMANI - SADRIU\" \/>\n<meta property=\"og:description\" content=\"Medijska agenda predsednika Tha\u00e7i-ja za sutra (petak, 11. novembar) - Predsednik Republike Kosovo - DR. VJOSA OSMANI - SADRIU -\" \/>\n<meta property=\"og:url\" content=\"https:\/\/president-ksgov.net\/sr\/medijska-agenda-predsednika-thaci-ja-za-sutra-petak-11-novembar-2\/\" \/>\n<meta property=\"og:site_name\" content=\"Predsednik Republike Kosovo - DR. VJOSA OSMANI - SADRIU\" \/>\n<meta property=\"article:published_time\" content=\"2016-11-10T19:22:25+00:00\" \/>\n<meta property=\"og:image\" content=\"https:\/\/president-ksgov.net\/wp-content\/uploads\/Zyra-e-Presidentes-Featured-Image1-e1678970937938.png\" \/>\n\t<meta property=\"og:image:width\" content=\"1024\" \/>\n\t<meta property=\"og:image:height\" content=\"716\" \/>\n\t<meta property=\"og:image:type\" content=\"image\/png\" \/>\n<meta name=\"author\" content=\"admin\" \/>\n<meta name=\"twitter:card\" content=\"summary_large_image\" \/>\n<meta name=\"twitter:label1\" content=\"\u041d\u0430\u043f\u0438\u0441\u0430\u043d\u043e \u043e\u0434\" \/>\n\t<meta name=\"twitter:data1\" content=\"admin\" \/>\n\t<meta name=\"twitter:label2\" content=\"\u041f\u0440\u043e\u0446\u0435\u045a\u0435\u043d\u043e \u0432\u0440\u0435\u043c\u0435 \u0447\u0438\u0442\u0430\u045a\u0430\" \/>\n\t<meta name=\"twitter:data2\" content=\"1 \u043c\u0438\u043d\u0443\u0442\" \/>\n<script type=\"application\/ld+json\" class=\"yoast-schema-graph\">{\"@context\":\"https:\/\/schema.org\",\"@graph\":[{\"@type\":\"WebPage\",\"@id\":\"https:\/\/president-ksgov.net\/sr\/medijska-agenda-predsednika-thaci-ja-za-sutra-petak-11-novembar-2\/\",\"url\":\"https:\/\/president-ksgov.net\/sr\/medijska-agenda-predsednika-thaci-ja-za-sutra-petak-11-novembar-2\/\",\"name\":\"Medijska agenda predsednika Tha\u00e7i-ja za sutra (petak, 11. novembar) - Predsednik Republike Kosovo - DR. VJOSA OSMANI - SADRIU\",\"isPartOf\":{\"@id\":\"https:\/\/president-ksgov.net\/#website\"},\"primaryImageOfPage\":{\"@id\":\"https:\/\/president-ksgov.net\/sr\/medijska-agenda-predsednika-thaci-ja-za-sutra-petak-11-novembar-2\/#primaryimage\"},\"image\":{\"@id\":\"https:\/\/president-ksgov.net\/sr\/medijska-agenda-predsednika-thaci-ja-za-sutra-petak-11-novembar-2\/#primaryimage\"},\"thumbnailUrl\":\"https:\/\/president-ksgov.net\/wp-content\/uploads\/Zyra-e-Presidentes-Featured-Image1-e1678970937938.png\",\"datePublished\":\"2016-11-10T19:22:25+00:00\",\"dateModified\":\"2016-11-10T19:22:25+00:00\",\"author\":{\"@id\":\"https:\/\/president-ksgov.net\/#\/schema\/person\/bb4337a5fb147cb2046d80548172cbee\"},\"description\":\"Medijska agenda predsednika Tha\u00e7i-ja za sutra (petak, 11. novembar) - Predsednik Republike Kosovo - DR. VJOSA OSMANI - SADRIU -\",\"breadcrumb\":{\"@id\":\"https:\/\/president-ksgov.net\/sr\/medijska-agenda-predsednika-thaci-ja-za-sutra-petak-11-novembar-2\/#breadcrumb\"},\"inLanguage\":\"sr-RS\",\"potentialAction\":[{\"@type\":\"ReadAction\",\"target\":[\"https:\/\/president-ksgov.net\/sr\/medijska-agenda-predsednika-thaci-ja-za-sutra-petak-11-novembar-2\/\"]}]},{\"@type\":\"ImageObject\",\"inLanguage\":\"sr-RS\",\"@id\":\"https:\/\/president-ksgov.net\/sr\/medijska-agenda-predsednika-thaci-ja-za-sutra-petak-11-novembar-2\/#primaryimage\",\"url\":\"https:\/\/president-ksgov.net\/wp-content\/uploads\/Zyra-e-Presidentes-Featured-Image1-e1678970937938.png\",\"contentUrl\":\"https:\/\/president-ksgov.net\/wp-content\/uploads\/Zyra-e-Presidentes-Featured-Image1-e1678970937938.png\",\"width\":1024,\"height\":716},{\"@type\":\"BreadcrumbList\",\"@id\":\"https:\/\/president-ksgov.net\/sr\/medijska-agenda-predsednika-thaci-ja-za-sutra-petak-11-novembar-2\/#breadcrumb\",\"itemListElement\":[{\"@type\":\"ListItem\",\"position\":1,\"name\":\"Home\",\"item\":\"https:\/\/president-ksgov.net\/sr\/\"},{\"@type\":\"ListItem\",\"position\":2,\"name\":\"Medijska agenda predsednika Tha\u00e7i-ja za sutra (petak, 11. novembar)\"}]},{\"@type\":\"WebSite\",\"@id\":\"https:\/\/president-ksgov.net\/#website\",\"url\":\"https:\/\/president-ksgov.net\/\",\"name\":\"Presidente e Republik\u00ebs s\u00eb Kosov\u00ebs\",\"description\":\"Presidente e Republik\u00ebs s\u00eb Kosov\u00ebs\",\"alternateName\":\"DR. VJOSA OSMANI - SADRIU\",\"potentialAction\":[{\"@type\":\"SearchAction\",\"target\":{\"@type\":\"EntryPoint\",\"urlTemplate\":\"https:\/\/president-ksgov.net\/?s={search_term_string}\"},\"query-input\":{\"@type\":\"PropertyValueSpecification\",\"valueRequired\":true,\"valueName\":\"search_term_string\"}}],\"inLanguage\":\"sr-RS\"},{\"@type\":\"Person\",\"@id\":\"https:\/\/president-ksgov.net\/#\/schema\/person\/bb4337a5fb147cb2046d80548172cbee\",\"name\":\"admin\",\"image\":{\"@type\":\"ImageObject\",\"inLanguage\":\"sr-RS\",\"@id\":\"https:\/\/president-ksgov.net\/#\/schema\/person\/image\/\",\"url\":\"https:\/\/secure.gravatar.com\/avatar\/36156ca0fa3b8d9d25174f146e16beea0cf28f37adf1b9e19b6c9c279a7c9dd3?s=96&d=mm&r=g\",\"contentUrl\":\"https:\/\/secure.gravatar.com\/avatar\/36156ca0fa3b8d9d25174f146e16beea0cf28f37adf1b9e19b6c9c279a7c9dd3?s=96&d=mm&r=g\",\"caption\":\"admin\"},\"sameAs\":[\"https:\/\/president-ksgov.net\"]}]}<\/script>\n<!-- \/ Yoast SEO plugin. -->","yoast_head_json":{"title":"Medijska agenda predsednika Tha\u00e7i-ja za sutra (petak, 11. novembar) - Predsednik Republike Kosovo - DR. VJOSA OSMANI - SADRIU","description":"Medijska agenda predsednika Tha\u00e7i-ja za sutra (petak, 11. novembar) - Predsednik Republike Kosovo - DR. VJOSA OSMANI - SADRIU -","robots":{"index":"index","follow":"follow","max-snippet":"max-snippet:-1","max-image-preview":"max-image-preview:large","max-video-preview":"max-video-preview:-1"},"canonical":"https:\/\/president-ksgov.net\/sr\/medijska-agenda-predsednika-thaci-ja-za-sutra-petak-11-novembar-2\/","og_locale":"sr_RS","og_type":"article","og_title":"Medijska agenda predsednika Tha\u00e7i-ja za sutra (petak, 11. novembar) - Predsednik Republike Kosovo - DR. VJOSA OSMANI - SADRIU","og_description":"Medijska agenda predsednika Tha\u00e7i-ja za sutra (petak, 11. novembar) - Predsednik Republike Kosovo - DR. VJOSA OSMANI - SADRIU -","og_url":"https:\/\/president-ksgov.net\/sr\/medijska-agenda-predsednika-thaci-ja-za-sutra-petak-11-novembar-2\/","og_site_name":"Predsednik Republike Kosovo - DR. VJOSA OSMANI - SADRIU","article_published_time":"2016-11-10T19:22:25+00:00","og_image":[{"width":1024,"height":716,"url":"https:\/\/president-ksgov.net\/wp-content\/uploads\/Zyra-e-Presidentes-Featured-Image1-e1678970937938.png","type":"image\/png"}],"author":"admin","twitter_card":"summary_large_image","twitter_misc":{"\u041d\u0430\u043f\u0438\u0441\u0430\u043d\u043e \u043e\u0434":"admin","\u041f\u0440\u043e\u0446\u0435\u045a\u0435\u043d\u043e \u0432\u0440\u0435\u043c\u0435 \u0447\u0438\u0442\u0430\u045a\u0430":"1 \u043c\u0438\u043d\u0443\u0442"},"schema":{"@context":"https:\/\/schema.org","@graph":[{"@type":"WebPage","@id":"https:\/\/president-ksgov.net\/sr\/medijska-agenda-predsednika-thaci-ja-za-sutra-petak-11-novembar-2\/","url":"https:\/\/president-ksgov.net\/sr\/medijska-agenda-predsednika-thaci-ja-za-sutra-petak-11-novembar-2\/","name":"Medijska agenda predsednika Tha\u00e7i-ja za sutra (petak, 11. novembar) - Predsednik Republike Kosovo - DR. VJOSA OSMANI - SADRIU","isPartOf":{"@id":"https:\/\/president-ksgov.net\/#website"},"primaryImageOfPage":{"@id":"https:\/\/president-ksgov.net\/sr\/medijska-agenda-predsednika-thaci-ja-za-sutra-petak-11-novembar-2\/#primaryimage"},"image":{"@id":"https:\/\/president-ksgov.net\/sr\/medijska-agenda-predsednika-thaci-ja-za-sutra-petak-11-novembar-2\/#primaryimage"},"thumbnailUrl":"https:\/\/president-ksgov.net\/wp-content\/uploads\/Zyra-e-Presidentes-Featured-Image1-e1678970937938.png","datePublished":"2016-11-10T19:22:25+00:00","dateModified":"2016-11-10T19:22:25+00:00","author":{"@id":"https:\/\/president-ksgov.net\/#\/schema\/person\/bb4337a5fb147cb2046d80548172cbee"},"description":"Medijska agenda predsednika Tha\u00e7i-ja za sutra (petak, 11. novembar) - Predsednik Republike Kosovo - DR. VJOSA OSMANI - SADRIU -","breadcrumb":{"@id":"https:\/\/president-ksgov.net\/sr\/medijska-agenda-predsednika-thaci-ja-za-sutra-petak-11-novembar-2\/#breadcrumb"},"inLanguage":"sr-RS","potentialAction":[{"@type":"ReadAction","target":["https:\/\/president-ksgov.net\/sr\/medijska-agenda-predsednika-thaci-ja-za-sutra-petak-11-novembar-2\/"]}]},{"@type":"ImageObject","inLanguage":"sr-RS","@id":"https:\/\/president-ksgov.net\/sr\/medijska-agenda-predsednika-thaci-ja-za-sutra-petak-11-novembar-2\/#primaryimage","url":"https:\/\/president-ksgov.net\/wp-content\/uploads\/Zyra-e-Presidentes-Featured-Image1-e1678970937938.png","contentUrl":"https:\/\/president-ksgov.net\/wp-content\/uploads\/Zyra-e-Presidentes-Featured-Image1-e1678970937938.png","width":1024,"height":716},{"@type":"BreadcrumbList","@id":"https:\/\/president-ksgov.net\/sr\/medijska-agenda-predsednika-thaci-ja-za-sutra-petak-11-novembar-2\/#breadcrumb","itemListElement":[{"@type":"ListItem","position":1,"name":"Home","item":"https:\/\/president-ksgov.net\/sr\/"},{"@type":"ListItem","position":2,"name":"Medijska agenda predsednika Tha\u00e7i-ja za sutra (petak, 11. novembar)"}]},{"@type":"WebSite","@id":"https:\/\/president-ksgov.net\/#website","url":"https:\/\/president-ksgov.net\/","name":"Presidente e Republik\u00ebs s\u00eb Kosov\u00ebs","description":"Presidente e Republik\u00ebs s\u00eb Kosov\u00ebs","alternateName":"DR. VJOSA OSMANI - SADRIU","potentialAction":[{"@type":"SearchAction","target":{"@type":"EntryPoint","urlTemplate":"https:\/\/president-ksgov.net\/?s={search_term_string}"},"query-input":{"@type":"PropertyValueSpecification","valueRequired":true,"valueName":"search_term_string"}}],"inLanguage":"sr-RS"},{"@type":"Person","@id":"https:\/\/president-ksgov.net\/#\/schema\/person\/bb4337a5fb147cb2046d80548172cbee","name":"admin","image":{"@type":"ImageObject","inLanguage":"sr-RS","@id":"https:\/\/president-ksgov.net\/#\/schema\/person\/image\/","url":"https:\/\/secure.gravatar.com\/avatar\/36156ca0fa3b8d9d25174f146e16beea0cf28f37adf1b9e19b6c9c279a7c9dd3?s=96&d=mm&r=g","contentUrl":"https:\/\/secure.gravatar.com\/avatar\/36156ca0fa3b8d9d25174f146e16beea0cf28f37adf1b9e19b6c9c279a7c9dd3?s=96&d=mm&r=g","caption":"admin"},"sameAs":["https:\/\/president-ksgov.net"]}]}},"_links":{"self":[{"href":"https:\/\/president-ksgov.net\/sr\/wp-json\/wp\/v2\/posts\/76605","targetHints":{"allow":["GET"]}}],"collection":[{"href":"https:\/\/president-ksgov.net\/sr\/wp-json\/wp\/v2\/posts"}],"about":[{"href":"https:\/\/president-ksgov.net\/sr\/wp-json\/wp\/v2\/types\/post"}],"author":[{"embeddable":true,"href":"https:\/\/president-ksgov.net\/sr\/wp-json\/wp\/v2\/users\/1"}],"replies":[{"embeddable":true,"href":"https:\/\/president-ksgov.net\/sr\/wp-json\/wp\/v2\/comments?post=76605"}],"version-history":[{"count":0,"href":"https:\/\/president-ksgov.net\/sr\/wp-json\/wp\/v2\/posts\/76605\/revisions"}],"wp:featuredmedia":[{"embeddable":true,"href":"https:\/\/president-ksgov.net\/sr\/wp-json\/wp\/v2\/media\/86338"}],"wp:attachment":[{"href":"https:\/\/president-ksgov.net\/sr\/wp-json\/wp\/v2\/media?parent=76605"}],"wp:term":[{"taxonomy":"category","embeddable":true,"href":"https:\/\/president-ksgov.net\/sr\/wp-json\/wp\/v2\/categories?post=76605"},{"taxonomy":"post_tag","embeddable":true,"href":"https:\/\/president-ksgov.net\/sr\/wp-json\/wp\/v2\/tags?post=76605"}],"curies":[{"name":"wp","href":"https:\/\/api.w.org\/{rel}","templated":true}]}}