{"id":76602,"date":"2016-11-11T11:22:58","date_gmt":"2016-11-11T11:22:58","guid":{"rendered":"https:\/\/dev.president-ksgov.net\/predsednik-nema-istinske-demokratije-bez-vladavine-zakona-ukoliko-ne-branimo-ljudska-prava\/"},"modified":"2016-11-11T11:22:58","modified_gmt":"2016-11-11T11:22:58","slug":"predsednik-nema-istinske-demokratije-bez-vladavine-zakona-ukoliko-ne-branimo-ljudska-prava","status":"publish","type":"post","link":"https:\/\/president-ksgov.net\/sr\/predsednik-nema-istinske-demokratije-bez-vladavine-zakona-ukoliko-ne-branimo-ljudska-prava\/","title":{"rendered":"Predsednik: Nema istinske demokratije bez vladavine zakona, ukoliko ne branimo ljudska prava"},"content":{"rendered":"<p>Petak, 11. novembar 2016. godine &#8211; Predsednik Republike Kosova, Hashim Tha\u00e7i, u\u010destvovao je na konferenciji koju je organizovala Misija OEBS-a o informacionoj kampanji o paketima zakona o ljudskim pravima.<\/p>\n<p>Predsednik Tha\u00e7i je rekao da su osnovna ljudska prava i slobode neodvojiva, neotu\u0111iva i neprikosnovena i osnov su pravnog reda, garantovana su Ustavom Republike Kosova.<br \/>\n\u00a0<br \/>\n&#8222;Kosovo se anga&#382;uje da po&#353;tuje i promovi&#353;e prava i me\u0111unarodne instrumente koji su povezani sa za&#353;titom ljudskih i osnovnih prava. Posebna pa&#382;nja bi\u0107e posve\u0107ena za&#353;titi lica koja pripadaju osetljivim grupama i manjinama, kako ne bi bila diskriminisana&#8220;, rekao je predsednik Tha\u00e7i.<br \/>\n\u00a0<br \/>\nPrema predsedniku, zakonski okvir koji reguli&#353;e polje ljudskih prava je vidno unapre\u0111en usvajanjem paketa zakona o ljudskim pravima, koji obuhvata Zakon o za&#353;titi od diskriminacije, Zakon o rodnoj ravnopravnosti i Zakon o ombudsmanu.<br \/>\n\u00a0<br \/>\n&#8222;Bitnost osnovnih ljudskih prava i sloboda je odlu\u010duju\u0107a kako bi se obezbedila demokratija i vladavina zakona na Kosovu. Ne\u0107e biti istinske demokratije i vladavine zakona ukoliko gra\u0111anima ne bude omogu\u0107eno po&#353;tovanje, za&#353;tita i sprovo\u0111enje ljudskih prava&#8220;, rekao je on.<br \/>\n\u00a0<br \/>\nDa bi smo imali uspeha u za&#353;titi u unapre\u0111ivanju ljudskih prava, predsednik Tha\u00e7i je rekao da je svakako potrebna saradnja sa svim mehanizmima i organima na dr&#382;avnom nivou, bilo da su institucionalni ili iz civilnog dru&#353;tva i saradnja sa me\u0111unarodnim mehanizmima i organima.<br \/>\n\u00a0<br \/>\n&#8222;Institucije i na&#353;i gra\u0111ani ne mogu i ne treba da \u0107ute o za&#353;titi ljudskih prava. Odgovornost svake institucije i svakog gra\u0111anina je da bude anga&#382;ovan u za&#353;titi i na unapre\u0111enju ljudskih prava, koja su zagarantovana Ustavom i odre\u0111enim zakonodavstvom na snazi&#8220;, rekao je predsednik\u00a0 Tha\u00e7i.<br \/>\n\u00a0<br \/>\n&#8220;Kao dru&#353;tvo ne treba da budemo zadovoljni da reagujemo samo u situacijama kada se &#382;rtve koje do&#382;ive diskriminaciju\u00a0 &#382;ale i da im samo tada pru&#382;amo zakonsku pomo\u0107 i za&#353;titu. Potrebna je borba bez kompromisa protiv svakog akta diskriminacije&#8220;, rekao je predsednik Tha\u00e7i, dodaju\u0107i da treba ceniti i koristi koje nam donosi raznolikost svih nas i to treba da za&#353;titimo.<br \/>\n\u00a0<br \/>\nNa ovoj konferenciji, predsednik Tha\u00e7i je rekao da nadle&#382;ni organi treba da se u potpunosti stave u funkciju i da obele&#382;e bitne rezultate u pravcu spre\u010davanja i borbe protiv svakog akta diskriminacije.<br \/>\n\u00a0<br \/>\n&#8222;Stvaranje zakonskog osnova treba da bude pra\u0107eno i efektivnim sprovo\u0111enjem tog zakonskog osnova&#8220;, rekao je predsednik\u00a0 Tha\u00e7i.<br \/>\n\u00a0<br \/>\nPrisutan na konferenciji OEBS-a o informativnoj kampanji paketa zakona o ljudskim pravima bio je i ambasador OEBS-a na Kosovu, Jan Braathu, kao i ombudsman, Hilmi Jashari.<\/p>\n","protected":false},"excerpt":{"rendered":"<p>Petak, 11. novembar 2016. godine &#8211; Predsednik Republike Kosova, Hashim Tha\u00e7i, u\u010destvovao je na konferenciji koju je organizovala Misija OEBS-a o informacionoj kampanji o paketima zakona o ljudskim pravima.<\/p>\n","protected":false},"author":1,"featured_media":32507,"comment_status":"open","ping_status":"closed","sticky":false,"template":"","format":"standard","meta":{"_eb_attr":"","footnotes":""},"categories":[101],"tags":[],"class_list":["post-76602","post","type-post","status-publish","format-standard","has-post-thumbnail","hentry","category-vesti"],"yoast_head":"<!-- This site is optimized with the Yoast SEO plugin v23.5 - https:\/\/yoast.com\/wordpress\/plugins\/seo\/ -->\n<title>Predsednik: Nema istinske demokratije bez vladavine zakona, ukoliko ne branimo ljudska prava - Predsednik Republike Kosovo - DR. VJOSA OSMANI - SADRIU<\/title>\n<meta name=\"description\" content=\"Predsednik: Nema istinske demokratije bez vladavine zakona, ukoliko ne branimo ljudska prava - Predsednik Republike Kosovo - DR. VJOSA OSMANI - SADRIU -\" \/>\n<meta name=\"robots\" content=\"index, follow, max-snippet:-1, max-image-preview:large, max-video-preview:-1\" \/>\n<link rel=\"canonical\" href=\"https:\/\/president-ksgov.net\/sr\/predsednik-nema-istinske-demokratije-bez-vladavine-zakona-ukoliko-ne-branimo-ljudska-prava\/\" \/>\n<meta property=\"og:locale\" content=\"sr_RS\" \/>\n<meta property=\"og:type\" content=\"article\" \/>\n<meta property=\"og:title\" content=\"Predsednik: Nema istinske demokratije bez vladavine zakona, ukoliko ne branimo ljudska prava - Predsednik Republike Kosovo - DR. VJOSA OSMANI - SADRIU\" \/>\n<meta property=\"og:description\" content=\"Predsednik: Nema istinske demokratije bez vladavine zakona, ukoliko ne branimo ljudska prava - Predsednik Republike Kosovo - DR. VJOSA OSMANI - SADRIU -\" \/>\n<meta property=\"og:url\" content=\"https:\/\/president-ksgov.net\/sr\/predsednik-nema-istinske-demokratije-bez-vladavine-zakona-ukoliko-ne-branimo-ljudska-prava\/\" \/>\n<meta property=\"og:site_name\" content=\"Predsednik Republike Kosovo - DR. VJOSA OSMANI - SADRIU\" \/>\n<meta property=\"article:published_time\" content=\"2016-11-11T11:22:58+00:00\" \/>\n<meta property=\"og:image\" content=\"https:\/\/president-ksgov.net\/wp-content\/uploads\/11_11_2016_1119553_DSC_0056.jpg\" \/>\n\t<meta property=\"og:image:width\" content=\"2409\" \/>\n\t<meta property=\"og:image:height\" content=\"1604\" \/>\n\t<meta property=\"og:image:type\" content=\"image\/jpeg\" \/>\n<meta name=\"author\" content=\"admin\" \/>\n<meta name=\"twitter:card\" content=\"summary_large_image\" \/>\n<meta name=\"twitter:label1\" content=\"\u041d\u0430\u043f\u0438\u0441\u0430\u043d\u043e \u043e\u0434\" \/>\n\t<meta name=\"twitter:data1\" content=\"admin\" \/>\n\t<meta name=\"twitter:label2\" content=\"\u041f\u0440\u043e\u0446\u0435\u045a\u0435\u043d\u043e \u0432\u0440\u0435\u043c\u0435 \u0447\u0438\u0442\u0430\u045a\u0430\" \/>\n\t<meta name=\"twitter:data2\" content=\"2 \u043c\u0438\u043d\u0443\u0442\u0430\" \/>\n<script type=\"application\/ld+json\" class=\"yoast-schema-graph\">{\"@context\":\"https:\/\/schema.org\",\"@graph\":[{\"@type\":\"WebPage\",\"@id\":\"https:\/\/president-ksgov.net\/sr\/predsednik-nema-istinske-demokratije-bez-vladavine-zakona-ukoliko-ne-branimo-ljudska-prava\/\",\"url\":\"https:\/\/president-ksgov.net\/sr\/predsednik-nema-istinske-demokratije-bez-vladavine-zakona-ukoliko-ne-branimo-ljudska-prava\/\",\"name\":\"Predsednik: Nema istinske demokratije bez vladavine zakona, ukoliko ne branimo ljudska prava - Predsednik Republike Kosovo - DR. VJOSA OSMANI - SADRIU\",\"isPartOf\":{\"@id\":\"https:\/\/president-ksgov.net\/#website\"},\"primaryImageOfPage\":{\"@id\":\"https:\/\/president-ksgov.net\/sr\/predsednik-nema-istinske-demokratije-bez-vladavine-zakona-ukoliko-ne-branimo-ljudska-prava\/#primaryimage\"},\"image\":{\"@id\":\"https:\/\/president-ksgov.net\/sr\/predsednik-nema-istinske-demokratije-bez-vladavine-zakona-ukoliko-ne-branimo-ljudska-prava\/#primaryimage\"},\"thumbnailUrl\":\"https:\/\/president-ksgov.net\/wp-content\/uploads\/11_11_2016_1119553_DSC_0056.jpg\",\"datePublished\":\"2016-11-11T11:22:58+00:00\",\"dateModified\":\"2016-11-11T11:22:58+00:00\",\"author\":{\"@id\":\"https:\/\/president-ksgov.net\/#\/schema\/person\/bb4337a5fb147cb2046d80548172cbee\"},\"description\":\"Predsednik: Nema istinske demokratije bez vladavine zakona, ukoliko ne branimo ljudska prava - Predsednik Republike Kosovo - DR. VJOSA OSMANI - SADRIU -\",\"breadcrumb\":{\"@id\":\"https:\/\/president-ksgov.net\/sr\/predsednik-nema-istinske-demokratije-bez-vladavine-zakona-ukoliko-ne-branimo-ljudska-prava\/#breadcrumb\"},\"inLanguage\":\"sr-RS\",\"potentialAction\":[{\"@type\":\"ReadAction\",\"target\":[\"https:\/\/president-ksgov.net\/sr\/predsednik-nema-istinske-demokratije-bez-vladavine-zakona-ukoliko-ne-branimo-ljudska-prava\/\"]}]},{\"@type\":\"ImageObject\",\"inLanguage\":\"sr-RS\",\"@id\":\"https:\/\/president-ksgov.net\/sr\/predsednik-nema-istinske-demokratije-bez-vladavine-zakona-ukoliko-ne-branimo-ljudska-prava\/#primaryimage\",\"url\":\"https:\/\/president-ksgov.net\/wp-content\/uploads\/11_11_2016_1119553_DSC_0056.jpg\",\"contentUrl\":\"https:\/\/president-ksgov.net\/wp-content\/uploads\/11_11_2016_1119553_DSC_0056.jpg\",\"width\":2409,\"height\":1604},{\"@type\":\"BreadcrumbList\",\"@id\":\"https:\/\/president-ksgov.net\/sr\/predsednik-nema-istinske-demokratije-bez-vladavine-zakona-ukoliko-ne-branimo-ljudska-prava\/#breadcrumb\",\"itemListElement\":[{\"@type\":\"ListItem\",\"position\":1,\"name\":\"Home\",\"item\":\"https:\/\/president-ksgov.net\/sr\/\"},{\"@type\":\"ListItem\",\"position\":2,\"name\":\"Predsednik: Nema istinske demokratije bez vladavine zakona, ukoliko ne branimo ljudska prava\"}]},{\"@type\":\"WebSite\",\"@id\":\"https:\/\/president-ksgov.net\/#website\",\"url\":\"https:\/\/president-ksgov.net\/\",\"name\":\"Presidente e Republik\u00ebs s\u00eb Kosov\u00ebs\",\"description\":\"Presidente e Republik\u00ebs s\u00eb Kosov\u00ebs\",\"alternateName\":\"DR. VJOSA OSMANI - SADRIU\",\"potentialAction\":[{\"@type\":\"SearchAction\",\"target\":{\"@type\":\"EntryPoint\",\"urlTemplate\":\"https:\/\/president-ksgov.net\/?s={search_term_string}\"},\"query-input\":{\"@type\":\"PropertyValueSpecification\",\"valueRequired\":true,\"valueName\":\"search_term_string\"}}],\"inLanguage\":\"sr-RS\"},{\"@type\":\"Person\",\"@id\":\"https:\/\/president-ksgov.net\/#\/schema\/person\/bb4337a5fb147cb2046d80548172cbee\",\"name\":\"admin\",\"image\":{\"@type\":\"ImageObject\",\"inLanguage\":\"sr-RS\",\"@id\":\"https:\/\/president-ksgov.net\/#\/schema\/person\/image\/\",\"url\":\"https:\/\/secure.gravatar.com\/avatar\/36156ca0fa3b8d9d25174f146e16beea0cf28f37adf1b9e19b6c9c279a7c9dd3?s=96&d=mm&r=g\",\"contentUrl\":\"https:\/\/secure.gravatar.com\/avatar\/36156ca0fa3b8d9d25174f146e16beea0cf28f37adf1b9e19b6c9c279a7c9dd3?s=96&d=mm&r=g\",\"caption\":\"admin\"},\"sameAs\":[\"https:\/\/president-ksgov.net\"]}]}<\/script>\n<!-- \/ Yoast SEO plugin. -->","yoast_head_json":{"title":"Predsednik: Nema istinske demokratije bez vladavine zakona, ukoliko ne branimo ljudska prava - Predsednik Republike Kosovo - DR. VJOSA OSMANI - SADRIU","description":"Predsednik: Nema istinske demokratije bez vladavine zakona, ukoliko ne branimo ljudska prava - Predsednik Republike Kosovo - DR. VJOSA OSMANI - SADRIU -","robots":{"index":"index","follow":"follow","max-snippet":"max-snippet:-1","max-image-preview":"max-image-preview:large","max-video-preview":"max-video-preview:-1"},"canonical":"https:\/\/president-ksgov.net\/sr\/predsednik-nema-istinske-demokratije-bez-vladavine-zakona-ukoliko-ne-branimo-ljudska-prava\/","og_locale":"sr_RS","og_type":"article","og_title":"Predsednik: Nema istinske demokratije bez vladavine zakona, ukoliko ne branimo ljudska prava - Predsednik Republike Kosovo - DR. VJOSA OSMANI - SADRIU","og_description":"Predsednik: Nema istinske demokratije bez vladavine zakona, ukoliko ne branimo ljudska prava - Predsednik Republike Kosovo - DR. VJOSA OSMANI - SADRIU -","og_url":"https:\/\/president-ksgov.net\/sr\/predsednik-nema-istinske-demokratije-bez-vladavine-zakona-ukoliko-ne-branimo-ljudska-prava\/","og_site_name":"Predsednik Republike Kosovo - DR. VJOSA OSMANI - SADRIU","article_published_time":"2016-11-11T11:22:58+00:00","og_image":[{"width":2409,"height":1604,"url":"https:\/\/president-ksgov.net\/wp-content\/uploads\/11_11_2016_1119553_DSC_0056.jpg","type":"image\/jpeg"}],"author":"admin","twitter_card":"summary_large_image","twitter_misc":{"\u041d\u0430\u043f\u0438\u0441\u0430\u043d\u043e \u043e\u0434":"admin","\u041f\u0440\u043e\u0446\u0435\u045a\u0435\u043d\u043e \u0432\u0440\u0435\u043c\u0435 \u0447\u0438\u0442\u0430\u045a\u0430":"2 \u043c\u0438\u043d\u0443\u0442\u0430"},"schema":{"@context":"https:\/\/schema.org","@graph":[{"@type":"WebPage","@id":"https:\/\/president-ksgov.net\/sr\/predsednik-nema-istinske-demokratije-bez-vladavine-zakona-ukoliko-ne-branimo-ljudska-prava\/","url":"https:\/\/president-ksgov.net\/sr\/predsednik-nema-istinske-demokratije-bez-vladavine-zakona-ukoliko-ne-branimo-ljudska-prava\/","name":"Predsednik: Nema istinske demokratije bez vladavine zakona, ukoliko ne branimo ljudska prava - Predsednik Republike Kosovo - DR. VJOSA OSMANI - SADRIU","isPartOf":{"@id":"https:\/\/president-ksgov.net\/#website"},"primaryImageOfPage":{"@id":"https:\/\/president-ksgov.net\/sr\/predsednik-nema-istinske-demokratije-bez-vladavine-zakona-ukoliko-ne-branimo-ljudska-prava\/#primaryimage"},"image":{"@id":"https:\/\/president-ksgov.net\/sr\/predsednik-nema-istinske-demokratije-bez-vladavine-zakona-ukoliko-ne-branimo-ljudska-prava\/#primaryimage"},"thumbnailUrl":"https:\/\/president-ksgov.net\/wp-content\/uploads\/11_11_2016_1119553_DSC_0056.jpg","datePublished":"2016-11-11T11:22:58+00:00","dateModified":"2016-11-11T11:22:58+00:00","author":{"@id":"https:\/\/president-ksgov.net\/#\/schema\/person\/bb4337a5fb147cb2046d80548172cbee"},"description":"Predsednik: Nema istinske demokratije bez vladavine zakona, ukoliko ne branimo ljudska prava - Predsednik Republike Kosovo - DR. VJOSA OSMANI - SADRIU -","breadcrumb":{"@id":"https:\/\/president-ksgov.net\/sr\/predsednik-nema-istinske-demokratije-bez-vladavine-zakona-ukoliko-ne-branimo-ljudska-prava\/#breadcrumb"},"inLanguage":"sr-RS","potentialAction":[{"@type":"ReadAction","target":["https:\/\/president-ksgov.net\/sr\/predsednik-nema-istinske-demokratije-bez-vladavine-zakona-ukoliko-ne-branimo-ljudska-prava\/"]}]},{"@type":"ImageObject","inLanguage":"sr-RS","@id":"https:\/\/president-ksgov.net\/sr\/predsednik-nema-istinske-demokratije-bez-vladavine-zakona-ukoliko-ne-branimo-ljudska-prava\/#primaryimage","url":"https:\/\/president-ksgov.net\/wp-content\/uploads\/11_11_2016_1119553_DSC_0056.jpg","contentUrl":"https:\/\/president-ksgov.net\/wp-content\/uploads\/11_11_2016_1119553_DSC_0056.jpg","width":2409,"height":1604},{"@type":"BreadcrumbList","@id":"https:\/\/president-ksgov.net\/sr\/predsednik-nema-istinske-demokratije-bez-vladavine-zakona-ukoliko-ne-branimo-ljudska-prava\/#breadcrumb","itemListElement":[{"@type":"ListItem","position":1,"name":"Home","item":"https:\/\/president-ksgov.net\/sr\/"},{"@type":"ListItem","position":2,"name":"Predsednik: Nema istinske demokratije bez vladavine zakona, ukoliko ne branimo ljudska prava"}]},{"@type":"WebSite","@id":"https:\/\/president-ksgov.net\/#website","url":"https:\/\/president-ksgov.net\/","name":"Presidente e Republik\u00ebs s\u00eb Kosov\u00ebs","description":"Presidente e Republik\u00ebs s\u00eb Kosov\u00ebs","alternateName":"DR. VJOSA OSMANI - SADRIU","potentialAction":[{"@type":"SearchAction","target":{"@type":"EntryPoint","urlTemplate":"https:\/\/president-ksgov.net\/?s={search_term_string}"},"query-input":{"@type":"PropertyValueSpecification","valueRequired":true,"valueName":"search_term_string"}}],"inLanguage":"sr-RS"},{"@type":"Person","@id":"https:\/\/president-ksgov.net\/#\/schema\/person\/bb4337a5fb147cb2046d80548172cbee","name":"admin","image":{"@type":"ImageObject","inLanguage":"sr-RS","@id":"https:\/\/president-ksgov.net\/#\/schema\/person\/image\/","url":"https:\/\/secure.gravatar.com\/avatar\/36156ca0fa3b8d9d25174f146e16beea0cf28f37adf1b9e19b6c9c279a7c9dd3?s=96&d=mm&r=g","contentUrl":"https:\/\/secure.gravatar.com\/avatar\/36156ca0fa3b8d9d25174f146e16beea0cf28f37adf1b9e19b6c9c279a7c9dd3?s=96&d=mm&r=g","caption":"admin"},"sameAs":["https:\/\/president-ksgov.net"]}]}},"_links":{"self":[{"href":"https:\/\/president-ksgov.net\/sr\/wp-json\/wp\/v2\/posts\/76602","targetHints":{"allow":["GET"]}}],"collection":[{"href":"https:\/\/president-ksgov.net\/sr\/wp-json\/wp\/v2\/posts"}],"about":[{"href":"https:\/\/president-ksgov.net\/sr\/wp-json\/wp\/v2\/types\/post"}],"author":[{"embeddable":true,"href":"https:\/\/president-ksgov.net\/sr\/wp-json\/wp\/v2\/users\/1"}],"replies":[{"embeddable":true,"href":"https:\/\/president-ksgov.net\/sr\/wp-json\/wp\/v2\/comments?post=76602"}],"version-history":[{"count":0,"href":"https:\/\/president-ksgov.net\/sr\/wp-json\/wp\/v2\/posts\/76602\/revisions"}],"wp:featuredmedia":[{"embeddable":true,"href":"https:\/\/president-ksgov.net\/sr\/wp-json\/wp\/v2\/media\/32507"}],"wp:attachment":[{"href":"https:\/\/president-ksgov.net\/sr\/wp-json\/wp\/v2\/media?parent=76602"}],"wp:term":[{"taxonomy":"category","embeddable":true,"href":"https:\/\/president-ksgov.net\/sr\/wp-json\/wp\/v2\/categories?post=76602"},{"taxonomy":"post_tag","embeddable":true,"href":"https:\/\/president-ksgov.net\/sr\/wp-json\/wp\/v2\/tags?post=76602"}],"curies":[{"name":"wp","href":"https:\/\/api.w.org\/{rel}","templated":true}]}}