{"id":76590,"date":"2016-11-18T21:13:54","date_gmt":"2016-11-18T20:13:54","guid":{"rendered":"https:\/\/dev.president-ksgov.net\/predsednik-dijaspora-je-podrala-oslobodjenje-nezavisnost-i-blagostanje-albanaca\/"},"modified":"2016-11-18T21:13:54","modified_gmt":"2016-11-18T21:13:54","slug":"predsednik-dijaspora-je-podrala-oslobodjenje-nezavisnost-i-blagostanje-albanaca","status":"publish","type":"post","link":"https:\/\/president-ksgov.net\/sr\/predsednik-dijaspora-je-podrala-oslobodjenje-nezavisnost-i-blagostanje-albanaca\/","title":{"rendered":"Predsednik: Dijaspora je podr&#158;ala oslobo\u0111enje, nezavisnost i blagostanje Albanaca"},"content":{"rendered":"<p>Tirana, 18. novembar- Predsednik Republike Kosova, Hashim Tha\u00e7i, je na poziv premijera Albanije, Edi Rame, danas u\u010destvovao na Samitu dijaspore, koji je organizovan u Palati Brigada u Tirani.<\/p>\n<p>Pred mnogim predstavnicima dijaspore, predsednik Tha\u00e7i je rekao da je od vremena nacionalne renesanse, albanska dijaspora\u00a0 bila jedan od glavnih stubova u te&#382;njama na&#353;eg naroda za slobodu, nezavisnost i u izgradnji dr&#382;ave.<\/p>\n<p>&#8222;Vekovni poku&#353;aji albanskog naroda za slobodom Kosova bili su uvek podr&#382;ani od strane dijaspore, kako preko polti\u010dkog lobiranja u svetskim centrima odlu\u010divanja, tako i finansijskom, logisti\u010dkom i humanom podr&#353;kom, koja je svoj vrhunac do&#382;ivela pravi\u010dnim ratom Oslobodila\u010dke vojske Kosova&#8220;, dodao je on.<\/p>\n<p>Na ovom samitu, predsednik se prisetio Jusuf-a G\u00ebrvalla i Kadri-je Zeka, Enver-a Hadri, Agim-a Ramadani i stotine boraca koji su pali u te&#382;njama za oslobo\u0111enjem. <\/p>\n<p>Dalje, on je naglasio da se danas uloga dijaspore izmenila. Prema njemu, od podr&#382;avaoca borbe za slobodu i demokratiju, dijaspora je postala izvor socijalno- ekonomske stabilnosti. <\/p>\n<p>&#8222;Mi svi treba da radimo kako bi albanska dijaspora, velikim potencijalom koji ima, postala partner socio- ekonomskog, obrazovnog, stru\u010dnog, kulturnog i sportskog razvoja na&#353;ih dr&#382;ava&#8220;, rekao je on.<\/p>\n<p>Predsednik je naglasio da su na&#353;e devojke i na&#353;i momci, na&#353;e &#382;ene i mu&#353;karci u dijaspori danas uspe&#353;ni na svim &#382;ivotnim poljima, po\u010dev od umetnosti, kulture, muzike, sporta, do akademskog i profesionalnog, politike i poslovanja. <\/p>\n<p>&#8222;I budu\u0107i da su po&#353;teni radni ljudi najbolji ambasadori naroda i njihove otad&#382;bine. Danas, albanska dijaspora ima potrebe vi&#353;e nego ikad za njenom organizacijom, dok na&#353;e dr&#382;ave imaju potrebu da stvore bolju infrastrukturu i da budu stalni partner na&#353;ih sunarodnika&#8220;,, dodao je on.<\/p>\n<p>Predsednik je rekao da kao dve dr&#382;ave imamo obavezu da doprinesemo o\u010duvanju nacionalnog identiteta na&#353;e dijaspore i da im pru&#382;imo toplu ruku na&#353;ih dr&#382;ava.<\/p>\n<p>Prema njemu, postoji potreba da dijaspora jo&#353; vi&#353;e bude obuhva\u0107ena u institucionalni &#382;ivot zemlje.<\/p>\n<p>&#8222;Dakle, u tom duhu, u okviru rada na izbornim reformama, tretira\u0107emo i mogu\u0107nost izmene Ustava Kosova, kako bismo odredili nekoliko mesta koja \u0107e biti rezervisana i za dijasporu&#8220;, najavio je predsednik. <\/p>\n<p>Tha\u00e7i je rekao da pod modelom izvrsne saradnje i organizacije sastanaka izme\u0111u dve vlade, idu\u0107i samit dijaspore treba da bude organizovan u Pri&#353;tini.<\/p>\n","protected":false},"excerpt":{"rendered":"<p>Tirana, 18. novembar- Predsednik Republike Kosova, Hashim Tha\u00e7i, je na poziv premijera Albanije, Edi Rame, danas u\u010destvovao na Samitu dijaspore, koji je organizovan u Palati Brigada u Tirani.<\/p>\n","protected":false},"author":1,"featured_media":32397,"comment_status":"open","ping_status":"closed","sticky":false,"template":"","format":"standard","meta":{"_eb_attr":"","footnotes":""},"categories":[114,101],"tags":[],"class_list":["post-76590","post","type-post","status-publish","format-standard","has-post-thumbnail","hentry","category-medunarodne-posete","category-vesti"],"yoast_head":"<!-- This site is optimized with the Yoast SEO plugin v23.5 - https:\/\/yoast.com\/wordpress\/plugins\/seo\/ -->\n<title>Predsednik: Dijaspora je podr&#158;ala oslobo\u0111enje, nezavisnost i blagostanje Albanaca - Predsednik Republike Kosovo - DR. VJOSA OSMANI - SADRIU<\/title>\n<meta name=\"description\" content=\"Predsednik: Dijaspora je podr&#158;ala oslobo\u0111enje, nezavisnost i blagostanje Albanaca - Predsednik Republike Kosovo - DR. VJOSA OSMANI - SADRIU -\" \/>\n<meta name=\"robots\" content=\"index, follow, max-snippet:-1, max-image-preview:large, max-video-preview:-1\" \/>\n<link rel=\"canonical\" href=\"https:\/\/president-ksgov.net\/sr\/predsednik-dijaspora-je-podrala-oslobodjenje-nezavisnost-i-blagostanje-albanaca\/\" \/>\n<meta property=\"og:locale\" content=\"sr_RS\" \/>\n<meta property=\"og:type\" content=\"article\" \/>\n<meta property=\"og:title\" content=\"Predsednik: Dijaspora je podr&#158;ala oslobo\u0111enje, nezavisnost i blagostanje Albanaca - Predsednik Republike Kosovo - DR. VJOSA OSMANI - SADRIU\" \/>\n<meta property=\"og:description\" content=\"Predsednik: Dijaspora je podr&#158;ala oslobo\u0111enje, nezavisnost i blagostanje Albanaca - Predsednik Republike Kosovo - DR. VJOSA OSMANI - SADRIU -\" \/>\n<meta property=\"og:url\" content=\"https:\/\/president-ksgov.net\/sr\/predsednik-dijaspora-je-podrala-oslobodjenje-nezavisnost-i-blagostanje-albanaca\/\" \/>\n<meta property=\"og:site_name\" content=\"Predsednik Republike Kosovo - DR. VJOSA OSMANI - SADRIU\" \/>\n<meta property=\"article:published_time\" content=\"2016-11-18T20:13:54+00:00\" \/>\n<meta property=\"article:modified_time\" content=\"2016-11-18T21:13:54+00:00\" \/>\n<meta property=\"og:image\" content=\"https:\/\/president-ksgov.net\/wp-content\/uploads\/18_11_2016_8872101_17.jpg\" \/>\n\t<meta property=\"og:image:width\" content=\"1024\" \/>\n\t<meta property=\"og:image:height\" content=\"683\" \/>\n\t<meta property=\"og:image:type\" content=\"image\/jpeg\" \/>\n<meta name=\"author\" content=\"admin\" \/>\n<meta name=\"twitter:card\" content=\"summary_large_image\" \/>\n<meta name=\"twitter:label1\" content=\"\u041d\u0430\u043f\u0438\u0441\u0430\u043d\u043e \u043e\u0434\" \/>\n\t<meta name=\"twitter:data1\" content=\"admin\" \/>\n\t<meta name=\"twitter:label2\" content=\"\u041f\u0440\u043e\u0446\u0435\u045a\u0435\u043d\u043e \u0432\u0440\u0435\u043c\u0435 \u0447\u0438\u0442\u0430\u045a\u0430\" \/>\n\t<meta name=\"twitter:data2\" content=\"2 \u043c\u0438\u043d\u0443\u0442\u0430\" \/>\n<script type=\"application\/ld+json\" class=\"yoast-schema-graph\">{\"@context\":\"https:\/\/schema.org\",\"@graph\":[{\"@type\":\"WebPage\",\"@id\":\"https:\/\/president-ksgov.net\/sr\/predsednik-dijaspora-je-podrala-oslobodjenje-nezavisnost-i-blagostanje-albanaca\/\",\"url\":\"https:\/\/president-ksgov.net\/sr\/predsednik-dijaspora-je-podrala-oslobodjenje-nezavisnost-i-blagostanje-albanaca\/\",\"name\":\"Predsednik: Dijaspora je podr&#158;ala oslobo\u0111enje, nezavisnost i blagostanje Albanaca - Predsednik Republike Kosovo - DR. VJOSA OSMANI - SADRIU\",\"isPartOf\":{\"@id\":\"https:\/\/president-ksgov.net\/#website\"},\"primaryImageOfPage\":{\"@id\":\"https:\/\/president-ksgov.net\/sr\/predsednik-dijaspora-je-podrala-oslobodjenje-nezavisnost-i-blagostanje-albanaca\/#primaryimage\"},\"image\":{\"@id\":\"https:\/\/president-ksgov.net\/sr\/predsednik-dijaspora-je-podrala-oslobodjenje-nezavisnost-i-blagostanje-albanaca\/#primaryimage\"},\"thumbnailUrl\":\"https:\/\/president-ksgov.net\/wp-content\/uploads\/18_11_2016_8872101_17.jpg\",\"datePublished\":\"2016-11-18T20:13:54+00:00\",\"dateModified\":\"2016-11-18T21:13:54+00:00\",\"author\":{\"@id\":\"https:\/\/president-ksgov.net\/#\/schema\/person\/bb4337a5fb147cb2046d80548172cbee\"},\"description\":\"Predsednik: Dijaspora je podr&#158;ala oslobo\u0111enje, nezavisnost i blagostanje Albanaca - Predsednik Republike Kosovo - DR. VJOSA OSMANI - SADRIU -\",\"breadcrumb\":{\"@id\":\"https:\/\/president-ksgov.net\/sr\/predsednik-dijaspora-je-podrala-oslobodjenje-nezavisnost-i-blagostanje-albanaca\/#breadcrumb\"},\"inLanguage\":\"sr-RS\",\"potentialAction\":[{\"@type\":\"ReadAction\",\"target\":[\"https:\/\/president-ksgov.net\/sr\/predsednik-dijaspora-je-podrala-oslobodjenje-nezavisnost-i-blagostanje-albanaca\/\"]}]},{\"@type\":\"ImageObject\",\"inLanguage\":\"sr-RS\",\"@id\":\"https:\/\/president-ksgov.net\/sr\/predsednik-dijaspora-je-podrala-oslobodjenje-nezavisnost-i-blagostanje-albanaca\/#primaryimage\",\"url\":\"https:\/\/president-ksgov.net\/wp-content\/uploads\/18_11_2016_8872101_17.jpg\",\"contentUrl\":\"https:\/\/president-ksgov.net\/wp-content\/uploads\/18_11_2016_8872101_17.jpg\",\"width\":1024,\"height\":683},{\"@type\":\"BreadcrumbList\",\"@id\":\"https:\/\/president-ksgov.net\/sr\/predsednik-dijaspora-je-podrala-oslobodjenje-nezavisnost-i-blagostanje-albanaca\/#breadcrumb\",\"itemListElement\":[{\"@type\":\"ListItem\",\"position\":1,\"name\":\"Home\",\"item\":\"https:\/\/president-ksgov.net\/sr\/\"},{\"@type\":\"ListItem\",\"position\":2,\"name\":\"Predsednik: Dijaspora je podr&#158;ala oslobo\u0111enje, nezavisnost i blagostanje Albanaca\"}]},{\"@type\":\"WebSite\",\"@id\":\"https:\/\/president-ksgov.net\/#website\",\"url\":\"https:\/\/president-ksgov.net\/\",\"name\":\"Presidente e Republik\u00ebs s\u00eb Kosov\u00ebs\",\"description\":\"Presidente e Republik\u00ebs s\u00eb Kosov\u00ebs\",\"alternateName\":\"DR. VJOSA OSMANI - SADRIU\",\"potentialAction\":[{\"@type\":\"SearchAction\",\"target\":{\"@type\":\"EntryPoint\",\"urlTemplate\":\"https:\/\/president-ksgov.net\/?s={search_term_string}\"},\"query-input\":{\"@type\":\"PropertyValueSpecification\",\"valueRequired\":true,\"valueName\":\"search_term_string\"}}],\"inLanguage\":\"sr-RS\"},{\"@type\":\"Person\",\"@id\":\"https:\/\/president-ksgov.net\/#\/schema\/person\/bb4337a5fb147cb2046d80548172cbee\",\"name\":\"admin\",\"image\":{\"@type\":\"ImageObject\",\"inLanguage\":\"sr-RS\",\"@id\":\"https:\/\/president-ksgov.net\/#\/schema\/person\/image\/\",\"url\":\"https:\/\/secure.gravatar.com\/avatar\/36156ca0fa3b8d9d25174f146e16beea0cf28f37adf1b9e19b6c9c279a7c9dd3?s=96&d=mm&r=g\",\"contentUrl\":\"https:\/\/secure.gravatar.com\/avatar\/36156ca0fa3b8d9d25174f146e16beea0cf28f37adf1b9e19b6c9c279a7c9dd3?s=96&d=mm&r=g\",\"caption\":\"admin\"},\"sameAs\":[\"https:\/\/president-ksgov.net\"]}]}<\/script>\n<!-- \/ Yoast SEO plugin. -->","yoast_head_json":{"title":"Predsednik: Dijaspora je podr&#158;ala oslobo\u0111enje, nezavisnost i blagostanje Albanaca - Predsednik Republike Kosovo - DR. VJOSA OSMANI - SADRIU","description":"Predsednik: Dijaspora je podr&#158;ala oslobo\u0111enje, nezavisnost i blagostanje Albanaca - Predsednik Republike Kosovo - DR. VJOSA OSMANI - SADRIU -","robots":{"index":"index","follow":"follow","max-snippet":"max-snippet:-1","max-image-preview":"max-image-preview:large","max-video-preview":"max-video-preview:-1"},"canonical":"https:\/\/president-ksgov.net\/sr\/predsednik-dijaspora-je-podrala-oslobodjenje-nezavisnost-i-blagostanje-albanaca\/","og_locale":"sr_RS","og_type":"article","og_title":"Predsednik: Dijaspora je podr&#158;ala oslobo\u0111enje, nezavisnost i blagostanje Albanaca - Predsednik Republike Kosovo - DR. VJOSA OSMANI - SADRIU","og_description":"Predsednik: Dijaspora je podr&#158;ala oslobo\u0111enje, nezavisnost i blagostanje Albanaca - Predsednik Republike Kosovo - DR. VJOSA OSMANI - SADRIU -","og_url":"https:\/\/president-ksgov.net\/sr\/predsednik-dijaspora-je-podrala-oslobodjenje-nezavisnost-i-blagostanje-albanaca\/","og_site_name":"Predsednik Republike Kosovo - DR. VJOSA OSMANI - SADRIU","article_published_time":"2016-11-18T20:13:54+00:00","article_modified_time":"2016-11-18T21:13:54+00:00","og_image":[{"width":1024,"height":683,"url":"https:\/\/president-ksgov.net\/wp-content\/uploads\/18_11_2016_8872101_17.jpg","type":"image\/jpeg"}],"author":"admin","twitter_card":"summary_large_image","twitter_misc":{"\u041d\u0430\u043f\u0438\u0441\u0430\u043d\u043e \u043e\u0434":"admin","\u041f\u0440\u043e\u0446\u0435\u045a\u0435\u043d\u043e \u0432\u0440\u0435\u043c\u0435 \u0447\u0438\u0442\u0430\u045a\u0430":"2 \u043c\u0438\u043d\u0443\u0442\u0430"},"schema":{"@context":"https:\/\/schema.org","@graph":[{"@type":"WebPage","@id":"https:\/\/president-ksgov.net\/sr\/predsednik-dijaspora-je-podrala-oslobodjenje-nezavisnost-i-blagostanje-albanaca\/","url":"https:\/\/president-ksgov.net\/sr\/predsednik-dijaspora-je-podrala-oslobodjenje-nezavisnost-i-blagostanje-albanaca\/","name":"Predsednik: Dijaspora je podr&#158;ala oslobo\u0111enje, nezavisnost i blagostanje Albanaca - Predsednik Republike Kosovo - DR. VJOSA OSMANI - SADRIU","isPartOf":{"@id":"https:\/\/president-ksgov.net\/#website"},"primaryImageOfPage":{"@id":"https:\/\/president-ksgov.net\/sr\/predsednik-dijaspora-je-podrala-oslobodjenje-nezavisnost-i-blagostanje-albanaca\/#primaryimage"},"image":{"@id":"https:\/\/president-ksgov.net\/sr\/predsednik-dijaspora-je-podrala-oslobodjenje-nezavisnost-i-blagostanje-albanaca\/#primaryimage"},"thumbnailUrl":"https:\/\/president-ksgov.net\/wp-content\/uploads\/18_11_2016_8872101_17.jpg","datePublished":"2016-11-18T20:13:54+00:00","dateModified":"2016-11-18T21:13:54+00:00","author":{"@id":"https:\/\/president-ksgov.net\/#\/schema\/person\/bb4337a5fb147cb2046d80548172cbee"},"description":"Predsednik: Dijaspora je podr&#158;ala oslobo\u0111enje, nezavisnost i blagostanje Albanaca - Predsednik Republike Kosovo - DR. VJOSA OSMANI - SADRIU -","breadcrumb":{"@id":"https:\/\/president-ksgov.net\/sr\/predsednik-dijaspora-je-podrala-oslobodjenje-nezavisnost-i-blagostanje-albanaca\/#breadcrumb"},"inLanguage":"sr-RS","potentialAction":[{"@type":"ReadAction","target":["https:\/\/president-ksgov.net\/sr\/predsednik-dijaspora-je-podrala-oslobodjenje-nezavisnost-i-blagostanje-albanaca\/"]}]},{"@type":"ImageObject","inLanguage":"sr-RS","@id":"https:\/\/president-ksgov.net\/sr\/predsednik-dijaspora-je-podrala-oslobodjenje-nezavisnost-i-blagostanje-albanaca\/#primaryimage","url":"https:\/\/president-ksgov.net\/wp-content\/uploads\/18_11_2016_8872101_17.jpg","contentUrl":"https:\/\/president-ksgov.net\/wp-content\/uploads\/18_11_2016_8872101_17.jpg","width":1024,"height":683},{"@type":"BreadcrumbList","@id":"https:\/\/president-ksgov.net\/sr\/predsednik-dijaspora-je-podrala-oslobodjenje-nezavisnost-i-blagostanje-albanaca\/#breadcrumb","itemListElement":[{"@type":"ListItem","position":1,"name":"Home","item":"https:\/\/president-ksgov.net\/sr\/"},{"@type":"ListItem","position":2,"name":"Predsednik: Dijaspora je podr&#158;ala oslobo\u0111enje, nezavisnost i blagostanje Albanaca"}]},{"@type":"WebSite","@id":"https:\/\/president-ksgov.net\/#website","url":"https:\/\/president-ksgov.net\/","name":"Presidente e Republik\u00ebs s\u00eb Kosov\u00ebs","description":"Presidente e Republik\u00ebs s\u00eb Kosov\u00ebs","alternateName":"DR. VJOSA OSMANI - SADRIU","potentialAction":[{"@type":"SearchAction","target":{"@type":"EntryPoint","urlTemplate":"https:\/\/president-ksgov.net\/?s={search_term_string}"},"query-input":{"@type":"PropertyValueSpecification","valueRequired":true,"valueName":"search_term_string"}}],"inLanguage":"sr-RS"},{"@type":"Person","@id":"https:\/\/president-ksgov.net\/#\/schema\/person\/bb4337a5fb147cb2046d80548172cbee","name":"admin","image":{"@type":"ImageObject","inLanguage":"sr-RS","@id":"https:\/\/president-ksgov.net\/#\/schema\/person\/image\/","url":"https:\/\/secure.gravatar.com\/avatar\/36156ca0fa3b8d9d25174f146e16beea0cf28f37adf1b9e19b6c9c279a7c9dd3?s=96&d=mm&r=g","contentUrl":"https:\/\/secure.gravatar.com\/avatar\/36156ca0fa3b8d9d25174f146e16beea0cf28f37adf1b9e19b6c9c279a7c9dd3?s=96&d=mm&r=g","caption":"admin"},"sameAs":["https:\/\/president-ksgov.net"]}]}},"_links":{"self":[{"href":"https:\/\/president-ksgov.net\/sr\/wp-json\/wp\/v2\/posts\/76590","targetHints":{"allow":["GET"]}}],"collection":[{"href":"https:\/\/president-ksgov.net\/sr\/wp-json\/wp\/v2\/posts"}],"about":[{"href":"https:\/\/president-ksgov.net\/sr\/wp-json\/wp\/v2\/types\/post"}],"author":[{"embeddable":true,"href":"https:\/\/president-ksgov.net\/sr\/wp-json\/wp\/v2\/users\/1"}],"replies":[{"embeddable":true,"href":"https:\/\/president-ksgov.net\/sr\/wp-json\/wp\/v2\/comments?post=76590"}],"version-history":[{"count":0,"href":"https:\/\/president-ksgov.net\/sr\/wp-json\/wp\/v2\/posts\/76590\/revisions"}],"wp:featuredmedia":[{"embeddable":true,"href":"https:\/\/president-ksgov.net\/sr\/wp-json\/wp\/v2\/media\/32397"}],"wp:attachment":[{"href":"https:\/\/president-ksgov.net\/sr\/wp-json\/wp\/v2\/media?parent=76590"}],"wp:term":[{"taxonomy":"category","embeddable":true,"href":"https:\/\/president-ksgov.net\/sr\/wp-json\/wp\/v2\/categories?post=76590"},{"taxonomy":"post_tag","embeddable":true,"href":"https:\/\/president-ksgov.net\/sr\/wp-json\/wp\/v2\/tags?post=76590"}],"curies":[{"name":"wp","href":"https:\/\/api.w.org\/{rel}","templated":true}]}}