{"id":76589,"date":"2016-11-21T16:12:51","date_gmt":"2016-11-21T15:12:51","guid":{"rendered":"https:\/\/dev.president-ksgov.net\/predsednik-thaci-odlikovao-preko-100-osoba-u-makedoniji\/"},"modified":"2016-11-21T16:12:51","modified_gmt":"2016-11-21T16:12:51","slug":"predsednik-thaci-odlikovao-preko-100-osoba-u-makedoniji","status":"publish","type":"post","link":"https:\/\/president-ksgov.net\/sr\/predsednik-thaci-odlikovao-preko-100-osoba-u-makedoniji\/","title":{"rendered":"Predsednik Tha\u00e7i odlikovao preko 100 osoba u Makedoniji"},"content":{"rendered":"<p>Skoplje, 21. novembar &#8211; Predsednik Republike Kosova, Hashim Tha\u00e7i, je odlikovao danas preko 100 lica iz Makedonije zbog njihovih zasluga na razli\u010ditim poljima u unapre\u0111enju Albanaca, ali i za njihovu saradnju sa susednim narodima.<\/p>\n<p>Jo&#353; na po\u010detku ceremonije dodele priznanja, predsednik Tha\u00e7i je naglasio da je ponosan &#353;to se ova odlikovanja dodeljuju na pragu 108. godi&#353;njice osnivanja dana&#353;njeg albanskog alfabeta na Kongresu u Bitolju.<\/p>\n<p>&#8222;Danas sam sre\u0107an i privilegovan &#353;to se nalazim me\u0111u vama. Pre 108 godina Albanca, dok jo&#353; uvek nisu bili nezavisni, odlu\u010dili su da narodu daju jasnu politi\u010dku, istorijsku, kulturnu i civilizacijsku orijentaciju. Oni su odabrali latinski alfabet iako su tada jo&#353; uvek bili deo Otomanskog carstva, odlu\u010dili su da budu uz Zapad&#8220;, dodao je on. <\/p>\n<p>Predsednik je rekao da su tada, mu&#353;karci i &#382;ene, patriote i intelektualci iz svih predela u kojima se govorio ovaj stari indoevropski jezik, odlu\u010dili da ga standardizuju zapadnja\u010dkim i evropskim alfabetom. Prema njemu, orijentacija prema zapadnja\u010dkoj budu\u0107nosti, koja je odabrana hrabro i pametno od strane na&#353;ih prethodnika, na sre\u0107u nas i sada dr&#382;i i nadahnjuje. <\/p>\n<p>&#8222;Tako je to bilo i 90 godina nakon Kongresa o alfabetu, kada je Kosovo odabralo jasan i bolan put, ali ponosno ratuju\u0107i za o\u010duvanje njegovog postojanja&#8220;, rekao je predsednik Tha\u00e7i.<\/p>\n<p>On je rekao da \u0107e se ubrzo navr&#353;iti 8 godina od kada je Kosovo proglasilo njegovu nezavisnost, i ovo na&#353;e veliko i zajedni\u010dko\u00a0 dostignu\u0107e nije bilo lako i jednostavno. Prema njemu, to su bili konstantni poku&#353;aji ljudi koji su &#382;eleli slobodu iz \u010ditavih generacija.<\/p>\n<p>Predsednik Tha\u00e7i je rekao da je u pro&#353;lom milenijumu Kosovo postiglo da stvori politi\u010dko- vojnu organizaciju, koja je najuspe&#353;nija organizacija XX veka, najbitniji nacionalni projekat- Oslobodila\u010dku vojsku Kosova.<\/p>\n<p>Oslobodila\u010dka vojska Kosova, je prema njemu, zahvaljuju\u0107i upravo jasnoj zapadnja\u010dkoj orijentaciji, postigla zaslu&#382;enu podr&#353;ku sa Zapada i postala je osnov slobode, oslobo\u0111enja i nezavisnosti Kosova. Pred vi&#353;e od 100 li\u010dnosti u Makedoniji, on je rekao da ovo veliko na&#353;e postignu\u0107e ne bi uop&#353;te bilo mogu\u0107e bez vas, bez &#382;rtve i va&#353;e ne&#353;tedljive bratske pomo\u0107i. <\/p>\n<p>&#8222;Dana&#353;nja ceremonija dodele zasluga i medalja od najvi&#353;e institucije Republike Kosova, zapravo je samo obele&#382;avanje ovog se\u0107anja zahvalnosti. Dana&#353;nja ceremonija je znak zahvalnosti borcima u vojnicima koji su dali &#382;ivote u bitkama pravi\u010dne borbe Oslobodila\u010dke vojske Kosova, za one koji su se borili i koji su pru&#382;ali otpor u njenim redovima&#8220;, dodao je on. <\/p>\n<p>U njegovom govoru, predsednik se zahvalio i onima koji su mnoge godine proveli u jugoslovenskim zatvorima\u00a0 tra&#382;e\u0107i slobodu, emancipaciju i prava za Albance gde god se oni nalazili. On je rekao da je zahvalnost politi\u010dkim aktivistima koji su na vreme imali potrebnu viziju, smisao i spremnost da se orijenti&#353;u prema za&#353;titi nacionalnih interesa. <\/p>\n<p>&#8222;Dana&#353;nja ceremonija ovde, je i akt zahvalnosti za sve ranije generacije nastavnika, intelektualaca, kulturnih i nau\u010dnih aktivista, koji su doprineli u na&#353;im akademskim, nau\u010dnim i kulturnim institucijama. Za intelektualce koji su stajali uporedo sa sudbinom njihovog naroda. Za novinare, pisce i umetnike&#8220;, rekao je on. <\/p>\n<p>Tha\u00e7i\u00a0 je dodao da je ovo vra\u0107anje duga i prema akademskim institucijama Kosova, gde su se \u010ditavih decenija formirale intelektualne elite Albanaca u Makedoniji. On je rekao da se na ovoj listi nalaze i oni Makedonci koji su njihovim stru\u010dnim i intelektualnim doprinosom odr&#382;ali na&#353;u duhovnu i kulturnu komunikaciju &#382;ivom, zbog \u010dega ih posebno po&#353;tujemo.<\/p>\n<p>&#8222;Danas odajemo po&#353;tovanje i nekima od biznismena i preduzetnika koji su se njihovim doprinosom istakli pre i tokom rata, ali su i danas istaknuti zbog dobrog posla koji vr&#353;e prema privrednom razvoju albanskog dru&#353;tva, na pove\u0107anju blagostanja i stvaranju radnih mesta. I danas koristimo priliku da im se zahvalimo&#8220;, rekao je Tha\u00e7i.<\/p>\n<p>On je imao i poruku za njegove suborce, da su nam smelo&#353;\u0107u, hrabro&#353;\u0107u, inicijativom i posve\u0107eno&#353;\u0107u pomogli u najte&#382;im trenucima, u svakom trenutku na&#353;ih zajedni\u010dkih poku&#353;aja za slobodom.<\/p>\n<p>&#8222;Mnogi od njih su nas krili, pratili, rizikovali su zajedno sa menom i mojim drugovima u plemenitim poku&#353;ajima da budemo slobodni. Spisak lica kojima ovde odajmo po&#353;tovanje je simboli\u010dan. Zapravo, preko vas odajemo po&#353;tovanje stotinama hiljada bra\u0107e, bez kojih mi danas ne bi smo bili tu gde jesmo kao Kosovo. Ovom ceremonijom danas, ja li\u010dno, ali i ceo kosovski narod, &#382;elimo da vam se od srca zahvalimo i odamo na&#353;e po&#353;tovanje&#8220;, rekao je predsednik Tha\u00e7i.<\/p>\n","protected":false},"excerpt":{"rendered":"<p>Skoplje, 21. novembar &#8211; Predsednik Republike Kosova, Hashim Tha\u00e7i, je odlikovao danas preko 100 lica iz Makedonije zbog njihovih zasluga na razli\u010ditim poljima u unapre\u0111enju Albanaca, ali i za njihovu saradnju sa susednim narodima.<\/p>\n","protected":false},"author":1,"featured_media":32360,"comment_status":"open","ping_status":"closed","sticky":false,"template":"","format":"standard","meta":{"_eb_attr":"","footnotes":""},"categories":[114,101],"tags":[],"class_list":["post-76589","post","type-post","status-publish","format-standard","has-post-thumbnail","hentry","category-medunarodne-posete","category-vesti"],"yoast_head":"<!-- This site is optimized with the Yoast SEO plugin v23.5 - https:\/\/yoast.com\/wordpress\/plugins\/seo\/ -->\n<title>Predsednik Tha\u00e7i odlikovao preko 100 osoba u Makedoniji - Predsednik Republike Kosovo - DR. VJOSA OSMANI - SADRIU<\/title>\n<meta name=\"description\" content=\"Predsednik Tha\u00e7i odlikovao preko 100 osoba u Makedoniji - Predsednik Republike Kosovo - DR. VJOSA OSMANI - SADRIU -\" \/>\n<meta name=\"robots\" content=\"index, follow, max-snippet:-1, max-image-preview:large, max-video-preview:-1\" \/>\n<link rel=\"canonical\" href=\"https:\/\/president-ksgov.net\/sr\/predsednik-thaci-odlikovao-preko-100-osoba-u-makedoniji\/\" \/>\n<meta property=\"og:locale\" content=\"sr_RS\" \/>\n<meta property=\"og:type\" content=\"article\" \/>\n<meta property=\"og:title\" content=\"Predsednik Tha\u00e7i odlikovao preko 100 osoba u Makedoniji - Predsednik Republike Kosovo - DR. VJOSA OSMANI - SADRIU\" \/>\n<meta property=\"og:description\" content=\"Predsednik Tha\u00e7i odlikovao preko 100 osoba u Makedoniji - Predsednik Republike Kosovo - DR. VJOSA OSMANI - SADRIU -\" \/>\n<meta property=\"og:url\" content=\"https:\/\/president-ksgov.net\/sr\/predsednik-thaci-odlikovao-preko-100-osoba-u-makedoniji\/\" \/>\n<meta property=\"og:site_name\" content=\"Predsednik Republike Kosovo - DR. VJOSA OSMANI - SADRIU\" \/>\n<meta property=\"article:published_time\" content=\"2016-11-21T15:12:51+00:00\" \/>\n<meta property=\"article:modified_time\" content=\"2016-11-21T16:12:51+00:00\" \/>\n<meta property=\"og:image\" content=\"https:\/\/president-ksgov.net\/wp-content\/uploads\/21_11_2016_3503809_DSC_1762.jpg\" \/>\n\t<meta property=\"og:image:width\" content=\"1024\" \/>\n\t<meta property=\"og:image:height\" content=\"682\" \/>\n\t<meta property=\"og:image:type\" content=\"image\/jpeg\" \/>\n<meta name=\"author\" content=\"admin\" \/>\n<meta name=\"twitter:card\" content=\"summary_large_image\" \/>\n<meta name=\"twitter:label1\" content=\"\u041d\u0430\u043f\u0438\u0441\u0430\u043d\u043e \u043e\u0434\" \/>\n\t<meta name=\"twitter:data1\" content=\"admin\" \/>\n\t<meta name=\"twitter:label2\" content=\"\u041f\u0440\u043e\u0446\u0435\u045a\u0435\u043d\u043e \u0432\u0440\u0435\u043c\u0435 \u0447\u0438\u0442\u0430\u045a\u0430\" \/>\n\t<meta name=\"twitter:data2\" content=\"4 \u043c\u0438\u043d\u0443\u0442\u0430\" \/>\n<script type=\"application\/ld+json\" class=\"yoast-schema-graph\">{\"@context\":\"https:\/\/schema.org\",\"@graph\":[{\"@type\":\"WebPage\",\"@id\":\"https:\/\/president-ksgov.net\/sr\/predsednik-thaci-odlikovao-preko-100-osoba-u-makedoniji\/\",\"url\":\"https:\/\/president-ksgov.net\/sr\/predsednik-thaci-odlikovao-preko-100-osoba-u-makedoniji\/\",\"name\":\"Predsednik Tha\u00e7i odlikovao preko 100 osoba u Makedoniji - Predsednik Republike Kosovo - DR. VJOSA OSMANI - SADRIU\",\"isPartOf\":{\"@id\":\"https:\/\/president-ksgov.net\/#website\"},\"primaryImageOfPage\":{\"@id\":\"https:\/\/president-ksgov.net\/sr\/predsednik-thaci-odlikovao-preko-100-osoba-u-makedoniji\/#primaryimage\"},\"image\":{\"@id\":\"https:\/\/president-ksgov.net\/sr\/predsednik-thaci-odlikovao-preko-100-osoba-u-makedoniji\/#primaryimage\"},\"thumbnailUrl\":\"https:\/\/president-ksgov.net\/wp-content\/uploads\/21_11_2016_3503809_DSC_1762.jpg\",\"datePublished\":\"2016-11-21T15:12:51+00:00\",\"dateModified\":\"2016-11-21T16:12:51+00:00\",\"author\":{\"@id\":\"https:\/\/president-ksgov.net\/#\/schema\/person\/bb4337a5fb147cb2046d80548172cbee\"},\"description\":\"Predsednik Tha\u00e7i odlikovao preko 100 osoba u Makedoniji - Predsednik Republike Kosovo - DR. VJOSA OSMANI - SADRIU -\",\"breadcrumb\":{\"@id\":\"https:\/\/president-ksgov.net\/sr\/predsednik-thaci-odlikovao-preko-100-osoba-u-makedoniji\/#breadcrumb\"},\"inLanguage\":\"sr-RS\",\"potentialAction\":[{\"@type\":\"ReadAction\",\"target\":[\"https:\/\/president-ksgov.net\/sr\/predsednik-thaci-odlikovao-preko-100-osoba-u-makedoniji\/\"]}]},{\"@type\":\"ImageObject\",\"inLanguage\":\"sr-RS\",\"@id\":\"https:\/\/president-ksgov.net\/sr\/predsednik-thaci-odlikovao-preko-100-osoba-u-makedoniji\/#primaryimage\",\"url\":\"https:\/\/president-ksgov.net\/wp-content\/uploads\/21_11_2016_3503809_DSC_1762.jpg\",\"contentUrl\":\"https:\/\/president-ksgov.net\/wp-content\/uploads\/21_11_2016_3503809_DSC_1762.jpg\",\"width\":1024,\"height\":682},{\"@type\":\"BreadcrumbList\",\"@id\":\"https:\/\/president-ksgov.net\/sr\/predsednik-thaci-odlikovao-preko-100-osoba-u-makedoniji\/#breadcrumb\",\"itemListElement\":[{\"@type\":\"ListItem\",\"position\":1,\"name\":\"Home\",\"item\":\"https:\/\/president-ksgov.net\/sr\/\"},{\"@type\":\"ListItem\",\"position\":2,\"name\":\"Predsednik Tha\u00e7i odlikovao preko 100 osoba u Makedoniji\"}]},{\"@type\":\"WebSite\",\"@id\":\"https:\/\/president-ksgov.net\/#website\",\"url\":\"https:\/\/president-ksgov.net\/\",\"name\":\"Presidente e Republik\u00ebs s\u00eb Kosov\u00ebs\",\"description\":\"Presidente e Republik\u00ebs s\u00eb Kosov\u00ebs\",\"alternateName\":\"DR. VJOSA OSMANI - SADRIU\",\"potentialAction\":[{\"@type\":\"SearchAction\",\"target\":{\"@type\":\"EntryPoint\",\"urlTemplate\":\"https:\/\/president-ksgov.net\/?s={search_term_string}\"},\"query-input\":{\"@type\":\"PropertyValueSpecification\",\"valueRequired\":true,\"valueName\":\"search_term_string\"}}],\"inLanguage\":\"sr-RS\"},{\"@type\":\"Person\",\"@id\":\"https:\/\/president-ksgov.net\/#\/schema\/person\/bb4337a5fb147cb2046d80548172cbee\",\"name\":\"admin\",\"image\":{\"@type\":\"ImageObject\",\"inLanguage\":\"sr-RS\",\"@id\":\"https:\/\/president-ksgov.net\/#\/schema\/person\/image\/\",\"url\":\"https:\/\/secure.gravatar.com\/avatar\/36156ca0fa3b8d9d25174f146e16beea0cf28f37adf1b9e19b6c9c279a7c9dd3?s=96&d=mm&r=g\",\"contentUrl\":\"https:\/\/secure.gravatar.com\/avatar\/36156ca0fa3b8d9d25174f146e16beea0cf28f37adf1b9e19b6c9c279a7c9dd3?s=96&d=mm&r=g\",\"caption\":\"admin\"},\"sameAs\":[\"https:\/\/president-ksgov.net\"]}]}<\/script>\n<!-- \/ Yoast SEO plugin. -->","yoast_head_json":{"title":"Predsednik Tha\u00e7i odlikovao preko 100 osoba u Makedoniji - Predsednik Republike Kosovo - DR. VJOSA OSMANI - SADRIU","description":"Predsednik Tha\u00e7i odlikovao preko 100 osoba u Makedoniji - Predsednik Republike Kosovo - DR. VJOSA OSMANI - SADRIU -","robots":{"index":"index","follow":"follow","max-snippet":"max-snippet:-1","max-image-preview":"max-image-preview:large","max-video-preview":"max-video-preview:-1"},"canonical":"https:\/\/president-ksgov.net\/sr\/predsednik-thaci-odlikovao-preko-100-osoba-u-makedoniji\/","og_locale":"sr_RS","og_type":"article","og_title":"Predsednik Tha\u00e7i odlikovao preko 100 osoba u Makedoniji - Predsednik Republike Kosovo - DR. VJOSA OSMANI - SADRIU","og_description":"Predsednik Tha\u00e7i odlikovao preko 100 osoba u Makedoniji - Predsednik Republike Kosovo - DR. VJOSA OSMANI - SADRIU -","og_url":"https:\/\/president-ksgov.net\/sr\/predsednik-thaci-odlikovao-preko-100-osoba-u-makedoniji\/","og_site_name":"Predsednik Republike Kosovo - DR. VJOSA OSMANI - SADRIU","article_published_time":"2016-11-21T15:12:51+00:00","article_modified_time":"2016-11-21T16:12:51+00:00","og_image":[{"width":1024,"height":682,"url":"https:\/\/president-ksgov.net\/wp-content\/uploads\/21_11_2016_3503809_DSC_1762.jpg","type":"image\/jpeg"}],"author":"admin","twitter_card":"summary_large_image","twitter_misc":{"\u041d\u0430\u043f\u0438\u0441\u0430\u043d\u043e \u043e\u0434":"admin","\u041f\u0440\u043e\u0446\u0435\u045a\u0435\u043d\u043e \u0432\u0440\u0435\u043c\u0435 \u0447\u0438\u0442\u0430\u045a\u0430":"4 \u043c\u0438\u043d\u0443\u0442\u0430"},"schema":{"@context":"https:\/\/schema.org","@graph":[{"@type":"WebPage","@id":"https:\/\/president-ksgov.net\/sr\/predsednik-thaci-odlikovao-preko-100-osoba-u-makedoniji\/","url":"https:\/\/president-ksgov.net\/sr\/predsednik-thaci-odlikovao-preko-100-osoba-u-makedoniji\/","name":"Predsednik Tha\u00e7i odlikovao preko 100 osoba u Makedoniji - Predsednik Republike Kosovo - DR. VJOSA OSMANI - SADRIU","isPartOf":{"@id":"https:\/\/president-ksgov.net\/#website"},"primaryImageOfPage":{"@id":"https:\/\/president-ksgov.net\/sr\/predsednik-thaci-odlikovao-preko-100-osoba-u-makedoniji\/#primaryimage"},"image":{"@id":"https:\/\/president-ksgov.net\/sr\/predsednik-thaci-odlikovao-preko-100-osoba-u-makedoniji\/#primaryimage"},"thumbnailUrl":"https:\/\/president-ksgov.net\/wp-content\/uploads\/21_11_2016_3503809_DSC_1762.jpg","datePublished":"2016-11-21T15:12:51+00:00","dateModified":"2016-11-21T16:12:51+00:00","author":{"@id":"https:\/\/president-ksgov.net\/#\/schema\/person\/bb4337a5fb147cb2046d80548172cbee"},"description":"Predsednik Tha\u00e7i odlikovao preko 100 osoba u Makedoniji - Predsednik Republike Kosovo - DR. VJOSA OSMANI - SADRIU -","breadcrumb":{"@id":"https:\/\/president-ksgov.net\/sr\/predsednik-thaci-odlikovao-preko-100-osoba-u-makedoniji\/#breadcrumb"},"inLanguage":"sr-RS","potentialAction":[{"@type":"ReadAction","target":["https:\/\/president-ksgov.net\/sr\/predsednik-thaci-odlikovao-preko-100-osoba-u-makedoniji\/"]}]},{"@type":"ImageObject","inLanguage":"sr-RS","@id":"https:\/\/president-ksgov.net\/sr\/predsednik-thaci-odlikovao-preko-100-osoba-u-makedoniji\/#primaryimage","url":"https:\/\/president-ksgov.net\/wp-content\/uploads\/21_11_2016_3503809_DSC_1762.jpg","contentUrl":"https:\/\/president-ksgov.net\/wp-content\/uploads\/21_11_2016_3503809_DSC_1762.jpg","width":1024,"height":682},{"@type":"BreadcrumbList","@id":"https:\/\/president-ksgov.net\/sr\/predsednik-thaci-odlikovao-preko-100-osoba-u-makedoniji\/#breadcrumb","itemListElement":[{"@type":"ListItem","position":1,"name":"Home","item":"https:\/\/president-ksgov.net\/sr\/"},{"@type":"ListItem","position":2,"name":"Predsednik Tha\u00e7i odlikovao preko 100 osoba u Makedoniji"}]},{"@type":"WebSite","@id":"https:\/\/president-ksgov.net\/#website","url":"https:\/\/president-ksgov.net\/","name":"Presidente e Republik\u00ebs s\u00eb Kosov\u00ebs","description":"Presidente e Republik\u00ebs s\u00eb Kosov\u00ebs","alternateName":"DR. VJOSA OSMANI - SADRIU","potentialAction":[{"@type":"SearchAction","target":{"@type":"EntryPoint","urlTemplate":"https:\/\/president-ksgov.net\/?s={search_term_string}"},"query-input":{"@type":"PropertyValueSpecification","valueRequired":true,"valueName":"search_term_string"}}],"inLanguage":"sr-RS"},{"@type":"Person","@id":"https:\/\/president-ksgov.net\/#\/schema\/person\/bb4337a5fb147cb2046d80548172cbee","name":"admin","image":{"@type":"ImageObject","inLanguage":"sr-RS","@id":"https:\/\/president-ksgov.net\/#\/schema\/person\/image\/","url":"https:\/\/secure.gravatar.com\/avatar\/36156ca0fa3b8d9d25174f146e16beea0cf28f37adf1b9e19b6c9c279a7c9dd3?s=96&d=mm&r=g","contentUrl":"https:\/\/secure.gravatar.com\/avatar\/36156ca0fa3b8d9d25174f146e16beea0cf28f37adf1b9e19b6c9c279a7c9dd3?s=96&d=mm&r=g","caption":"admin"},"sameAs":["https:\/\/president-ksgov.net"]}]}},"_links":{"self":[{"href":"https:\/\/president-ksgov.net\/sr\/wp-json\/wp\/v2\/posts\/76589","targetHints":{"allow":["GET"]}}],"collection":[{"href":"https:\/\/president-ksgov.net\/sr\/wp-json\/wp\/v2\/posts"}],"about":[{"href":"https:\/\/president-ksgov.net\/sr\/wp-json\/wp\/v2\/types\/post"}],"author":[{"embeddable":true,"href":"https:\/\/president-ksgov.net\/sr\/wp-json\/wp\/v2\/users\/1"}],"replies":[{"embeddable":true,"href":"https:\/\/president-ksgov.net\/sr\/wp-json\/wp\/v2\/comments?post=76589"}],"version-history":[{"count":0,"href":"https:\/\/president-ksgov.net\/sr\/wp-json\/wp\/v2\/posts\/76589\/revisions"}],"wp:featuredmedia":[{"embeddable":true,"href":"https:\/\/president-ksgov.net\/sr\/wp-json\/wp\/v2\/media\/32360"}],"wp:attachment":[{"href":"https:\/\/president-ksgov.net\/sr\/wp-json\/wp\/v2\/media?parent=76589"}],"wp:term":[{"taxonomy":"category","embeddable":true,"href":"https:\/\/president-ksgov.net\/sr\/wp-json\/wp\/v2\/categories?post=76589"},{"taxonomy":"post_tag","embeddable":true,"href":"https:\/\/president-ksgov.net\/sr\/wp-json\/wp\/v2\/tags?post=76589"}],"curies":[{"name":"wp","href":"https:\/\/api.w.org\/{rel}","templated":true}]}}