{"id":76371,"date":"2016-12-19T20:31:49","date_gmt":"2016-12-19T20:31:49","guid":{"rendered":"https:\/\/dev.president-ksgov.net\/predsednik-thaci-sad-eu-i-nato-sr-spoljne-politike-kosova\/"},"modified":"2016-12-19T20:31:49","modified_gmt":"2016-12-19T20:31:49","slug":"predsednik-thaci-sad-eu-i-nato-sr-spoljne-politike-kosova","status":"publish","type":"post","link":"https:\/\/president-ksgov.net\/sr\/predsednik-thaci-sad-eu-i-nato-sr-spoljne-politike-kosova\/","title":{"rendered":"Predsednik Tha\u00e7i: SAD, EU i NATO, sr&#158; spoljne politike Kosova"},"content":{"rendered":"<p>Pri&#353;tina, 19. decembar &#8211; Predsednik Republike Kosova, Hashim Tha\u00e7i u\u010destvovao je na otvaranju Konferencije ambasadora Republike Kosova.<\/p>\n<p>Predsednik je jo&#353; na samom po\u010detku \u010destitao ambasadorima Kosova na njihovom radu u predstavljanju dr&#382;avnih interesa i interesa gra\u0111ana Kosova u svetu. <\/p>\n<p>On je naglasio da su izazovi sa kojima se svakoga dana suo\u010davamo svima poznati &#8211; od finansijskih ograni\u010denja do potrebe za ve\u0107im diplomatskim kapacitetima. <\/p>\n<p>Ali, prema njegovom mi&#353;ljenju, na trenutak treba da gledamo napred, gde smo bili onda kada smo sve zapo\u010deli, a gde smo danas. Predsednik je rekao da je zajedni\u010dkim snagama postignuto da se stvori jasna spoljna politika, identifikuju\u0107i interese dr&#382;ave i mehanizme za ostvarivanje ciljeva. <\/p>\n<p>&#8222;U\u010dinili smo jasnim da je budu\u0107nost Kosova u\u010dlanjenje u EU i NATO, i da je na&#353;a spolja politika \u010ditavom snagom anga&#382;ovana na ostvarivanju ovog nadahnu\u0107a&#8220;, dodao je on. <\/p>\n<p>Kosovo, rekao je predsednik, manje od jedne decenije funkcioni&#353;e kao nezavisna dr&#382;ava i postiglo je uspeh da konsoliduje njegovu dr&#382;avnost, deluju\u0107i u dosta anarhi\u010dnom me\u0111unarodnom ambijentu. <\/p>\n<p>I nasuprot tome, prema njegovom mi&#353;ljenju, postignuto je da se u toku ovih godina pove\u0107a broj dr&#382;ava koje su priznale nezavisnost Kosova. <\/p>\n<p>&#8222;Bili smo uspe&#353;ni i u u\u010dlanjenju u regionalnim i me\u0111unarodnim organizacijama i to nas je ohrabrilo da te&#382;imo jo&#353; vi&#353;e organizacijama i ostalim forumima&#8220;; rekao je on. <\/p>\n<p>Osvr\u0107u\u0107i se na stanje za 2016. godinu, predsednik je rekao da je ova godina bila posebno uspe&#353;na u na&#353;em predstavljanju u sportskoj me\u0111unarodnoj areni. <\/p>\n<p>&#8222;Primljeni smo u mnoge bitne sportske saveze kao &#353;to su UEFA i FIFA, i po prvi put smo u\u010destvovali na Olimpijskim igrama u Brazilu, i nismo se vratili praznih ruku. Najbolja ambasadorka Kosova, najbolja sportistkinja Kosova, Majlinda Kelmendi je podigla visoko zastavu Kosova i sve nas u\u010dinila ponosnim, osvajaju\u0107i zlatnu medalju&#8220;, dodao je on. <\/p>\n<p>Pred ambasadorima Republike Kosova, predsednik Tha\u00e7i je naglasio da su mir, dijalog, saradnja i dobri susedski odnosi, tolerancija i su&#382;ivot me\u0111u zajednicama bez razlike u njihovoj pripadnosti, vladavina zakona i prosperitet na&#353;e rukovode\u0107e vrednosti. <\/p>\n<p>&#8222;Ovo su vrednosti koje su sr&#382; na&#353;e ideje dr&#382;ave i dru&#353;tva. Ove vrednosti nas, vi&#353;e nego bilo &#353;ta drugo \u010dine delom velike evropske porodice, nezavisno od nepravi\u010dnog tretiranja koje nam danas \u010dini Evropska unija&#8220;<\/p>\n<p>Predsednik je govorio i o posebnim odnosima sa Sjedinjenim Ameri\u010dkim Dr&#382;avama i o bliskoj saradnji sa dr&#382;avama \u010dlanicama EU i NATO-a, kao i sa susednim dr&#382;avama Kosova, koje su sr&#382; spoljne politike. <\/p>\n<p>One je podsetio da me\u0111unarodna arena nije nikada bila pod ve\u0107im pritiskom i nikad joj nisu pretili ve\u0107i rizici raznih priroda. <\/p>\n<p>Predsednik je od ambasadora zatra&#382;io da zajedno budu pa&#382;ljivi i da preduzimaju preventivne mere protiv nekih ideologija i tendencija koje su u potpunosti neprihvatljive za na&#353;u dr&#382;avu i na&#353;e dru&#353;tvo. <\/p>\n<p>&#8222;Ekstremisti\u010dke i radikalne ideje, bez uzimanja u obzir iz koje ideologije je njihova ta\u010dka polazi&#353;ta, diskrimini&#353;u\u0107e ideje protiv zajednice ili pojedinaca, ili odre\u0111enih grupa, su neprihvatljive za na&#353;e dru&#353;tvo. Upravo zbog ovih okolnosti, va&#353;a uloga po&#353;tovani ambasadori je nezamenljiva&#8220;; dodao je on. <\/p>\n<p>Tokom godi&#353;nje konferencije, on je rekao da \u0107e ambasadori imati mogu\u0107nosti da otvoreno razgovaraju o svim izazovima, ali i mogu\u0107nostima koje Kosovo ima u afirmisanju svoje uloge me\u0111u slobodnim narodima sveta. <\/p>\n<p>&#8222;Dakle, &#382;elim vam sretan rad narednih dana na konferenciji i puno uspeha u va&#353;em plemenitom radu u slu&#382;bi Republike Kosova&#8220;, rekao je na kraju predsednik. <\/p>\n<p>Na konferenciji ambasadora, koju organizuje Ministarstvo spoljnih poslova Kosova, u\u010destvuju svi ambasadori Republike Kosova i mnogobrojni gosti iz razli\u010ditih delova sveta.\u00a0<\/p>\n","protected":false},"excerpt":{"rendered":"<p>Pri&#353;tina, 19. decembar &#8211; Predsednik Republike Kosova, Hashim Tha\u00e7i u\u010destvovao je na otvaranju Konferencije ambasadora Republike Kosova.<\/p>\n","protected":false},"author":1,"featured_media":31803,"comment_status":"open","ping_status":"closed","sticky":false,"template":"","format":"standard","meta":{"_eb_attr":"","footnotes":""},"categories":[101],"tags":[],"class_list":["post-76371","post","type-post","status-publish","format-standard","has-post-thumbnail","hentry","category-vesti"],"yoast_head":"<!-- This site is optimized with the Yoast SEO plugin v23.5 - https:\/\/yoast.com\/wordpress\/plugins\/seo\/ -->\n<title>Predsednik Tha\u00e7i: SAD, EU i NATO, sr&#158; spoljne politike Kosova - Predsednik Republike Kosovo - DR. VJOSA OSMANI - SADRIU<\/title>\n<meta name=\"description\" content=\"Predsednik Tha\u00e7i: SAD, EU i NATO, sr&#158; spoljne politike Kosova - Predsednik Republike Kosovo - DR. VJOSA OSMANI - SADRIU -\" \/>\n<meta name=\"robots\" content=\"index, follow, max-snippet:-1, max-image-preview:large, max-video-preview:-1\" \/>\n<link rel=\"canonical\" href=\"https:\/\/president-ksgov.net\/sr\/predsednik-thaci-sad-eu-i-nato-sr-spoljne-politike-kosova\/\" \/>\n<meta property=\"og:locale\" content=\"sr_RS\" \/>\n<meta property=\"og:type\" content=\"article\" \/>\n<meta property=\"og:title\" content=\"Predsednik Tha\u00e7i: SAD, EU i NATO, sr&#158; spoljne politike Kosova - Predsednik Republike Kosovo - DR. VJOSA OSMANI - SADRIU\" \/>\n<meta property=\"og:description\" content=\"Predsednik Tha\u00e7i: SAD, EU i NATO, sr&#158; spoljne politike Kosova - Predsednik Republike Kosovo - DR. VJOSA OSMANI - SADRIU -\" \/>\n<meta property=\"og:url\" content=\"https:\/\/president-ksgov.net\/sr\/predsednik-thaci-sad-eu-i-nato-sr-spoljne-politike-kosova\/\" \/>\n<meta property=\"og:site_name\" content=\"Predsednik Republike Kosovo - DR. VJOSA OSMANI - SADRIU\" \/>\n<meta property=\"article:published_time\" content=\"2016-12-19T20:31:49+00:00\" \/>\n<meta property=\"og:image\" content=\"https:\/\/president-ksgov.net\/wp-content\/uploads\/19_12_2016_2167794_a_01.jpg\" \/>\n\t<meta property=\"og:image:width\" content=\"2400\" \/>\n\t<meta property=\"og:image:height\" content=\"1600\" \/>\n\t<meta property=\"og:image:type\" content=\"image\/jpeg\" \/>\n<meta name=\"author\" content=\"admin\" \/>\n<meta name=\"twitter:card\" content=\"summary_large_image\" \/>\n<meta name=\"twitter:label1\" content=\"\u041d\u0430\u043f\u0438\u0441\u0430\u043d\u043e \u043e\u0434\" \/>\n\t<meta name=\"twitter:data1\" content=\"admin\" \/>\n\t<meta name=\"twitter:label2\" content=\"\u041f\u0440\u043e\u0446\u0435\u045a\u0435\u043d\u043e \u0432\u0440\u0435\u043c\u0435 \u0447\u0438\u0442\u0430\u045a\u0430\" \/>\n\t<meta name=\"twitter:data2\" content=\"3 \u043c\u0438\u043d\u0443\u0442\u0430\" \/>\n<script type=\"application\/ld+json\" class=\"yoast-schema-graph\">{\"@context\":\"https:\/\/schema.org\",\"@graph\":[{\"@type\":\"WebPage\",\"@id\":\"https:\/\/president-ksgov.net\/sr\/predsednik-thaci-sad-eu-i-nato-sr-spoljne-politike-kosova\/\",\"url\":\"https:\/\/president-ksgov.net\/sr\/predsednik-thaci-sad-eu-i-nato-sr-spoljne-politike-kosova\/\",\"name\":\"Predsednik Tha\u00e7i: SAD, EU i NATO, sr&#158; spoljne politike Kosova - Predsednik Republike Kosovo - DR. VJOSA OSMANI - SADRIU\",\"isPartOf\":{\"@id\":\"https:\/\/president-ksgov.net\/#website\"},\"primaryImageOfPage\":{\"@id\":\"https:\/\/president-ksgov.net\/sr\/predsednik-thaci-sad-eu-i-nato-sr-spoljne-politike-kosova\/#primaryimage\"},\"image\":{\"@id\":\"https:\/\/president-ksgov.net\/sr\/predsednik-thaci-sad-eu-i-nato-sr-spoljne-politike-kosova\/#primaryimage\"},\"thumbnailUrl\":\"https:\/\/president-ksgov.net\/wp-content\/uploads\/19_12_2016_2167794_a_01.jpg\",\"datePublished\":\"2016-12-19T20:31:49+00:00\",\"dateModified\":\"2016-12-19T20:31:49+00:00\",\"author\":{\"@id\":\"https:\/\/president-ksgov.net\/#\/schema\/person\/bb4337a5fb147cb2046d80548172cbee\"},\"description\":\"Predsednik Tha\u00e7i: SAD, EU i NATO, sr&#158; spoljne politike Kosova - Predsednik Republike Kosovo - DR. VJOSA OSMANI - SADRIU -\",\"breadcrumb\":{\"@id\":\"https:\/\/president-ksgov.net\/sr\/predsednik-thaci-sad-eu-i-nato-sr-spoljne-politike-kosova\/#breadcrumb\"},\"inLanguage\":\"sr-RS\",\"potentialAction\":[{\"@type\":\"ReadAction\",\"target\":[\"https:\/\/president-ksgov.net\/sr\/predsednik-thaci-sad-eu-i-nato-sr-spoljne-politike-kosova\/\"]}]},{\"@type\":\"ImageObject\",\"inLanguage\":\"sr-RS\",\"@id\":\"https:\/\/president-ksgov.net\/sr\/predsednik-thaci-sad-eu-i-nato-sr-spoljne-politike-kosova\/#primaryimage\",\"url\":\"https:\/\/president-ksgov.net\/wp-content\/uploads\/19_12_2016_2167794_a_01.jpg\",\"contentUrl\":\"https:\/\/president-ksgov.net\/wp-content\/uploads\/19_12_2016_2167794_a_01.jpg\",\"width\":2400,\"height\":1600},{\"@type\":\"BreadcrumbList\",\"@id\":\"https:\/\/president-ksgov.net\/sr\/predsednik-thaci-sad-eu-i-nato-sr-spoljne-politike-kosova\/#breadcrumb\",\"itemListElement\":[{\"@type\":\"ListItem\",\"position\":1,\"name\":\"Home\",\"item\":\"https:\/\/president-ksgov.net\/sr\/\"},{\"@type\":\"ListItem\",\"position\":2,\"name\":\"Predsednik Tha\u00e7i: SAD, EU i NATO, sr&#158; spoljne politike Kosova\"}]},{\"@type\":\"WebSite\",\"@id\":\"https:\/\/president-ksgov.net\/#website\",\"url\":\"https:\/\/president-ksgov.net\/\",\"name\":\"Presidente e Republik\u00ebs s\u00eb Kosov\u00ebs\",\"description\":\"Presidente e Republik\u00ebs s\u00eb Kosov\u00ebs\",\"alternateName\":\"DR. VJOSA OSMANI - SADRIU\",\"potentialAction\":[{\"@type\":\"SearchAction\",\"target\":{\"@type\":\"EntryPoint\",\"urlTemplate\":\"https:\/\/president-ksgov.net\/?s={search_term_string}\"},\"query-input\":{\"@type\":\"PropertyValueSpecification\",\"valueRequired\":true,\"valueName\":\"search_term_string\"}}],\"inLanguage\":\"sr-RS\"},{\"@type\":\"Person\",\"@id\":\"https:\/\/president-ksgov.net\/#\/schema\/person\/bb4337a5fb147cb2046d80548172cbee\",\"name\":\"admin\",\"image\":{\"@type\":\"ImageObject\",\"inLanguage\":\"sr-RS\",\"@id\":\"https:\/\/president-ksgov.net\/#\/schema\/person\/image\/\",\"url\":\"https:\/\/secure.gravatar.com\/avatar\/36156ca0fa3b8d9d25174f146e16beea0cf28f37adf1b9e19b6c9c279a7c9dd3?s=96&d=mm&r=g\",\"contentUrl\":\"https:\/\/secure.gravatar.com\/avatar\/36156ca0fa3b8d9d25174f146e16beea0cf28f37adf1b9e19b6c9c279a7c9dd3?s=96&d=mm&r=g\",\"caption\":\"admin\"},\"sameAs\":[\"https:\/\/president-ksgov.net\"]}]}<\/script>\n<!-- \/ Yoast SEO plugin. -->","yoast_head_json":{"title":"Predsednik Tha\u00e7i: SAD, EU i NATO, sr&#158; spoljne politike Kosova - Predsednik Republike Kosovo - DR. VJOSA OSMANI - SADRIU","description":"Predsednik Tha\u00e7i: SAD, EU i NATO, sr&#158; spoljne politike Kosova - Predsednik Republike Kosovo - DR. VJOSA OSMANI - SADRIU -","robots":{"index":"index","follow":"follow","max-snippet":"max-snippet:-1","max-image-preview":"max-image-preview:large","max-video-preview":"max-video-preview:-1"},"canonical":"https:\/\/president-ksgov.net\/sr\/predsednik-thaci-sad-eu-i-nato-sr-spoljne-politike-kosova\/","og_locale":"sr_RS","og_type":"article","og_title":"Predsednik Tha\u00e7i: SAD, EU i NATO, sr&#158; spoljne politike Kosova - Predsednik Republike Kosovo - DR. VJOSA OSMANI - SADRIU","og_description":"Predsednik Tha\u00e7i: SAD, EU i NATO, sr&#158; spoljne politike Kosova - Predsednik Republike Kosovo - DR. VJOSA OSMANI - SADRIU -","og_url":"https:\/\/president-ksgov.net\/sr\/predsednik-thaci-sad-eu-i-nato-sr-spoljne-politike-kosova\/","og_site_name":"Predsednik Republike Kosovo - DR. VJOSA OSMANI - SADRIU","article_published_time":"2016-12-19T20:31:49+00:00","og_image":[{"width":2400,"height":1600,"url":"https:\/\/president-ksgov.net\/wp-content\/uploads\/19_12_2016_2167794_a_01.jpg","type":"image\/jpeg"}],"author":"admin","twitter_card":"summary_large_image","twitter_misc":{"\u041d\u0430\u043f\u0438\u0441\u0430\u043d\u043e \u043e\u0434":"admin","\u041f\u0440\u043e\u0446\u0435\u045a\u0435\u043d\u043e \u0432\u0440\u0435\u043c\u0435 \u0447\u0438\u0442\u0430\u045a\u0430":"3 \u043c\u0438\u043d\u0443\u0442\u0430"},"schema":{"@context":"https:\/\/schema.org","@graph":[{"@type":"WebPage","@id":"https:\/\/president-ksgov.net\/sr\/predsednik-thaci-sad-eu-i-nato-sr-spoljne-politike-kosova\/","url":"https:\/\/president-ksgov.net\/sr\/predsednik-thaci-sad-eu-i-nato-sr-spoljne-politike-kosova\/","name":"Predsednik Tha\u00e7i: SAD, EU i NATO, sr&#158; spoljne politike Kosova - Predsednik Republike Kosovo - DR. VJOSA OSMANI - SADRIU","isPartOf":{"@id":"https:\/\/president-ksgov.net\/#website"},"primaryImageOfPage":{"@id":"https:\/\/president-ksgov.net\/sr\/predsednik-thaci-sad-eu-i-nato-sr-spoljne-politike-kosova\/#primaryimage"},"image":{"@id":"https:\/\/president-ksgov.net\/sr\/predsednik-thaci-sad-eu-i-nato-sr-spoljne-politike-kosova\/#primaryimage"},"thumbnailUrl":"https:\/\/president-ksgov.net\/wp-content\/uploads\/19_12_2016_2167794_a_01.jpg","datePublished":"2016-12-19T20:31:49+00:00","dateModified":"2016-12-19T20:31:49+00:00","author":{"@id":"https:\/\/president-ksgov.net\/#\/schema\/person\/bb4337a5fb147cb2046d80548172cbee"},"description":"Predsednik Tha\u00e7i: SAD, EU i NATO, sr&#158; spoljne politike Kosova - Predsednik Republike Kosovo - DR. VJOSA OSMANI - SADRIU -","breadcrumb":{"@id":"https:\/\/president-ksgov.net\/sr\/predsednik-thaci-sad-eu-i-nato-sr-spoljne-politike-kosova\/#breadcrumb"},"inLanguage":"sr-RS","potentialAction":[{"@type":"ReadAction","target":["https:\/\/president-ksgov.net\/sr\/predsednik-thaci-sad-eu-i-nato-sr-spoljne-politike-kosova\/"]}]},{"@type":"ImageObject","inLanguage":"sr-RS","@id":"https:\/\/president-ksgov.net\/sr\/predsednik-thaci-sad-eu-i-nato-sr-spoljne-politike-kosova\/#primaryimage","url":"https:\/\/president-ksgov.net\/wp-content\/uploads\/19_12_2016_2167794_a_01.jpg","contentUrl":"https:\/\/president-ksgov.net\/wp-content\/uploads\/19_12_2016_2167794_a_01.jpg","width":2400,"height":1600},{"@type":"BreadcrumbList","@id":"https:\/\/president-ksgov.net\/sr\/predsednik-thaci-sad-eu-i-nato-sr-spoljne-politike-kosova\/#breadcrumb","itemListElement":[{"@type":"ListItem","position":1,"name":"Home","item":"https:\/\/president-ksgov.net\/sr\/"},{"@type":"ListItem","position":2,"name":"Predsednik Tha\u00e7i: SAD, EU i NATO, sr&#158; spoljne politike Kosova"}]},{"@type":"WebSite","@id":"https:\/\/president-ksgov.net\/#website","url":"https:\/\/president-ksgov.net\/","name":"Presidente e Republik\u00ebs s\u00eb Kosov\u00ebs","description":"Presidente e Republik\u00ebs s\u00eb Kosov\u00ebs","alternateName":"DR. VJOSA OSMANI - SADRIU","potentialAction":[{"@type":"SearchAction","target":{"@type":"EntryPoint","urlTemplate":"https:\/\/president-ksgov.net\/?s={search_term_string}"},"query-input":{"@type":"PropertyValueSpecification","valueRequired":true,"valueName":"search_term_string"}}],"inLanguage":"sr-RS"},{"@type":"Person","@id":"https:\/\/president-ksgov.net\/#\/schema\/person\/bb4337a5fb147cb2046d80548172cbee","name":"admin","image":{"@type":"ImageObject","inLanguage":"sr-RS","@id":"https:\/\/president-ksgov.net\/#\/schema\/person\/image\/","url":"https:\/\/secure.gravatar.com\/avatar\/36156ca0fa3b8d9d25174f146e16beea0cf28f37adf1b9e19b6c9c279a7c9dd3?s=96&d=mm&r=g","contentUrl":"https:\/\/secure.gravatar.com\/avatar\/36156ca0fa3b8d9d25174f146e16beea0cf28f37adf1b9e19b6c9c279a7c9dd3?s=96&d=mm&r=g","caption":"admin"},"sameAs":["https:\/\/president-ksgov.net"]}]}},"_links":{"self":[{"href":"https:\/\/president-ksgov.net\/sr\/wp-json\/wp\/v2\/posts\/76371","targetHints":{"allow":["GET"]}}],"collection":[{"href":"https:\/\/president-ksgov.net\/sr\/wp-json\/wp\/v2\/posts"}],"about":[{"href":"https:\/\/president-ksgov.net\/sr\/wp-json\/wp\/v2\/types\/post"}],"author":[{"embeddable":true,"href":"https:\/\/president-ksgov.net\/sr\/wp-json\/wp\/v2\/users\/1"}],"replies":[{"embeddable":true,"href":"https:\/\/president-ksgov.net\/sr\/wp-json\/wp\/v2\/comments?post=76371"}],"version-history":[{"count":0,"href":"https:\/\/president-ksgov.net\/sr\/wp-json\/wp\/v2\/posts\/76371\/revisions"}],"wp:featuredmedia":[{"embeddable":true,"href":"https:\/\/president-ksgov.net\/sr\/wp-json\/wp\/v2\/media\/31803"}],"wp:attachment":[{"href":"https:\/\/president-ksgov.net\/sr\/wp-json\/wp\/v2\/media?parent=76371"}],"wp:term":[{"taxonomy":"category","embeddable":true,"href":"https:\/\/president-ksgov.net\/sr\/wp-json\/wp\/v2\/categories?post=76371"},{"taxonomy":"post_tag","embeddable":true,"href":"https:\/\/president-ksgov.net\/sr\/wp-json\/wp\/v2\/tags?post=76371"}],"curies":[{"name":"wp","href":"https:\/\/api.w.org\/{rel}","templated":true}]}}