{"id":76365,"date":"2016-12-23T12:46:39","date_gmt":"2016-12-23T12:46:39","guid":{"rendered":"https:\/\/dev.president-ksgov.net\/ceo-govor-predsednika-hashim-a-thaci-u-skuptini-republike-kosova-2\/"},"modified":"2016-12-23T12:46:39","modified_gmt":"2016-12-23T12:46:39","slug":"ceo-govor-predsednika-hashim-a-thaci-u-skuptini-republike-kosova-2","status":"publish","type":"post","link":"https:\/\/president-ksgov.net\/sr\/ceo-govor-predsednika-hashim-a-thaci-u-skuptini-republike-kosova-2\/","title":{"rendered":"Ceo govor predsednika Hashim-a Tha\u00e7i, u Skup&#154;tini Republike Kosova"},"content":{"rendered":"<p>Zadovoljstvo mi je i privilegija da vam se danas obratim kao predsednik Republike Kosova.<\/p>\n<p>Ova mogu\u0107nost i ovaj zadatak su za mene \u010dast i odgovornost.<\/p>\n<p>Po&#353;tovani predsedni\u010de Skup&#353;tine Kosova, g. Kadri Veseli,<br \/>\nPo&#353;tovani premijeru, g. Isa Mustafa,<br \/>\nPo&#353;tovani ministri vladinog kabineta,<br \/>\nPo&#353;tovani predstavnici diplomatskog kora,<br \/>\nPo&#353;tovani poslanici Skup&#353;tine Kosova,<\/p>\n<p>Ga\u0111ani Republike Kosova,<\/p>\n<p>Dame i gospodo,<\/p>\n<p>Zadovoljstvo mi je i privilegija da vam se danas obratim kao predsednik Republike Kosova. <\/p>\n<p>Ova mogu\u0107nost i ovaj zadatak su za mene \u010dast i odgovornost. <\/p>\n<p>Zadovoljstvo mi je da idem u korak sa prethodnim predsednicima koji su slu&#382;ili Kosovu celim njihovim bi\u0107em, postaju\u0107i tako primer kako treba da radimo za na&#353;u zemlju. <\/p>\n<p>Na po\u010detku mandata pred vama sam polo&#382;io zakletvu, po&#353;tovani poslanici, da \u0107u \u010duvati nezavisnost, suverenitet i integritet Republike Kosova. <\/p>\n<p>Da \u0107u garantovati ljudske slobode u prava svim gra\u0111anima Kosova. <\/p>\n<p>Da \u0107u braniti Ustav i kosovske zakone. <\/p>\n<p>Da \u010du \u010duvati mir i blagostanje svih gra\u0111ana. <\/p>\n<p>Na Trgu &#8222;Majka Tereza&#8220; ja sam obe\u0107ao da \u0107u biti predsednik svih gra\u0111ana, u slu&#382;bi svih gra\u0111ana. <\/p>\n<p>Jo&#353; jednom vam se zahvaljujem na ukazanom poverenju. <\/p>\n<p>Na kraju godine j sam sre\u0107an da mogu da ka&#382;em da je moj rad rukovo\u0111en ovim principima i da sam po\u010deo da realizujem ove ciljeve. <\/p>\n<p>Po&#353;tovani poslanici, <\/p>\n<p>Tokom ovog vremenskog perioda, kao predsednik preduzeo sam konkretne postupke kako bih garantovao slobode i prava gra\u0111anima Kosova, kako bih oja\u010dao red i zakon, kao i integritet dr&#382;ave Kosova.<\/p>\n<p>Na&#353;a dr&#382;ava i tako ima najnapredniji Ustav i zakone u regionu. <\/p>\n<p>Ali, identifikovali smo nekoliko nedostataka, s toga sam odmah postupio tako &#353;to sam tra&#382;io izmene- dopune Krivi\u010dnog zakonika, s ciljem da ih ispravimo i da ne dozvolimo nikome da izbegne ili da kr&#353;i pravdu i zakone Kosova. <\/p>\n<p>Ministarstvo pravde i ostali relevantni ograni su zapo\u010deli rad i sada pripremaju preporuke o izmenama koje trena izvr&#353;iti. <\/p>\n<p>U junu ove godine, po\u010deli smo da dobijamo izvr&#353;ne nadle&#382;nosti u sektoru pravde, koje su do tada bile u rukama me\u0111unarodnih organizacija koje deluju na Kosovu. <\/p>\n<p>Dakle, svestan o zabele&#382;enom napretku na polju pravde na Kosovu, i nasuprot izazovima, ube\u0111en u stru\u010dnost doma\u0107ih organa i u njihovo ja\u010danje preno&#353;enjem nadle&#382;nosti EULEX-a, tretirao sam i potrebu da se radi na pitanjima koja brinu gra\u0111ane Kosova:<br \/>\n&#8211;\u00a0\u00a0\u00a0 ratni zlo\u010dini,<br \/>\n&#8211;\u00a0\u00a0\u00a0 zlo\u010dini nakon rata,<br \/>\n&#8211;\u00a0\u00a0\u00a0 napadi i o&#353;te\u0107enja na&#353;eg istorijskog i kulturnog nasle\u0111a,<br \/>\n&#8211;\u00a0\u00a0\u00a0 kao i pitanje &#382;rtava rata sa posebnim naglaskom na nestala lica i &#382;rtve seksualnog nasilja.<\/p>\n<p>Ohrabren sam momentalnom reakcijom relevantnih organa da se radi na ovim ta\u010dkama. <\/p>\n<p>Svaki korak prema rasvetljavanju istine je jo&#353; jedan kamen u temelju na&#353;eg dru&#353;tva, kao dru&#353;tva jednakog za sve. <\/p>\n<p>Svi treba da shvate da pravda ne poznaje vremenske granice, socijalni ili etni\u010dki status. <\/p>\n<p>Druga moja inicijativa jeste posao na okon\u010danju izborne reforme, koja je zapo\u010deta pre nekoliko godina i nije zavr&#353;ena. <\/p>\n<p>Izborna reforma se vr&#353;i kako bi se obezbedilo gra\u0111anima Republike Kosova da \u0107e glasati u pravi\u010dnom, transparentnom i fer procesu, u kojem njihov glas ne mo&#382;e da se izgubi ili da se njime manipuli&#353;e. <\/p>\n<p>Ve\u0107 \u0107e biti poverenje dato u rukovo\u0111enju institucijama. <\/p>\n<p>Moj tim je zavr&#353;io svoj posao u sastavljanju konkretnih predloga za izbornu reformu i ostaje va&#353;a politi\u010dka volja, po&#353;tovani poslanici, da predloge koji su proistekli iz zajedni\u010dkih konsultacija sa predstavnicima parlamentarnih partija, civilnog dru&#353;tva, me\u0111unarodnih mehanizama i ostalih, da izmenite u odluke Skup&#353;tine Kosova. <\/p>\n<p>Sazvao sam Nacionalni savet protiv korupcije u kojem su stru\u010dnjaci sa tog polja razgovarali o najboljim na\u010dinima za borbu protiv ove pojave na Kosovu. <\/p>\n<p>Korupcija i organizovani kriminal\u00a0 se konstantno pojavljuju visoko na listi gra\u0111ana Kosova. <\/p>\n<p>Dakle, visoko su i na listi prioriteta pitanja koja treba odmah re&#353;iti od strane politika i kosovskih institucija. <\/p>\n<p>Na&#353;i organi pravde su otvorili slu\u010dajeve korupcije. <\/p>\n<p>Istrage, optu&#382;be i kazne nisu izbegli ni visoki dr&#382;avni zvani\u010dnici. <\/p>\n<p>Ovaj posao treba ceniti, ali treba jo&#353; vi&#353;e rada. <\/p>\n<p>Ponavljam, pred zakonom smo svi jednaki.<\/p>\n<p>Okupio sam Nacionalni savet za evropske integracije, na kojem smo potvrdili da nemamo drugu alternativu osim NATO-a i EU. <\/p>\n<p>Ali smo tra&#382;ili da EU misli strate&#353;ki o regionu, a i &#353;ire. <\/p>\n<p>Okupio sam i Savetodavno ve\u0107e za zajednice. <\/p>\n<p>Cenim njihov rad u promovisanju prava i jednakosti za sve zajednice. <\/p>\n<p>U okviru rada na ja\u010danju i o\u010duvanju na&#353;eg dr&#382;avnog suvereniteta, ohrabrivanja pripadnika pograni\u010dne policije i oficira carine Kosova, posetio sam grani\u010dni prelaz Jarinje, izme\u0111u Kosova i Srbije, na severu Leposavi\u0107a. <\/p>\n<p>Rad i predanost pripadnika Policije i Carina Kosova su me ubedili da dr&#382;avni suverenitet Kosova niko ne mo&#382;e da ugrozi. <\/p>\n<p>Kosovo je jedinstveno, neodvojivo, ne\u0107e biti ni barikada ni zidova, samo mostova koji nas spajaju. <\/p>\n<p>Zid ne\u0107e ostati tamo, niti bilo gde drugde. <\/p>\n<p>Zid ne\u0107emo skratiti ili sru&#353;iti za nekoliko centimetara, on \u0107e se ukloniti iz temelja. <\/p>\n<p>Ne\u0107e uop&#353;te postojati. <\/p>\n<p>Ali me\u0111u ovim uspesima, do&#382;iveli smo i nekoliko izazova. <\/p>\n<p>Najve\u0107i izazov je ne odr&#382;avanje obe\u0107anja datog pred me\u0111unarodnim partnerima.<\/p>\n<p>Treba da stojimo iza na&#353;ih ustavnih i zakonskih obe\u0107anja, bilo o osnivanju zajednice op&#353;tina sa srpskom ve\u0107inom, bilo o demarkaciji granice sa Crnom Gorom. <\/p>\n<p>Ovaj sporazum je pravi\u010dan.<\/p>\n<p>U skladu je sa Ustavom i interesima na&#353;e zemlje, koji \u0107e voditi dalje dr&#382;avnu konsolidaciju i integritet. <\/p>\n<p>Reakcije protiv su o&#353;tetile nedu&#382;ne, gra\u0111ane Republike Kosova, koji ne mogu slobodno da putuju u Evropsku uniju.<\/p>\n<p>Reakcija protiv je bila agenda uskog politi\u010dkog interesa i stru\u010dnog neznanja, i ni u jednoj okolnosti nacionalni cilj ili trijumf argumenata. <\/p>\n<p>S toga \u0107e na&#353;a dr&#382;ava stati iza svih me\u0111unarodnih obaveza koje je preuzela na sebe.<\/p>\n<p>Dame i gospodo, <\/p>\n<p>Po&#353;tovani poslanici, <\/p>\n<p>Gra\u0111ani Republike Kosova. <\/p>\n<p>U okviru promovisanju ljudskih prava i sloboda, u\u010destvovao sam i podr&#382;ao sam mar&#353; LGBT zajednice i podr&#382;ao sam rad udru&#382;enja da pomognu &#382;rtvama seksualnog nasilja tokom rata. <\/p>\n<p>Posetio sam hrvatsku zajednicu u Janjevu i crnogorsku zajednicu u Gora&#382;devcu kod Pe\u0107i, kako bih ih sve uverio da je Kosovo ku\u0107a svih nas. <\/p>\n<p>Da su u na&#353;oj dr&#382;avi svi jednaki, slobodni da na\u0111u njihovu sre\u0107u. <\/p>\n<p>A danas, dozvolite mi da ponovo potvrdim da nijedan pojedinac niti grupa ne\u0107e ostati marginalizovana, zaboravljena ili izuzeta iz na&#353;eg dru&#353;tva. <\/p>\n<p>Na na&#353;em Kosovu im mesta za sve one koji Kosovo vide kao njihov dom. <\/p>\n<p>Po&#353;tovani poslanici, <\/p>\n<p>Posetio sam i sastao sam se sa preduzetnicima i biznismenima &#353;irom Kosova, sa privrednim komorama na Kosovu i u regionu. <\/p>\n<p>Ohrabren sam uspesima poljoprivrednika i sto\u010dara sa Kosova.<\/p>\n<p>Investicije od nekoliko godina u poljoprivredi donele su koristi \u010ditavom Kosovu, stvaraju\u0107i velike prihode koji doprinose blagostanju na&#353;ih gra\u0111ana.\u00a0 <\/p>\n<p>Stupanjem Sporazuma o stabilizaciji i pridru&#382;ivanju na snagu, na&#353;i poljoprivrednici i sto\u010dari, vinogradari i proizvo\u0111a\u010di vina, sada imaju pristup na najve\u0107e tr&#382;i&#353;te na svetu, na tr&#382;i&#353;te Evropske unije. <\/p>\n<p>U okviru mog rada, bitan deo sam posvetio i predstavljanju na&#353;e dr&#382;ave u me\u0111unarodnoj areni. <\/p>\n<p>Na samitu Brdo- Brijuni u procesu saradnje Jugoisto\u010dne Evrope potvrdio sam da je nezavisnost Kosova donela mir i stabilnost na&#353;em regionu. <\/p>\n<p>U bilateralnim posetama Sloveniji i Malti, ne samo da smo potvrdili dobre odnose me\u0111u na&#353;im dr&#382;avama, ve\u0107 smo istra&#382;ili i mogu\u0107nosti privredne saradnje.<\/p>\n<p>U Kanadi smo otvorili predstavni&#353;tvo Republike Kosova i slo&#382;ili smo se da kanadskim vlastima o poja\u010danju bilateralne saradnje. <\/p>\n<p>U Vatikanu sam imao privatni prijem kod Svetog oca, kojem sam jo&#353; jednom potvrdio da je Kosovo nepokolebljivo u promovisanju evroatlanskih vrednosti. <\/p>\n<p>Pozvao sam Svetog oca u posetu Kosovu, i ova poseta \u0107e se dogoditi u odgovaraju\u0107e vreme. <\/p>\n<p>Imao potvrdu i od samo Svetog oca. <\/p>\n<p>U Be\u010du sam se sastao sa predsednikom Austrije, a u Tirani sa lider&#353;ipom Albanije. <\/p>\n<p>Na svim ovim forumima je nagla&#353;en dr&#382;avni integritet i suverenitet Kosova i pohvaljena je konsolidacija na&#353;e dr&#382;avnosti u svetu. <\/p>\n<p>Ali, poseban deo dostignu\u0107a u ovoj godini, za celo Kosovo jeste u\u010destvovanje na Olimpijskim igrama i Riju. <\/p>\n<p>Zahvaljuju\u0107i izvanrednom nastupu na&#353;ih sportista, posebno zahvaljuju\u0107i zlatnoj medalji Majlinde Kelmendi, otvorila su se vrata za sastanke sa &#353;efovima dr&#382;ava i vlada iz \u010ditavog sveta koje su u\u010destvovale u Riju, a sa kojima sam razgovarao o Kosovu, o na&#353;oj mladoj zemlji, maloj, ali sa velikim potencijalima.<\/p>\n<p>Bilo je zadovoljstvo da se sastanem sa diplomatama iz \u010ditavo sveta i da iskoristim priliku da jo&#353; jednom doka&#382;em integritet i suverenitet Kosova i konstruktivnu ulogu koju igra na&#353;a zemlja na me\u0111unarodnoj sceni. <\/p>\n<p>Bio sam i u Finskoj, na prvoj utakmici na&#353;eg fudbalskog tima, gde sam bio svedok prvog dobijenog boda na me\u0111unarodnim takmi\u010denjima. <\/p>\n<p>U\u010destvovanje na ovom takmi\u010denju je omogu\u0107eno nakon prijema Kosova u FIFA-u i UEFA-u. <\/p>\n<p>Nakon skoro jedne \u010detvrtine veka izolacije, sada su na&#353;i fudbaleri i talenti u drugim sportovima slobodni da razvijaju njihove talente, da se takmi\u010de, da sanjaju i da rade na tome da njihovi snovi postanu realnost. <\/p>\n<p>Kao i svaku drugi Kosovar, na takmi\u010denjima i pobedama kosovskih sportista radovao sam i bio sam ponosan na na&#353;u zastavu i himnu.<\/p>\n<p>Ovo je kamenje nad kojima gradimo ljubav i po&#353;tovanje u na&#353;em dru&#353;tvu, za na&#353;u dr&#382;avu.<\/p>\n<p>Po&#353;tovani poslanici, <\/p>\n<p>Imao sam sre\u0107e da kora\u010dam zajedno da Kosovom u izgradnji istorije, u na&#353;im najbitnijim decenijama. <\/p>\n<p>Znali smo kakvo anga&#382;ovanje tra&#382;i svaka epoha, zato smo danas uspe&#353;ni. <\/p>\n<p>Nekad je bilo vreme da se anga&#382;ujemo za slobodu u jednakost. <\/p>\n<p>Smeli smo da tra&#382;imo slobodu i kada se niko drugi nije nadao i verovao. <\/p>\n<p>Bili smo spremni da &#382;rtvujemo sve za ovu slobodu. <\/p>\n<p>Nakon slobode, smeli smo da sanjamo i ostvarimo nezavisnost. <\/p>\n<p>Ponosan sam &#353;to u svim ovim procesima, osloba\u0111anja Kosova, progla&#353;enja nezavisnosti Kosova, mi smo bili zajedno sa vama i sa svim gra\u0111anima Kosova, glavnog stuba ostvarenja ovih te&#382;nji. <\/p>\n<p>Ali, kao i tada &#353;to smo znali da je vreme za &#382;rtve do nezavisnosti, tako i danas znamo da je vreme za integracije. <\/p>\n<p>Vreme je za dijalog i za pomirenje, unutar Kosova i u regionu. <\/p>\n<p>Zbog toga sam se tokom poslednjih meseci sastao sa porodicama &#382;rtava rata i nestalih lica. <\/p>\n<p>Veoma boli da vidi&#353; da svi jo&#353; uvek pata od ratnih rana. <\/p>\n<p>Mo&#382;da se rane nikada ne\u0107e izle\u010diti, ali mi makar treba da okon\u010damo agoniju, pogotovu za porodice nestalih lica. <\/p>\n<p>Treba da izvu\u010demo pouke iz ove gorke pro&#353;losti, da ne dozvolimo da se u&#382;asi koje smo na&#353;im o\u010dima videli i koje smo do&#382;iveli u na&#353;im srcima, ponove. <\/p>\n<p>Ne\u0107emo dozvoliti da ijedno dete sa Kosova truje srce mr&#382;njom i patnjom. <\/p>\n<p>Na&#353; cilj, ali i va&#353;, jeste da radimo na tome da srca kosovske dece ispunimo mislima o ljubavi jednih prema drugima, prema njihovoj zemlji i budu\u0107nosti. <\/p>\n<p>U leto sam ponovo iza&#353;ao da odam po\u010dast i da prisetim &#382;rtava rata, ali i da ohrabrim organe pravde i me\u0111uetni\u010dko pomirenje. <\/p>\n<p>Ovog puta sam oti&#353;ao u Staro Gracko kod Lipljana. <\/p>\n<p>Tamo samo polo&#382;io cve\u0107e kod spomen plo\u010de u centru sela, koja je posve\u0107ena 14 srpskih gra\u0111ana, poljoprivrednika i radnika. <\/p>\n<p>Naglasio sam tamo, a ka&#382;em to opet ovde, da je avaj akt, kao i ostali akti nasilja, da su bili postupci protiv slobode i demokratske budu\u0107nosti Kosova, a ne samo postupci protiv &#382;rtava i njihovih porodica. <\/p>\n<p>Zlo\u010din je zlo\u010din, bez obzira protiv koga je po\u010dinjen ili ko ga je po\u010dinio. <\/p>\n<p>I danas se sa bolom molim i jo&#353; jednom ka&#382;em da mi je veoma &#382;ao svih civilnih &#382;rtava iz svih zajednica, koje su ubijene tokom i nakon rata. <\/p>\n<p>U avgustu sam podsetio na ubistvo dvoje i ranjavanje \u010detvoro dece u selu Gora&#382;devac u blizini Pe\u0107i, koje se dogodilo 2003. godine. <\/p>\n<p>U centru sela sam se zaustavio da me&#353;tanima, Srbima. <\/p>\n<p>Nakon ovih poseta, bilo je razli\u010ditih mi&#353;ljenja. <\/p>\n<p>Znao sam da ima jo&#353; uvek povre\u0111enih ljudi ili onih otrovanih me\u0111uetni\u010dkom mr&#382;njom. <\/p>\n<p>Zato, ovde odmah pozivam sve da se izdignemo iznad mr&#382;nje i ne tolerancije.\u00a0 <\/p>\n<p>Neko je rekao da je rano za tako ne&#353;to, ja cenim da kasnimo. <\/p>\n<p>Na kraju krajeva, &#382;rtve su proizvod istorijskog pakla srpsko- albanskih odnosa, kao i regionalnih odnosa koji nikada nisu bili ohrabljeni voljom, razumevanjem ili pomirenjem, ve\u0107 samo mr&#382;njom i neprijateljstvom. <\/p>\n<p>Za\u010dudo, napadi protiv ovih postupaka sastajali su se i vr&#353;ili su se zajedno sa njihovim ekstremima. <\/p>\n<p>Potegla su se nekoliko pitanja: za&#353;to odajem po\u010dast Srbima kada su nas oni ubijali? Kada je na spomen plo\u010dama \u0107irilicom napisano: &#8222;&#382;rtve &#353;iptarskih terorista i NATO agresora&#8220;. <\/p>\n<p>Govorilo se da se ugro&#382;avaju ratne vrednosti kosovskog naroda za slobodu. <\/p>\n<p>Da se vre\u0111aju pali borci i sveti rat OVK i kosovskog naroda. <\/p>\n<p>S druge strane, nastavljale su se zastarele optu&#382;be, sada ve\u0107 decenijama, protiv Albanaca uop&#353;teno. <\/p>\n<p>U svemu tome, najmirnija j bila reakcija porodica ubijenih, Albanaca i Srba, koje su imale samo jedan zahtev, samo jednu &#382;elju: &#8222;&#382;alimo istinu&#8220;.<\/p>\n<p>S toga svi treba da se &#382;rtvujemo po malo za istinu. <\/p>\n<p>Istina ne treba nikoga da ometa ili pla&#353;i. <\/p>\n<p>Bio sam svestan i ube\u0111en da radim ono &#353;to je najbolje za zemlju. <\/p>\n<p>Znao sam &#353;ta pi&#353;e na spomen plo\u010dama \u0107irili\u010dnim pismom. <\/p>\n<p>Ne sla&#382;em se sa tekstom, jer je predrasuda i la&#382;. <\/p>\n<p>Ali, ovo nas ne treba spre\u010diti da odamo po\u010dast &#382;rtvama. <\/p>\n<p>Ovim odavanjem po\u010dasti ne ugro&#382;avamo vrednosti na&#353;e slobode niti borbu OVK-a. <\/p>\n<p>Vrednosti na&#353;e slobode i borne OVK-a ugro&#382;avaju upravo oni koji su po\u010dinili ove zlo\u010dine i oni koji danas pravdaju ove zlo\u010dine. <\/p>\n<p>Poku&#353;aji da se opravdaju zlo\u010dini govore\u0107i da su po\u010dinjeni u ime nacionalnog cilja, treba da bude razlog za gru&#382;u savesti, jer se zloupotrebljava nacionalno pitanje na &#353;tetu interesa i budu\u0107nosti dr&#382;ave Kosova. <\/p>\n<p>Oni koji su izvr&#353;ili ova dela, pojedinci ili grupe, uvredili su i ugrozili su vrednosti slobode i same borbe OVK-a. <\/p>\n<p>Treba da standardizujemo oslobodila\u010dke vrednosti i da nikome ne dozvolimo da ih degeneri&#353;e. <\/p>\n<p>Specijalni sud nije proizvod pogre&#353;nih politi\u010dkih odluka. <\/p>\n<p>Ne treba ga videti kao kaznu, ve\u0107 kao prednost zemlje. <\/p>\n<p>Me\u0111unarodni pritisak za njegovo osnivanje do&#353;ao je kao rezultat lo&#353;eg iskustva i za&#353;titi svedoka. <\/p>\n<p>Ja verujem\u00a0 u Boga i moralne vrednosti, savest, pravdu i pomirenje, ne optu&#382;uju\u0107i i ne vre\u0111aju\u0107i nikoga ni za &#353;ta. <\/p>\n<p>Ali, pozivaju\u0107i sve na pravdu, solidarnost i me\u0111uetni\u010dko pomirenje. <\/p>\n<p>Dame i gospodo, <\/p>\n<p>Ove godine smo uspostavili ugovorni sporazum sa EU i zapo\u010deli smo politi\u010dki dijalog sa NATO-om. <\/p>\n<p>Ove dve ta\u010dke su odre\u0111ene kao na&#353;i ciljevi i za njih imamo potpun politi\u010dki i dru&#353;tveni konsenzus. <\/p>\n<p>&#381;eleli bismo da na&#353;e putovanje prema NATO-u i EU bude br&#382;e. <\/p>\n<p>Ali to ne zavisi samo od na&#353;e &#382;elje i na&#353;eg rada. <\/p>\n<p>EU i njene dr&#382;ave \u010dlanice danas imaju velike izazove i imaju potrebu da ponovo razmisle o odnosima me\u0111u njima i njihovoj poziciji u samoj Evropskoj uniji. <\/p>\n<p>Odgovori ne\u0107e biti niti brzi niti laki. <\/p>\n<p>Kosovo, vi&#353;e od svih ostalih dr&#382;ava Zapadnog Balkana pati od posledica ove kompleksne situacije. <\/p>\n<p>Kao posledica mi smo jo&#353; uvek poslednji u regionu u okviru procesa integracija u EU i nepravedno smo izolovani od strane EU u pogledu kretanja bez viza u &#352;engen zoni. <\/p>\n<p>Nezavisno od te gorke \u010dinjenice, EU kojoj mi te&#382;imo, vi&#353;e od Brisela i Evropske komisije, Evropskog parlamenta ili Saveta ministara EU, vrednosti na kojima se mi anga&#382;ujemo. <\/p>\n<p>Mir i dijalog, regionalna saradnja i dobri susedski odnosi, tolerancija i su&#382;ivot me\u0111u etnicitetima i verama, sveobuhvatnost i ljudska prava i slobode. Ovo su vrednosti koje pripisujemo EU, ali su i vrednosti kojima &#382;elimo da se rukovodimo i u kojima &#382;elimo da &#382;ivimo zajedno. <\/p>\n<p>&#381;ivimo u najdinami\u010dnijem svetu do sada, uz potpuno nepoznate trendove i inicijative. <\/p>\n<p>Ali, postigli smo da identifikujemo na&#353;e strate&#353;ke i stabilne saveze. <\/p>\n<p>Opredelili smo se za posebne odnose sa Sjedinjenim Ameri\u010dkim Dr&#382;avama i za saradnju sa EU, do potpunog u\u010dlanjenja u ovu organizaciju. <\/p>\n<p>Opredelili smo se za dobre me\u0111ususedske odnose i za regionalnu saradnju. <\/p>\n<p>Opredeli smo se da ekstremisti\u010dke i radikalne ideje, bez obzira iz koje ideologije poti\u010du, ideje izuzimanja zajednica ili pojedinaca ne prihvatimo kao principe ili ideologije u na&#353;em dru&#353;tvu.<\/p>\n<p>Kosovo je dom svih njegovih gra\u0111ana, primer dijaloga i pomirenja, tolerancije i su&#382;ivota. <\/p>\n<p>Kosovo je primer kako prona\u0107i snagu da se prevazi\u0111e gorka pro&#353;lost, uz rat i bol, i da se izgradi budu\u0107nost u miru i prosperitetu.<\/p>\n<p>Ovo je ono na \u010demu sam radio ove godine. <\/p>\n<p>I na ovome \u0107u raditi i naredne \u010detiri godine. <\/p>\n<p>Nudimo saradnju dr&#382;avnim institucijama i me\u0111unarodnim partnerima na ja\u010danju i razvoju na&#353;e zemlje, kako bismo bili rame uz rame sa civilizovanim svetom.<br \/>\n\u00a0<br \/>\nTo nam j obaveza. To gra\u0111ani o\u010dekuju od nas. Na tome \u0107emo se anga&#382;ovati. <\/p>\n<p>Hvala vam!<\/p>\n","protected":false},"excerpt":{"rendered":"<p>Zadovoljstvo mi je i privilegija da vam se danas obratim kao predsednik Republike Kosova.<\/p>\n<p>Ova mogu\u0107nost i ovaj zadatak su za mene \u010dast i odgovornost.<\/p>\n","protected":false},"author":1,"featured_media":31737,"comment_status":"open","ping_status":"closed","sticky":false,"template":"","format":"standard","meta":{"_eb_attr":"","footnotes":""},"categories":[101],"tags":[],"class_list":["post-76365","post","type-post","status-publish","format-standard","has-post-thumbnail","hentry","category-vesti"],"yoast_head":"<!-- This site is optimized with the Yoast SEO plugin v23.5 - https:\/\/yoast.com\/wordpress\/plugins\/seo\/ -->\n<title>Ceo govor predsednika Hashim-a Tha\u00e7i, u Skup&#154;tini Republike Kosova - Predsednik Republike Kosovo - DR. VJOSA OSMANI - SADRIU<\/title>\n<meta name=\"description\" content=\"Ceo govor predsednika Hashim-a Tha\u00e7i, u Skup&#154;tini Republike Kosova - Predsednik Republike Kosovo - DR. VJOSA OSMANI - SADRIU -\" \/>\n<meta name=\"robots\" content=\"index, follow, max-snippet:-1, max-image-preview:large, max-video-preview:-1\" \/>\n<link rel=\"canonical\" href=\"https:\/\/president-ksgov.net\/sr\/ceo-govor-predsednika-hashim-a-thaci-u-skuptini-republike-kosova-2\/\" \/>\n<meta property=\"og:locale\" content=\"sr_RS\" \/>\n<meta property=\"og:type\" content=\"article\" \/>\n<meta property=\"og:title\" content=\"Ceo govor predsednika Hashim-a Tha\u00e7i, u Skup&#154;tini Republike Kosova - Predsednik Republike Kosovo - DR. VJOSA OSMANI - SADRIU\" \/>\n<meta property=\"og:description\" content=\"Ceo govor predsednika Hashim-a Tha\u00e7i, u Skup&#154;tini Republike Kosova - Predsednik Republike Kosovo - DR. VJOSA OSMANI - SADRIU -\" \/>\n<meta property=\"og:url\" content=\"https:\/\/president-ksgov.net\/sr\/ceo-govor-predsednika-hashim-a-thaci-u-skuptini-republike-kosova-2\/\" \/>\n<meta property=\"og:site_name\" content=\"Predsednik Republike Kosovo - DR. VJOSA OSMANI - SADRIU\" \/>\n<meta property=\"article:published_time\" content=\"2016-12-23T12:46:39+00:00\" \/>\n<meta property=\"og:image\" content=\"https:\/\/president-ksgov.net\/wp-content\/uploads\/23_12_2016_9598815_DSC_9762.jpg\" \/>\n\t<meta property=\"og:image:width\" content=\"2000\" \/>\n\t<meta property=\"og:image:height\" content=\"1333\" \/>\n\t<meta property=\"og:image:type\" content=\"image\/jpeg\" \/>\n<meta name=\"author\" content=\"admin\" \/>\n<meta name=\"twitter:card\" content=\"summary_large_image\" \/>\n<meta name=\"twitter:label1\" content=\"\u041d\u0430\u043f\u0438\u0441\u0430\u043d\u043e \u043e\u0434\" \/>\n\t<meta name=\"twitter:data1\" content=\"admin\" \/>\n\t<meta name=\"twitter:label2\" content=\"\u041f\u0440\u043e\u0446\u0435\u045a\u0435\u043d\u043e \u0432\u0440\u0435\u043c\u0435 \u0447\u0438\u0442\u0430\u045a\u0430\" \/>\n\t<meta name=\"twitter:data2\" content=\"15 \u043c\u0438\u043d\u0443\u0442\u0430\" \/>\n<script type=\"application\/ld+json\" class=\"yoast-schema-graph\">{\"@context\":\"https:\/\/schema.org\",\"@graph\":[{\"@type\":\"WebPage\",\"@id\":\"https:\/\/president-ksgov.net\/sr\/ceo-govor-predsednika-hashim-a-thaci-u-skuptini-republike-kosova-2\/\",\"url\":\"https:\/\/president-ksgov.net\/sr\/ceo-govor-predsednika-hashim-a-thaci-u-skuptini-republike-kosova-2\/\",\"name\":\"Ceo govor predsednika Hashim-a Tha\u00e7i, u Skup&#154;tini Republike Kosova - Predsednik Republike Kosovo - DR. VJOSA OSMANI - SADRIU\",\"isPartOf\":{\"@id\":\"https:\/\/president-ksgov.net\/#website\"},\"primaryImageOfPage\":{\"@id\":\"https:\/\/president-ksgov.net\/sr\/ceo-govor-predsednika-hashim-a-thaci-u-skuptini-republike-kosova-2\/#primaryimage\"},\"image\":{\"@id\":\"https:\/\/president-ksgov.net\/sr\/ceo-govor-predsednika-hashim-a-thaci-u-skuptini-republike-kosova-2\/#primaryimage\"},\"thumbnailUrl\":\"https:\/\/president-ksgov.net\/wp-content\/uploads\/23_12_2016_9598815_DSC_9762.jpg\",\"datePublished\":\"2016-12-23T12:46:39+00:00\",\"dateModified\":\"2016-12-23T12:46:39+00:00\",\"author\":{\"@id\":\"https:\/\/president-ksgov.net\/#\/schema\/person\/bb4337a5fb147cb2046d80548172cbee\"},\"description\":\"Ceo govor predsednika Hashim-a Tha\u00e7i, u Skup&#154;tini Republike Kosova - Predsednik Republike Kosovo - DR. VJOSA OSMANI - SADRIU -\",\"breadcrumb\":{\"@id\":\"https:\/\/president-ksgov.net\/sr\/ceo-govor-predsednika-hashim-a-thaci-u-skuptini-republike-kosova-2\/#breadcrumb\"},\"inLanguage\":\"sr-RS\",\"potentialAction\":[{\"@type\":\"ReadAction\",\"target\":[\"https:\/\/president-ksgov.net\/sr\/ceo-govor-predsednika-hashim-a-thaci-u-skuptini-republike-kosova-2\/\"]}]},{\"@type\":\"ImageObject\",\"inLanguage\":\"sr-RS\",\"@id\":\"https:\/\/president-ksgov.net\/sr\/ceo-govor-predsednika-hashim-a-thaci-u-skuptini-republike-kosova-2\/#primaryimage\",\"url\":\"https:\/\/president-ksgov.net\/wp-content\/uploads\/23_12_2016_9598815_DSC_9762.jpg\",\"contentUrl\":\"https:\/\/president-ksgov.net\/wp-content\/uploads\/23_12_2016_9598815_DSC_9762.jpg\",\"width\":2000,\"height\":1333},{\"@type\":\"BreadcrumbList\",\"@id\":\"https:\/\/president-ksgov.net\/sr\/ceo-govor-predsednika-hashim-a-thaci-u-skuptini-republike-kosova-2\/#breadcrumb\",\"itemListElement\":[{\"@type\":\"ListItem\",\"position\":1,\"name\":\"Home\",\"item\":\"https:\/\/president-ksgov.net\/sr\/\"},{\"@type\":\"ListItem\",\"position\":2,\"name\":\"Ceo govor predsednika Hashim-a Tha\u00e7i, u Skup&#154;tini Republike Kosova\"}]},{\"@type\":\"WebSite\",\"@id\":\"https:\/\/president-ksgov.net\/#website\",\"url\":\"https:\/\/president-ksgov.net\/\",\"name\":\"Presidente e Republik\u00ebs s\u00eb Kosov\u00ebs\",\"description\":\"Presidente e Republik\u00ebs s\u00eb Kosov\u00ebs\",\"alternateName\":\"DR. VJOSA OSMANI - SADRIU\",\"potentialAction\":[{\"@type\":\"SearchAction\",\"target\":{\"@type\":\"EntryPoint\",\"urlTemplate\":\"https:\/\/president-ksgov.net\/?s={search_term_string}\"},\"query-input\":{\"@type\":\"PropertyValueSpecification\",\"valueRequired\":true,\"valueName\":\"search_term_string\"}}],\"inLanguage\":\"sr-RS\"},{\"@type\":\"Person\",\"@id\":\"https:\/\/president-ksgov.net\/#\/schema\/person\/bb4337a5fb147cb2046d80548172cbee\",\"name\":\"admin\",\"image\":{\"@type\":\"ImageObject\",\"inLanguage\":\"sr-RS\",\"@id\":\"https:\/\/president-ksgov.net\/#\/schema\/person\/image\/\",\"url\":\"https:\/\/secure.gravatar.com\/avatar\/36156ca0fa3b8d9d25174f146e16beea0cf28f37adf1b9e19b6c9c279a7c9dd3?s=96&d=mm&r=g\",\"contentUrl\":\"https:\/\/secure.gravatar.com\/avatar\/36156ca0fa3b8d9d25174f146e16beea0cf28f37adf1b9e19b6c9c279a7c9dd3?s=96&d=mm&r=g\",\"caption\":\"admin\"},\"sameAs\":[\"https:\/\/president-ksgov.net\"]}]}<\/script>\n<!-- \/ Yoast SEO plugin. -->","yoast_head_json":{"title":"Ceo govor predsednika Hashim-a Tha\u00e7i, u Skup&#154;tini Republike Kosova - Predsednik Republike Kosovo - DR. VJOSA OSMANI - SADRIU","description":"Ceo govor predsednika Hashim-a Tha\u00e7i, u Skup&#154;tini Republike Kosova - Predsednik Republike Kosovo - DR. VJOSA OSMANI - SADRIU -","robots":{"index":"index","follow":"follow","max-snippet":"max-snippet:-1","max-image-preview":"max-image-preview:large","max-video-preview":"max-video-preview:-1"},"canonical":"https:\/\/president-ksgov.net\/sr\/ceo-govor-predsednika-hashim-a-thaci-u-skuptini-republike-kosova-2\/","og_locale":"sr_RS","og_type":"article","og_title":"Ceo govor predsednika Hashim-a Tha\u00e7i, u Skup&#154;tini Republike Kosova - Predsednik Republike Kosovo - DR. VJOSA OSMANI - SADRIU","og_description":"Ceo govor predsednika Hashim-a Tha\u00e7i, u Skup&#154;tini Republike Kosova - Predsednik Republike Kosovo - DR. VJOSA OSMANI - SADRIU -","og_url":"https:\/\/president-ksgov.net\/sr\/ceo-govor-predsednika-hashim-a-thaci-u-skuptini-republike-kosova-2\/","og_site_name":"Predsednik Republike Kosovo - DR. VJOSA OSMANI - SADRIU","article_published_time":"2016-12-23T12:46:39+00:00","og_image":[{"width":2000,"height":1333,"url":"https:\/\/president-ksgov.net\/wp-content\/uploads\/23_12_2016_9598815_DSC_9762.jpg","type":"image\/jpeg"}],"author":"admin","twitter_card":"summary_large_image","twitter_misc":{"\u041d\u0430\u043f\u0438\u0441\u0430\u043d\u043e \u043e\u0434":"admin","\u041f\u0440\u043e\u0446\u0435\u045a\u0435\u043d\u043e \u0432\u0440\u0435\u043c\u0435 \u0447\u0438\u0442\u0430\u045a\u0430":"15 \u043c\u0438\u043d\u0443\u0442\u0430"},"schema":{"@context":"https:\/\/schema.org","@graph":[{"@type":"WebPage","@id":"https:\/\/president-ksgov.net\/sr\/ceo-govor-predsednika-hashim-a-thaci-u-skuptini-republike-kosova-2\/","url":"https:\/\/president-ksgov.net\/sr\/ceo-govor-predsednika-hashim-a-thaci-u-skuptini-republike-kosova-2\/","name":"Ceo govor predsednika Hashim-a Tha\u00e7i, u Skup&#154;tini Republike Kosova - Predsednik Republike Kosovo - DR. VJOSA OSMANI - SADRIU","isPartOf":{"@id":"https:\/\/president-ksgov.net\/#website"},"primaryImageOfPage":{"@id":"https:\/\/president-ksgov.net\/sr\/ceo-govor-predsednika-hashim-a-thaci-u-skuptini-republike-kosova-2\/#primaryimage"},"image":{"@id":"https:\/\/president-ksgov.net\/sr\/ceo-govor-predsednika-hashim-a-thaci-u-skuptini-republike-kosova-2\/#primaryimage"},"thumbnailUrl":"https:\/\/president-ksgov.net\/wp-content\/uploads\/23_12_2016_9598815_DSC_9762.jpg","datePublished":"2016-12-23T12:46:39+00:00","dateModified":"2016-12-23T12:46:39+00:00","author":{"@id":"https:\/\/president-ksgov.net\/#\/schema\/person\/bb4337a5fb147cb2046d80548172cbee"},"description":"Ceo govor predsednika Hashim-a Tha\u00e7i, u Skup&#154;tini Republike Kosova - Predsednik Republike Kosovo - DR. VJOSA OSMANI - SADRIU -","breadcrumb":{"@id":"https:\/\/president-ksgov.net\/sr\/ceo-govor-predsednika-hashim-a-thaci-u-skuptini-republike-kosova-2\/#breadcrumb"},"inLanguage":"sr-RS","potentialAction":[{"@type":"ReadAction","target":["https:\/\/president-ksgov.net\/sr\/ceo-govor-predsednika-hashim-a-thaci-u-skuptini-republike-kosova-2\/"]}]},{"@type":"ImageObject","inLanguage":"sr-RS","@id":"https:\/\/president-ksgov.net\/sr\/ceo-govor-predsednika-hashim-a-thaci-u-skuptini-republike-kosova-2\/#primaryimage","url":"https:\/\/president-ksgov.net\/wp-content\/uploads\/23_12_2016_9598815_DSC_9762.jpg","contentUrl":"https:\/\/president-ksgov.net\/wp-content\/uploads\/23_12_2016_9598815_DSC_9762.jpg","width":2000,"height":1333},{"@type":"BreadcrumbList","@id":"https:\/\/president-ksgov.net\/sr\/ceo-govor-predsednika-hashim-a-thaci-u-skuptini-republike-kosova-2\/#breadcrumb","itemListElement":[{"@type":"ListItem","position":1,"name":"Home","item":"https:\/\/president-ksgov.net\/sr\/"},{"@type":"ListItem","position":2,"name":"Ceo govor predsednika Hashim-a Tha\u00e7i, u Skup&#154;tini Republike Kosova"}]},{"@type":"WebSite","@id":"https:\/\/president-ksgov.net\/#website","url":"https:\/\/president-ksgov.net\/","name":"Presidente e Republik\u00ebs s\u00eb Kosov\u00ebs","description":"Presidente e Republik\u00ebs s\u00eb Kosov\u00ebs","alternateName":"DR. VJOSA OSMANI - SADRIU","potentialAction":[{"@type":"SearchAction","target":{"@type":"EntryPoint","urlTemplate":"https:\/\/president-ksgov.net\/?s={search_term_string}"},"query-input":{"@type":"PropertyValueSpecification","valueRequired":true,"valueName":"search_term_string"}}],"inLanguage":"sr-RS"},{"@type":"Person","@id":"https:\/\/president-ksgov.net\/#\/schema\/person\/bb4337a5fb147cb2046d80548172cbee","name":"admin","image":{"@type":"ImageObject","inLanguage":"sr-RS","@id":"https:\/\/president-ksgov.net\/#\/schema\/person\/image\/","url":"https:\/\/secure.gravatar.com\/avatar\/36156ca0fa3b8d9d25174f146e16beea0cf28f37adf1b9e19b6c9c279a7c9dd3?s=96&d=mm&r=g","contentUrl":"https:\/\/secure.gravatar.com\/avatar\/36156ca0fa3b8d9d25174f146e16beea0cf28f37adf1b9e19b6c9c279a7c9dd3?s=96&d=mm&r=g","caption":"admin"},"sameAs":["https:\/\/president-ksgov.net"]}]}},"_links":{"self":[{"href":"https:\/\/president-ksgov.net\/sr\/wp-json\/wp\/v2\/posts\/76365","targetHints":{"allow":["GET"]}}],"collection":[{"href":"https:\/\/president-ksgov.net\/sr\/wp-json\/wp\/v2\/posts"}],"about":[{"href":"https:\/\/president-ksgov.net\/sr\/wp-json\/wp\/v2\/types\/post"}],"author":[{"embeddable":true,"href":"https:\/\/president-ksgov.net\/sr\/wp-json\/wp\/v2\/users\/1"}],"replies":[{"embeddable":true,"href":"https:\/\/president-ksgov.net\/sr\/wp-json\/wp\/v2\/comments?post=76365"}],"version-history":[{"count":0,"href":"https:\/\/president-ksgov.net\/sr\/wp-json\/wp\/v2\/posts\/76365\/revisions"}],"wp:featuredmedia":[{"embeddable":true,"href":"https:\/\/president-ksgov.net\/sr\/wp-json\/wp\/v2\/media\/31737"}],"wp:attachment":[{"href":"https:\/\/president-ksgov.net\/sr\/wp-json\/wp\/v2\/media?parent=76365"}],"wp:term":[{"taxonomy":"category","embeddable":true,"href":"https:\/\/president-ksgov.net\/sr\/wp-json\/wp\/v2\/categories?post=76365"},{"taxonomy":"post_tag","embeddable":true,"href":"https:\/\/president-ksgov.net\/sr\/wp-json\/wp\/v2\/tags?post=76365"}],"curies":[{"name":"wp","href":"https:\/\/api.w.org\/{rel}","templated":true}]}}