{"id":76358,"date":"2016-12-29T20:57:53","date_gmt":"2016-12-29T19:57:53","guid":{"rendered":"https:\/\/dev.president-ksgov.net\/predsednik-thaci-zahvalnost-na-podrci-turske-u-teka-i-dobra-vremena\/"},"modified":"2016-12-29T20:57:53","modified_gmt":"2016-12-29T20:57:53","slug":"predsednik-thaci-zahvalnost-na-podrci-turske-u-teka-i-dobra-vremena","status":"publish","type":"post","link":"https:\/\/president-ksgov.net\/sr\/predsednik-thaci-zahvalnost-na-podrci-turske-u-teka-i-dobra-vremena\/","title":{"rendered":"Predsednik Tha\u00e7i: Zahvalnost na podr&#154;ci Turske u te&#154;ka i dobra vremena"},"content":{"rendered":"<p>Ankara, 29. decembar 2016. godine &#8211; Predsednik Republike Kosova, Hashim Tha\u00e7i, sastao se sa predsednikom Republike Turske, Recep Tayyip Erdo\u011fan-om u okviru njegove zvani\u010dne posete Ankari.<\/p>\n<p>Na sastanku je jo&#353; jednom potvr\u0111eno da Kosovo i Turska imaju strate&#353;ku saradnju i da dve dr&#382;ave te&#382;e daljem produbljenju ove saradnje. <\/p>\n<p>Predsednik Tha\u00e7i do\u010dekan je uz najvi&#353;e dr&#382;avne po\u010dasti u Predsedni\u010dkoj palati u Ankari. Zajedno sa predsednikom Erdo\u011fan-om odali su po\u010dast vojnim trupama pre po\u010detka sastanka. <\/p>\n<p>Na sastanku izme\u0111u dve delegacije, predsednik Erdo\u011fan je predsedniku Tha\u00e7i-ju po&#382;eleo dobrodo&#353;licu i izrazio je zadovoljstvo &#353;to &#8222;je Turska uvek podr&#382;avala Kosovo i nastavi\u0107e da ga podr&#382;ava&#8220;.<br \/>\nPredsednik Erdo\u011fan obavestio je delegaciju o poku&#353;aju dr&#382;avnog pu\u010da 15. jula ove godine i o poku&#353;ajima Turske da spre\u010di svaku vrstu terorizma. <\/p>\n<p>Tako\u0111e, predsednik Erdo\u011fan je spomenuo i privrednu saradnju izme\u0111u dve dr&#382;ave i rekao je &#8222;ohrabrujemo turske firme da investiraju na Kosovu&#8220;. <\/p>\n<p>Predsednik Tha\u00e7i potvrdio je da je Kosovo osudilo poku&#353;aj nasilnog preuzimanja vlasti u Turskoj i naglasio je da &#8222;tenkovi i nasilje ne mogu pogaziti volju gra\u0111ana, presudu naroda koja je izra&#382;ena na izborima&#8220;. <\/p>\n<p>&#352;ef dr&#382;ave je rekao da je Kosovo zahvalno Turskoj &#8222;&#353;to se na&#353;la Kosovu u te&#353;ka vremena, ali u dobra vremena&#8220; i da sada poma&#382;e u obezbe\u0111ivanju priznavanja za dr&#382;avu Kosovo i u\u010dlanjenju zemlje u me\u0111unarodne organizacije. <\/p>\n<p>Kosovo i Turska dobro sara\u0111uju na polju bezbednosti, kako bi se zajedno borile protiv pretnji od ekstremizma i radikalizma. <\/p>\n<p>Predsednik Tha\u00e7i je rekao da Kosovo &#8222;izbliza prati doga\u0111aje u vezi sa pokretom &#8220;Gylen&#8220;&#8220;, dodaju\u0107i da &#8222;na&#353;a strate&#353;ka saradnja ne\u0107e biti pogo\u0111ena.&#8220;<\/p>\n<p>Govore\u0107i u vezi sa produbljenjem saradnje na svim poljima, predsednik Tha\u00e7i pozvao je da se ova saradnja pove\u0107a pogotovu na polju privrede. <\/p>\n<p>Nakon sastanka, dva predsednika su se obratili medijima. <\/p>\n<p>Predsednik Erdo\u011fan je pred novinarima naglasio da \u0107e &#8222;Turska nastaviti da podr&#382;ava dr&#382;avu Kosovo&#8220;, i dodao je da\u00a0 se na sastanku &#8222;sa prijateljem Tha\u00e7i-em tretiralo nekoliko pitanja&#8220;. <\/p>\n<p>Predsednik Tha\u00e7i je izrazio zahvalnost na podr&#353;ci koju Turska pru&#382;a i solidarnost Kosova sa\u00a0 patnjom Turske nakon teroristi\u010dkih napada. <\/p>\n<p>&#8222;Teroristi su svuda isti, u Ankari, u Pri&#353;tini, u Briselu, Berlinu, Njujorku ili Va&#353;ingtonu&#8220;, rekao je predsednik Tha\u00e7i, dodaju\u0107i da Kosovo ostaje posve\u0107eno tome da &#8222;se beskompromisno bori protiv svake vrste radikalizma i ekstremizma&#8220;. <\/p>\n<p>&#8222;Borbu protiv ekstremizma, radikalizma i terorizma \u0107emo dobiti samo rade\u0107i zajedno&#8220;, zaklju\u010dio je predsednik Republike Kosova, Hashim Tha\u00e7i.<\/p>\n","protected":false},"excerpt":{"rendered":"<p>Ankara, 29. decembar 2016. godine &#8211; Predsednik Republike Kosova, Hashim Tha\u00e7i, sastao se sa predsednikom Republike Turske, Recep Tayyip Erdo\u011fan-om u okviru njegove zvani\u010dne posete Ankari.<\/p>\n","protected":false},"author":1,"featured_media":31640,"comment_status":"open","ping_status":"closed","sticky":false,"template":"","format":"standard","meta":{"_eb_attr":"","footnotes":""},"categories":[114,101],"tags":[],"class_list":["post-76358","post","type-post","status-publish","format-standard","has-post-thumbnail","hentry","category-medunarodne-posete","category-vesti"],"yoast_head":"<!-- This site is optimized with the Yoast SEO plugin v23.5 - https:\/\/yoast.com\/wordpress\/plugins\/seo\/ -->\n<title>Predsednik Tha\u00e7i: Zahvalnost na podr&#154;ci Turske u te&#154;ka i dobra vremena - Predsednik Republike Kosovo - DR. VJOSA OSMANI - SADRIU<\/title>\n<meta name=\"description\" content=\"Predsednik Tha\u00e7i: Zahvalnost na podr&#154;ci Turske u te&#154;ka i dobra vremena - Predsednik Republike Kosovo - DR. VJOSA OSMANI - SADRIU -\" \/>\n<meta name=\"robots\" content=\"index, follow, max-snippet:-1, max-image-preview:large, max-video-preview:-1\" \/>\n<link rel=\"canonical\" href=\"https:\/\/president-ksgov.net\/sr\/predsednik-thaci-zahvalnost-na-podrci-turske-u-teka-i-dobra-vremena\/\" \/>\n<meta property=\"og:locale\" content=\"sr_RS\" \/>\n<meta property=\"og:type\" content=\"article\" \/>\n<meta property=\"og:title\" content=\"Predsednik Tha\u00e7i: Zahvalnost na podr&#154;ci Turske u te&#154;ka i dobra vremena - Predsednik Republike Kosovo - DR. VJOSA OSMANI - SADRIU\" \/>\n<meta property=\"og:description\" content=\"Predsednik Tha\u00e7i: Zahvalnost na podr&#154;ci Turske u te&#154;ka i dobra vremena - Predsednik Republike Kosovo - DR. VJOSA OSMANI - SADRIU -\" \/>\n<meta property=\"og:url\" content=\"https:\/\/president-ksgov.net\/sr\/predsednik-thaci-zahvalnost-na-podrci-turske-u-teka-i-dobra-vremena\/\" \/>\n<meta property=\"og:site_name\" content=\"Predsednik Republike Kosovo - DR. VJOSA OSMANI - SADRIU\" \/>\n<meta property=\"article:published_time\" content=\"2016-12-29T19:57:53+00:00\" \/>\n<meta property=\"article:modified_time\" content=\"2016-12-29T20:57:53+00:00\" \/>\n<meta property=\"og:image\" content=\"https:\/\/president-ksgov.net\/wp-content\/uploads\/29_12_2016_9544049_010.jpg\" \/>\n\t<meta property=\"og:image:width\" content=\"2400\" \/>\n\t<meta property=\"og:image:height\" content=\"1600\" \/>\n\t<meta property=\"og:image:type\" content=\"image\/jpeg\" \/>\n<meta name=\"author\" content=\"admin\" \/>\n<meta name=\"twitter:card\" content=\"summary_large_image\" \/>\n<meta name=\"twitter:label1\" content=\"\u041d\u0430\u043f\u0438\u0441\u0430\u043d\u043e \u043e\u0434\" \/>\n\t<meta name=\"twitter:data1\" content=\"admin\" \/>\n\t<meta name=\"twitter:label2\" content=\"\u041f\u0440\u043e\u0446\u0435\u045a\u0435\u043d\u043e \u0432\u0440\u0435\u043c\u0435 \u0447\u0438\u0442\u0430\u045a\u0430\" \/>\n\t<meta name=\"twitter:data2\" content=\"2 \u043c\u0438\u043d\u0443\u0442\u0430\" \/>\n<script type=\"application\/ld+json\" class=\"yoast-schema-graph\">{\"@context\":\"https:\/\/schema.org\",\"@graph\":[{\"@type\":\"WebPage\",\"@id\":\"https:\/\/president-ksgov.net\/sr\/predsednik-thaci-zahvalnost-na-podrci-turske-u-teka-i-dobra-vremena\/\",\"url\":\"https:\/\/president-ksgov.net\/sr\/predsednik-thaci-zahvalnost-na-podrci-turske-u-teka-i-dobra-vremena\/\",\"name\":\"Predsednik Tha\u00e7i: Zahvalnost na podr&#154;ci Turske u te&#154;ka i dobra vremena - Predsednik Republike Kosovo - DR. VJOSA OSMANI - SADRIU\",\"isPartOf\":{\"@id\":\"https:\/\/president-ksgov.net\/#website\"},\"primaryImageOfPage\":{\"@id\":\"https:\/\/president-ksgov.net\/sr\/predsednik-thaci-zahvalnost-na-podrci-turske-u-teka-i-dobra-vremena\/#primaryimage\"},\"image\":{\"@id\":\"https:\/\/president-ksgov.net\/sr\/predsednik-thaci-zahvalnost-na-podrci-turske-u-teka-i-dobra-vremena\/#primaryimage\"},\"thumbnailUrl\":\"https:\/\/president-ksgov.net\/wp-content\/uploads\/29_12_2016_9544049_010.jpg\",\"datePublished\":\"2016-12-29T19:57:53+00:00\",\"dateModified\":\"2016-12-29T20:57:53+00:00\",\"author\":{\"@id\":\"https:\/\/president-ksgov.net\/#\/schema\/person\/bb4337a5fb147cb2046d80548172cbee\"},\"description\":\"Predsednik Tha\u00e7i: Zahvalnost na podr&#154;ci Turske u te&#154;ka i dobra vremena - Predsednik Republike Kosovo - DR. VJOSA OSMANI - SADRIU -\",\"breadcrumb\":{\"@id\":\"https:\/\/president-ksgov.net\/sr\/predsednik-thaci-zahvalnost-na-podrci-turske-u-teka-i-dobra-vremena\/#breadcrumb\"},\"inLanguage\":\"sr-RS\",\"potentialAction\":[{\"@type\":\"ReadAction\",\"target\":[\"https:\/\/president-ksgov.net\/sr\/predsednik-thaci-zahvalnost-na-podrci-turske-u-teka-i-dobra-vremena\/\"]}]},{\"@type\":\"ImageObject\",\"inLanguage\":\"sr-RS\",\"@id\":\"https:\/\/president-ksgov.net\/sr\/predsednik-thaci-zahvalnost-na-podrci-turske-u-teka-i-dobra-vremena\/#primaryimage\",\"url\":\"https:\/\/president-ksgov.net\/wp-content\/uploads\/29_12_2016_9544049_010.jpg\",\"contentUrl\":\"https:\/\/president-ksgov.net\/wp-content\/uploads\/29_12_2016_9544049_010.jpg\",\"width\":2400,\"height\":1600},{\"@type\":\"BreadcrumbList\",\"@id\":\"https:\/\/president-ksgov.net\/sr\/predsednik-thaci-zahvalnost-na-podrci-turske-u-teka-i-dobra-vremena\/#breadcrumb\",\"itemListElement\":[{\"@type\":\"ListItem\",\"position\":1,\"name\":\"Home\",\"item\":\"https:\/\/president-ksgov.net\/sr\/\"},{\"@type\":\"ListItem\",\"position\":2,\"name\":\"Predsednik Tha\u00e7i: Zahvalnost na podr&#154;ci Turske u te&#154;ka i dobra vremena\"}]},{\"@type\":\"WebSite\",\"@id\":\"https:\/\/president-ksgov.net\/#website\",\"url\":\"https:\/\/president-ksgov.net\/\",\"name\":\"Presidente e Republik\u00ebs s\u00eb Kosov\u00ebs\",\"description\":\"Presidente e Republik\u00ebs s\u00eb Kosov\u00ebs\",\"alternateName\":\"DR. VJOSA OSMANI - SADRIU\",\"potentialAction\":[{\"@type\":\"SearchAction\",\"target\":{\"@type\":\"EntryPoint\",\"urlTemplate\":\"https:\/\/president-ksgov.net\/?s={search_term_string}\"},\"query-input\":{\"@type\":\"PropertyValueSpecification\",\"valueRequired\":true,\"valueName\":\"search_term_string\"}}],\"inLanguage\":\"sr-RS\"},{\"@type\":\"Person\",\"@id\":\"https:\/\/president-ksgov.net\/#\/schema\/person\/bb4337a5fb147cb2046d80548172cbee\",\"name\":\"admin\",\"image\":{\"@type\":\"ImageObject\",\"inLanguage\":\"sr-RS\",\"@id\":\"https:\/\/president-ksgov.net\/#\/schema\/person\/image\/\",\"url\":\"https:\/\/secure.gravatar.com\/avatar\/36156ca0fa3b8d9d25174f146e16beea0cf28f37adf1b9e19b6c9c279a7c9dd3?s=96&d=mm&r=g\",\"contentUrl\":\"https:\/\/secure.gravatar.com\/avatar\/36156ca0fa3b8d9d25174f146e16beea0cf28f37adf1b9e19b6c9c279a7c9dd3?s=96&d=mm&r=g\",\"caption\":\"admin\"},\"sameAs\":[\"https:\/\/president-ksgov.net\"]}]}<\/script>\n<!-- \/ Yoast SEO plugin. -->","yoast_head_json":{"title":"Predsednik Tha\u00e7i: Zahvalnost na podr&#154;ci Turske u te&#154;ka i dobra vremena - Predsednik Republike Kosovo - DR. VJOSA OSMANI - SADRIU","description":"Predsednik Tha\u00e7i: Zahvalnost na podr&#154;ci Turske u te&#154;ka i dobra vremena - Predsednik Republike Kosovo - DR. VJOSA OSMANI - SADRIU -","robots":{"index":"index","follow":"follow","max-snippet":"max-snippet:-1","max-image-preview":"max-image-preview:large","max-video-preview":"max-video-preview:-1"},"canonical":"https:\/\/president-ksgov.net\/sr\/predsednik-thaci-zahvalnost-na-podrci-turske-u-teka-i-dobra-vremena\/","og_locale":"sr_RS","og_type":"article","og_title":"Predsednik Tha\u00e7i: Zahvalnost na podr&#154;ci Turske u te&#154;ka i dobra vremena - Predsednik Republike Kosovo - DR. VJOSA OSMANI - SADRIU","og_description":"Predsednik Tha\u00e7i: Zahvalnost na podr&#154;ci Turske u te&#154;ka i dobra vremena - Predsednik Republike Kosovo - DR. VJOSA OSMANI - SADRIU -","og_url":"https:\/\/president-ksgov.net\/sr\/predsednik-thaci-zahvalnost-na-podrci-turske-u-teka-i-dobra-vremena\/","og_site_name":"Predsednik Republike Kosovo - DR. VJOSA OSMANI - SADRIU","article_published_time":"2016-12-29T19:57:53+00:00","article_modified_time":"2016-12-29T20:57:53+00:00","og_image":[{"width":2400,"height":1600,"url":"https:\/\/president-ksgov.net\/wp-content\/uploads\/29_12_2016_9544049_010.jpg","type":"image\/jpeg"}],"author":"admin","twitter_card":"summary_large_image","twitter_misc":{"\u041d\u0430\u043f\u0438\u0441\u0430\u043d\u043e \u043e\u0434":"admin","\u041f\u0440\u043e\u0446\u0435\u045a\u0435\u043d\u043e \u0432\u0440\u0435\u043c\u0435 \u0447\u0438\u0442\u0430\u045a\u0430":"2 \u043c\u0438\u043d\u0443\u0442\u0430"},"schema":{"@context":"https:\/\/schema.org","@graph":[{"@type":"WebPage","@id":"https:\/\/president-ksgov.net\/sr\/predsednik-thaci-zahvalnost-na-podrci-turske-u-teka-i-dobra-vremena\/","url":"https:\/\/president-ksgov.net\/sr\/predsednik-thaci-zahvalnost-na-podrci-turske-u-teka-i-dobra-vremena\/","name":"Predsednik Tha\u00e7i: Zahvalnost na podr&#154;ci Turske u te&#154;ka i dobra vremena - Predsednik Republike Kosovo - DR. VJOSA OSMANI - SADRIU","isPartOf":{"@id":"https:\/\/president-ksgov.net\/#website"},"primaryImageOfPage":{"@id":"https:\/\/president-ksgov.net\/sr\/predsednik-thaci-zahvalnost-na-podrci-turske-u-teka-i-dobra-vremena\/#primaryimage"},"image":{"@id":"https:\/\/president-ksgov.net\/sr\/predsednik-thaci-zahvalnost-na-podrci-turske-u-teka-i-dobra-vremena\/#primaryimage"},"thumbnailUrl":"https:\/\/president-ksgov.net\/wp-content\/uploads\/29_12_2016_9544049_010.jpg","datePublished":"2016-12-29T19:57:53+00:00","dateModified":"2016-12-29T20:57:53+00:00","author":{"@id":"https:\/\/president-ksgov.net\/#\/schema\/person\/bb4337a5fb147cb2046d80548172cbee"},"description":"Predsednik Tha\u00e7i: Zahvalnost na podr&#154;ci Turske u te&#154;ka i dobra vremena - Predsednik Republike Kosovo - DR. VJOSA OSMANI - SADRIU -","breadcrumb":{"@id":"https:\/\/president-ksgov.net\/sr\/predsednik-thaci-zahvalnost-na-podrci-turske-u-teka-i-dobra-vremena\/#breadcrumb"},"inLanguage":"sr-RS","potentialAction":[{"@type":"ReadAction","target":["https:\/\/president-ksgov.net\/sr\/predsednik-thaci-zahvalnost-na-podrci-turske-u-teka-i-dobra-vremena\/"]}]},{"@type":"ImageObject","inLanguage":"sr-RS","@id":"https:\/\/president-ksgov.net\/sr\/predsednik-thaci-zahvalnost-na-podrci-turske-u-teka-i-dobra-vremena\/#primaryimage","url":"https:\/\/president-ksgov.net\/wp-content\/uploads\/29_12_2016_9544049_010.jpg","contentUrl":"https:\/\/president-ksgov.net\/wp-content\/uploads\/29_12_2016_9544049_010.jpg","width":2400,"height":1600},{"@type":"BreadcrumbList","@id":"https:\/\/president-ksgov.net\/sr\/predsednik-thaci-zahvalnost-na-podrci-turske-u-teka-i-dobra-vremena\/#breadcrumb","itemListElement":[{"@type":"ListItem","position":1,"name":"Home","item":"https:\/\/president-ksgov.net\/sr\/"},{"@type":"ListItem","position":2,"name":"Predsednik Tha\u00e7i: Zahvalnost na podr&#154;ci Turske u te&#154;ka i dobra vremena"}]},{"@type":"WebSite","@id":"https:\/\/president-ksgov.net\/#website","url":"https:\/\/president-ksgov.net\/","name":"Presidente e Republik\u00ebs s\u00eb Kosov\u00ebs","description":"Presidente e Republik\u00ebs s\u00eb Kosov\u00ebs","alternateName":"DR. VJOSA OSMANI - SADRIU","potentialAction":[{"@type":"SearchAction","target":{"@type":"EntryPoint","urlTemplate":"https:\/\/president-ksgov.net\/?s={search_term_string}"},"query-input":{"@type":"PropertyValueSpecification","valueRequired":true,"valueName":"search_term_string"}}],"inLanguage":"sr-RS"},{"@type":"Person","@id":"https:\/\/president-ksgov.net\/#\/schema\/person\/bb4337a5fb147cb2046d80548172cbee","name":"admin","image":{"@type":"ImageObject","inLanguage":"sr-RS","@id":"https:\/\/president-ksgov.net\/#\/schema\/person\/image\/","url":"https:\/\/secure.gravatar.com\/avatar\/36156ca0fa3b8d9d25174f146e16beea0cf28f37adf1b9e19b6c9c279a7c9dd3?s=96&d=mm&r=g","contentUrl":"https:\/\/secure.gravatar.com\/avatar\/36156ca0fa3b8d9d25174f146e16beea0cf28f37adf1b9e19b6c9c279a7c9dd3?s=96&d=mm&r=g","caption":"admin"},"sameAs":["https:\/\/president-ksgov.net"]}]}},"_links":{"self":[{"href":"https:\/\/president-ksgov.net\/sr\/wp-json\/wp\/v2\/posts\/76358","targetHints":{"allow":["GET"]}}],"collection":[{"href":"https:\/\/president-ksgov.net\/sr\/wp-json\/wp\/v2\/posts"}],"about":[{"href":"https:\/\/president-ksgov.net\/sr\/wp-json\/wp\/v2\/types\/post"}],"author":[{"embeddable":true,"href":"https:\/\/president-ksgov.net\/sr\/wp-json\/wp\/v2\/users\/1"}],"replies":[{"embeddable":true,"href":"https:\/\/president-ksgov.net\/sr\/wp-json\/wp\/v2\/comments?post=76358"}],"version-history":[{"count":0,"href":"https:\/\/president-ksgov.net\/sr\/wp-json\/wp\/v2\/posts\/76358\/revisions"}],"wp:featuredmedia":[{"embeddable":true,"href":"https:\/\/president-ksgov.net\/sr\/wp-json\/wp\/v2\/media\/31640"}],"wp:attachment":[{"href":"https:\/\/president-ksgov.net\/sr\/wp-json\/wp\/v2\/media?parent=76358"}],"wp:term":[{"taxonomy":"category","embeddable":true,"href":"https:\/\/president-ksgov.net\/sr\/wp-json\/wp\/v2\/categories?post=76358"},{"taxonomy":"post_tag","embeddable":true,"href":"https:\/\/president-ksgov.net\/sr\/wp-json\/wp\/v2\/tags?post=76358"}],"curies":[{"name":"wp","href":"https:\/\/api.w.org\/{rel}","templated":true}]}}