{"id":76354,"date":"2017-01-01T17:32:26","date_gmt":"2017-01-01T17:32:26","guid":{"rendered":"https:\/\/dev.president-ksgov.net\/predsednik-thaci-cestitao-njegovoj-maltekoj-koleginici-na-preuzimanju-predsedavanja-savetom-evropske-unije\/"},"modified":"2017-01-01T17:32:26","modified_gmt":"2017-01-01T17:32:26","slug":"predsednik-thaci-cestitao-njegovoj-maltekoj-koleginici-na-preuzimanju-predsedavanja-savetom-evropske-unije","status":"publish","type":"post","link":"https:\/\/president-ksgov.net\/sr\/predsednik-thaci-cestitao-njegovoj-maltekoj-koleginici-na-preuzimanju-predsedavanja-savetom-evropske-unije\/","title":{"rendered":"Predsednik Tha\u00e7i \u010destitao njegovoj malte&#154;koj koleginici na preuzimanju predsedavanja Savetom Evropske unije"},"content":{"rendered":"<p>1. januar 2017. godine, Pri&#353;tina &#8211; Predsednik Republike Kosova, Hashim Tha\u00e7i, \u010destitao je predsednici Republike Malte, Marie Louise Coleiro Preca, povodom preuzimanja predsedavanja Savetom Evropske unije od strane malte&#353;ke dr&#382;ave.<\/p>\n<p>U njegovom telegramu \u010destitke koji je poslat njegovom homologu Coleiro Preca, predsednik Tha\u00e7i je napisao da rukovo\u0111enje Savetom Evropske unije od strane Malte i principi koje ova zemlja promovi&#353;e ja\u010daju uverenje Kosovara da su najbolje odabrali deo koje porodice &#382;ele da budu.<\/p>\n<p>Ovo je telegram predsednika Tha\u00e7i-ja koji je upu\u0107en predsednici Coleiro Preca:<br \/>\n\u00a0<br \/>\nVa&#353;a ekselencijo, po&#353;tovana predsednice\u00a0 Coleiro Preca,<br \/>\n\u00a0<br \/>\nDozvolite mi da vam \u010destitam na preuzimanju narednog predsedavanja Predsedni&#353;tvom Saveta Evropske unije od 1. januara 2017. godine, ujedno izra&#382;avam i moje ube\u0111enje da \u0107e va&#353;e rukovo\u0111enje doprineti napretku bitnih putanja za Evropsku uniju i ceo Evropski kontinent.<br \/>\n\u00a0<br \/>\nVa&#353;e predsedavanje se dogodilo u bitno vreme za EU, u trenutku kada Unija treba da po\u010dne da pru&#382;a jo&#353; vi&#353;e svojim gra\u0111anima. Nema sumnje da je EU najuspe&#353;niji me\u0111unarodni projekat, budu\u0107i da je uspe&#353;no i u potpunosti ispunila svoju osnovnu misiju &#8211; da obezbedi mir me\u0111u svim dr&#382;avama koje su njene \u010dlanice.<br \/>\n\u00a0<br \/>\nDanas, gra\u0111ani dr&#382;ava \u010dlanica EU tra&#382;e da im Unija pru&#382;i jo&#353; vi&#353;e. U programu koji ste pripremili za va&#353;e rukovo\u0111enje ta\u010dno ste identifikovali izazove sa kojima se suo\u010dava EU, kao &#353;to si migracije, zajedni\u010dko tr&#382;i&#353;te, bezbednost, socijalna inkluzivnost i politika susedstva i pro&#353;irenja. &#381;elim da zajedno sa ostalim dr&#382;avama \u010dlanicama EU prona\u0111ete odgovore na ove izazove i da Evropskoj uniji date novi kvalitet.<br \/>\n\u00a0<br \/>\nZa dr&#382;avu kao &#353;to je Kosovo, ja\u010danje EU je ja\u010danje poverenja da \u0107e mir i stabilnost nadvladati jednom za svagda ceo Evropski kontinent.<br \/>\n\u00a0<br \/>\nGra\u0111ani Kosova imaju jedno mi&#353;ljenje &#353;to se ti\u010de evropske budu\u0107nosti na&#353;e dr&#382;ave. Va&#353;e rukovo\u0111enje i principi koje promovi&#353;ete ja\u010daju na&#353;e poverenje da samo najbolje odabrali deo koje porodice &#382;elimo da budemo i da \u0107e njenim predsedavanjem, Malta dati novi i dinami\u010dniji podstrek o&#382;ivljavanju bitnih procesa za gra\u0111ane Republike Kosova na putovanju zemlje prema EU.<br \/>\n\u00a0<br \/>\nUbe\u0111en u uspeh va&#353;eg predsedavanja Savetom EU, &#382;elim vam sretan rad i izra&#382;avam vam na&#353;u potpunu podr&#353;ku u va&#353;em radu.<\/p>\n","protected":false},"excerpt":{"rendered":"<p>1. januar 2017. godine, Pri&#353;tina &#8211; Predsednik Republike Kosova, Hashim Tha\u00e7i, \u010destitao je predsednici Republike Malte, Marie Louise Coleiro Preca, povodom preuzimanja predsedavanja Savetom Evropske unije od strane malte&#353;ke dr&#382;ave.<\/p>\n","protected":false},"author":1,"featured_media":31579,"comment_status":"open","ping_status":"closed","sticky":false,"template":"","format":"standard","meta":{"_eb_attr":"","footnotes":""},"categories":[101],"tags":[],"class_list":["post-76354","post","type-post","status-publish","format-standard","has-post-thumbnail","hentry","category-vesti"],"yoast_head":"<!-- This site is optimized with the Yoast SEO plugin v23.5 - https:\/\/yoast.com\/wordpress\/plugins\/seo\/ -->\n<title>Predsednik Tha\u00e7i \u010destitao njegovoj malte&#154;koj koleginici na preuzimanju predsedavanja Savetom Evropske unije - Predsednik Republike Kosovo - DR. VJOSA OSMANI - SADRIU<\/title>\n<meta name=\"description\" content=\"Predsednik Tha\u00e7i \u010destitao njegovoj malte&#154;koj koleginici na preuzimanju predsedavanja Savetom Evropske unije - Predsednik Republike Kosovo - DR. VJOSA OSMANI - SADRIU -\" \/>\n<meta name=\"robots\" content=\"index, follow, max-snippet:-1, max-image-preview:large, max-video-preview:-1\" \/>\n<link rel=\"canonical\" href=\"https:\/\/president-ksgov.net\/sr\/predsednik-thaci-cestitao-njegovoj-maltekoj-koleginici-na-preuzimanju-predsedavanja-savetom-evropske-unije\/\" \/>\n<meta property=\"og:locale\" content=\"sr_RS\" \/>\n<meta property=\"og:type\" content=\"article\" \/>\n<meta property=\"og:title\" content=\"Predsednik Tha\u00e7i \u010destitao njegovoj malte&#154;koj koleginici na preuzimanju predsedavanja Savetom Evropske unije - Predsednik Republike Kosovo - DR. VJOSA OSMANI - SADRIU\" \/>\n<meta property=\"og:description\" content=\"Predsednik Tha\u00e7i \u010destitao njegovoj malte&#154;koj koleginici na preuzimanju predsedavanja Savetom Evropske unije - Predsednik Republike Kosovo - DR. VJOSA OSMANI - SADRIU -\" \/>\n<meta property=\"og:url\" content=\"https:\/\/president-ksgov.net\/sr\/predsednik-thaci-cestitao-njegovoj-maltekoj-koleginici-na-preuzimanju-predsedavanja-savetom-evropske-unije\/\" \/>\n<meta property=\"og:site_name\" content=\"Predsednik Republike Kosovo - DR. VJOSA OSMANI - SADRIU\" \/>\n<meta property=\"article:published_time\" content=\"2017-01-01T17:32:26+00:00\" \/>\n<meta property=\"og:image\" content=\"https:\/\/president-ksgov.net\/wp-content\/uploads\/01_01_2017_8776052_01.jpg\" \/>\n\t<meta property=\"og:image:width\" content=\"2400\" \/>\n\t<meta property=\"og:image:height\" content=\"1600\" \/>\n\t<meta property=\"og:image:type\" content=\"image\/jpeg\" \/>\n<meta name=\"author\" content=\"admin\" \/>\n<meta name=\"twitter:card\" content=\"summary_large_image\" \/>\n<meta name=\"twitter:label1\" content=\"\u041d\u0430\u043f\u0438\u0441\u0430\u043d\u043e \u043e\u0434\" \/>\n\t<meta name=\"twitter:data1\" content=\"admin\" \/>\n\t<meta name=\"twitter:label2\" content=\"\u041f\u0440\u043e\u0446\u0435\u045a\u0435\u043d\u043e \u0432\u0440\u0435\u043c\u0435 \u0447\u0438\u0442\u0430\u045a\u0430\" \/>\n\t<meta name=\"twitter:data2\" content=\"2 \u043c\u0438\u043d\u0443\u0442\u0430\" \/>\n<script type=\"application\/ld+json\" class=\"yoast-schema-graph\">{\"@context\":\"https:\/\/schema.org\",\"@graph\":[{\"@type\":\"WebPage\",\"@id\":\"https:\/\/president-ksgov.net\/sr\/predsednik-thaci-cestitao-njegovoj-maltekoj-koleginici-na-preuzimanju-predsedavanja-savetom-evropske-unije\/\",\"url\":\"https:\/\/president-ksgov.net\/sr\/predsednik-thaci-cestitao-njegovoj-maltekoj-koleginici-na-preuzimanju-predsedavanja-savetom-evropske-unije\/\",\"name\":\"Predsednik Tha\u00e7i \u010destitao njegovoj malte&#154;koj koleginici na preuzimanju predsedavanja Savetom Evropske unije - Predsednik Republike Kosovo - DR. VJOSA OSMANI - SADRIU\",\"isPartOf\":{\"@id\":\"https:\/\/president-ksgov.net\/#website\"},\"primaryImageOfPage\":{\"@id\":\"https:\/\/president-ksgov.net\/sr\/predsednik-thaci-cestitao-njegovoj-maltekoj-koleginici-na-preuzimanju-predsedavanja-savetom-evropske-unije\/#primaryimage\"},\"image\":{\"@id\":\"https:\/\/president-ksgov.net\/sr\/predsednik-thaci-cestitao-njegovoj-maltekoj-koleginici-na-preuzimanju-predsedavanja-savetom-evropske-unije\/#primaryimage\"},\"thumbnailUrl\":\"https:\/\/president-ksgov.net\/wp-content\/uploads\/01_01_2017_8776052_01.jpg\",\"datePublished\":\"2017-01-01T17:32:26+00:00\",\"dateModified\":\"2017-01-01T17:32:26+00:00\",\"author\":{\"@id\":\"https:\/\/president-ksgov.net\/#\/schema\/person\/bb4337a5fb147cb2046d80548172cbee\"},\"description\":\"Predsednik Tha\u00e7i \u010destitao njegovoj malte&#154;koj koleginici na preuzimanju predsedavanja Savetom Evropske unije - Predsednik Republike Kosovo - DR. VJOSA OSMANI - SADRIU -\",\"breadcrumb\":{\"@id\":\"https:\/\/president-ksgov.net\/sr\/predsednik-thaci-cestitao-njegovoj-maltekoj-koleginici-na-preuzimanju-predsedavanja-savetom-evropske-unije\/#breadcrumb\"},\"inLanguage\":\"sr-RS\",\"potentialAction\":[{\"@type\":\"ReadAction\",\"target\":[\"https:\/\/president-ksgov.net\/sr\/predsednik-thaci-cestitao-njegovoj-maltekoj-koleginici-na-preuzimanju-predsedavanja-savetom-evropske-unije\/\"]}]},{\"@type\":\"ImageObject\",\"inLanguage\":\"sr-RS\",\"@id\":\"https:\/\/president-ksgov.net\/sr\/predsednik-thaci-cestitao-njegovoj-maltekoj-koleginici-na-preuzimanju-predsedavanja-savetom-evropske-unije\/#primaryimage\",\"url\":\"https:\/\/president-ksgov.net\/wp-content\/uploads\/01_01_2017_8776052_01.jpg\",\"contentUrl\":\"https:\/\/president-ksgov.net\/wp-content\/uploads\/01_01_2017_8776052_01.jpg\",\"width\":2400,\"height\":1600},{\"@type\":\"BreadcrumbList\",\"@id\":\"https:\/\/president-ksgov.net\/sr\/predsednik-thaci-cestitao-njegovoj-maltekoj-koleginici-na-preuzimanju-predsedavanja-savetom-evropske-unije\/#breadcrumb\",\"itemListElement\":[{\"@type\":\"ListItem\",\"position\":1,\"name\":\"Home\",\"item\":\"https:\/\/president-ksgov.net\/sr\/\"},{\"@type\":\"ListItem\",\"position\":2,\"name\":\"Predsednik Tha\u00e7i \u010destitao njegovoj malte&#154;koj koleginici na preuzimanju predsedavanja Savetom Evropske unije\"}]},{\"@type\":\"WebSite\",\"@id\":\"https:\/\/president-ksgov.net\/#website\",\"url\":\"https:\/\/president-ksgov.net\/\",\"name\":\"Presidente e Republik\u00ebs s\u00eb Kosov\u00ebs\",\"description\":\"Presidente e Republik\u00ebs s\u00eb Kosov\u00ebs\",\"alternateName\":\"DR. VJOSA OSMANI - SADRIU\",\"potentialAction\":[{\"@type\":\"SearchAction\",\"target\":{\"@type\":\"EntryPoint\",\"urlTemplate\":\"https:\/\/president-ksgov.net\/?s={search_term_string}\"},\"query-input\":{\"@type\":\"PropertyValueSpecification\",\"valueRequired\":true,\"valueName\":\"search_term_string\"}}],\"inLanguage\":\"sr-RS\"},{\"@type\":\"Person\",\"@id\":\"https:\/\/president-ksgov.net\/#\/schema\/person\/bb4337a5fb147cb2046d80548172cbee\",\"name\":\"admin\",\"image\":{\"@type\":\"ImageObject\",\"inLanguage\":\"sr-RS\",\"@id\":\"https:\/\/president-ksgov.net\/#\/schema\/person\/image\/\",\"url\":\"https:\/\/secure.gravatar.com\/avatar\/36156ca0fa3b8d9d25174f146e16beea0cf28f37adf1b9e19b6c9c279a7c9dd3?s=96&d=mm&r=g\",\"contentUrl\":\"https:\/\/secure.gravatar.com\/avatar\/36156ca0fa3b8d9d25174f146e16beea0cf28f37adf1b9e19b6c9c279a7c9dd3?s=96&d=mm&r=g\",\"caption\":\"admin\"},\"sameAs\":[\"https:\/\/president-ksgov.net\"]}]}<\/script>\n<!-- \/ Yoast SEO plugin. -->","yoast_head_json":{"title":"Predsednik Tha\u00e7i \u010destitao njegovoj malte&#154;koj koleginici na preuzimanju predsedavanja Savetom Evropske unije - Predsednik Republike Kosovo - DR. VJOSA OSMANI - SADRIU","description":"Predsednik Tha\u00e7i \u010destitao njegovoj malte&#154;koj koleginici na preuzimanju predsedavanja Savetom Evropske unije - Predsednik Republike Kosovo - DR. VJOSA OSMANI - SADRIU -","robots":{"index":"index","follow":"follow","max-snippet":"max-snippet:-1","max-image-preview":"max-image-preview:large","max-video-preview":"max-video-preview:-1"},"canonical":"https:\/\/president-ksgov.net\/sr\/predsednik-thaci-cestitao-njegovoj-maltekoj-koleginici-na-preuzimanju-predsedavanja-savetom-evropske-unije\/","og_locale":"sr_RS","og_type":"article","og_title":"Predsednik Tha\u00e7i \u010destitao njegovoj malte&#154;koj koleginici na preuzimanju predsedavanja Savetom Evropske unije - Predsednik Republike Kosovo - DR. VJOSA OSMANI - SADRIU","og_description":"Predsednik Tha\u00e7i \u010destitao njegovoj malte&#154;koj koleginici na preuzimanju predsedavanja Savetom Evropske unije - Predsednik Republike Kosovo - DR. VJOSA OSMANI - SADRIU -","og_url":"https:\/\/president-ksgov.net\/sr\/predsednik-thaci-cestitao-njegovoj-maltekoj-koleginici-na-preuzimanju-predsedavanja-savetom-evropske-unije\/","og_site_name":"Predsednik Republike Kosovo - DR. VJOSA OSMANI - SADRIU","article_published_time":"2017-01-01T17:32:26+00:00","og_image":[{"width":2400,"height":1600,"url":"https:\/\/president-ksgov.net\/wp-content\/uploads\/01_01_2017_8776052_01.jpg","type":"image\/jpeg"}],"author":"admin","twitter_card":"summary_large_image","twitter_misc":{"\u041d\u0430\u043f\u0438\u0441\u0430\u043d\u043e \u043e\u0434":"admin","\u041f\u0440\u043e\u0446\u0435\u045a\u0435\u043d\u043e \u0432\u0440\u0435\u043c\u0435 \u0447\u0438\u0442\u0430\u045a\u0430":"2 \u043c\u0438\u043d\u0443\u0442\u0430"},"schema":{"@context":"https:\/\/schema.org","@graph":[{"@type":"WebPage","@id":"https:\/\/president-ksgov.net\/sr\/predsednik-thaci-cestitao-njegovoj-maltekoj-koleginici-na-preuzimanju-predsedavanja-savetom-evropske-unije\/","url":"https:\/\/president-ksgov.net\/sr\/predsednik-thaci-cestitao-njegovoj-maltekoj-koleginici-na-preuzimanju-predsedavanja-savetom-evropske-unije\/","name":"Predsednik Tha\u00e7i \u010destitao njegovoj malte&#154;koj koleginici na preuzimanju predsedavanja Savetom Evropske unije - Predsednik Republike Kosovo - DR. VJOSA OSMANI - SADRIU","isPartOf":{"@id":"https:\/\/president-ksgov.net\/#website"},"primaryImageOfPage":{"@id":"https:\/\/president-ksgov.net\/sr\/predsednik-thaci-cestitao-njegovoj-maltekoj-koleginici-na-preuzimanju-predsedavanja-savetom-evropske-unije\/#primaryimage"},"image":{"@id":"https:\/\/president-ksgov.net\/sr\/predsednik-thaci-cestitao-njegovoj-maltekoj-koleginici-na-preuzimanju-predsedavanja-savetom-evropske-unije\/#primaryimage"},"thumbnailUrl":"https:\/\/president-ksgov.net\/wp-content\/uploads\/01_01_2017_8776052_01.jpg","datePublished":"2017-01-01T17:32:26+00:00","dateModified":"2017-01-01T17:32:26+00:00","author":{"@id":"https:\/\/president-ksgov.net\/#\/schema\/person\/bb4337a5fb147cb2046d80548172cbee"},"description":"Predsednik Tha\u00e7i \u010destitao njegovoj malte&#154;koj koleginici na preuzimanju predsedavanja Savetom Evropske unije - Predsednik Republike Kosovo - DR. VJOSA OSMANI - SADRIU -","breadcrumb":{"@id":"https:\/\/president-ksgov.net\/sr\/predsednik-thaci-cestitao-njegovoj-maltekoj-koleginici-na-preuzimanju-predsedavanja-savetom-evropske-unije\/#breadcrumb"},"inLanguage":"sr-RS","potentialAction":[{"@type":"ReadAction","target":["https:\/\/president-ksgov.net\/sr\/predsednik-thaci-cestitao-njegovoj-maltekoj-koleginici-na-preuzimanju-predsedavanja-savetom-evropske-unije\/"]}]},{"@type":"ImageObject","inLanguage":"sr-RS","@id":"https:\/\/president-ksgov.net\/sr\/predsednik-thaci-cestitao-njegovoj-maltekoj-koleginici-na-preuzimanju-predsedavanja-savetom-evropske-unije\/#primaryimage","url":"https:\/\/president-ksgov.net\/wp-content\/uploads\/01_01_2017_8776052_01.jpg","contentUrl":"https:\/\/president-ksgov.net\/wp-content\/uploads\/01_01_2017_8776052_01.jpg","width":2400,"height":1600},{"@type":"BreadcrumbList","@id":"https:\/\/president-ksgov.net\/sr\/predsednik-thaci-cestitao-njegovoj-maltekoj-koleginici-na-preuzimanju-predsedavanja-savetom-evropske-unije\/#breadcrumb","itemListElement":[{"@type":"ListItem","position":1,"name":"Home","item":"https:\/\/president-ksgov.net\/sr\/"},{"@type":"ListItem","position":2,"name":"Predsednik Tha\u00e7i \u010destitao njegovoj malte&#154;koj koleginici na preuzimanju predsedavanja Savetom Evropske unije"}]},{"@type":"WebSite","@id":"https:\/\/president-ksgov.net\/#website","url":"https:\/\/president-ksgov.net\/","name":"Presidente e Republik\u00ebs s\u00eb Kosov\u00ebs","description":"Presidente e Republik\u00ebs s\u00eb Kosov\u00ebs","alternateName":"DR. VJOSA OSMANI - SADRIU","potentialAction":[{"@type":"SearchAction","target":{"@type":"EntryPoint","urlTemplate":"https:\/\/president-ksgov.net\/?s={search_term_string}"},"query-input":{"@type":"PropertyValueSpecification","valueRequired":true,"valueName":"search_term_string"}}],"inLanguage":"sr-RS"},{"@type":"Person","@id":"https:\/\/president-ksgov.net\/#\/schema\/person\/bb4337a5fb147cb2046d80548172cbee","name":"admin","image":{"@type":"ImageObject","inLanguage":"sr-RS","@id":"https:\/\/president-ksgov.net\/#\/schema\/person\/image\/","url":"https:\/\/secure.gravatar.com\/avatar\/36156ca0fa3b8d9d25174f146e16beea0cf28f37adf1b9e19b6c9c279a7c9dd3?s=96&d=mm&r=g","contentUrl":"https:\/\/secure.gravatar.com\/avatar\/36156ca0fa3b8d9d25174f146e16beea0cf28f37adf1b9e19b6c9c279a7c9dd3?s=96&d=mm&r=g","caption":"admin"},"sameAs":["https:\/\/president-ksgov.net"]}]}},"_links":{"self":[{"href":"https:\/\/president-ksgov.net\/sr\/wp-json\/wp\/v2\/posts\/76354","targetHints":{"allow":["GET"]}}],"collection":[{"href":"https:\/\/president-ksgov.net\/sr\/wp-json\/wp\/v2\/posts"}],"about":[{"href":"https:\/\/president-ksgov.net\/sr\/wp-json\/wp\/v2\/types\/post"}],"author":[{"embeddable":true,"href":"https:\/\/president-ksgov.net\/sr\/wp-json\/wp\/v2\/users\/1"}],"replies":[{"embeddable":true,"href":"https:\/\/president-ksgov.net\/sr\/wp-json\/wp\/v2\/comments?post=76354"}],"version-history":[{"count":0,"href":"https:\/\/president-ksgov.net\/sr\/wp-json\/wp\/v2\/posts\/76354\/revisions"}],"wp:featuredmedia":[{"embeddable":true,"href":"https:\/\/president-ksgov.net\/sr\/wp-json\/wp\/v2\/media\/31579"}],"wp:attachment":[{"href":"https:\/\/president-ksgov.net\/sr\/wp-json\/wp\/v2\/media?parent=76354"}],"wp:term":[{"taxonomy":"category","embeddable":true,"href":"https:\/\/president-ksgov.net\/sr\/wp-json\/wp\/v2\/categories?post=76354"},{"taxonomy":"post_tag","embeddable":true,"href":"https:\/\/president-ksgov.net\/sr\/wp-json\/wp\/v2\/tags?post=76354"}],"curies":[{"name":"wp","href":"https:\/\/api.w.org\/{rel}","templated":true}]}}