{"id":76352,"date":"2017-01-09T10:24:19","date_gmt":"2017-01-09T10:24:19","guid":{"rendered":"https:\/\/dev.president-ksgov.net\/predsednik-thaci-ce-biti-primljen-u-beloj-kuci-od-strane-potpredesnika-bajdena\/"},"modified":"2017-01-09T10:24:19","modified_gmt":"2017-01-09T10:24:19","slug":"predsednik-thaci-ce-biti-primljen-u-beloj-kuci-od-strane-potpredesnika-bajdena","status":"publish","type":"post","link":"https:\/\/president-ksgov.net\/sr\/predsednik-thaci-ce-biti-primljen-u-beloj-kuci-od-strane-potpredesnika-bajdena\/","title":{"rendered":"Predsednik Tha\u00e7i \u0107e biti primljen u Beloj ku\u0107i od strane potpredesnika Bajdena"},"content":{"rendered":"<p>Va&#353;ington DC, 9 januar &#8211;\u00a0Predsednik Republike Kosovo, Hashim Tha\u00e7i, zapo\u010deo je slu&#382;benu posetu na visokom nivou u SAD u okviru koje \u0107e se sastati sa visokim zvani\u010dnicima ameri\u010dke administracije, senatorima, kongresmenima, &#8220;think-tank&#8221; liderima kao I  zvani\u010dnicima koji su imali va&#382;nu ulogu I koji \u0107e imati istu u daljem razvoju odnosa u Va&#353;ingtona po pitanju Kosova I Balkana.<\/p>\n<p>Predsednika Tha\u00e7i u Beloj ku\u0107i \u0107e primiti potpredsednik Sjedinjenih Ameri\u010dkih Dr&#382;ava, Joe Biden.<br \/>\n\u00a0<br \/>\nNakon toga, predsednik Tha\u00e7i \u0107e u ameri\u010dkom Senatu imati odvojene sastanke sa senatorima od va&#382;nosti koji su bitni za razvoj situacije u Evropi I u na&#353;em regionu. Prvi sastanak \u0107e biti sa senatorom Bob Corker, predsedavaju\u0107im Komiteta za spolje poslove ameri\u010dkog Senata.<br \/>\n\u00a0<br \/>\nZatim sa senatorkom Joni Ernst, republikanac iz Iowe, veteranka ameri\u010dke vojske koja je posetila Kosovo I koja daje podr&#353;ku Kosovu, posebno Kosovskim bezbedonosnim snagama.<br \/>\n\u00a0<br \/>\nSlede\u0107i\u00a0 sastanak u Senatu\u00a0 sa senatorom John McCain, tako\u0111e veteran vojske, ali I politike u SAD &#8211;u, kao I sastanak sa senatorom Jim DeMint, najisaknutijom li\u010dnosti Republikanske stranke kao\u00a0 I predsedavaju\u0107i &#8220;The Heritage Foundation&#8221;- think-tank najuticajniji u formiranju tranzitnog tima novoizabranog predsednika, Donalda Trumpa.<\/p>\n<p>U ameri\u010dkom Kongresu, predsednik Tha\u00e7i \u0107e se sastati sa kongresmenom Eliot Engel I kongresmenom Michael Turner, koji je I predsednik Parlamentarne skup&#353;tine NATO-a.<br \/>\n\u00a0<br \/>\nMe\u0111u ostalim va&#382;nim sastancima je \u00a0I onaj sa Bob Dollom, biv&#353;im senatorom I jednim od naj mo\u0107nijih glasova za Kosovo u Va&#353;ingtonu, tako\u0111e bliskim i sa timom novoizabranog predsednika Trump.<\/p>\n<p>Me\u0111u klju\u010dnim sastancima sa predstavnicima Think-Tank koji imaju uticaj u politici Sjedinjenih Dr&#382;ava, je sastanak sa Strobe Talbot, biv&#353;im zamenikom dr&#382;avnog sekretara, spoljnopoliti\u010dkim ekspertom koji trenutno vr&#353;i fnkciju predsednika &#8220;Brookings Institute&#8221;; sa Morton Abramowitz i Jim Hooper, koji su imali va&#382;nu ulogu u me\u0111unarodnoj politici po pitanju Kosova, kao I sastanak sa Frederick Kempe i Damon Wilson iz &#8220;AtlanticCouncil&#8221;.<br \/>\n\u00a0<br \/>\nNa svim ovim sastancima, predsednik Tha\u00e7i \u0107e razgovarati o nastavku saradnje Kosova I SAD-a kao I produbljivanju tih odnosa.<br \/>\n\u00a0<br \/>\n&#8222;Moja poseta I na\u010din na koji sam do\u010dekan u Va&#353;ingtonu je potvrda posebnog I trajnog prijateljstva koje imamo sa Sjedinjenim Ameri\u010dkim Dr&#382;avama&#8220;\u00a0, rekao je predsednik Tha\u00e7i na po\u010detku posete Va&#353;ingtonu.<\/p>\n<p>&#8220;De&#353;avanjima I promenama u svetu, na&#353;e prijateljstvo sa SAD, na&#353; poseban odnos je od vitalnog zna\u010daja za budu\u0107nost Kosova, za mir I stabilnost u na&#353;em regionu&#8220;, zaklju\u010dio je predsednik Hashim Tha\u00e7i.<br \/>\n\u00a0<\/p>\n","protected":false},"excerpt":{"rendered":"<p>Va&#353;ington DC, 9 januar &#8211;\u00a0Predsednik Republike Kosovo, Hashim Tha\u00e7i, zapo\u010deo je slu&#382;benu posetu na visokom nivou u SAD u okviru koje \u0107e se sastati sa visokim zvani\u010dnicima ameri\u010dke administracije, senatorima, kongresmenima, &#8220;think-tank&#8221; liderima kao I  zvani\u010dnicima koji su imali va&#382;nu ulogu I koji \u0107e imati istu u daljem razvoju odnosa u Va&#353;ingtona po pitanju Kosova I Balkana.<\/p>\n","protected":false},"author":1,"featured_media":31561,"comment_status":"open","ping_status":"closed","sticky":false,"template":"","format":"standard","meta":{"_eb_attr":"","footnotes":""},"categories":[101],"tags":[],"class_list":["post-76352","post","type-post","status-publish","format-standard","has-post-thumbnail","hentry","category-vesti"],"yoast_head":"<!-- This site is optimized with the Yoast SEO plugin v23.5 - https:\/\/yoast.com\/wordpress\/plugins\/seo\/ -->\n<title>Predsednik Tha\u00e7i \u0107e biti primljen u Beloj ku\u0107i od strane potpredesnika Bajdena - Predsednik Republike Kosovo - DR. VJOSA OSMANI - SADRIU<\/title>\n<meta name=\"description\" content=\"Predsednik Tha\u00e7i \u0107e biti primljen u Beloj ku\u0107i od strane potpredesnika Bajdena - Predsednik Republike Kosovo - DR. VJOSA OSMANI - SADRIU -\" \/>\n<meta name=\"robots\" content=\"index, follow, max-snippet:-1, max-image-preview:large, max-video-preview:-1\" \/>\n<link rel=\"canonical\" href=\"https:\/\/president-ksgov.net\/sr\/predsednik-thaci-ce-biti-primljen-u-beloj-kuci-od-strane-potpredesnika-bajdena\/\" \/>\n<meta property=\"og:locale\" content=\"sr_RS\" \/>\n<meta property=\"og:type\" content=\"article\" \/>\n<meta property=\"og:title\" content=\"Predsednik Tha\u00e7i \u0107e biti primljen u Beloj ku\u0107i od strane potpredesnika Bajdena - Predsednik Republike Kosovo - DR. VJOSA OSMANI - SADRIU\" \/>\n<meta property=\"og:description\" content=\"Predsednik Tha\u00e7i \u0107e biti primljen u Beloj ku\u0107i od strane potpredesnika Bajdena - Predsednik Republike Kosovo - DR. VJOSA OSMANI - SADRIU -\" \/>\n<meta property=\"og:url\" content=\"https:\/\/president-ksgov.net\/sr\/predsednik-thaci-ce-biti-primljen-u-beloj-kuci-od-strane-potpredesnika-bajdena\/\" \/>\n<meta property=\"og:site_name\" content=\"Predsednik Republike Kosovo - DR. VJOSA OSMANI - SADRIU\" \/>\n<meta property=\"article:published_time\" content=\"2017-01-09T10:24:19+00:00\" \/>\n<meta property=\"og:image\" content=\"https:\/\/president-ksgov.net\/wp-content\/uploads\/09_01_2017_5604412_White_House_north_side_in_winter_2010.jpg\" \/>\n\t<meta property=\"og:image:width\" content=\"1600\" \/>\n\t<meta property=\"og:image:height\" content=\"1200\" \/>\n\t<meta property=\"og:image:type\" content=\"image\/jpeg\" \/>\n<meta name=\"author\" content=\"admin\" \/>\n<meta name=\"twitter:card\" content=\"summary_large_image\" \/>\n<meta name=\"twitter:label1\" content=\"\u041d\u0430\u043f\u0438\u0441\u0430\u043d\u043e \u043e\u0434\" \/>\n\t<meta name=\"twitter:data1\" content=\"admin\" \/>\n\t<meta name=\"twitter:label2\" content=\"\u041f\u0440\u043e\u0446\u0435\u045a\u0435\u043d\u043e \u0432\u0440\u0435\u043c\u0435 \u0447\u0438\u0442\u0430\u045a\u0430\" \/>\n\t<meta name=\"twitter:data2\" content=\"2 \u043c\u0438\u043d\u0443\u0442\u0430\" \/>\n<script type=\"application\/ld+json\" class=\"yoast-schema-graph\">{\"@context\":\"https:\/\/schema.org\",\"@graph\":[{\"@type\":\"WebPage\",\"@id\":\"https:\/\/president-ksgov.net\/sr\/predsednik-thaci-ce-biti-primljen-u-beloj-kuci-od-strane-potpredesnika-bajdena\/\",\"url\":\"https:\/\/president-ksgov.net\/sr\/predsednik-thaci-ce-biti-primljen-u-beloj-kuci-od-strane-potpredesnika-bajdena\/\",\"name\":\"Predsednik Tha\u00e7i \u0107e biti primljen u Beloj ku\u0107i od strane potpredesnika Bajdena - Predsednik Republike Kosovo - DR. VJOSA OSMANI - SADRIU\",\"isPartOf\":{\"@id\":\"https:\/\/president-ksgov.net\/#website\"},\"primaryImageOfPage\":{\"@id\":\"https:\/\/president-ksgov.net\/sr\/predsednik-thaci-ce-biti-primljen-u-beloj-kuci-od-strane-potpredesnika-bajdena\/#primaryimage\"},\"image\":{\"@id\":\"https:\/\/president-ksgov.net\/sr\/predsednik-thaci-ce-biti-primljen-u-beloj-kuci-od-strane-potpredesnika-bajdena\/#primaryimage\"},\"thumbnailUrl\":\"https:\/\/president-ksgov.net\/wp-content\/uploads\/09_01_2017_5604412_White_House_north_side_in_winter_2010.jpg\",\"datePublished\":\"2017-01-09T10:24:19+00:00\",\"dateModified\":\"2017-01-09T10:24:19+00:00\",\"author\":{\"@id\":\"https:\/\/president-ksgov.net\/#\/schema\/person\/bb4337a5fb147cb2046d80548172cbee\"},\"description\":\"Predsednik Tha\u00e7i \u0107e biti primljen u Beloj ku\u0107i od strane potpredesnika Bajdena - Predsednik Republike Kosovo - DR. VJOSA OSMANI - SADRIU -\",\"breadcrumb\":{\"@id\":\"https:\/\/president-ksgov.net\/sr\/predsednik-thaci-ce-biti-primljen-u-beloj-kuci-od-strane-potpredesnika-bajdena\/#breadcrumb\"},\"inLanguage\":\"sr-RS\",\"potentialAction\":[{\"@type\":\"ReadAction\",\"target\":[\"https:\/\/president-ksgov.net\/sr\/predsednik-thaci-ce-biti-primljen-u-beloj-kuci-od-strane-potpredesnika-bajdena\/\"]}]},{\"@type\":\"ImageObject\",\"inLanguage\":\"sr-RS\",\"@id\":\"https:\/\/president-ksgov.net\/sr\/predsednik-thaci-ce-biti-primljen-u-beloj-kuci-od-strane-potpredesnika-bajdena\/#primaryimage\",\"url\":\"https:\/\/president-ksgov.net\/wp-content\/uploads\/09_01_2017_5604412_White_House_north_side_in_winter_2010.jpg\",\"contentUrl\":\"https:\/\/president-ksgov.net\/wp-content\/uploads\/09_01_2017_5604412_White_House_north_side_in_winter_2010.jpg\",\"width\":1600,\"height\":1200},{\"@type\":\"BreadcrumbList\",\"@id\":\"https:\/\/president-ksgov.net\/sr\/predsednik-thaci-ce-biti-primljen-u-beloj-kuci-od-strane-potpredesnika-bajdena\/#breadcrumb\",\"itemListElement\":[{\"@type\":\"ListItem\",\"position\":1,\"name\":\"Home\",\"item\":\"https:\/\/president-ksgov.net\/sr\/\"},{\"@type\":\"ListItem\",\"position\":2,\"name\":\"Predsednik Tha\u00e7i \u0107e biti primljen u Beloj ku\u0107i od strane potpredesnika Bajdena\"}]},{\"@type\":\"WebSite\",\"@id\":\"https:\/\/president-ksgov.net\/#website\",\"url\":\"https:\/\/president-ksgov.net\/\",\"name\":\"Presidente e Republik\u00ebs s\u00eb Kosov\u00ebs\",\"description\":\"Presidente e Republik\u00ebs s\u00eb Kosov\u00ebs\",\"alternateName\":\"DR. VJOSA OSMANI - SADRIU\",\"potentialAction\":[{\"@type\":\"SearchAction\",\"target\":{\"@type\":\"EntryPoint\",\"urlTemplate\":\"https:\/\/president-ksgov.net\/?s={search_term_string}\"},\"query-input\":{\"@type\":\"PropertyValueSpecification\",\"valueRequired\":true,\"valueName\":\"search_term_string\"}}],\"inLanguage\":\"sr-RS\"},{\"@type\":\"Person\",\"@id\":\"https:\/\/president-ksgov.net\/#\/schema\/person\/bb4337a5fb147cb2046d80548172cbee\",\"name\":\"admin\",\"image\":{\"@type\":\"ImageObject\",\"inLanguage\":\"sr-RS\",\"@id\":\"https:\/\/president-ksgov.net\/#\/schema\/person\/image\/\",\"url\":\"https:\/\/secure.gravatar.com\/avatar\/36156ca0fa3b8d9d25174f146e16beea0cf28f37adf1b9e19b6c9c279a7c9dd3?s=96&d=mm&r=g\",\"contentUrl\":\"https:\/\/secure.gravatar.com\/avatar\/36156ca0fa3b8d9d25174f146e16beea0cf28f37adf1b9e19b6c9c279a7c9dd3?s=96&d=mm&r=g\",\"caption\":\"admin\"},\"sameAs\":[\"https:\/\/president-ksgov.net\"]}]}<\/script>\n<!-- \/ Yoast SEO plugin. -->","yoast_head_json":{"title":"Predsednik Tha\u00e7i \u0107e biti primljen u Beloj ku\u0107i od strane potpredesnika Bajdena - Predsednik Republike Kosovo - DR. VJOSA OSMANI - SADRIU","description":"Predsednik Tha\u00e7i \u0107e biti primljen u Beloj ku\u0107i od strane potpredesnika Bajdena - Predsednik Republike Kosovo - DR. VJOSA OSMANI - SADRIU -","robots":{"index":"index","follow":"follow","max-snippet":"max-snippet:-1","max-image-preview":"max-image-preview:large","max-video-preview":"max-video-preview:-1"},"canonical":"https:\/\/president-ksgov.net\/sr\/predsednik-thaci-ce-biti-primljen-u-beloj-kuci-od-strane-potpredesnika-bajdena\/","og_locale":"sr_RS","og_type":"article","og_title":"Predsednik Tha\u00e7i \u0107e biti primljen u Beloj ku\u0107i od strane potpredesnika Bajdena - Predsednik Republike Kosovo - DR. VJOSA OSMANI - SADRIU","og_description":"Predsednik Tha\u00e7i \u0107e biti primljen u Beloj ku\u0107i od strane potpredesnika Bajdena - Predsednik Republike Kosovo - DR. VJOSA OSMANI - SADRIU -","og_url":"https:\/\/president-ksgov.net\/sr\/predsednik-thaci-ce-biti-primljen-u-beloj-kuci-od-strane-potpredesnika-bajdena\/","og_site_name":"Predsednik Republike Kosovo - DR. VJOSA OSMANI - SADRIU","article_published_time":"2017-01-09T10:24:19+00:00","og_image":[{"width":1600,"height":1200,"url":"https:\/\/president-ksgov.net\/wp-content\/uploads\/09_01_2017_5604412_White_House_north_side_in_winter_2010.jpg","type":"image\/jpeg"}],"author":"admin","twitter_card":"summary_large_image","twitter_misc":{"\u041d\u0430\u043f\u0438\u0441\u0430\u043d\u043e \u043e\u0434":"admin","\u041f\u0440\u043e\u0446\u0435\u045a\u0435\u043d\u043e \u0432\u0440\u0435\u043c\u0435 \u0447\u0438\u0442\u0430\u045a\u0430":"2 \u043c\u0438\u043d\u0443\u0442\u0430"},"schema":{"@context":"https:\/\/schema.org","@graph":[{"@type":"WebPage","@id":"https:\/\/president-ksgov.net\/sr\/predsednik-thaci-ce-biti-primljen-u-beloj-kuci-od-strane-potpredesnika-bajdena\/","url":"https:\/\/president-ksgov.net\/sr\/predsednik-thaci-ce-biti-primljen-u-beloj-kuci-od-strane-potpredesnika-bajdena\/","name":"Predsednik Tha\u00e7i \u0107e biti primljen u Beloj ku\u0107i od strane potpredesnika Bajdena - Predsednik Republike Kosovo - DR. VJOSA OSMANI - SADRIU","isPartOf":{"@id":"https:\/\/president-ksgov.net\/#website"},"primaryImageOfPage":{"@id":"https:\/\/president-ksgov.net\/sr\/predsednik-thaci-ce-biti-primljen-u-beloj-kuci-od-strane-potpredesnika-bajdena\/#primaryimage"},"image":{"@id":"https:\/\/president-ksgov.net\/sr\/predsednik-thaci-ce-biti-primljen-u-beloj-kuci-od-strane-potpredesnika-bajdena\/#primaryimage"},"thumbnailUrl":"https:\/\/president-ksgov.net\/wp-content\/uploads\/09_01_2017_5604412_White_House_north_side_in_winter_2010.jpg","datePublished":"2017-01-09T10:24:19+00:00","dateModified":"2017-01-09T10:24:19+00:00","author":{"@id":"https:\/\/president-ksgov.net\/#\/schema\/person\/bb4337a5fb147cb2046d80548172cbee"},"description":"Predsednik Tha\u00e7i \u0107e biti primljen u Beloj ku\u0107i od strane potpredesnika Bajdena - Predsednik Republike Kosovo - DR. VJOSA OSMANI - SADRIU -","breadcrumb":{"@id":"https:\/\/president-ksgov.net\/sr\/predsednik-thaci-ce-biti-primljen-u-beloj-kuci-od-strane-potpredesnika-bajdena\/#breadcrumb"},"inLanguage":"sr-RS","potentialAction":[{"@type":"ReadAction","target":["https:\/\/president-ksgov.net\/sr\/predsednik-thaci-ce-biti-primljen-u-beloj-kuci-od-strane-potpredesnika-bajdena\/"]}]},{"@type":"ImageObject","inLanguage":"sr-RS","@id":"https:\/\/president-ksgov.net\/sr\/predsednik-thaci-ce-biti-primljen-u-beloj-kuci-od-strane-potpredesnika-bajdena\/#primaryimage","url":"https:\/\/president-ksgov.net\/wp-content\/uploads\/09_01_2017_5604412_White_House_north_side_in_winter_2010.jpg","contentUrl":"https:\/\/president-ksgov.net\/wp-content\/uploads\/09_01_2017_5604412_White_House_north_side_in_winter_2010.jpg","width":1600,"height":1200},{"@type":"BreadcrumbList","@id":"https:\/\/president-ksgov.net\/sr\/predsednik-thaci-ce-biti-primljen-u-beloj-kuci-od-strane-potpredesnika-bajdena\/#breadcrumb","itemListElement":[{"@type":"ListItem","position":1,"name":"Home","item":"https:\/\/president-ksgov.net\/sr\/"},{"@type":"ListItem","position":2,"name":"Predsednik Tha\u00e7i \u0107e biti primljen u Beloj ku\u0107i od strane potpredesnika Bajdena"}]},{"@type":"WebSite","@id":"https:\/\/president-ksgov.net\/#website","url":"https:\/\/president-ksgov.net\/","name":"Presidente e Republik\u00ebs s\u00eb Kosov\u00ebs","description":"Presidente e Republik\u00ebs s\u00eb Kosov\u00ebs","alternateName":"DR. VJOSA OSMANI - SADRIU","potentialAction":[{"@type":"SearchAction","target":{"@type":"EntryPoint","urlTemplate":"https:\/\/president-ksgov.net\/?s={search_term_string}"},"query-input":{"@type":"PropertyValueSpecification","valueRequired":true,"valueName":"search_term_string"}}],"inLanguage":"sr-RS"},{"@type":"Person","@id":"https:\/\/president-ksgov.net\/#\/schema\/person\/bb4337a5fb147cb2046d80548172cbee","name":"admin","image":{"@type":"ImageObject","inLanguage":"sr-RS","@id":"https:\/\/president-ksgov.net\/#\/schema\/person\/image\/","url":"https:\/\/secure.gravatar.com\/avatar\/36156ca0fa3b8d9d25174f146e16beea0cf28f37adf1b9e19b6c9c279a7c9dd3?s=96&d=mm&r=g","contentUrl":"https:\/\/secure.gravatar.com\/avatar\/36156ca0fa3b8d9d25174f146e16beea0cf28f37adf1b9e19b6c9c279a7c9dd3?s=96&d=mm&r=g","caption":"admin"},"sameAs":["https:\/\/president-ksgov.net"]}]}},"_links":{"self":[{"href":"https:\/\/president-ksgov.net\/sr\/wp-json\/wp\/v2\/posts\/76352","targetHints":{"allow":["GET"]}}],"collection":[{"href":"https:\/\/president-ksgov.net\/sr\/wp-json\/wp\/v2\/posts"}],"about":[{"href":"https:\/\/president-ksgov.net\/sr\/wp-json\/wp\/v2\/types\/post"}],"author":[{"embeddable":true,"href":"https:\/\/president-ksgov.net\/sr\/wp-json\/wp\/v2\/users\/1"}],"replies":[{"embeddable":true,"href":"https:\/\/president-ksgov.net\/sr\/wp-json\/wp\/v2\/comments?post=76352"}],"version-history":[{"count":0,"href":"https:\/\/president-ksgov.net\/sr\/wp-json\/wp\/v2\/posts\/76352\/revisions"}],"wp:featuredmedia":[{"embeddable":true,"href":"https:\/\/president-ksgov.net\/sr\/wp-json\/wp\/v2\/media\/31561"}],"wp:attachment":[{"href":"https:\/\/president-ksgov.net\/sr\/wp-json\/wp\/v2\/media?parent=76352"}],"wp:term":[{"taxonomy":"category","embeddable":true,"href":"https:\/\/president-ksgov.net\/sr\/wp-json\/wp\/v2\/categories?post=76352"},{"taxonomy":"post_tag","embeddable":true,"href":"https:\/\/president-ksgov.net\/sr\/wp-json\/wp\/v2\/tags?post=76352"}],"curies":[{"name":"wp","href":"https:\/\/api.w.org\/{rel}","templated":true}]}}