{"id":76348,"date":"2017-01-14T14:31:08","date_gmt":"2017-01-14T14:31:08","guid":{"rendered":"https:\/\/dev.president-ksgov.net\/predsednik-thaci-statua-biveg-ambasadora-walker-a-u-racku-simbol-slobode-i-nezavisnosti-kosova\/"},"modified":"2017-01-14T14:31:08","modified_gmt":"2017-01-14T14:31:08","slug":"predsednik-thaci-statua-biveg-ambasadora-walker-a-u-racku-simbol-slobode-i-nezavisnosti-kosova","status":"publish","type":"post","link":"https:\/\/president-ksgov.net\/sr\/predsednik-thaci-statua-biveg-ambasadora-walker-a-u-racku-simbol-slobode-i-nezavisnosti-kosova\/","title":{"rendered":"Predsednik Tha\u00e7i: Statua biv&#154;eg ambasadora Walker-a u Ra\u010dku simbol slobode i nezavisnosti Kosova"},"content":{"rendered":"<p>Ra\u010dak, 14. januar 2017. godine &#8211; Predsednik Republike Kosova, Hashim Tha\u00e7i, danas je odao po\u010dast u Spomen kompleksu u Ra\u010dku i otkrio je statuu biv&#353;eg ambasadora William-a Walker u ovom selu.<\/p>\n<p>Predsednik Tha\u00e7i  je rekao da se u Ra\u010dku dogodilo ono &#353;to je najmanje bilo o\u010dekivano da \u0107e se dogoditi, ali prema njemu, ceo svet je nakon toga video da se na Kosovu de&#353;ava genocid dr&#382;ave Srbije nad nedu&#382;nim stanovni&#353;tvom.<\/p>\n<p>&#8222;Genocid dr&#382;ave Srbije nad nedu&#382;nim stanovni&#353;tvom otvorio je o\u010di \u010ditavoj svetskoj diplomatiji&#8220;, rekao je on.<\/p>\n<p>Predsednik Tha\u00e7i rekao je da su Sjedinjene Dr&#382;ave rekle njihovu istinu, NATO se u to vreme pripremao za akciju protiv srpskih vojnih i policijskih snaga, a razli\u010dite me\u0111unarodne organizacije su izbliza po\u010dele da posmatraju doga\u0111aje na Kosovu.<\/p>\n<p>&#8222;U okviru ovih me\u0111unarodnih organizacija  bio je jedan \u010dovek, u ime jedne dr&#382;ave, dakle ambasador William Walker, uz sna&#382;nu podr&#353;ku Sjedinjenih Ameri\u010dkih Dr&#382;ava&#8220; rekao je predsednik Tha\u00e7i.<\/p>\n<p>&#8220;Walker je bio upravo \u010dovek koji je rekao istinu, koja je otvorila o\u010di svetu i svet je odmah sazvao konferenciju u Rambujeu&#8220;, dodao je predsednik Tha\u00e7i.<\/p>\n<p>On je naglasio da ne samo pre 18 godina, ve\u0107 da \u0107e se uvek prise\u0107ati &#382;rtava i neuporedivog heroizma albanskog stanovni&#353;tva, zajedno sa veli\u010danstvenim i jedinstvenim poku&#353;ajima kosovskog naroda.<\/p>\n<p>&#8222;Danas svaki gra\u0111anin treba da se ose\u0107a dobro, bilo gde da &#382;ivi, na Kosovu ili dijaspori, jer ima atribute oslobodioca&#8220; rekao j predsednik Tha\u00e7i.<\/p>\n<p>Tako\u0111e, &#353;ef dr&#382;ave je rekao da svi treba da radimo za budu\u0107nost zemlje, kako bi Kosovo &#353;to pre postalo deo NATO-a i Evropske unije, kao i da gajimo do&#382;ivotne odnose sa Sjedinjenim Ameri\u010dkim Dr&#382;avama.<\/p>\n<p>&#8222;Sjedinjene Ameri\u010dke Dr&#382;ave su uvek bile i osta\u0107e uz Kosovo&#8220;, rekao je predsednik Tha\u00e7i.<\/p>\n<p>Pre otkrivanja statue biv&#353;eg ameri\u010dkog ambasadora William-a Walker, predsednik Tha\u00e7i mu se zahvalio na njegovom doprinosu slobodi Kosova i njegovom prisustvu danas u Ra\u010dku, nagla&#353;avaju\u0107i da njegova statua simbolizuje istinu o Kosovu pred svetom i predstavlja simbol slobode i nezavisnosti.\u00a0<\/p>\n","protected":false},"excerpt":{"rendered":"<p>Ra\u010dak, 14. januar 2017. godine &#8211; Predsednik Republike Kosova, Hashim Tha\u00e7i, danas je odao po\u010dast u Spomen kompleksu u Ra\u010dku i otkrio je statuu biv&#353;eg ambasadora William-a Walker u ovom selu.<\/p>\n","protected":false},"author":1,"featured_media":31494,"comment_status":"open","ping_status":"closed","sticky":false,"template":"","format":"standard","meta":{"_eb_attr":"","footnotes":""},"categories":[101],"tags":[],"class_list":["post-76348","post","type-post","status-publish","format-standard","has-post-thumbnail","hentry","category-vesti"],"yoast_head":"<!-- This site is optimized with the Yoast SEO plugin v23.5 - https:\/\/yoast.com\/wordpress\/plugins\/seo\/ -->\n<title>Predsednik Tha\u00e7i: Statua biv&#154;eg ambasadora Walker-a u Ra\u010dku simbol slobode i nezavisnosti Kosova - Predsednik Republike Kosovo - DR. VJOSA OSMANI - SADRIU<\/title>\n<meta name=\"description\" content=\"Predsednik Tha\u00e7i: Statua biv&#154;eg ambasadora Walker-a u Ra\u010dku simbol slobode i nezavisnosti Kosova - Predsednik Republike Kosovo - DR. VJOSA OSMANI - SADRIU -\" \/>\n<meta name=\"robots\" content=\"index, follow, max-snippet:-1, max-image-preview:large, max-video-preview:-1\" \/>\n<link rel=\"canonical\" href=\"https:\/\/president-ksgov.net\/presidenti-thaci-shtatorja-e-ish-ambasadorit-walker-ne-recak-simbol-i-lirise-dhe-pavaresise-se-kosoves\/\" \/>\n<meta property=\"og:locale\" content=\"sr_RS\" \/>\n<meta property=\"og:type\" content=\"article\" \/>\n<meta property=\"og:title\" content=\"Predsednik Tha\u00e7i: Statua biv&#154;eg ambasadora Walker-a u Ra\u010dku simbol slobode i nezavisnosti Kosova - Predsednik Republike Kosovo - DR. VJOSA OSMANI - SADRIU\" \/>\n<meta property=\"og:description\" content=\"Predsednik Tha\u00e7i: Statua biv&#154;eg ambasadora Walker-a u Ra\u010dku simbol slobode i nezavisnosti Kosova - Predsednik Republike Kosovo - DR. VJOSA OSMANI - SADRIU -\" \/>\n<meta property=\"og:url\" content=\"https:\/\/president-ksgov.net\/presidenti-thaci-shtatorja-e-ish-ambasadorit-walker-ne-recak-simbol-i-lirise-dhe-pavaresise-se-kosoves\/\" \/>\n<meta property=\"og:site_name\" content=\"Predsednik Republike Kosovo - DR. VJOSA OSMANI - SADRIU\" \/>\n<meta property=\"article:published_time\" content=\"2017-01-14T14:31:08+00:00\" \/>\n<meta property=\"og:image\" content=\"https:\/\/president-ksgov.net\/wp-content\/uploads\/14_01_2017_2111183_Recak1.jpg\" \/>\n\t<meta property=\"og:image:width\" content=\"2000\" \/>\n\t<meta property=\"og:image:height\" content=\"1332\" \/>\n\t<meta property=\"og:image:type\" content=\"image\/jpeg\" \/>\n<meta name=\"author\" content=\"admin\" \/>\n<meta name=\"twitter:card\" content=\"summary_large_image\" \/>\n<meta name=\"twitter:label1\" content=\"\u041d\u0430\u043f\u0438\u0441\u0430\u043d\u043e \u043e\u0434\" \/>\n\t<meta name=\"twitter:data1\" content=\"admin\" \/>\n\t<meta name=\"twitter:label2\" content=\"\u041f\u0440\u043e\u0446\u0435\u045a\u0435\u043d\u043e \u0432\u0440\u0435\u043c\u0435 \u0447\u0438\u0442\u0430\u045a\u0430\" \/>\n\t<meta name=\"twitter:data2\" content=\"2 \u043c\u0438\u043d\u0443\u0442\u0430\" \/>\n<script type=\"application\/ld+json\" class=\"yoast-schema-graph\">{\"@context\":\"https:\/\/schema.org\",\"@graph\":[{\"@type\":\"WebPage\",\"@id\":\"https:\/\/president-ksgov.net\/presidenti-thaci-shtatorja-e-ish-ambasadorit-walker-ne-recak-simbol-i-lirise-dhe-pavaresise-se-kosoves\/\",\"url\":\"https:\/\/president-ksgov.net\/presidenti-thaci-shtatorja-e-ish-ambasadorit-walker-ne-recak-simbol-i-lirise-dhe-pavaresise-se-kosoves\/\",\"name\":\"Predsednik Tha\u00e7i: Statua biv&#154;eg ambasadora Walker-a u Ra\u010dku simbol slobode i nezavisnosti Kosova - Predsednik Republike Kosovo - DR. VJOSA OSMANI - SADRIU\",\"isPartOf\":{\"@id\":\"https:\/\/president-ksgov.net\/#website\"},\"primaryImageOfPage\":{\"@id\":\"https:\/\/president-ksgov.net\/presidenti-thaci-shtatorja-e-ish-ambasadorit-walker-ne-recak-simbol-i-lirise-dhe-pavaresise-se-kosoves\/#primaryimage\"},\"image\":{\"@id\":\"https:\/\/president-ksgov.net\/presidenti-thaci-shtatorja-e-ish-ambasadorit-walker-ne-recak-simbol-i-lirise-dhe-pavaresise-se-kosoves\/#primaryimage\"},\"thumbnailUrl\":\"https:\/\/president-ksgov.net\/wp-content\/uploads\/14_01_2017_2111183_Recak1.jpg\",\"datePublished\":\"2017-01-14T14:31:08+00:00\",\"dateModified\":\"2017-01-14T14:31:08+00:00\",\"author\":{\"@id\":\"https:\/\/president-ksgov.net\/#\/schema\/person\/bb4337a5fb147cb2046d80548172cbee\"},\"description\":\"Predsednik Tha\u00e7i: Statua biv&#154;eg ambasadora Walker-a u Ra\u010dku simbol slobode i nezavisnosti Kosova - Predsednik Republike Kosovo - DR. VJOSA OSMANI - SADRIU -\",\"breadcrumb\":{\"@id\":\"https:\/\/president-ksgov.net\/presidenti-thaci-shtatorja-e-ish-ambasadorit-walker-ne-recak-simbol-i-lirise-dhe-pavaresise-se-kosoves\/#breadcrumb\"},\"inLanguage\":\"sr-RS\",\"potentialAction\":[{\"@type\":\"ReadAction\",\"target\":[\"https:\/\/president-ksgov.net\/presidenti-thaci-shtatorja-e-ish-ambasadorit-walker-ne-recak-simbol-i-lirise-dhe-pavaresise-se-kosoves\/\"]}]},{\"@type\":\"ImageObject\",\"inLanguage\":\"sr-RS\",\"@id\":\"https:\/\/president-ksgov.net\/presidenti-thaci-shtatorja-e-ish-ambasadorit-walker-ne-recak-simbol-i-lirise-dhe-pavaresise-se-kosoves\/#primaryimage\",\"url\":\"https:\/\/president-ksgov.net\/wp-content\/uploads\/14_01_2017_2111183_Recak1.jpg\",\"contentUrl\":\"https:\/\/president-ksgov.net\/wp-content\/uploads\/14_01_2017_2111183_Recak1.jpg\",\"width\":2000,\"height\":1332},{\"@type\":\"BreadcrumbList\",\"@id\":\"https:\/\/president-ksgov.net\/presidenti-thaci-shtatorja-e-ish-ambasadorit-walker-ne-recak-simbol-i-lirise-dhe-pavaresise-se-kosoves\/#breadcrumb\",\"itemListElement\":[{\"@type\":\"ListItem\",\"position\":1,\"name\":\"Home\",\"item\":\"https:\/\/president-ksgov.net\/sr\/\"},{\"@type\":\"ListItem\",\"position\":2,\"name\":\"Predsednik Tha\u00e7i: Statua biv&#154;eg ambasadora Walker-a u Ra\u010dku simbol slobode i nezavisnosti Kosova\"}]},{\"@type\":\"WebSite\",\"@id\":\"https:\/\/president-ksgov.net\/#website\",\"url\":\"https:\/\/president-ksgov.net\/\",\"name\":\"Presidente e Republik\u00ebs s\u00eb Kosov\u00ebs\",\"description\":\"Presidente e Republik\u00ebs s\u00eb Kosov\u00ebs\",\"alternateName\":\"DR. VJOSA OSMANI - SADRIU\",\"potentialAction\":[{\"@type\":\"SearchAction\",\"target\":{\"@type\":\"EntryPoint\",\"urlTemplate\":\"https:\/\/president-ksgov.net\/?s={search_term_string}\"},\"query-input\":{\"@type\":\"PropertyValueSpecification\",\"valueRequired\":true,\"valueName\":\"search_term_string\"}}],\"inLanguage\":\"sr-RS\"},{\"@type\":\"Person\",\"@id\":\"https:\/\/president-ksgov.net\/#\/schema\/person\/bb4337a5fb147cb2046d80548172cbee\",\"name\":\"admin\",\"image\":{\"@type\":\"ImageObject\",\"inLanguage\":\"sr-RS\",\"@id\":\"https:\/\/president-ksgov.net\/#\/schema\/person\/image\/\",\"url\":\"https:\/\/secure.gravatar.com\/avatar\/36156ca0fa3b8d9d25174f146e16beea0cf28f37adf1b9e19b6c9c279a7c9dd3?s=96&d=mm&r=g\",\"contentUrl\":\"https:\/\/secure.gravatar.com\/avatar\/36156ca0fa3b8d9d25174f146e16beea0cf28f37adf1b9e19b6c9c279a7c9dd3?s=96&d=mm&r=g\",\"caption\":\"admin\"},\"sameAs\":[\"https:\/\/president-ksgov.net\"]}]}<\/script>\n<!-- \/ Yoast SEO plugin. -->","yoast_head_json":{"title":"Predsednik Tha\u00e7i: Statua biv&#154;eg ambasadora Walker-a u Ra\u010dku simbol slobode i nezavisnosti Kosova - Predsednik Republike Kosovo - DR. VJOSA OSMANI - SADRIU","description":"Predsednik Tha\u00e7i: Statua biv&#154;eg ambasadora Walker-a u Ra\u010dku simbol slobode i nezavisnosti Kosova - Predsednik Republike Kosovo - DR. VJOSA OSMANI - SADRIU -","robots":{"index":"index","follow":"follow","max-snippet":"max-snippet:-1","max-image-preview":"max-image-preview:large","max-video-preview":"max-video-preview:-1"},"canonical":"https:\/\/president-ksgov.net\/presidenti-thaci-shtatorja-e-ish-ambasadorit-walker-ne-recak-simbol-i-lirise-dhe-pavaresise-se-kosoves\/","og_locale":"sr_RS","og_type":"article","og_title":"Predsednik Tha\u00e7i: Statua biv&#154;eg ambasadora Walker-a u Ra\u010dku simbol slobode i nezavisnosti Kosova - Predsednik Republike Kosovo - DR. VJOSA OSMANI - SADRIU","og_description":"Predsednik Tha\u00e7i: Statua biv&#154;eg ambasadora Walker-a u Ra\u010dku simbol slobode i nezavisnosti Kosova - Predsednik Republike Kosovo - DR. VJOSA OSMANI - SADRIU -","og_url":"https:\/\/president-ksgov.net\/presidenti-thaci-shtatorja-e-ish-ambasadorit-walker-ne-recak-simbol-i-lirise-dhe-pavaresise-se-kosoves\/","og_site_name":"Predsednik Republike Kosovo - DR. VJOSA OSMANI - SADRIU","article_published_time":"2017-01-14T14:31:08+00:00","og_image":[{"width":2000,"height":1332,"url":"https:\/\/president-ksgov.net\/wp-content\/uploads\/14_01_2017_2111183_Recak1.jpg","type":"image\/jpeg"}],"author":"admin","twitter_card":"summary_large_image","twitter_misc":{"\u041d\u0430\u043f\u0438\u0441\u0430\u043d\u043e \u043e\u0434":"admin","\u041f\u0440\u043e\u0446\u0435\u045a\u0435\u043d\u043e \u0432\u0440\u0435\u043c\u0435 \u0447\u0438\u0442\u0430\u045a\u0430":"2 \u043c\u0438\u043d\u0443\u0442\u0430"},"schema":{"@context":"https:\/\/schema.org","@graph":[{"@type":"WebPage","@id":"https:\/\/president-ksgov.net\/presidenti-thaci-shtatorja-e-ish-ambasadorit-walker-ne-recak-simbol-i-lirise-dhe-pavaresise-se-kosoves\/","url":"https:\/\/president-ksgov.net\/presidenti-thaci-shtatorja-e-ish-ambasadorit-walker-ne-recak-simbol-i-lirise-dhe-pavaresise-se-kosoves\/","name":"Predsednik Tha\u00e7i: Statua biv&#154;eg ambasadora Walker-a u Ra\u010dku simbol slobode i nezavisnosti Kosova - Predsednik Republike Kosovo - DR. VJOSA OSMANI - SADRIU","isPartOf":{"@id":"https:\/\/president-ksgov.net\/#website"},"primaryImageOfPage":{"@id":"https:\/\/president-ksgov.net\/presidenti-thaci-shtatorja-e-ish-ambasadorit-walker-ne-recak-simbol-i-lirise-dhe-pavaresise-se-kosoves\/#primaryimage"},"image":{"@id":"https:\/\/president-ksgov.net\/presidenti-thaci-shtatorja-e-ish-ambasadorit-walker-ne-recak-simbol-i-lirise-dhe-pavaresise-se-kosoves\/#primaryimage"},"thumbnailUrl":"https:\/\/president-ksgov.net\/wp-content\/uploads\/14_01_2017_2111183_Recak1.jpg","datePublished":"2017-01-14T14:31:08+00:00","dateModified":"2017-01-14T14:31:08+00:00","author":{"@id":"https:\/\/president-ksgov.net\/#\/schema\/person\/bb4337a5fb147cb2046d80548172cbee"},"description":"Predsednik Tha\u00e7i: Statua biv&#154;eg ambasadora Walker-a u Ra\u010dku simbol slobode i nezavisnosti Kosova - Predsednik Republike Kosovo - DR. VJOSA OSMANI - SADRIU -","breadcrumb":{"@id":"https:\/\/president-ksgov.net\/presidenti-thaci-shtatorja-e-ish-ambasadorit-walker-ne-recak-simbol-i-lirise-dhe-pavaresise-se-kosoves\/#breadcrumb"},"inLanguage":"sr-RS","potentialAction":[{"@type":"ReadAction","target":["https:\/\/president-ksgov.net\/presidenti-thaci-shtatorja-e-ish-ambasadorit-walker-ne-recak-simbol-i-lirise-dhe-pavaresise-se-kosoves\/"]}]},{"@type":"ImageObject","inLanguage":"sr-RS","@id":"https:\/\/president-ksgov.net\/presidenti-thaci-shtatorja-e-ish-ambasadorit-walker-ne-recak-simbol-i-lirise-dhe-pavaresise-se-kosoves\/#primaryimage","url":"https:\/\/president-ksgov.net\/wp-content\/uploads\/14_01_2017_2111183_Recak1.jpg","contentUrl":"https:\/\/president-ksgov.net\/wp-content\/uploads\/14_01_2017_2111183_Recak1.jpg","width":2000,"height":1332},{"@type":"BreadcrumbList","@id":"https:\/\/president-ksgov.net\/presidenti-thaci-shtatorja-e-ish-ambasadorit-walker-ne-recak-simbol-i-lirise-dhe-pavaresise-se-kosoves\/#breadcrumb","itemListElement":[{"@type":"ListItem","position":1,"name":"Home","item":"https:\/\/president-ksgov.net\/sr\/"},{"@type":"ListItem","position":2,"name":"Predsednik Tha\u00e7i: Statua biv&#154;eg ambasadora Walker-a u Ra\u010dku simbol slobode i nezavisnosti Kosova"}]},{"@type":"WebSite","@id":"https:\/\/president-ksgov.net\/#website","url":"https:\/\/president-ksgov.net\/","name":"Presidente e Republik\u00ebs s\u00eb Kosov\u00ebs","description":"Presidente e Republik\u00ebs s\u00eb Kosov\u00ebs","alternateName":"DR. VJOSA OSMANI - SADRIU","potentialAction":[{"@type":"SearchAction","target":{"@type":"EntryPoint","urlTemplate":"https:\/\/president-ksgov.net\/?s={search_term_string}"},"query-input":{"@type":"PropertyValueSpecification","valueRequired":true,"valueName":"search_term_string"}}],"inLanguage":"sr-RS"},{"@type":"Person","@id":"https:\/\/president-ksgov.net\/#\/schema\/person\/bb4337a5fb147cb2046d80548172cbee","name":"admin","image":{"@type":"ImageObject","inLanguage":"sr-RS","@id":"https:\/\/president-ksgov.net\/#\/schema\/person\/image\/","url":"https:\/\/secure.gravatar.com\/avatar\/36156ca0fa3b8d9d25174f146e16beea0cf28f37adf1b9e19b6c9c279a7c9dd3?s=96&d=mm&r=g","contentUrl":"https:\/\/secure.gravatar.com\/avatar\/36156ca0fa3b8d9d25174f146e16beea0cf28f37adf1b9e19b6c9c279a7c9dd3?s=96&d=mm&r=g","caption":"admin"},"sameAs":["https:\/\/president-ksgov.net"]}]}},"_links":{"self":[{"href":"https:\/\/president-ksgov.net\/sr\/wp-json\/wp\/v2\/posts\/76348","targetHints":{"allow":["GET"]}}],"collection":[{"href":"https:\/\/president-ksgov.net\/sr\/wp-json\/wp\/v2\/posts"}],"about":[{"href":"https:\/\/president-ksgov.net\/sr\/wp-json\/wp\/v2\/types\/post"}],"author":[{"embeddable":true,"href":"https:\/\/president-ksgov.net\/sr\/wp-json\/wp\/v2\/users\/1"}],"replies":[{"embeddable":true,"href":"https:\/\/president-ksgov.net\/sr\/wp-json\/wp\/v2\/comments?post=76348"}],"version-history":[{"count":0,"href":"https:\/\/president-ksgov.net\/sr\/wp-json\/wp\/v2\/posts\/76348\/revisions"}],"wp:featuredmedia":[{"embeddable":true,"href":"https:\/\/president-ksgov.net\/sr\/wp-json\/wp\/v2\/media\/31494"}],"wp:attachment":[{"href":"https:\/\/president-ksgov.net\/sr\/wp-json\/wp\/v2\/media?parent=76348"}],"wp:term":[{"taxonomy":"category","embeddable":true,"href":"https:\/\/president-ksgov.net\/sr\/wp-json\/wp\/v2\/categories?post=76348"},{"taxonomy":"post_tag","embeddable":true,"href":"https:\/\/president-ksgov.net\/sr\/wp-json\/wp\/v2\/tags?post=76348"}],"curies":[{"name":"wp","href":"https:\/\/api.w.org\/{rel}","templated":true}]}}