{"id":76344,"date":"2017-01-15T18:01:09","date_gmt":"2017-01-15T18:01:09","guid":{"rendered":"https:\/\/dev.president-ksgov.net\/predsednik-thaci-kosovo-je-opredeljeno-za-mir-i-dijalog\/"},"modified":"2017-01-15T18:01:09","modified_gmt":"2017-01-15T18:01:09","slug":"predsednik-thaci-kosovo-je-opredeljeno-za-mir-i-dijalog","status":"publish","type":"post","link":"https:\/\/president-ksgov.net\/sr\/predsednik-thaci-kosovo-je-opredeljeno-za-mir-i-dijalog\/","title":{"rendered":"Predsednik Tha\u00e7i: Kosovo je opredeljeno za mir i dijalog"},"content":{"rendered":"<p>Pri&#353;tina, 15. januar 2017. godine &#8211; Predsednik Republike Kosova, Hashim Tha\u00e7i, izrazio je zadovoljstvo &#353;to je izbegnuto zatezanje politi\u010dke situacije i bezbednosti na Kosovu i u regionu, zaustavljaju\u0107i eventualni ilegalni ulazak propagandisti\u010dkog srpskog voza na teritoriju Kosova.<\/p>\n<p>On je rekao da Kosovo po&#353;tuje slobodu kretanja ljudi i roba, i da su u tu svrhu otvoreni novi grani\u010dni prelazi sa susedima, kao i da su postignuti sporazumi koji omogu\u0107uju prelazak granica samo uz li\u010dnu kartu, kako bi se svi gra\u0111ani u regionu kretali bez prepreka.<\/p>\n<p>U poslednjem periodu, kao deo starog scenarija, predsednik Tha\u00e7i je rekao da je Srbija na &#382;alost zapo\u010dela kampanju konstantnih provokacija koje za cilj imaju da prouzrukuju napetost na Kosovu i u regionu.<\/p>\n<p>Ovo je potpuna izjava predsednika Tha\u00e7i-ja:<\/p>\n<p>Zadovoljan sam &#353;to je izbegnuto zatezanje politi\u010dke situacije i sigurnosti na Kosovu i u regionu, zaustavljaju\u0107i eventualni ilegalni ulazak propagandisti\u010dkog voza Srbije na teritoriju Kosova.<\/p>\n<p>Kosovo po&#353;tuje slobodu kretanja ljudi i robe. U tu svrhu smo otvorili nove grani\u010dne prelaze sa susedima i postigli smo sporazume koji omogu\u0107avaju prelazak granice samo uz li\u010dnu kartu, kako bi se svi gra\u0111ani regiona kretali bez prepreka.<\/p>\n<p>U poslednjem periodu, kao deo starog scenarija, Srbija je na&#382;alost preduzela kampanju konstantnih provokacija koje za cilj imaju da stvore tenzije na Kosovu i u regionu.<\/p>\n<p>Deo tog scenarija jeste i pretvaranje voza u propagandno sredstvo, pokrivaju\u0107i ga porukama i fotografijama koje su za cilj imale provokaciju i zatezanje situacije na Kosovu, a koje su bile u potpunoj suprotnosti sa Ustavom Republike Kosova i evropskim i me\u0111unarodnim konvencijama.<\/p>\n<p>Kako bismo zaustavili ovaj scenario, kosovske vlasti su ocenile da je u interesu mira i stabilnosti u regionu da se ne dozvoli ilegalni ulazak propagandnog voza. Dakle, organi reda i bezbednosti su preduzeli mere da se omete ugro&#382;avanje integriteta i suvereniteta Republike Kosova od strane srpskih vlasti.<\/p>\n<p>Nadam se da su srpske vlasti shvatile da je njihov postupak bio ilegalan i u suprotnosti sa duhom dijaloga i saradnje koji promovi&#353;emo u regionu.<\/p>\n<p>Pretnje srpskih vlasti da su spremne za rat i da po&#353;alju vojne snage na Kosovo, jasno govore da su namere Srbije jednake sa onima Milo&#353;evi\u0107evog re&#382;ima tokom 90-tih godina.<\/p>\n<p>Pretnje o ratu su ne prihvatljive i u suprotnosti sa dijalogom o normalizaciji odnosa i direktno dovode u rizik mir na Zapadnom Balkanu.<\/p>\n<p>Nasuprot ovom starom prete\u0107em i provokativnom govoru koji sti&#382;e iz Srbije, ja pozivam da se nastavi sa dosada&#353;njim putem dijaloga, saradnje i sprovo\u0111enja postignutih dogovora izme\u0111u dve dr&#382;ave, kao i da radimo na potpunoj normalizaciji odnosa izme\u0111u Republike Kosova i Srbije.<\/p>\n<p>Kosovo \u0107e uvek ostati posve\u0107eno dijalogu i saradnji u slu&#382;bi mira i stabilnosti u regionu.\u00a0<\/p>\n","protected":false},"excerpt":{"rendered":"<p>Pri&#353;tina, 15. januar 2017. godine &#8211; Predsednik Republike Kosova, Hashim Tha\u00e7i, izrazio je zadovoljstvo &#353;to je izbegnuto zatezanje politi\u010dke situacije i bezbednosti na Kosovu i u regionu, zaustavljaju\u0107i eventualni ilegalni ulazak propagandisti\u010dkog srpskog voza na teritoriju Kosova.<\/p>\n","protected":false},"author":1,"featured_media":86338,"comment_status":"open","ping_status":"closed","sticky":false,"template":"","format":"standard","meta":{"_eb_attr":"","footnotes":""},"categories":[101],"tags":[],"class_list":["post-76344","post","type-post","status-publish","format-standard","has-post-thumbnail","hentry","category-vesti"],"yoast_head":"<!-- This site is optimized with the Yoast SEO plugin v23.5 - https:\/\/yoast.com\/wordpress\/plugins\/seo\/ -->\n<title>Predsednik Tha\u00e7i: Kosovo je opredeljeno za mir i dijalog - Predsednik Republike Kosovo - DR. VJOSA OSMANI - SADRIU<\/title>\n<meta name=\"description\" content=\"Predsednik Tha\u00e7i: Kosovo je opredeljeno za mir i dijalog - Predsednik Republike Kosovo - DR. VJOSA OSMANI - SADRIU -\" \/>\n<meta name=\"robots\" content=\"index, follow, max-snippet:-1, max-image-preview:large, max-video-preview:-1\" \/>\n<link rel=\"canonical\" href=\"https:\/\/president-ksgov.net\/presidenti-thaci-kosova-eshte-percaktuar-per-paqe-e-dialog\/\" \/>\n<meta property=\"og:locale\" content=\"sr_RS\" \/>\n<meta property=\"og:type\" content=\"article\" \/>\n<meta property=\"og:title\" content=\"Predsednik Tha\u00e7i: Kosovo je opredeljeno za mir i dijalog - Predsednik Republike Kosovo - DR. VJOSA OSMANI - SADRIU\" \/>\n<meta property=\"og:description\" content=\"Predsednik Tha\u00e7i: Kosovo je opredeljeno za mir i dijalog - Predsednik Republike Kosovo - DR. VJOSA OSMANI - SADRIU -\" \/>\n<meta property=\"og:url\" content=\"https:\/\/president-ksgov.net\/presidenti-thaci-kosova-eshte-percaktuar-per-paqe-e-dialog\/\" \/>\n<meta property=\"og:site_name\" content=\"Predsednik Republike Kosovo - DR. VJOSA OSMANI - SADRIU\" \/>\n<meta property=\"article:published_time\" content=\"2017-01-15T18:01:09+00:00\" \/>\n<meta property=\"og:image\" content=\"https:\/\/president-ksgov.net\/wp-content\/uploads\/Zyra-e-Presidentes-Featured-Image1-e1678970937938.png\" \/>\n\t<meta property=\"og:image:width\" content=\"1024\" \/>\n\t<meta property=\"og:image:height\" content=\"716\" \/>\n\t<meta property=\"og:image:type\" content=\"image\/png\" \/>\n<meta name=\"author\" content=\"admin\" \/>\n<meta name=\"twitter:card\" content=\"summary_large_image\" \/>\n<meta name=\"twitter:label1\" content=\"\u041d\u0430\u043f\u0438\u0441\u0430\u043d\u043e \u043e\u0434\" \/>\n\t<meta name=\"twitter:data1\" content=\"admin\" \/>\n\t<meta name=\"twitter:label2\" content=\"\u041f\u0440\u043e\u0446\u0435\u045a\u0435\u043d\u043e \u0432\u0440\u0435\u043c\u0435 \u0447\u0438\u0442\u0430\u045a\u0430\" \/>\n\t<meta name=\"twitter:data2\" content=\"2 \u043c\u0438\u043d\u0443\u0442\u0430\" \/>\n<script type=\"application\/ld+json\" class=\"yoast-schema-graph\">{\"@context\":\"https:\/\/schema.org\",\"@graph\":[{\"@type\":\"WebPage\",\"@id\":\"https:\/\/president-ksgov.net\/presidenti-thaci-kosova-eshte-percaktuar-per-paqe-e-dialog\/\",\"url\":\"https:\/\/president-ksgov.net\/presidenti-thaci-kosova-eshte-percaktuar-per-paqe-e-dialog\/\",\"name\":\"Predsednik Tha\u00e7i: Kosovo je opredeljeno za mir i dijalog - Predsednik Republike Kosovo - DR. VJOSA OSMANI - SADRIU\",\"isPartOf\":{\"@id\":\"https:\/\/president-ksgov.net\/#website\"},\"primaryImageOfPage\":{\"@id\":\"https:\/\/president-ksgov.net\/presidenti-thaci-kosova-eshte-percaktuar-per-paqe-e-dialog\/#primaryimage\"},\"image\":{\"@id\":\"https:\/\/president-ksgov.net\/presidenti-thaci-kosova-eshte-percaktuar-per-paqe-e-dialog\/#primaryimage\"},\"thumbnailUrl\":\"https:\/\/president-ksgov.net\/wp-content\/uploads\/Zyra-e-Presidentes-Featured-Image1-e1678970937938.png\",\"datePublished\":\"2017-01-15T18:01:09+00:00\",\"dateModified\":\"2017-01-15T18:01:09+00:00\",\"author\":{\"@id\":\"https:\/\/president-ksgov.net\/#\/schema\/person\/bb4337a5fb147cb2046d80548172cbee\"},\"description\":\"Predsednik Tha\u00e7i: Kosovo je opredeljeno za mir i dijalog - Predsednik Republike Kosovo - DR. VJOSA OSMANI - SADRIU -\",\"breadcrumb\":{\"@id\":\"https:\/\/president-ksgov.net\/presidenti-thaci-kosova-eshte-percaktuar-per-paqe-e-dialog\/#breadcrumb\"},\"inLanguage\":\"sr-RS\",\"potentialAction\":[{\"@type\":\"ReadAction\",\"target\":[\"https:\/\/president-ksgov.net\/presidenti-thaci-kosova-eshte-percaktuar-per-paqe-e-dialog\/\"]}]},{\"@type\":\"ImageObject\",\"inLanguage\":\"sr-RS\",\"@id\":\"https:\/\/president-ksgov.net\/presidenti-thaci-kosova-eshte-percaktuar-per-paqe-e-dialog\/#primaryimage\",\"url\":\"https:\/\/president-ksgov.net\/wp-content\/uploads\/Zyra-e-Presidentes-Featured-Image1-e1678970937938.png\",\"contentUrl\":\"https:\/\/president-ksgov.net\/wp-content\/uploads\/Zyra-e-Presidentes-Featured-Image1-e1678970937938.png\",\"width\":1024,\"height\":716},{\"@type\":\"BreadcrumbList\",\"@id\":\"https:\/\/president-ksgov.net\/presidenti-thaci-kosova-eshte-percaktuar-per-paqe-e-dialog\/#breadcrumb\",\"itemListElement\":[{\"@type\":\"ListItem\",\"position\":1,\"name\":\"Home\",\"item\":\"https:\/\/president-ksgov.net\/sr\/\"},{\"@type\":\"ListItem\",\"position\":2,\"name\":\"Predsednik Tha\u00e7i: Kosovo je opredeljeno za mir i dijalog\"}]},{\"@type\":\"WebSite\",\"@id\":\"https:\/\/president-ksgov.net\/#website\",\"url\":\"https:\/\/president-ksgov.net\/\",\"name\":\"Presidente e Republik\u00ebs s\u00eb Kosov\u00ebs\",\"description\":\"Presidente e Republik\u00ebs s\u00eb Kosov\u00ebs\",\"alternateName\":\"DR. VJOSA OSMANI - SADRIU\",\"potentialAction\":[{\"@type\":\"SearchAction\",\"target\":{\"@type\":\"EntryPoint\",\"urlTemplate\":\"https:\/\/president-ksgov.net\/?s={search_term_string}\"},\"query-input\":{\"@type\":\"PropertyValueSpecification\",\"valueRequired\":true,\"valueName\":\"search_term_string\"}}],\"inLanguage\":\"sr-RS\"},{\"@type\":\"Person\",\"@id\":\"https:\/\/president-ksgov.net\/#\/schema\/person\/bb4337a5fb147cb2046d80548172cbee\",\"name\":\"admin\",\"image\":{\"@type\":\"ImageObject\",\"inLanguage\":\"sr-RS\",\"@id\":\"https:\/\/president-ksgov.net\/#\/schema\/person\/image\/\",\"url\":\"https:\/\/secure.gravatar.com\/avatar\/36156ca0fa3b8d9d25174f146e16beea0cf28f37adf1b9e19b6c9c279a7c9dd3?s=96&d=mm&r=g\",\"contentUrl\":\"https:\/\/secure.gravatar.com\/avatar\/36156ca0fa3b8d9d25174f146e16beea0cf28f37adf1b9e19b6c9c279a7c9dd3?s=96&d=mm&r=g\",\"caption\":\"admin\"},\"sameAs\":[\"https:\/\/president-ksgov.net\"]}]}<\/script>\n<!-- \/ Yoast SEO plugin. -->","yoast_head_json":{"title":"Predsednik Tha\u00e7i: Kosovo je opredeljeno za mir i dijalog - Predsednik Republike Kosovo - DR. VJOSA OSMANI - SADRIU","description":"Predsednik Tha\u00e7i: Kosovo je opredeljeno za mir i dijalog - Predsednik Republike Kosovo - DR. VJOSA OSMANI - SADRIU -","robots":{"index":"index","follow":"follow","max-snippet":"max-snippet:-1","max-image-preview":"max-image-preview:large","max-video-preview":"max-video-preview:-1"},"canonical":"https:\/\/president-ksgov.net\/presidenti-thaci-kosova-eshte-percaktuar-per-paqe-e-dialog\/","og_locale":"sr_RS","og_type":"article","og_title":"Predsednik Tha\u00e7i: Kosovo je opredeljeno za mir i dijalog - Predsednik Republike Kosovo - DR. VJOSA OSMANI - SADRIU","og_description":"Predsednik Tha\u00e7i: Kosovo je opredeljeno za mir i dijalog - Predsednik Republike Kosovo - DR. VJOSA OSMANI - SADRIU -","og_url":"https:\/\/president-ksgov.net\/presidenti-thaci-kosova-eshte-percaktuar-per-paqe-e-dialog\/","og_site_name":"Predsednik Republike Kosovo - DR. VJOSA OSMANI - SADRIU","article_published_time":"2017-01-15T18:01:09+00:00","og_image":[{"width":1024,"height":716,"url":"https:\/\/president-ksgov.net\/wp-content\/uploads\/Zyra-e-Presidentes-Featured-Image1-e1678970937938.png","type":"image\/png"}],"author":"admin","twitter_card":"summary_large_image","twitter_misc":{"\u041d\u0430\u043f\u0438\u0441\u0430\u043d\u043e \u043e\u0434":"admin","\u041f\u0440\u043e\u0446\u0435\u045a\u0435\u043d\u043e \u0432\u0440\u0435\u043c\u0435 \u0447\u0438\u0442\u0430\u045a\u0430":"2 \u043c\u0438\u043d\u0443\u0442\u0430"},"schema":{"@context":"https:\/\/schema.org","@graph":[{"@type":"WebPage","@id":"https:\/\/president-ksgov.net\/presidenti-thaci-kosova-eshte-percaktuar-per-paqe-e-dialog\/","url":"https:\/\/president-ksgov.net\/presidenti-thaci-kosova-eshte-percaktuar-per-paqe-e-dialog\/","name":"Predsednik Tha\u00e7i: Kosovo je opredeljeno za mir i dijalog - Predsednik Republike Kosovo - DR. VJOSA OSMANI - SADRIU","isPartOf":{"@id":"https:\/\/president-ksgov.net\/#website"},"primaryImageOfPage":{"@id":"https:\/\/president-ksgov.net\/presidenti-thaci-kosova-eshte-percaktuar-per-paqe-e-dialog\/#primaryimage"},"image":{"@id":"https:\/\/president-ksgov.net\/presidenti-thaci-kosova-eshte-percaktuar-per-paqe-e-dialog\/#primaryimage"},"thumbnailUrl":"https:\/\/president-ksgov.net\/wp-content\/uploads\/Zyra-e-Presidentes-Featured-Image1-e1678970937938.png","datePublished":"2017-01-15T18:01:09+00:00","dateModified":"2017-01-15T18:01:09+00:00","author":{"@id":"https:\/\/president-ksgov.net\/#\/schema\/person\/bb4337a5fb147cb2046d80548172cbee"},"description":"Predsednik Tha\u00e7i: Kosovo je opredeljeno za mir i dijalog - Predsednik Republike Kosovo - DR. VJOSA OSMANI - SADRIU -","breadcrumb":{"@id":"https:\/\/president-ksgov.net\/presidenti-thaci-kosova-eshte-percaktuar-per-paqe-e-dialog\/#breadcrumb"},"inLanguage":"sr-RS","potentialAction":[{"@type":"ReadAction","target":["https:\/\/president-ksgov.net\/presidenti-thaci-kosova-eshte-percaktuar-per-paqe-e-dialog\/"]}]},{"@type":"ImageObject","inLanguage":"sr-RS","@id":"https:\/\/president-ksgov.net\/presidenti-thaci-kosova-eshte-percaktuar-per-paqe-e-dialog\/#primaryimage","url":"https:\/\/president-ksgov.net\/wp-content\/uploads\/Zyra-e-Presidentes-Featured-Image1-e1678970937938.png","contentUrl":"https:\/\/president-ksgov.net\/wp-content\/uploads\/Zyra-e-Presidentes-Featured-Image1-e1678970937938.png","width":1024,"height":716},{"@type":"BreadcrumbList","@id":"https:\/\/president-ksgov.net\/presidenti-thaci-kosova-eshte-percaktuar-per-paqe-e-dialog\/#breadcrumb","itemListElement":[{"@type":"ListItem","position":1,"name":"Home","item":"https:\/\/president-ksgov.net\/sr\/"},{"@type":"ListItem","position":2,"name":"Predsednik Tha\u00e7i: Kosovo je opredeljeno za mir i dijalog"}]},{"@type":"WebSite","@id":"https:\/\/president-ksgov.net\/#website","url":"https:\/\/president-ksgov.net\/","name":"Presidente e Republik\u00ebs s\u00eb Kosov\u00ebs","description":"Presidente e Republik\u00ebs s\u00eb Kosov\u00ebs","alternateName":"DR. VJOSA OSMANI - SADRIU","potentialAction":[{"@type":"SearchAction","target":{"@type":"EntryPoint","urlTemplate":"https:\/\/president-ksgov.net\/?s={search_term_string}"},"query-input":{"@type":"PropertyValueSpecification","valueRequired":true,"valueName":"search_term_string"}}],"inLanguage":"sr-RS"},{"@type":"Person","@id":"https:\/\/president-ksgov.net\/#\/schema\/person\/bb4337a5fb147cb2046d80548172cbee","name":"admin","image":{"@type":"ImageObject","inLanguage":"sr-RS","@id":"https:\/\/president-ksgov.net\/#\/schema\/person\/image\/","url":"https:\/\/secure.gravatar.com\/avatar\/36156ca0fa3b8d9d25174f146e16beea0cf28f37adf1b9e19b6c9c279a7c9dd3?s=96&d=mm&r=g","contentUrl":"https:\/\/secure.gravatar.com\/avatar\/36156ca0fa3b8d9d25174f146e16beea0cf28f37adf1b9e19b6c9c279a7c9dd3?s=96&d=mm&r=g","caption":"admin"},"sameAs":["https:\/\/president-ksgov.net"]}]}},"_links":{"self":[{"href":"https:\/\/president-ksgov.net\/sr\/wp-json\/wp\/v2\/posts\/76344","targetHints":{"allow":["GET"]}}],"collection":[{"href":"https:\/\/president-ksgov.net\/sr\/wp-json\/wp\/v2\/posts"}],"about":[{"href":"https:\/\/president-ksgov.net\/sr\/wp-json\/wp\/v2\/types\/post"}],"author":[{"embeddable":true,"href":"https:\/\/president-ksgov.net\/sr\/wp-json\/wp\/v2\/users\/1"}],"replies":[{"embeddable":true,"href":"https:\/\/president-ksgov.net\/sr\/wp-json\/wp\/v2\/comments?post=76344"}],"version-history":[{"count":0,"href":"https:\/\/president-ksgov.net\/sr\/wp-json\/wp\/v2\/posts\/76344\/revisions"}],"wp:featuredmedia":[{"embeddable":true,"href":"https:\/\/president-ksgov.net\/sr\/wp-json\/wp\/v2\/media\/86338"}],"wp:attachment":[{"href":"https:\/\/president-ksgov.net\/sr\/wp-json\/wp\/v2\/media?parent=76344"}],"wp:term":[{"taxonomy":"category","embeddable":true,"href":"https:\/\/president-ksgov.net\/sr\/wp-json\/wp\/v2\/categories?post=76344"},{"taxonomy":"post_tag","embeddable":true,"href":"https:\/\/president-ksgov.net\/sr\/wp-json\/wp\/v2\/tags?post=76344"}],"curies":[{"name":"wp","href":"https:\/\/api.w.org\/{rel}","templated":true}]}}