{"id":76338,"date":"2017-01-18T17:10:12","date_gmt":"2017-01-18T17:10:12","guid":{"rendered":"https:\/\/dev.president-ksgov.net\/predsednik-thaci-odao-pocast-intelektualcu-haki-ju-imeri-pred-njegovim-grobom\/"},"modified":"2017-01-18T17:10:12","modified_gmt":"2017-01-18T17:10:12","slug":"predsednik-thaci-odao-pocast-intelektualcu-haki-ju-imeri-pred-njegovim-grobom","status":"publish","type":"post","link":"https:\/\/president-ksgov.net\/sr\/predsednik-thaci-odao-pocast-intelektualcu-haki-ju-imeri-pred-njegovim-grobom\/","title":{"rendered":"Predsednik Tha\u00e7i odao po\u010dast intelektualcu Haki-ju Imeri pred njegovim grobom"},"content":{"rendered":"<p>Turi\u0107evac, 18. januar 2017. godine &#8211; Predsednik Republike Kosova, Hashim Tha\u00e7i, danas je odao po\u010dast pred grobom Haki-ja Imeri, u selu Turi\u0107evac kod Srbice.<\/p>\n<p>Predsednik Tha\u00e7i je rekao da je porodica Imeri, u Vojniku, jo&#353; od samih po\u010detaka OVK-a, bila njena baza. <\/p>\n<p>Za jednog od njenih pripadnika, Imer-a Imeri, predsednik Tha\u00e7i je rekao, da je tokom boravka u Nema\u010dkoj, kao radnik, bio povezan sa rukovodiocima patriotskog pokreta, odnosno sa istaknutim rodoljubom, piscem i novinarem\u00a0 Jusuf-om G\u00ebrvalla.<\/p>\n<p>Pod okriljem predsednika Tha\u00e7i-ja, u \u010dast po&#353;tovanja Haki-ja Imeri, u Osnovnoj i srednjoj ni&#382;oj &#353;koli &#8222;Abedin Rexha&#8220; u Turi\u0107evcu, organizovana je spomen akademija. <\/p>\n<p>Haki, kao mlad intelektualac, profesor koji je oformljen i vaspitan u patriotskom duhu, bio deo patriotskih aktivnosti u to vreme, rekao je predsednik Tha\u00e7i. <\/p>\n<p>&#8222;Istakao se kao pedagog, kao pametan \u010dovek i voljen u &#353;koli u njegovom rodnom mestu, kao i u Turi\u0107evcu&#8220;, rekao je on.<\/p>\n<p>Predsednik Tha\u00e7i rekao je da je Haki bio aktivan i u narodnom pokretu oprosta krivi. Me\u0111utim, stupanjem Oslobodila\u010dke vojske Kosova na scenu, Haki i mnogi drugi \u010dlanovi porodice Imeri pridru&#382;ili su se borbi za slobodu i oslobo\u0111enje. <\/p>\n<p>&#8222;Danas ova porodica broji samo devet \u010dlanova. Ovi mu&#353;karci i momci su ti koji ponosno nose status veterana i imena sa &#353;to potpunijim zna\u010denjem patriotizma&#8220;, rekao je predsednik Tha\u00e7i.<\/p>\n<p>I njegovi preci, od Ymer-a Binaku pa nadalje, bili su rame uz rame sa pobunjenicima usko\u010dkog pokreta, pokreta koji je vu\u010de svoje korene od borbe protiv vladavine Osmanskog carstva, na po\u010detku dvadesetog veka, kako bi nastavili svoju borbu protiv srpskih osvajanja jo&#353; od Prvog i Drugog Balkanskog rata. <\/p>\n<p>Predsednik je rekao da je pored heroja kao &#353;to su Azem Bejta, Shot\u00eb Galica, Ahmet Delia, Shaqir Smaka, Miftar Dauti i mnogi drugi, me\u0111u njima bio i Ymer Binaku, deda Imer-a Imeri, koji nijedan dan nisu ostavili na miru i bezbedno srpske snage. <\/p>\n<p>&#8222;Porodica Imeri nije stala sa otporom ni tokom Drugog svetskog rata. U najte&#382;im danima, drugi \u010dlan ove porodice, Tahir Ymer Binaku, postao je \u010dlan snaga otpora komandanta Shaban-a Polluzha. Ovi pobunjenici su se poistovetili sa sudbinom njihovog naroda&#8220;, dodao je on. <\/p>\n<p>Predsednik Tha\u00e7i je rekao da Drenica i \u010ditavo Kosovo, i u periodu jugoslovenske administracije nisu smanjili otpor. <\/p>\n<p>&#8222;\u010cak, budu\u0107i da je bila diskriminisana na specifi\u010dan na\u010din, Drenica je o\u010duvala tradiciju oslobodila\u010dke borne Azem-a Bejta i Hasan-a Prishtina, Shaban-a Polluzh\u00eb i Fazli-je Gre\u00e7evci,\u00a0 Tahir-a e Nebih-a Meh\u00eb.<\/p>\n<p>&#381;rtva legendarnog komandanta Adem-a Jashari, epopeja Oslobodila\u010dke vojske Kosova 5. marta 1998. godine bili su doga\u0111aji koji dali novi podstrek na&#353;im vekovnim poku&#353;ajima za slobodom i oslobo\u0111enjem&#8220;, rekao je predsednik Tha\u00e7i.<\/p>\n<p>Kosovo je uspe&#353;no pro&#353;lo kroz sve istorijske faze, ali prema predsedniku Tha\u00e7i-ju, radi ostvarivanja ideala slobode i oslobo\u0111enja, &#382;rtvovale su se mnoge generacije. <\/p>\n<p>&#8222;Za slobodno i nezavisno Kosovo &#382;rtvovalo se na hiljade palih boraca. Za Kosovo, demokratsku i suverenu dr&#382;avu &#382;rtvovalo se hiljade mu\u010denika. Bez &#382;rtve i napora svakog gra\u0111anina mi ne bismo bili slobodni&#8220;, rekao je predsednik. <\/p>\n<p>Danas kada odajemo po\u010dast Haki-ju Imeri, predsednik Tha\u00e7i je rekao da je Kosovo stupilo u 17-tu godinu oslobo\u0111enja i 9-tu godinu nezavisnosti. <\/p>\n<p>&#8222;Put Kosova od poku&#353;aja za oslobo\u0111enjem do faza izgradnje dr&#382;ave je uspe&#353;na pri\u010da&#8220;, dodao je on. <\/p>\n<p>Predsednik je dodao da svi zajedno, kako gra\u0111ani tako i institucije, imamo obavezu i misiju da izgradimo moderno Kosovo, u kojem \u0107e se svi ljudi ose\u0107ati ponosnim. <\/p>\n<p>&#8222;Ponosni na slavnu pro&#353;lost. Ponosni\u00a0 na svetlu budu\u0107nost&#8220;, rekao je on. <\/p>\n<p>Intelektualca, pedagoga i istaknutog aktivistu, Haki-ja Imeri, predsednik Tha\u00e7i je odlikovao ordenom &#8222;Heroj Kosova&#8220;. <\/p>\n<p>Predsednik Tha\u00e7i je rekao da treba da se radi jo&#353; vi&#353;e kako bi se ideal za koji su se &#382;rtvovali svi heroji, pali borci i mu\u010denici, institucionalizovao.<br \/>\n\u00a0<\/p>\n","protected":false},"excerpt":{"rendered":"<p>Turi\u0107evac, 18. januar 2017. godine &#8211; Predsednik Republike Kosova, Hashim Tha\u00e7i, danas je odao po\u010dast pred grobom Haki-ja Imeri, u selu Turi\u0107evac kod Srbice.<\/p>\n","protected":false},"author":1,"featured_media":31419,"comment_status":"open","ping_status":"closed","sticky":false,"template":"","format":"standard","meta":{"_eb_attr":"","footnotes":""},"categories":[101],"tags":[],"class_list":["post-76338","post","type-post","status-publish","format-standard","has-post-thumbnail","hentry","category-vesti"],"yoast_head":"<!-- This site is optimized with the Yoast SEO plugin v23.5 - https:\/\/yoast.com\/wordpress\/plugins\/seo\/ -->\n<title>Predsednik Tha\u00e7i odao po\u010dast intelektualcu Haki-ju Imeri pred njegovim grobom - Predsednik Republike Kosovo - DR. VJOSA OSMANI - SADRIU<\/title>\n<meta name=\"description\" content=\"Predsednik Tha\u00e7i odao po\u010dast intelektualcu Haki-ju Imeri pred njegovim grobom - Predsednik Republike Kosovo - DR. VJOSA OSMANI - SADRIU -\" \/>\n<meta name=\"robots\" content=\"index, follow, max-snippet:-1, max-image-preview:large, max-video-preview:-1\" \/>\n<link rel=\"canonical\" href=\"https:\/\/president-ksgov.net\/presidenti-thaci-nderon-intelektualin-haki-imeri-dhe-ben-homazhe-te-varri-i-tij\/\" \/>\n<meta property=\"og:locale\" content=\"sr_RS\" \/>\n<meta property=\"og:type\" content=\"article\" \/>\n<meta property=\"og:title\" content=\"Predsednik Tha\u00e7i odao po\u010dast intelektualcu Haki-ju Imeri pred njegovim grobom - Predsednik Republike Kosovo - DR. VJOSA OSMANI - SADRIU\" \/>\n<meta property=\"og:description\" content=\"Predsednik Tha\u00e7i odao po\u010dast intelektualcu Haki-ju Imeri pred njegovim grobom - Predsednik Republike Kosovo - DR. VJOSA OSMANI - SADRIU -\" \/>\n<meta property=\"og:url\" content=\"https:\/\/president-ksgov.net\/presidenti-thaci-nderon-intelektualin-haki-imeri-dhe-ben-homazhe-te-varri-i-tij\/\" \/>\n<meta property=\"og:site_name\" content=\"Predsednik Republike Kosovo - DR. VJOSA OSMANI - SADRIU\" \/>\n<meta property=\"article:published_time\" content=\"2017-01-18T17:10:12+00:00\" \/>\n<meta property=\"og:image\" content=\"https:\/\/president-ksgov.net\/wp-content\/uploads\/18_01_2017_5469833_DSC_7230_copy.jpg\" \/>\n\t<meta property=\"og:image:width\" content=\"2000\" \/>\n\t<meta property=\"og:image:height\" content=\"1332\" \/>\n\t<meta property=\"og:image:type\" content=\"image\/jpeg\" \/>\n<meta name=\"author\" content=\"admin\" \/>\n<meta name=\"twitter:card\" content=\"summary_large_image\" \/>\n<meta name=\"twitter:label1\" content=\"\u041d\u0430\u043f\u0438\u0441\u0430\u043d\u043e \u043e\u0434\" \/>\n\t<meta name=\"twitter:data1\" content=\"admin\" \/>\n\t<meta name=\"twitter:label2\" content=\"\u041f\u0440\u043e\u0446\u0435\u045a\u0435\u043d\u043e \u0432\u0440\u0435\u043c\u0435 \u0447\u0438\u0442\u0430\u045a\u0430\" \/>\n\t<meta name=\"twitter:data2\" content=\"3 \u043c\u0438\u043d\u0443\u0442\u0430\" \/>\n<script type=\"application\/ld+json\" class=\"yoast-schema-graph\">{\"@context\":\"https:\/\/schema.org\",\"@graph\":[{\"@type\":\"WebPage\",\"@id\":\"https:\/\/president-ksgov.net\/presidenti-thaci-nderon-intelektualin-haki-imeri-dhe-ben-homazhe-te-varri-i-tij\/\",\"url\":\"https:\/\/president-ksgov.net\/presidenti-thaci-nderon-intelektualin-haki-imeri-dhe-ben-homazhe-te-varri-i-tij\/\",\"name\":\"Predsednik Tha\u00e7i odao po\u010dast intelektualcu Haki-ju Imeri pred njegovim grobom - Predsednik Republike Kosovo - DR. VJOSA OSMANI - SADRIU\",\"isPartOf\":{\"@id\":\"https:\/\/president-ksgov.net\/#website\"},\"primaryImageOfPage\":{\"@id\":\"https:\/\/president-ksgov.net\/presidenti-thaci-nderon-intelektualin-haki-imeri-dhe-ben-homazhe-te-varri-i-tij\/#primaryimage\"},\"image\":{\"@id\":\"https:\/\/president-ksgov.net\/presidenti-thaci-nderon-intelektualin-haki-imeri-dhe-ben-homazhe-te-varri-i-tij\/#primaryimage\"},\"thumbnailUrl\":\"https:\/\/president-ksgov.net\/wp-content\/uploads\/18_01_2017_5469833_DSC_7230_copy.jpg\",\"datePublished\":\"2017-01-18T17:10:12+00:00\",\"dateModified\":\"2017-01-18T17:10:12+00:00\",\"author\":{\"@id\":\"https:\/\/president-ksgov.net\/#\/schema\/person\/bb4337a5fb147cb2046d80548172cbee\"},\"description\":\"Predsednik Tha\u00e7i odao po\u010dast intelektualcu Haki-ju Imeri pred njegovim grobom - Predsednik Republike Kosovo - DR. VJOSA OSMANI - SADRIU -\",\"breadcrumb\":{\"@id\":\"https:\/\/president-ksgov.net\/presidenti-thaci-nderon-intelektualin-haki-imeri-dhe-ben-homazhe-te-varri-i-tij\/#breadcrumb\"},\"inLanguage\":\"sr-RS\",\"potentialAction\":[{\"@type\":\"ReadAction\",\"target\":[\"https:\/\/president-ksgov.net\/presidenti-thaci-nderon-intelektualin-haki-imeri-dhe-ben-homazhe-te-varri-i-tij\/\"]}]},{\"@type\":\"ImageObject\",\"inLanguage\":\"sr-RS\",\"@id\":\"https:\/\/president-ksgov.net\/presidenti-thaci-nderon-intelektualin-haki-imeri-dhe-ben-homazhe-te-varri-i-tij\/#primaryimage\",\"url\":\"https:\/\/president-ksgov.net\/wp-content\/uploads\/18_01_2017_5469833_DSC_7230_copy.jpg\",\"contentUrl\":\"https:\/\/president-ksgov.net\/wp-content\/uploads\/18_01_2017_5469833_DSC_7230_copy.jpg\",\"width\":2000,\"height\":1332},{\"@type\":\"BreadcrumbList\",\"@id\":\"https:\/\/president-ksgov.net\/presidenti-thaci-nderon-intelektualin-haki-imeri-dhe-ben-homazhe-te-varri-i-tij\/#breadcrumb\",\"itemListElement\":[{\"@type\":\"ListItem\",\"position\":1,\"name\":\"Home\",\"item\":\"https:\/\/president-ksgov.net\/sr\/\"},{\"@type\":\"ListItem\",\"position\":2,\"name\":\"Predsednik Tha\u00e7i odao po\u010dast intelektualcu Haki-ju Imeri pred njegovim grobom\"}]},{\"@type\":\"WebSite\",\"@id\":\"https:\/\/president-ksgov.net\/#website\",\"url\":\"https:\/\/president-ksgov.net\/\",\"name\":\"Presidente e Republik\u00ebs s\u00eb Kosov\u00ebs\",\"description\":\"Presidente e Republik\u00ebs s\u00eb Kosov\u00ebs\",\"alternateName\":\"DR. VJOSA OSMANI - SADRIU\",\"potentialAction\":[{\"@type\":\"SearchAction\",\"target\":{\"@type\":\"EntryPoint\",\"urlTemplate\":\"https:\/\/president-ksgov.net\/?s={search_term_string}\"},\"query-input\":{\"@type\":\"PropertyValueSpecification\",\"valueRequired\":true,\"valueName\":\"search_term_string\"}}],\"inLanguage\":\"sr-RS\"},{\"@type\":\"Person\",\"@id\":\"https:\/\/president-ksgov.net\/#\/schema\/person\/bb4337a5fb147cb2046d80548172cbee\",\"name\":\"admin\",\"image\":{\"@type\":\"ImageObject\",\"inLanguage\":\"sr-RS\",\"@id\":\"https:\/\/president-ksgov.net\/#\/schema\/person\/image\/\",\"url\":\"https:\/\/secure.gravatar.com\/avatar\/36156ca0fa3b8d9d25174f146e16beea0cf28f37adf1b9e19b6c9c279a7c9dd3?s=96&d=mm&r=g\",\"contentUrl\":\"https:\/\/secure.gravatar.com\/avatar\/36156ca0fa3b8d9d25174f146e16beea0cf28f37adf1b9e19b6c9c279a7c9dd3?s=96&d=mm&r=g\",\"caption\":\"admin\"},\"sameAs\":[\"https:\/\/president-ksgov.net\"]}]}<\/script>\n<!-- \/ Yoast SEO plugin. -->","yoast_head_json":{"title":"Predsednik Tha\u00e7i odao po\u010dast intelektualcu Haki-ju Imeri pred njegovim grobom - Predsednik Republike Kosovo - DR. VJOSA OSMANI - SADRIU","description":"Predsednik Tha\u00e7i odao po\u010dast intelektualcu Haki-ju Imeri pred njegovim grobom - Predsednik Republike Kosovo - DR. VJOSA OSMANI - SADRIU -","robots":{"index":"index","follow":"follow","max-snippet":"max-snippet:-1","max-image-preview":"max-image-preview:large","max-video-preview":"max-video-preview:-1"},"canonical":"https:\/\/president-ksgov.net\/presidenti-thaci-nderon-intelektualin-haki-imeri-dhe-ben-homazhe-te-varri-i-tij\/","og_locale":"sr_RS","og_type":"article","og_title":"Predsednik Tha\u00e7i odao po\u010dast intelektualcu Haki-ju Imeri pred njegovim grobom - Predsednik Republike Kosovo - DR. VJOSA OSMANI - SADRIU","og_description":"Predsednik Tha\u00e7i odao po\u010dast intelektualcu Haki-ju Imeri pred njegovim grobom - Predsednik Republike Kosovo - DR. VJOSA OSMANI - SADRIU -","og_url":"https:\/\/president-ksgov.net\/presidenti-thaci-nderon-intelektualin-haki-imeri-dhe-ben-homazhe-te-varri-i-tij\/","og_site_name":"Predsednik Republike Kosovo - DR. VJOSA OSMANI - SADRIU","article_published_time":"2017-01-18T17:10:12+00:00","og_image":[{"width":2000,"height":1332,"url":"https:\/\/president-ksgov.net\/wp-content\/uploads\/18_01_2017_5469833_DSC_7230_copy.jpg","type":"image\/jpeg"}],"author":"admin","twitter_card":"summary_large_image","twitter_misc":{"\u041d\u0430\u043f\u0438\u0441\u0430\u043d\u043e \u043e\u0434":"admin","\u041f\u0440\u043e\u0446\u0435\u045a\u0435\u043d\u043e \u0432\u0440\u0435\u043c\u0435 \u0447\u0438\u0442\u0430\u045a\u0430":"3 \u043c\u0438\u043d\u0443\u0442\u0430"},"schema":{"@context":"https:\/\/schema.org","@graph":[{"@type":"WebPage","@id":"https:\/\/president-ksgov.net\/presidenti-thaci-nderon-intelektualin-haki-imeri-dhe-ben-homazhe-te-varri-i-tij\/","url":"https:\/\/president-ksgov.net\/presidenti-thaci-nderon-intelektualin-haki-imeri-dhe-ben-homazhe-te-varri-i-tij\/","name":"Predsednik Tha\u00e7i odao po\u010dast intelektualcu Haki-ju Imeri pred njegovim grobom - Predsednik Republike Kosovo - DR. VJOSA OSMANI - SADRIU","isPartOf":{"@id":"https:\/\/president-ksgov.net\/#website"},"primaryImageOfPage":{"@id":"https:\/\/president-ksgov.net\/presidenti-thaci-nderon-intelektualin-haki-imeri-dhe-ben-homazhe-te-varri-i-tij\/#primaryimage"},"image":{"@id":"https:\/\/president-ksgov.net\/presidenti-thaci-nderon-intelektualin-haki-imeri-dhe-ben-homazhe-te-varri-i-tij\/#primaryimage"},"thumbnailUrl":"https:\/\/president-ksgov.net\/wp-content\/uploads\/18_01_2017_5469833_DSC_7230_copy.jpg","datePublished":"2017-01-18T17:10:12+00:00","dateModified":"2017-01-18T17:10:12+00:00","author":{"@id":"https:\/\/president-ksgov.net\/#\/schema\/person\/bb4337a5fb147cb2046d80548172cbee"},"description":"Predsednik Tha\u00e7i odao po\u010dast intelektualcu Haki-ju Imeri pred njegovim grobom - Predsednik Republike Kosovo - DR. VJOSA OSMANI - SADRIU -","breadcrumb":{"@id":"https:\/\/president-ksgov.net\/presidenti-thaci-nderon-intelektualin-haki-imeri-dhe-ben-homazhe-te-varri-i-tij\/#breadcrumb"},"inLanguage":"sr-RS","potentialAction":[{"@type":"ReadAction","target":["https:\/\/president-ksgov.net\/presidenti-thaci-nderon-intelektualin-haki-imeri-dhe-ben-homazhe-te-varri-i-tij\/"]}]},{"@type":"ImageObject","inLanguage":"sr-RS","@id":"https:\/\/president-ksgov.net\/presidenti-thaci-nderon-intelektualin-haki-imeri-dhe-ben-homazhe-te-varri-i-tij\/#primaryimage","url":"https:\/\/president-ksgov.net\/wp-content\/uploads\/18_01_2017_5469833_DSC_7230_copy.jpg","contentUrl":"https:\/\/president-ksgov.net\/wp-content\/uploads\/18_01_2017_5469833_DSC_7230_copy.jpg","width":2000,"height":1332},{"@type":"BreadcrumbList","@id":"https:\/\/president-ksgov.net\/presidenti-thaci-nderon-intelektualin-haki-imeri-dhe-ben-homazhe-te-varri-i-tij\/#breadcrumb","itemListElement":[{"@type":"ListItem","position":1,"name":"Home","item":"https:\/\/president-ksgov.net\/sr\/"},{"@type":"ListItem","position":2,"name":"Predsednik Tha\u00e7i odao po\u010dast intelektualcu Haki-ju Imeri pred njegovim grobom"}]},{"@type":"WebSite","@id":"https:\/\/president-ksgov.net\/#website","url":"https:\/\/president-ksgov.net\/","name":"Presidente e Republik\u00ebs s\u00eb Kosov\u00ebs","description":"Presidente e Republik\u00ebs s\u00eb Kosov\u00ebs","alternateName":"DR. VJOSA OSMANI - SADRIU","potentialAction":[{"@type":"SearchAction","target":{"@type":"EntryPoint","urlTemplate":"https:\/\/president-ksgov.net\/?s={search_term_string}"},"query-input":{"@type":"PropertyValueSpecification","valueRequired":true,"valueName":"search_term_string"}}],"inLanguage":"sr-RS"},{"@type":"Person","@id":"https:\/\/president-ksgov.net\/#\/schema\/person\/bb4337a5fb147cb2046d80548172cbee","name":"admin","image":{"@type":"ImageObject","inLanguage":"sr-RS","@id":"https:\/\/president-ksgov.net\/#\/schema\/person\/image\/","url":"https:\/\/secure.gravatar.com\/avatar\/36156ca0fa3b8d9d25174f146e16beea0cf28f37adf1b9e19b6c9c279a7c9dd3?s=96&d=mm&r=g","contentUrl":"https:\/\/secure.gravatar.com\/avatar\/36156ca0fa3b8d9d25174f146e16beea0cf28f37adf1b9e19b6c9c279a7c9dd3?s=96&d=mm&r=g","caption":"admin"},"sameAs":["https:\/\/president-ksgov.net"]}]}},"_links":{"self":[{"href":"https:\/\/president-ksgov.net\/sr\/wp-json\/wp\/v2\/posts\/76338","targetHints":{"allow":["GET"]}}],"collection":[{"href":"https:\/\/president-ksgov.net\/sr\/wp-json\/wp\/v2\/posts"}],"about":[{"href":"https:\/\/president-ksgov.net\/sr\/wp-json\/wp\/v2\/types\/post"}],"author":[{"embeddable":true,"href":"https:\/\/president-ksgov.net\/sr\/wp-json\/wp\/v2\/users\/1"}],"replies":[{"embeddable":true,"href":"https:\/\/president-ksgov.net\/sr\/wp-json\/wp\/v2\/comments?post=76338"}],"version-history":[{"count":0,"href":"https:\/\/president-ksgov.net\/sr\/wp-json\/wp\/v2\/posts\/76338\/revisions"}],"wp:featuredmedia":[{"embeddable":true,"href":"https:\/\/president-ksgov.net\/sr\/wp-json\/wp\/v2\/media\/31419"}],"wp:attachment":[{"href":"https:\/\/president-ksgov.net\/sr\/wp-json\/wp\/v2\/media?parent=76338"}],"wp:term":[{"taxonomy":"category","embeddable":true,"href":"https:\/\/president-ksgov.net\/sr\/wp-json\/wp\/v2\/categories?post=76338"},{"taxonomy":"post_tag","embeddable":true,"href":"https:\/\/president-ksgov.net\/sr\/wp-json\/wp\/v2\/tags?post=76338"}],"curies":[{"name":"wp","href":"https:\/\/api.w.org\/{rel}","templated":true}]}}