{"id":76335,"date":"2017-01-25T17:32:03","date_gmt":"2017-01-25T17:32:03","guid":{"rendered":"https:\/\/dev.president-ksgov.net\/predsednik-thaci-dijalog-je-stigao-do-finalne-faze-kosovo-ostaje-posveceno-ocuvanju-mira\/"},"modified":"2017-01-25T17:32:03","modified_gmt":"2017-01-25T17:32:03","slug":"predsednik-thaci-dijalog-je-stigao-do-finalne-faze-kosovo-ostaje-posveceno-ocuvanju-mira","status":"publish","type":"post","link":"https:\/\/president-ksgov.net\/sr\/predsednik-thaci-dijalog-je-stigao-do-finalne-faze-kosovo-ostaje-posveceno-ocuvanju-mira\/","title":{"rendered":"Predsednik Tha\u00e7i: Dijalog je stigao do finalne faze, Kosovo ostaje posve\u0107eno o\u010duvanju mira"},"content":{"rendered":"<p>Pri&#353;tina, 25. januar 2017. godine &#8211; Predsednik Republike Kosova, Hashim Tha\u00e7i, nakon povratka iz Brisela, odr&#382;ao je konferenciju za medije, na kojoj je govorio o ju\u010dera&#353;njem sastanku delegacije Kosova i delegacije Srbije, uz posredovanje EU.<\/p>\n<p>Predsednik Tha\u00e7i je rekao da su bez sumnje situacije koje su se stvorile nakon dugog perioda prekida procesa dijaloga na visokom politi\u010dkom nivou izme\u0111u dve dr&#382;ave, a posebno nakon poslednjih gorkih doga\u0111aja uz provokativne postupke i nacionalisti\u010dku retoriku, u\u010dinili da ovaj sastanak bude dosta te&#382;ak, ali, nasuprot toj \u010dinjenici predsednik Tha\u00e7i\u00a0 je rekao da smo odgovorni da predano radimo na o\u010duvanju mira. <\/p>\n<p>&#8222;Nasuprot toj \u010dinjenici, mi smo dr&#382;avnici i i imamo odgovornost da predano radno na o\u010duvanju mira i naravno, i zaklju\u010divanju procesa normalizacije odnosa izme\u0111u Republike Kosova i Srbije&#8220;, rekao je predsednik Tha\u00e7i. <\/p>\n<p>Ovo je cela izjava predsednika Tha\u00e7i-ja\u00a0 <\/p>\n<p>&#8222;Upravo sam se vratio iz Brisela, gde sam zajedno sa premijerom Mustafa odr&#382;ao prvi sastanak na visokom politi\u010dkom nivou izme\u0111u Republike Kosova i Srbije, koji je olak&#353;ala visoka predstavnica EU, g\u0111a Federika Mogerini. <\/p>\n<p>Bez sumnje da su situacije nastale nakon dugog perioda prekida procesa dijaloga na visokom politi\u010dkom nivou izme\u0111u ove dve dr&#382;ave, posebno nakon gorkih de&#353;avanja uz provokativne postupke i nacionalisti\u010dku retoriku, u\u010dinile da ovaj sastanak bude dosta te&#382;ak. <\/p>\n<p>Nasuprot toj \u010dinjenici, mi smo dr&#382;avnici i imamo odgovornost da predano radimo na o\u010duvanju mira i naravno zaklju\u010divanju procesa normalizacije odnosa izme\u0111u Republike Kosova i Srbije.\u00a0 <\/p>\n<p>Mogu da ka&#382;em da sam zadovoljan &#353;to je glavni cilj ovog sastanaka, a to je bilo smanjenje tenzija i izbegavanje nepotrebnih provokacija, postignut. Me\u0111utim, ostaje nam jo&#353; puno posla koji treba uraditi na normalizaciji me\u0111udr&#382;avnih odnosa. <\/p>\n<p>Za nas je bilo veoma bitno da govorimo otvoreno i da od Srbije tra&#382;imo prestanak postupaka koji za cilj i za rezultat imaju destabilizaciju politi\u010dke situacije i sigurnosti na Kosovu. <\/p>\n<p>Ovde su obuhva\u0107eni svi oni negativni i provokativni postupci koji su se dogodili u poslednjem periodu, a koji nas vi&#353;e podse\u0107aju na gorku i krvavu pro&#353;lost, i kao takvi gu&#353;e prostor za afirmativne i pozitivne postupke prema cilju normalizacije odnosa izme\u0111u na&#353;e dve dr&#382;ave. <\/p>\n<p>Mislim da je bilo razumevanja me\u0111u stranama o neophodnosti da se spuste tenzije i da se uz ve\u0107u ozbiljnost posvetimo dijalogu. <\/p>\n<p>Jo&#353; jedan dogovor me\u0111u stranama koje su obuhva\u0107ene je bila i spremnost da se intenziviraju sastanci na visokom politi\u010dkom nivou i mi kao predstavnici Kosova smo izrazili na&#353;u spremnost da damo maksimalni konstruktivni doprinos u tom smislu. <\/p>\n<p>U isto vreme, mislimo da je dijalog sada do&#353;ao da finalne faze, u kojoj treba da je jasno koji je zaklju\u010dak i koji je kona\u010dan\u00a0 rezultat ovog procesa. <\/p>\n<p>U ovoj zavr&#353;noj vazi procesa normalizacije odnosa izme\u0111u Kosova i Srbije, ja se nadam da \u0107emo uz pomo\u0107 posrednice, g\u0111e Federike Mogerini, mi mo\u0107i da pregovaramo i da postignemo kona\u010dni politi\u010dki dogovor o pomirenju i recipro\u010dnoj saradnji izme\u0111u dve dr&#382;ave. <\/p>\n<p>Samo jedan ovakav dogovor je garancija za mir i stabilnost na Zapadnom Balkanu, garancija za neometani proces integracija Kosova u me\u0111unarodne organizacije, sa posebnim naglaskom na EU i NATO.\u00a0 <\/p>\n<p>S toga, Kosovo ostaje u potpunosti posve\u0107eno ovom veoma bitnom procesu i ostaje odlu\u010duju\u0107i faktor mira, sigurnosti i stabilnosti na Zapadnom Balkanu. <\/p>\n<p>Na kraju &#382;elim da se jo&#353; jednom zahvalim gospo\u0111i Mogerini na njenoj aktivnoj i odlu\u010duju\u0107oj ulozi u smanjenju tenzija izme\u0111u\u00a0 na&#353;e dve dr&#382;ave, ali i na otvaranju mogu\u0107nosti za dobar dijalog, koji \u0107e dovesti do potpune normalizacije, do dobrog susedstva i pomirenja\u00a0 Kosovo- Srbija i na&#353;ih naroda. Kosovo ponovo poziva na mir, stabilnost, razumevanje, na evroatlantske vrednosti, na dobro susedstvo i &#382;elim da se nadam da \u0107e ova volja postojati i kod srpske strane i da \u0107e ovaj proces, kao\u00a0 ju\u010de biti rukovo\u0111en od strane predstavnika Evropske unije.<br \/>\n\u00a0<\/p>\n","protected":false},"excerpt":{"rendered":"<p>Pri&#353;tina, 25. januar 2017. godine &#8211; Predsednik Republike Kosova, Hashim Tha\u00e7i, nakon povratka iz Brisela, odr&#382;ao je konferenciju za medije, na kojoj je govorio o ju\u010dera&#353;njem sastanku delegacije Kosova i delegacije Srbije, uz posredovanje EU.<\/p>\n","protected":false},"author":1,"featured_media":31404,"comment_status":"open","ping_status":"closed","sticky":false,"template":"","format":"standard","meta":{"_eb_attr":"","footnotes":""},"categories":[101],"tags":[],"class_list":["post-76335","post","type-post","status-publish","format-standard","has-post-thumbnail","hentry","category-vesti"],"yoast_head":"<!-- This site is optimized with the Yoast SEO plugin v23.5 - https:\/\/yoast.com\/wordpress\/plugins\/seo\/ -->\n<title>Predsednik Tha\u00e7i: Dijalog je stigao do finalne faze, Kosovo ostaje posve\u0107eno o\u010duvanju mira - Predsednik Republike Kosovo - DR. VJOSA OSMANI - SADRIU<\/title>\n<meta name=\"description\" content=\"Predsednik Tha\u00e7i: Dijalog je stigao do finalne faze, Kosovo ostaje posve\u0107eno o\u010duvanju mira - Predsednik Republike Kosovo - DR. VJOSA OSMANI - SADRIU -\" \/>\n<meta name=\"robots\" content=\"index, follow, max-snippet:-1, max-image-preview:large, max-video-preview:-1\" \/>\n<link rel=\"canonical\" href=\"https:\/\/president-ksgov.net\/presidenti-thaci-dialogu-ka-arritur-ne-fazen-finale-kosova-mbetet-e-perkushtuar-per-ruajtjen-e-paqes\/\" \/>\n<meta property=\"og:locale\" content=\"sr_RS\" \/>\n<meta property=\"og:type\" content=\"article\" \/>\n<meta property=\"og:title\" content=\"Predsednik Tha\u00e7i: Dijalog je stigao do finalne faze, Kosovo ostaje posve\u0107eno o\u010duvanju mira - Predsednik Republike Kosovo - DR. VJOSA OSMANI - SADRIU\" \/>\n<meta property=\"og:description\" content=\"Predsednik Tha\u00e7i: Dijalog je stigao do finalne faze, Kosovo ostaje posve\u0107eno o\u010duvanju mira - Predsednik Republike Kosovo - DR. VJOSA OSMANI - SADRIU -\" \/>\n<meta property=\"og:url\" content=\"https:\/\/president-ksgov.net\/presidenti-thaci-dialogu-ka-arritur-ne-fazen-finale-kosova-mbetet-e-perkushtuar-per-ruajtjen-e-paqes\/\" \/>\n<meta property=\"og:site_name\" content=\"Predsednik Republike Kosovo - DR. VJOSA OSMANI - SADRIU\" \/>\n<meta property=\"article:published_time\" content=\"2017-01-25T17:32:03+00:00\" \/>\n<meta property=\"og:image\" content=\"https:\/\/president-ksgov.net\/wp-content\/uploads\/25_01_2017_7708177_k_02.jpg\" \/>\n\t<meta property=\"og:image:width\" content=\"2400\" \/>\n\t<meta property=\"og:image:height\" content=\"1600\" \/>\n\t<meta property=\"og:image:type\" content=\"image\/jpeg\" \/>\n<meta name=\"author\" content=\"admin\" \/>\n<meta name=\"twitter:card\" content=\"summary_large_image\" \/>\n<meta name=\"twitter:label1\" content=\"\u041d\u0430\u043f\u0438\u0441\u0430\u043d\u043e \u043e\u0434\" \/>\n\t<meta name=\"twitter:data1\" content=\"admin\" \/>\n\t<meta name=\"twitter:label2\" content=\"\u041f\u0440\u043e\u0446\u0435\u045a\u0435\u043d\u043e \u0432\u0440\u0435\u043c\u0435 \u0447\u0438\u0442\u0430\u045a\u0430\" \/>\n\t<meta name=\"twitter:data2\" content=\"3 \u043c\u0438\u043d\u0443\u0442\u0430\" \/>\n<script type=\"application\/ld+json\" class=\"yoast-schema-graph\">{\"@context\":\"https:\/\/schema.org\",\"@graph\":[{\"@type\":\"WebPage\",\"@id\":\"https:\/\/president-ksgov.net\/presidenti-thaci-dialogu-ka-arritur-ne-fazen-finale-kosova-mbetet-e-perkushtuar-per-ruajtjen-e-paqes\/\",\"url\":\"https:\/\/president-ksgov.net\/presidenti-thaci-dialogu-ka-arritur-ne-fazen-finale-kosova-mbetet-e-perkushtuar-per-ruajtjen-e-paqes\/\",\"name\":\"Predsednik Tha\u00e7i: Dijalog je stigao do finalne faze, Kosovo ostaje posve\u0107eno o\u010duvanju mira - Predsednik Republike Kosovo - DR. VJOSA OSMANI - SADRIU\",\"isPartOf\":{\"@id\":\"https:\/\/president-ksgov.net\/#website\"},\"primaryImageOfPage\":{\"@id\":\"https:\/\/president-ksgov.net\/presidenti-thaci-dialogu-ka-arritur-ne-fazen-finale-kosova-mbetet-e-perkushtuar-per-ruajtjen-e-paqes\/#primaryimage\"},\"image\":{\"@id\":\"https:\/\/president-ksgov.net\/presidenti-thaci-dialogu-ka-arritur-ne-fazen-finale-kosova-mbetet-e-perkushtuar-per-ruajtjen-e-paqes\/#primaryimage\"},\"thumbnailUrl\":\"https:\/\/president-ksgov.net\/wp-content\/uploads\/25_01_2017_7708177_k_02.jpg\",\"datePublished\":\"2017-01-25T17:32:03+00:00\",\"dateModified\":\"2017-01-25T17:32:03+00:00\",\"author\":{\"@id\":\"https:\/\/president-ksgov.net\/#\/schema\/person\/bb4337a5fb147cb2046d80548172cbee\"},\"description\":\"Predsednik Tha\u00e7i: Dijalog je stigao do finalne faze, Kosovo ostaje posve\u0107eno o\u010duvanju mira - Predsednik Republike Kosovo - DR. VJOSA OSMANI - SADRIU -\",\"breadcrumb\":{\"@id\":\"https:\/\/president-ksgov.net\/presidenti-thaci-dialogu-ka-arritur-ne-fazen-finale-kosova-mbetet-e-perkushtuar-per-ruajtjen-e-paqes\/#breadcrumb\"},\"inLanguage\":\"sr-RS\",\"potentialAction\":[{\"@type\":\"ReadAction\",\"target\":[\"https:\/\/president-ksgov.net\/presidenti-thaci-dialogu-ka-arritur-ne-fazen-finale-kosova-mbetet-e-perkushtuar-per-ruajtjen-e-paqes\/\"]}]},{\"@type\":\"ImageObject\",\"inLanguage\":\"sr-RS\",\"@id\":\"https:\/\/president-ksgov.net\/presidenti-thaci-dialogu-ka-arritur-ne-fazen-finale-kosova-mbetet-e-perkushtuar-per-ruajtjen-e-paqes\/#primaryimage\",\"url\":\"https:\/\/president-ksgov.net\/wp-content\/uploads\/25_01_2017_7708177_k_02.jpg\",\"contentUrl\":\"https:\/\/president-ksgov.net\/wp-content\/uploads\/25_01_2017_7708177_k_02.jpg\",\"width\":2400,\"height\":1600},{\"@type\":\"BreadcrumbList\",\"@id\":\"https:\/\/president-ksgov.net\/presidenti-thaci-dialogu-ka-arritur-ne-fazen-finale-kosova-mbetet-e-perkushtuar-per-ruajtjen-e-paqes\/#breadcrumb\",\"itemListElement\":[{\"@type\":\"ListItem\",\"position\":1,\"name\":\"Home\",\"item\":\"https:\/\/president-ksgov.net\/sr\/\"},{\"@type\":\"ListItem\",\"position\":2,\"name\":\"Predsednik Tha\u00e7i: Dijalog je stigao do finalne faze, Kosovo ostaje posve\u0107eno o\u010duvanju mira\"}]},{\"@type\":\"WebSite\",\"@id\":\"https:\/\/president-ksgov.net\/#website\",\"url\":\"https:\/\/president-ksgov.net\/\",\"name\":\"Presidente e Republik\u00ebs s\u00eb Kosov\u00ebs\",\"description\":\"Presidente e Republik\u00ebs s\u00eb Kosov\u00ebs\",\"alternateName\":\"DR. VJOSA OSMANI - SADRIU\",\"potentialAction\":[{\"@type\":\"SearchAction\",\"target\":{\"@type\":\"EntryPoint\",\"urlTemplate\":\"https:\/\/president-ksgov.net\/?s={search_term_string}\"},\"query-input\":{\"@type\":\"PropertyValueSpecification\",\"valueRequired\":true,\"valueName\":\"search_term_string\"}}],\"inLanguage\":\"sr-RS\"},{\"@type\":\"Person\",\"@id\":\"https:\/\/president-ksgov.net\/#\/schema\/person\/bb4337a5fb147cb2046d80548172cbee\",\"name\":\"admin\",\"image\":{\"@type\":\"ImageObject\",\"inLanguage\":\"sr-RS\",\"@id\":\"https:\/\/president-ksgov.net\/#\/schema\/person\/image\/\",\"url\":\"https:\/\/secure.gravatar.com\/avatar\/36156ca0fa3b8d9d25174f146e16beea0cf28f37adf1b9e19b6c9c279a7c9dd3?s=96&d=mm&r=g\",\"contentUrl\":\"https:\/\/secure.gravatar.com\/avatar\/36156ca0fa3b8d9d25174f146e16beea0cf28f37adf1b9e19b6c9c279a7c9dd3?s=96&d=mm&r=g\",\"caption\":\"admin\"},\"sameAs\":[\"https:\/\/president-ksgov.net\"]}]}<\/script>\n<!-- \/ Yoast SEO plugin. -->","yoast_head_json":{"title":"Predsednik Tha\u00e7i: Dijalog je stigao do finalne faze, Kosovo ostaje posve\u0107eno o\u010duvanju mira - Predsednik Republike Kosovo - DR. VJOSA OSMANI - SADRIU","description":"Predsednik Tha\u00e7i: Dijalog je stigao do finalne faze, Kosovo ostaje posve\u0107eno o\u010duvanju mira - Predsednik Republike Kosovo - DR. VJOSA OSMANI - SADRIU -","robots":{"index":"index","follow":"follow","max-snippet":"max-snippet:-1","max-image-preview":"max-image-preview:large","max-video-preview":"max-video-preview:-1"},"canonical":"https:\/\/president-ksgov.net\/presidenti-thaci-dialogu-ka-arritur-ne-fazen-finale-kosova-mbetet-e-perkushtuar-per-ruajtjen-e-paqes\/","og_locale":"sr_RS","og_type":"article","og_title":"Predsednik Tha\u00e7i: Dijalog je stigao do finalne faze, Kosovo ostaje posve\u0107eno o\u010duvanju mira - Predsednik Republike Kosovo - DR. VJOSA OSMANI - SADRIU","og_description":"Predsednik Tha\u00e7i: Dijalog je stigao do finalne faze, Kosovo ostaje posve\u0107eno o\u010duvanju mira - Predsednik Republike Kosovo - DR. VJOSA OSMANI - SADRIU -","og_url":"https:\/\/president-ksgov.net\/presidenti-thaci-dialogu-ka-arritur-ne-fazen-finale-kosova-mbetet-e-perkushtuar-per-ruajtjen-e-paqes\/","og_site_name":"Predsednik Republike Kosovo - DR. VJOSA OSMANI - SADRIU","article_published_time":"2017-01-25T17:32:03+00:00","og_image":[{"width":2400,"height":1600,"url":"https:\/\/president-ksgov.net\/wp-content\/uploads\/25_01_2017_7708177_k_02.jpg","type":"image\/jpeg"}],"author":"admin","twitter_card":"summary_large_image","twitter_misc":{"\u041d\u0430\u043f\u0438\u0441\u0430\u043d\u043e \u043e\u0434":"admin","\u041f\u0440\u043e\u0446\u0435\u045a\u0435\u043d\u043e \u0432\u0440\u0435\u043c\u0435 \u0447\u0438\u0442\u0430\u045a\u0430":"3 \u043c\u0438\u043d\u0443\u0442\u0430"},"schema":{"@context":"https:\/\/schema.org","@graph":[{"@type":"WebPage","@id":"https:\/\/president-ksgov.net\/presidenti-thaci-dialogu-ka-arritur-ne-fazen-finale-kosova-mbetet-e-perkushtuar-per-ruajtjen-e-paqes\/","url":"https:\/\/president-ksgov.net\/presidenti-thaci-dialogu-ka-arritur-ne-fazen-finale-kosova-mbetet-e-perkushtuar-per-ruajtjen-e-paqes\/","name":"Predsednik Tha\u00e7i: Dijalog je stigao do finalne faze, Kosovo ostaje posve\u0107eno o\u010duvanju mira - Predsednik Republike Kosovo - DR. VJOSA OSMANI - SADRIU","isPartOf":{"@id":"https:\/\/president-ksgov.net\/#website"},"primaryImageOfPage":{"@id":"https:\/\/president-ksgov.net\/presidenti-thaci-dialogu-ka-arritur-ne-fazen-finale-kosova-mbetet-e-perkushtuar-per-ruajtjen-e-paqes\/#primaryimage"},"image":{"@id":"https:\/\/president-ksgov.net\/presidenti-thaci-dialogu-ka-arritur-ne-fazen-finale-kosova-mbetet-e-perkushtuar-per-ruajtjen-e-paqes\/#primaryimage"},"thumbnailUrl":"https:\/\/president-ksgov.net\/wp-content\/uploads\/25_01_2017_7708177_k_02.jpg","datePublished":"2017-01-25T17:32:03+00:00","dateModified":"2017-01-25T17:32:03+00:00","author":{"@id":"https:\/\/president-ksgov.net\/#\/schema\/person\/bb4337a5fb147cb2046d80548172cbee"},"description":"Predsednik Tha\u00e7i: Dijalog je stigao do finalne faze, Kosovo ostaje posve\u0107eno o\u010duvanju mira - Predsednik Republike Kosovo - DR. VJOSA OSMANI - SADRIU -","breadcrumb":{"@id":"https:\/\/president-ksgov.net\/presidenti-thaci-dialogu-ka-arritur-ne-fazen-finale-kosova-mbetet-e-perkushtuar-per-ruajtjen-e-paqes\/#breadcrumb"},"inLanguage":"sr-RS","potentialAction":[{"@type":"ReadAction","target":["https:\/\/president-ksgov.net\/presidenti-thaci-dialogu-ka-arritur-ne-fazen-finale-kosova-mbetet-e-perkushtuar-per-ruajtjen-e-paqes\/"]}]},{"@type":"ImageObject","inLanguage":"sr-RS","@id":"https:\/\/president-ksgov.net\/presidenti-thaci-dialogu-ka-arritur-ne-fazen-finale-kosova-mbetet-e-perkushtuar-per-ruajtjen-e-paqes\/#primaryimage","url":"https:\/\/president-ksgov.net\/wp-content\/uploads\/25_01_2017_7708177_k_02.jpg","contentUrl":"https:\/\/president-ksgov.net\/wp-content\/uploads\/25_01_2017_7708177_k_02.jpg","width":2400,"height":1600},{"@type":"BreadcrumbList","@id":"https:\/\/president-ksgov.net\/presidenti-thaci-dialogu-ka-arritur-ne-fazen-finale-kosova-mbetet-e-perkushtuar-per-ruajtjen-e-paqes\/#breadcrumb","itemListElement":[{"@type":"ListItem","position":1,"name":"Home","item":"https:\/\/president-ksgov.net\/sr\/"},{"@type":"ListItem","position":2,"name":"Predsednik Tha\u00e7i: Dijalog je stigao do finalne faze, Kosovo ostaje posve\u0107eno o\u010duvanju mira"}]},{"@type":"WebSite","@id":"https:\/\/president-ksgov.net\/#website","url":"https:\/\/president-ksgov.net\/","name":"Presidente e Republik\u00ebs s\u00eb Kosov\u00ebs","description":"Presidente e Republik\u00ebs s\u00eb Kosov\u00ebs","alternateName":"DR. VJOSA OSMANI - SADRIU","potentialAction":[{"@type":"SearchAction","target":{"@type":"EntryPoint","urlTemplate":"https:\/\/president-ksgov.net\/?s={search_term_string}"},"query-input":{"@type":"PropertyValueSpecification","valueRequired":true,"valueName":"search_term_string"}}],"inLanguage":"sr-RS"},{"@type":"Person","@id":"https:\/\/president-ksgov.net\/#\/schema\/person\/bb4337a5fb147cb2046d80548172cbee","name":"admin","image":{"@type":"ImageObject","inLanguage":"sr-RS","@id":"https:\/\/president-ksgov.net\/#\/schema\/person\/image\/","url":"https:\/\/secure.gravatar.com\/avatar\/36156ca0fa3b8d9d25174f146e16beea0cf28f37adf1b9e19b6c9c279a7c9dd3?s=96&d=mm&r=g","contentUrl":"https:\/\/secure.gravatar.com\/avatar\/36156ca0fa3b8d9d25174f146e16beea0cf28f37adf1b9e19b6c9c279a7c9dd3?s=96&d=mm&r=g","caption":"admin"},"sameAs":["https:\/\/president-ksgov.net"]}]}},"_links":{"self":[{"href":"https:\/\/president-ksgov.net\/sr\/wp-json\/wp\/v2\/posts\/76335","targetHints":{"allow":["GET"]}}],"collection":[{"href":"https:\/\/president-ksgov.net\/sr\/wp-json\/wp\/v2\/posts"}],"about":[{"href":"https:\/\/president-ksgov.net\/sr\/wp-json\/wp\/v2\/types\/post"}],"author":[{"embeddable":true,"href":"https:\/\/president-ksgov.net\/sr\/wp-json\/wp\/v2\/users\/1"}],"replies":[{"embeddable":true,"href":"https:\/\/president-ksgov.net\/sr\/wp-json\/wp\/v2\/comments?post=76335"}],"version-history":[{"count":0,"href":"https:\/\/president-ksgov.net\/sr\/wp-json\/wp\/v2\/posts\/76335\/revisions"}],"wp:featuredmedia":[{"embeddable":true,"href":"https:\/\/president-ksgov.net\/sr\/wp-json\/wp\/v2\/media\/31404"}],"wp:attachment":[{"href":"https:\/\/president-ksgov.net\/sr\/wp-json\/wp\/v2\/media?parent=76335"}],"wp:term":[{"taxonomy":"category","embeddable":true,"href":"https:\/\/president-ksgov.net\/sr\/wp-json\/wp\/v2\/categories?post=76335"},{"taxonomy":"post_tag","embeddable":true,"href":"https:\/\/president-ksgov.net\/sr\/wp-json\/wp\/v2\/tags?post=76335"}],"curies":[{"name":"wp","href":"https:\/\/api.w.org\/{rel}","templated":true}]}}