{"id":76332,"date":"2017-01-28T14:02:16","date_gmt":"2017-01-28T14:02:16","guid":{"rendered":"https:\/\/dev.president-ksgov.net\/predsednik-thaci-tuiocima-imam-potpuno-poverenje-u-vas-imacete-moju-snanu-podrku-kao-i-podrku-cele-drave-kosovo\/"},"modified":"2017-01-28T14:02:16","modified_gmt":"2017-01-28T14:02:16","slug":"predsednik-thaci-tuiocima-imam-potpuno-poverenje-u-vas-imacete-moju-snanu-podrku-kao-i-podrku-cele-drave-kosovo","status":"publish","type":"post","link":"https:\/\/president-ksgov.net\/sr\/predsednik-thaci-tuiocima-imam-potpuno-poverenje-u-vas-imacete-moju-snanu-podrku-kao-i-podrku-cele-drave-kosovo\/","title":{"rendered":"Predsednik Tha\u00e7i tu&#158;iocima: Imam potpuno poverenje u vas, ima\u0107ete moju sna&#158;nu podr&#154;ku, kao i podr&#154;ku cele dr&#158;ave Kosovo"},"content":{"rendered":"<p>Pri&#353;tina, 28. januar 2017. godine &#8211; Predsednik Republike Kosova, Hashim Tha\u00e7i, u njegovom govoru na otvaranju Godi&#353;nje konferencije tu&#382;ilaca, pred mnogobrojnim prisutnima je  izme\u0111u ostalog rekao da je suo\u010davanje sa zlo\u010dinom samo po sebi izazov, ali da borba protiv korupcije, organizovanog kriminala i ostalih negativnih pojava treba da bude stalna, odlu\u010dna i sa nula tolerancije.<\/p>\n<p>\u00a0&#352;ef dr&#382;ave je naglasio da je zadatak tu&#382;ioca sveti i da ukoliko tu&#382;ioci vr&#353;e njihove zadatke predano, onda \u0107e njihovim uspehom Kosovo postati ja\u010da zemlja i zemlja bolja za &#382;ivljenje.<\/p>\n<p>Predsednik Tha\u00e7i je rekao da na na&#353;oj te&#382;nju za istinom i pomirenjem treba da radimo svi i da je njegova predanost kao &#353;efa dr&#382;ave da pobede pravda, istina i me\u0111uetni\u010dko pomirenje u Republici Kosovo. On je rekao da samo preko suo\u010davanja sa najte&#382;im i najosetljivijim izazovima mogu da pomognu dr&#382;avi i da budu ve\u0107e patriote u ovoj zemlju.<\/p>\n<p>U nastavku je ceo govor predsednika Tha\u00e7i-ja na Godi&#353;njoj konferenciji tu&#382;ilaca<\/p>\n<p>Po&#353;tovani prisutni,<\/p>\n<p>Po&#353;tovana ministarko pravde, g\u0111o Hoxha,<\/p>\n<p>Po&#353;tovani glavni dr&#382;avni tu&#382;io\u010de, g. Aleksand\u00ebr Lumezi,<br \/>\nPo&#353;tovani predsedavaju\u0107i Tu&#382;ila\u010dkog saveta Kosova, g. Isufaj,<br \/>\nPo&#353;tovani predsedavaju\u0107i Sudskog saveta , g. Idrizi,<\/p>\n<p>Predstavnici me\u0111unarodne zajednice,<\/p>\n<p>Po&#353;tovani ambasadore, g. Braathu,<\/p>\n<p>Po&#353;tovani predstavnici EULEX-a,<\/p>\n<p>Po&#353;tovani predstavnici svih ostalih me\u0111unarodnih mehanizama,<\/p>\n<p>Po&#353;tovani predstavnici Kancelarije Evropske unije na Kosovu,<\/p>\n<p>Po&#353;tovana zamenice ambasadora Sjedinjenih Ameri\u010dkih Dr&#382;ava,<\/p>\n<p>Po&#353;tovani tu&#382;ioci i prisutni,<br \/>\nPo&#353;tovani gosti,<br \/>\nPo&#353;tovani predstavnici medija,<br \/>\nDame i gospodo,<\/p>\n<p>Dozvolite mi da na po\u010detku pozdravim organizovanje ove konferencije i da vam po&#382;elim da radovi ove konferencije postignu njene ciljeve.<\/p>\n<p>Tu&#382;ila\u010dki sistem Kosova je veoma bitna karika vladavine zakona u Republici Kosovo.<\/p>\n<p>Ustav Republike Kosova garantuje da je Tu&#382;ila\u010dki savet Kosova u potpunosti nezavisna institucija u vr&#353;enju njenih funkcija, u skladu sa zakonom. Savet obezbe\u0111uje jednak pristup pravdi svim licima na Kosovu i obezbe\u0111uje da dr&#382;avni tu&#382;ilac bude nezavistan, profesionalan i nepristrasan.<\/p>\n<p>Izvr&#353;ene su i konstantno se vr&#353;e reforme, s ciljem ja\u010danja tu&#382;ila\u010dkog sistema i sistema pravde u Republici Kosova. Kao &#353;to znate, 2010. godine su usvojeni Zakon o dr&#382;avnom tu&#382;iocu u Zakon o Tu&#382;ila\u010dkom savetu Kosova, a stupanjem na snagu ovih zakona su izmenjene i organizacione strukture tu&#382;ila&#353;tava.<\/p>\n<p>Zakonodavstvo na snazi garantuje da \u0107e dr&#382;avni tu&#382;ilac biti nezavisna institucija koja vr&#353;i svoje funkcije nepristrasno, i da dr&#382;avni tu&#382;ilac, kao i svaki drugi tu&#382;ilac obezbe\u0111uje jednako, objektivno tretiranje, bez predrasuda  svim gra\u0111anima pred zakonom, bez obzira na njihov pol, rasu, nacionalno ili socijalno poreklo, udru&#382;enja ili politi\u010dke veze, religije, zdravstvenog stanja ili nedostataka, ili dru&#353;tvenu poziciju.<\/p>\n<p>Do sada su doneti zakonski akti, sastavljeni su dokumenti politika (strategije), pove\u0107ani su kapaciteti tu&#382;ilaca putem razli\u010ditih programa koje smo finansirali mi sami kao dr&#382;ava, ali i na&#353;i me\u0111unarodni prijatelji.<\/p>\n<p>&#381;elim, po\u010dev od glavnog dr&#382;avnog tu&#382;ioca i svih vas po&#353;tovani tu&#382;ioci, da vam se zahvalim  na poslu koji radite, naravno uvek ima prostora da se uradi jo&#353; vi&#353;e.<\/p>\n<p>Po&#353;tovani tu&#382;ioci,<\/p>\n<p>Na\u010dinjeni su konkretni koraci u ja\u010danju Tu&#382;ila\u010dkog sistema Kosova, ostaje va&#353;a posve\u0107enost tome da sprovodite zakone na snazi, da budete nezavisni, profesionalni, nepristrasni, posve\u0107eni va&#353;em radu, a da va&#353;a znanja ste\u010dena na razli\u010ditim programima obuke i razmene iskustava, po\u010dnete da praktikujete.<\/p>\n<p>Suo\u010davanje sa zlo\u010dinom je samo po sebi izazov, ali borba protiv korupcije, organizovanog kriminala i ostalih negativnih pojava, mora da bude permanentna, odlu\u010dna i sa nula tolerancije.<\/p>\n<p>Zabele&#382;ili ste veoma bitan uspeh, uspehe koji su cenjeni, ali svi mi o\u010dekujemo jo&#353; vi&#353;e.<\/p>\n<p>Zadatak tu&#382;ioca je svet. Ukoliko va&#353; zadatak vr&#353;ite predano, mogu vam  slobodno re\u0107i da \u0107e va&#353;im uspehom Kosovo postati ja\u010da zemlja i bolja zemlja za &#382;ivot.<\/p>\n<p>Borba protiv korupcije, borba protiv organizovanog kriminala, bitka protiv ostalih negativnih pojava \u0107e biti permanentna. Nije to bitka pro&#353;losti, nije bitka samo danas, to \u0107e biti bitka i u budu\u0107nosti, bi\u0107e duga bitka. Siguran sam da \u0107emo pobediti.<\/p>\n<p>Sada, dr&#382;avne institucije imaju potpunu izvr&#353;nu vlast &#353;to s ti\u010de ratnih zlo\u010dina. Znam da od zemljaka ili dr&#382;avne politike retko \u010dujete neku re\u010d ili poruku u tom pravcu. Ali, ja kao predsednik dr&#382;ave, &#382;elim da bude direktan i jasan sa vama, uvek po&#353;tuju\u0107i Ustav Kosova i kosovske zakone.<\/p>\n<p>Kosovo je nezavisna i suverena zemlja, otad&#382;bina je svih njenih gra\u0111ana, bez razlike, Albanaca, Srba, Bo&#353;njaka, Turaka, Roma i svih zajednica. Mi gradimo gra\u0111ansku demokratiju na Kosovu, Kosovo ne pripada jednom narodu vi&#353;e, a drugom manje. Pred zakonom su svi jednaki.<\/p>\n<p>Zlo\u010din je zlo\u010din, ne zastareva, ne zaboravlja se, ne dobija pravni status prolaskom vremena.<\/p>\n<p>Moja posve\u0107enost kao predsednika dr&#382;ave, jeste da svi radimo, a posebno \u0107ete vi imati potpunu podr&#353;ku na anga&#382;ovanjima za potpunu pravdu, i u najosetljivijim pitanjima.<\/p>\n<p>Sastajem se sa porodicama masakra u Meji, a po\u010dinioci zlo\u010dina jo&#353; uvek nisu preuzeli odgovornost od strane sistema pravde.<\/p>\n<p>Sastajem se sa gra\u0111anima, porodicama masakra u Izbici. Ni po\u010dinioci zlo\u010dina protiv \u010dove\u010dnosti u Izbici nisu jo&#353; uvek preuzeli odgovornost.<\/p>\n<p>Sastajem se sa gra\u0111anima, udru&#382;enjima porodica masakra u Studimlju, koji jo&#353; uvek nisu dobili odgovor od sistema pravde za masakre, za ubistva &#382;ena, dece i starih koja su izvr&#353;ena.<\/p>\n<p>Tako\u0111e se sastajem i sa pre&#382;ivelim borcima masakra u Dubravi. I tu jo&#353; uvek nemamo odgovor od sistema pravde, niti od me\u0111unarodnih institucija (ali smo im ipak zahvalni na njihovom poslu koji su odradili), kao ni od dr&#382;avnih institucija. Koriste\u0107i u tom pravcu i me\u0111unarodno ranije iskustvo UNMIK-a, sada EULEX-a, u bliskoj saradnji sa dr&#382;avnim organima, tra&#382;imo da se radi jo&#353; vi&#353;e.<\/p>\n<p>U isto vreme, ja se sastajem, pose\u0107ujem i pa&#382;ljivo slu&#353;am  i porodice o tim bolnim doga\u0111ajima,  ali i masakra koji se dogodio, te&#353;kog zlo\u010dina koje se dogodio i u Staro Grackom kod Lipljana, kada je ubijeno 14 gra\u0111ana. Tako\u0111e, ubistvo dece u Gora&#382;devcu, koje se dogodilo nakon rata. Sastajem se sa udru&#382;enjima nestalih lica, Albanaca i Srba, svih zajedno. Njih ujedinjuje jedan zahtev &#8211; pravda. Oni ni manje ni vi&#353;e, tra&#382;e pravdu, a tu pravdu treba da donesete vi po&#353;tovani tu&#382;iocu, organi pravde u saradnji sa me\u0111unarodnim sistemom.<\/p>\n<p>Ljudi koji su izvr&#353;ili zlo\u010dine u Izbici nisu daleko, nalaze su u na&#353;em regionu. Tako\u0111e tra&#382;im jednako tretiranje.<\/p>\n<p>Moja posve\u0107enost kao predsednika zemlje jeste da svi zajedno radimo, a podr&#353;ku dr&#382;ave \u0107ete imati kako bi pravda preovladala.<\/p>\n<p>Na na&#353;im te&#382;njama za istinom i pomirenjem treba da radimo svi, dakle moja posve\u0107enost kao &#353;efa dr&#382;ave jeste da pobedi pravda, istina i me\u0111uetni\u010dko pomirenje u Republici Kosovo.<\/p>\n<p>Budite uvereni da samo ovako mo&#382;ete pomo\u0107i dr&#382;avi i da budete velike patriote ove zemlje, ukoliko se suo\u010dite sa te&#353;kim i osetljivim izazovima. Znam da ti izazovi nosu popularni, ali sastoje se od pravi\u010dnih odluka i pristupa za na&#353;u dr&#382;avu. To je u va&#353;im rukama, u va&#353;em mehanizmu, va&#353;oj volji, va&#353;oj odlu\u010dnosti. Budite sigurni da \u0107ete imati potpunu podr&#353;ku dr&#382;ave i potpunu podr&#353;ku me\u0111unarodne zajednice.<\/p>\n<p>Ja vas sve pozivam da blisko sara\u0111ujete sa me\u0111unarodnim organima. Shvatam da su to osetljiva pitanja, i da \u0107ete svugde, gde god potegnete ta osetljiva pitanja,  biti osu\u0111ivani s jedne strane, ali na pravdu ni u jednom trenutku ne smeju da uti\u010du emocije dnevne politike ili samo etni\u010dke pripadnosti.<\/p>\n<p>Po&#353;tovani tu&#382;ioci,<\/p>\n<p>U skladu sa zakonodavstvom na snazi, kao predsednik Republike Kosova, ponovo nagla&#353;avam da \u0107ete imati moju sna&#382;nu podr&#353;ku u gonjenju lica koja su optu&#382;ena za krivi\u010dna dela, kao i za sva ostala dela.<\/p>\n<p>Po&#353;tovani glavni dr&#382;avni tu&#382;io\u010de,<br \/>\nPo&#353;tovani me\u0111unarodni predstavnici,<\/p>\n<p>Posebno mi je zadovoljstvo &#353;to danas govorim pred vama i \u010destitam vam na otvaranju konferencije.<\/p>\n<p>&#381;elim vam uspeha i sretan rad. Imam potpuno poverenje u vas i ima\u0107ete moju sna&#382;nu podr&#353;ku, kao i podr&#353;ku cele  Kosovo.<\/p>\n<p>Hvala vam!<\/p>\n","protected":false},"excerpt":{"rendered":"<p>Pri&#353;tina, 28. januar 2017. godine &#8211; Predsednik Republike Kosova, Hashim Tha\u00e7i, u njegovom govoru na otvaranju Godi&#353;nje konferencije tu&#382;ilaca, pred mnogobrojnim prisutnima je  izme\u0111u ostalog rekao da je suo\u010davanje sa zlo\u010dinom samo po sebi izazov, ali da borba protiv korupcije, organizovanog kriminala i ostalih negativnih pojava treba da bude stalna, odlu\u010dna i sa nula tolerancije.<\/p>\n","protected":false},"author":1,"featured_media":31368,"comment_status":"open","ping_status":"closed","sticky":false,"template":"","format":"standard","meta":{"_eb_attr":"","footnotes":""},"categories":[101],"tags":[],"class_list":["post-76332","post","type-post","status-publish","format-standard","has-post-thumbnail","hentry","category-vesti"],"yoast_head":"<!-- This site is optimized with the Yoast SEO plugin v23.5 - https:\/\/yoast.com\/wordpress\/plugins\/seo\/ -->\n<title>Predsednik Tha\u00e7i tu&#158;iocima: Imam potpuno poverenje u vas, ima\u0107ete moju sna&#158;nu podr&#154;ku, kao i podr&#154;ku cele dr&#158;ave Kosovo - Predsednik Republike Kosovo - DR. VJOSA OSMANI - SADRIU<\/title>\n<meta name=\"description\" content=\"Predsednik Tha\u00e7i tu&#158;iocima: Imam potpuno poverenje u vas, ima\u0107ete moju sna&#158;nu podr&#154;ku, kao i podr&#154;ku cele dr&#158;ave Kosovo - Predsednik Republike Kosovo - DR. VJOSA OSMANI - SADRIU -\" \/>\n<meta name=\"robots\" content=\"index, follow, max-snippet:-1, max-image-preview:large, max-video-preview:-1\" \/>\n<link rel=\"canonical\" href=\"https:\/\/president-ksgov.net\/presidenti-thaci-prokuroreve-kam-besim-te-plote-ne-ju-do-ta-keni-mbeshtetjen-e-fuqishme-timen-dhe-te-gjithe-shtetit-te-kosoves\/\" \/>\n<meta property=\"og:locale\" content=\"sr_RS\" \/>\n<meta property=\"og:type\" content=\"article\" \/>\n<meta property=\"og:title\" content=\"Predsednik Tha\u00e7i tu&#158;iocima: Imam potpuno poverenje u vas, ima\u0107ete moju sna&#158;nu podr&#154;ku, kao i podr&#154;ku cele dr&#158;ave Kosovo - Predsednik Republike Kosovo - DR. VJOSA OSMANI - SADRIU\" \/>\n<meta property=\"og:description\" content=\"Predsednik Tha\u00e7i tu&#158;iocima: Imam potpuno poverenje u vas, ima\u0107ete moju sna&#158;nu podr&#154;ku, kao i podr&#154;ku cele dr&#158;ave Kosovo - Predsednik Republike Kosovo - DR. VJOSA OSMANI - SADRIU -\" \/>\n<meta property=\"og:url\" content=\"https:\/\/president-ksgov.net\/presidenti-thaci-prokuroreve-kam-besim-te-plote-ne-ju-do-ta-keni-mbeshtetjen-e-fuqishme-timen-dhe-te-gjithe-shtetit-te-kosoves\/\" \/>\n<meta property=\"og:site_name\" content=\"Predsednik Republike Kosovo - DR. VJOSA OSMANI - SADRIU\" \/>\n<meta property=\"article:published_time\" content=\"2017-01-28T14:02:16+00:00\" \/>\n<meta property=\"og:image\" content=\"https:\/\/president-ksgov.net\/wp-content\/uploads\/28_01_2017_4453161_KVP1.jpg\" \/>\n\t<meta property=\"og:image:width\" content=\"2400\" \/>\n\t<meta property=\"og:image:height\" content=\"1600\" \/>\n\t<meta property=\"og:image:type\" content=\"image\/jpeg\" \/>\n<meta name=\"author\" content=\"admin\" \/>\n<meta name=\"twitter:card\" content=\"summary_large_image\" \/>\n<meta name=\"twitter:label1\" content=\"\u041d\u0430\u043f\u0438\u0441\u0430\u043d\u043e \u043e\u0434\" \/>\n\t<meta name=\"twitter:data1\" content=\"admin\" \/>\n\t<meta name=\"twitter:label2\" content=\"\u041f\u0440\u043e\u0446\u0435\u045a\u0435\u043d\u043e \u0432\u0440\u0435\u043c\u0435 \u0447\u0438\u0442\u0430\u045a\u0430\" \/>\n\t<meta name=\"twitter:data2\" content=\"7 \u043c\u0438\u043d\u0443\u0442\u0430\" \/>\n<script type=\"application\/ld+json\" class=\"yoast-schema-graph\">{\"@context\":\"https:\/\/schema.org\",\"@graph\":[{\"@type\":\"WebPage\",\"@id\":\"https:\/\/president-ksgov.net\/presidenti-thaci-prokuroreve-kam-besim-te-plote-ne-ju-do-ta-keni-mbeshtetjen-e-fuqishme-timen-dhe-te-gjithe-shtetit-te-kosoves\/\",\"url\":\"https:\/\/president-ksgov.net\/presidenti-thaci-prokuroreve-kam-besim-te-plote-ne-ju-do-ta-keni-mbeshtetjen-e-fuqishme-timen-dhe-te-gjithe-shtetit-te-kosoves\/\",\"name\":\"Predsednik Tha\u00e7i tu&#158;iocima: Imam potpuno poverenje u vas, ima\u0107ete moju sna&#158;nu podr&#154;ku, kao i podr&#154;ku cele dr&#158;ave Kosovo - Predsednik Republike Kosovo - DR. VJOSA OSMANI - SADRIU\",\"isPartOf\":{\"@id\":\"https:\/\/president-ksgov.net\/#website\"},\"primaryImageOfPage\":{\"@id\":\"https:\/\/president-ksgov.net\/presidenti-thaci-prokuroreve-kam-besim-te-plote-ne-ju-do-ta-keni-mbeshtetjen-e-fuqishme-timen-dhe-te-gjithe-shtetit-te-kosoves\/#primaryimage\"},\"image\":{\"@id\":\"https:\/\/president-ksgov.net\/presidenti-thaci-prokuroreve-kam-besim-te-plote-ne-ju-do-ta-keni-mbeshtetjen-e-fuqishme-timen-dhe-te-gjithe-shtetit-te-kosoves\/#primaryimage\"},\"thumbnailUrl\":\"https:\/\/president-ksgov.net\/wp-content\/uploads\/28_01_2017_4453161_KVP1.jpg\",\"datePublished\":\"2017-01-28T14:02:16+00:00\",\"dateModified\":\"2017-01-28T14:02:16+00:00\",\"author\":{\"@id\":\"https:\/\/president-ksgov.net\/#\/schema\/person\/bb4337a5fb147cb2046d80548172cbee\"},\"description\":\"Predsednik Tha\u00e7i tu&#158;iocima: Imam potpuno poverenje u vas, ima\u0107ete moju sna&#158;nu podr&#154;ku, kao i podr&#154;ku cele dr&#158;ave Kosovo - Predsednik Republike Kosovo - DR. VJOSA OSMANI - SADRIU -\",\"breadcrumb\":{\"@id\":\"https:\/\/president-ksgov.net\/presidenti-thaci-prokuroreve-kam-besim-te-plote-ne-ju-do-ta-keni-mbeshtetjen-e-fuqishme-timen-dhe-te-gjithe-shtetit-te-kosoves\/#breadcrumb\"},\"inLanguage\":\"sr-RS\",\"potentialAction\":[{\"@type\":\"ReadAction\",\"target\":[\"https:\/\/president-ksgov.net\/presidenti-thaci-prokuroreve-kam-besim-te-plote-ne-ju-do-ta-keni-mbeshtetjen-e-fuqishme-timen-dhe-te-gjithe-shtetit-te-kosoves\/\"]}]},{\"@type\":\"ImageObject\",\"inLanguage\":\"sr-RS\",\"@id\":\"https:\/\/president-ksgov.net\/presidenti-thaci-prokuroreve-kam-besim-te-plote-ne-ju-do-ta-keni-mbeshtetjen-e-fuqishme-timen-dhe-te-gjithe-shtetit-te-kosoves\/#primaryimage\",\"url\":\"https:\/\/president-ksgov.net\/wp-content\/uploads\/28_01_2017_4453161_KVP1.jpg\",\"contentUrl\":\"https:\/\/president-ksgov.net\/wp-content\/uploads\/28_01_2017_4453161_KVP1.jpg\",\"width\":2400,\"height\":1600},{\"@type\":\"BreadcrumbList\",\"@id\":\"https:\/\/president-ksgov.net\/presidenti-thaci-prokuroreve-kam-besim-te-plote-ne-ju-do-ta-keni-mbeshtetjen-e-fuqishme-timen-dhe-te-gjithe-shtetit-te-kosoves\/#breadcrumb\",\"itemListElement\":[{\"@type\":\"ListItem\",\"position\":1,\"name\":\"Home\",\"item\":\"https:\/\/president-ksgov.net\/sr\/\"},{\"@type\":\"ListItem\",\"position\":2,\"name\":\"Predsednik Tha\u00e7i tu&#158;iocima: Imam potpuno poverenje u vas, ima\u0107ete moju sna&#158;nu podr&#154;ku, kao i podr&#154;ku cele dr&#158;ave Kosovo\"}]},{\"@type\":\"WebSite\",\"@id\":\"https:\/\/president-ksgov.net\/#website\",\"url\":\"https:\/\/president-ksgov.net\/\",\"name\":\"Presidente e Republik\u00ebs s\u00eb Kosov\u00ebs\",\"description\":\"Presidente e Republik\u00ebs s\u00eb Kosov\u00ebs\",\"alternateName\":\"DR. VJOSA OSMANI - SADRIU\",\"potentialAction\":[{\"@type\":\"SearchAction\",\"target\":{\"@type\":\"EntryPoint\",\"urlTemplate\":\"https:\/\/president-ksgov.net\/?s={search_term_string}\"},\"query-input\":{\"@type\":\"PropertyValueSpecification\",\"valueRequired\":true,\"valueName\":\"search_term_string\"}}],\"inLanguage\":\"sr-RS\"},{\"@type\":\"Person\",\"@id\":\"https:\/\/president-ksgov.net\/#\/schema\/person\/bb4337a5fb147cb2046d80548172cbee\",\"name\":\"admin\",\"image\":{\"@type\":\"ImageObject\",\"inLanguage\":\"sr-RS\",\"@id\":\"https:\/\/president-ksgov.net\/#\/schema\/person\/image\/\",\"url\":\"https:\/\/secure.gravatar.com\/avatar\/36156ca0fa3b8d9d25174f146e16beea0cf28f37adf1b9e19b6c9c279a7c9dd3?s=96&d=mm&r=g\",\"contentUrl\":\"https:\/\/secure.gravatar.com\/avatar\/36156ca0fa3b8d9d25174f146e16beea0cf28f37adf1b9e19b6c9c279a7c9dd3?s=96&d=mm&r=g\",\"caption\":\"admin\"},\"sameAs\":[\"https:\/\/president-ksgov.net\"]}]}<\/script>\n<!-- \/ Yoast SEO plugin. -->","yoast_head_json":{"title":"Predsednik Tha\u00e7i tu&#158;iocima: Imam potpuno poverenje u vas, ima\u0107ete moju sna&#158;nu podr&#154;ku, kao i podr&#154;ku cele dr&#158;ave Kosovo - Predsednik Republike Kosovo - DR. VJOSA OSMANI - SADRIU","description":"Predsednik Tha\u00e7i tu&#158;iocima: Imam potpuno poverenje u vas, ima\u0107ete moju sna&#158;nu podr&#154;ku, kao i podr&#154;ku cele dr&#158;ave Kosovo - Predsednik Republike Kosovo - DR. VJOSA OSMANI - SADRIU -","robots":{"index":"index","follow":"follow","max-snippet":"max-snippet:-1","max-image-preview":"max-image-preview:large","max-video-preview":"max-video-preview:-1"},"canonical":"https:\/\/president-ksgov.net\/presidenti-thaci-prokuroreve-kam-besim-te-plote-ne-ju-do-ta-keni-mbeshtetjen-e-fuqishme-timen-dhe-te-gjithe-shtetit-te-kosoves\/","og_locale":"sr_RS","og_type":"article","og_title":"Predsednik Tha\u00e7i tu&#158;iocima: Imam potpuno poverenje u vas, ima\u0107ete moju sna&#158;nu podr&#154;ku, kao i podr&#154;ku cele dr&#158;ave Kosovo - Predsednik Republike Kosovo - DR. VJOSA OSMANI - SADRIU","og_description":"Predsednik Tha\u00e7i tu&#158;iocima: Imam potpuno poverenje u vas, ima\u0107ete moju sna&#158;nu podr&#154;ku, kao i podr&#154;ku cele dr&#158;ave Kosovo - Predsednik Republike Kosovo - DR. VJOSA OSMANI - SADRIU -","og_url":"https:\/\/president-ksgov.net\/presidenti-thaci-prokuroreve-kam-besim-te-plote-ne-ju-do-ta-keni-mbeshtetjen-e-fuqishme-timen-dhe-te-gjithe-shtetit-te-kosoves\/","og_site_name":"Predsednik Republike Kosovo - DR. VJOSA OSMANI - SADRIU","article_published_time":"2017-01-28T14:02:16+00:00","og_image":[{"width":2400,"height":1600,"url":"https:\/\/president-ksgov.net\/wp-content\/uploads\/28_01_2017_4453161_KVP1.jpg","type":"image\/jpeg"}],"author":"admin","twitter_card":"summary_large_image","twitter_misc":{"\u041d\u0430\u043f\u0438\u0441\u0430\u043d\u043e \u043e\u0434":"admin","\u041f\u0440\u043e\u0446\u0435\u045a\u0435\u043d\u043e \u0432\u0440\u0435\u043c\u0435 \u0447\u0438\u0442\u0430\u045a\u0430":"7 \u043c\u0438\u043d\u0443\u0442\u0430"},"schema":{"@context":"https:\/\/schema.org","@graph":[{"@type":"WebPage","@id":"https:\/\/president-ksgov.net\/presidenti-thaci-prokuroreve-kam-besim-te-plote-ne-ju-do-ta-keni-mbeshtetjen-e-fuqishme-timen-dhe-te-gjithe-shtetit-te-kosoves\/","url":"https:\/\/president-ksgov.net\/presidenti-thaci-prokuroreve-kam-besim-te-plote-ne-ju-do-ta-keni-mbeshtetjen-e-fuqishme-timen-dhe-te-gjithe-shtetit-te-kosoves\/","name":"Predsednik Tha\u00e7i tu&#158;iocima: Imam potpuno poverenje u vas, ima\u0107ete moju sna&#158;nu podr&#154;ku, kao i podr&#154;ku cele dr&#158;ave Kosovo - Predsednik Republike Kosovo - DR. VJOSA OSMANI - SADRIU","isPartOf":{"@id":"https:\/\/president-ksgov.net\/#website"},"primaryImageOfPage":{"@id":"https:\/\/president-ksgov.net\/presidenti-thaci-prokuroreve-kam-besim-te-plote-ne-ju-do-ta-keni-mbeshtetjen-e-fuqishme-timen-dhe-te-gjithe-shtetit-te-kosoves\/#primaryimage"},"image":{"@id":"https:\/\/president-ksgov.net\/presidenti-thaci-prokuroreve-kam-besim-te-plote-ne-ju-do-ta-keni-mbeshtetjen-e-fuqishme-timen-dhe-te-gjithe-shtetit-te-kosoves\/#primaryimage"},"thumbnailUrl":"https:\/\/president-ksgov.net\/wp-content\/uploads\/28_01_2017_4453161_KVP1.jpg","datePublished":"2017-01-28T14:02:16+00:00","dateModified":"2017-01-28T14:02:16+00:00","author":{"@id":"https:\/\/president-ksgov.net\/#\/schema\/person\/bb4337a5fb147cb2046d80548172cbee"},"description":"Predsednik Tha\u00e7i tu&#158;iocima: Imam potpuno poverenje u vas, ima\u0107ete moju sna&#158;nu podr&#154;ku, kao i podr&#154;ku cele dr&#158;ave Kosovo - Predsednik Republike Kosovo - DR. VJOSA OSMANI - SADRIU -","breadcrumb":{"@id":"https:\/\/president-ksgov.net\/presidenti-thaci-prokuroreve-kam-besim-te-plote-ne-ju-do-ta-keni-mbeshtetjen-e-fuqishme-timen-dhe-te-gjithe-shtetit-te-kosoves\/#breadcrumb"},"inLanguage":"sr-RS","potentialAction":[{"@type":"ReadAction","target":["https:\/\/president-ksgov.net\/presidenti-thaci-prokuroreve-kam-besim-te-plote-ne-ju-do-ta-keni-mbeshtetjen-e-fuqishme-timen-dhe-te-gjithe-shtetit-te-kosoves\/"]}]},{"@type":"ImageObject","inLanguage":"sr-RS","@id":"https:\/\/president-ksgov.net\/presidenti-thaci-prokuroreve-kam-besim-te-plote-ne-ju-do-ta-keni-mbeshtetjen-e-fuqishme-timen-dhe-te-gjithe-shtetit-te-kosoves\/#primaryimage","url":"https:\/\/president-ksgov.net\/wp-content\/uploads\/28_01_2017_4453161_KVP1.jpg","contentUrl":"https:\/\/president-ksgov.net\/wp-content\/uploads\/28_01_2017_4453161_KVP1.jpg","width":2400,"height":1600},{"@type":"BreadcrumbList","@id":"https:\/\/president-ksgov.net\/presidenti-thaci-prokuroreve-kam-besim-te-plote-ne-ju-do-ta-keni-mbeshtetjen-e-fuqishme-timen-dhe-te-gjithe-shtetit-te-kosoves\/#breadcrumb","itemListElement":[{"@type":"ListItem","position":1,"name":"Home","item":"https:\/\/president-ksgov.net\/sr\/"},{"@type":"ListItem","position":2,"name":"Predsednik Tha\u00e7i tu&#158;iocima: Imam potpuno poverenje u vas, ima\u0107ete moju sna&#158;nu podr&#154;ku, kao i podr&#154;ku cele dr&#158;ave Kosovo"}]},{"@type":"WebSite","@id":"https:\/\/president-ksgov.net\/#website","url":"https:\/\/president-ksgov.net\/","name":"Presidente e Republik\u00ebs s\u00eb Kosov\u00ebs","description":"Presidente e Republik\u00ebs s\u00eb Kosov\u00ebs","alternateName":"DR. VJOSA OSMANI - SADRIU","potentialAction":[{"@type":"SearchAction","target":{"@type":"EntryPoint","urlTemplate":"https:\/\/president-ksgov.net\/?s={search_term_string}"},"query-input":{"@type":"PropertyValueSpecification","valueRequired":true,"valueName":"search_term_string"}}],"inLanguage":"sr-RS"},{"@type":"Person","@id":"https:\/\/president-ksgov.net\/#\/schema\/person\/bb4337a5fb147cb2046d80548172cbee","name":"admin","image":{"@type":"ImageObject","inLanguage":"sr-RS","@id":"https:\/\/president-ksgov.net\/#\/schema\/person\/image\/","url":"https:\/\/secure.gravatar.com\/avatar\/36156ca0fa3b8d9d25174f146e16beea0cf28f37adf1b9e19b6c9c279a7c9dd3?s=96&d=mm&r=g","contentUrl":"https:\/\/secure.gravatar.com\/avatar\/36156ca0fa3b8d9d25174f146e16beea0cf28f37adf1b9e19b6c9c279a7c9dd3?s=96&d=mm&r=g","caption":"admin"},"sameAs":["https:\/\/president-ksgov.net"]}]}},"_links":{"self":[{"href":"https:\/\/president-ksgov.net\/sr\/wp-json\/wp\/v2\/posts\/76332","targetHints":{"allow":["GET"]}}],"collection":[{"href":"https:\/\/president-ksgov.net\/sr\/wp-json\/wp\/v2\/posts"}],"about":[{"href":"https:\/\/president-ksgov.net\/sr\/wp-json\/wp\/v2\/types\/post"}],"author":[{"embeddable":true,"href":"https:\/\/president-ksgov.net\/sr\/wp-json\/wp\/v2\/users\/1"}],"replies":[{"embeddable":true,"href":"https:\/\/president-ksgov.net\/sr\/wp-json\/wp\/v2\/comments?post=76332"}],"version-history":[{"count":0,"href":"https:\/\/president-ksgov.net\/sr\/wp-json\/wp\/v2\/posts\/76332\/revisions"}],"wp:featuredmedia":[{"embeddable":true,"href":"https:\/\/president-ksgov.net\/sr\/wp-json\/wp\/v2\/media\/31368"}],"wp:attachment":[{"href":"https:\/\/president-ksgov.net\/sr\/wp-json\/wp\/v2\/media?parent=76332"}],"wp:term":[{"taxonomy":"category","embeddable":true,"href":"https:\/\/president-ksgov.net\/sr\/wp-json\/wp\/v2\/categories?post=76332"},{"taxonomy":"post_tag","embeddable":true,"href":"https:\/\/president-ksgov.net\/sr\/wp-json\/wp\/v2\/tags?post=76332"}],"curies":[{"name":"wp","href":"https:\/\/api.w.org\/{rel}","templated":true}]}}