{"id":76322,"date":"2017-02-08T18:16:07","date_gmt":"2017-02-08T17:16:07","guid":{"rendered":"https:\/\/dev.president-ksgov.net\/predsednik-thaci-politicko-i-geostrateko-angaovanje-eu-od-velike-bitnosti-za-kosovo-i-region\/"},"modified":"2017-02-08T18:16:07","modified_gmt":"2017-02-08T18:16:07","slug":"predsednik-thaci-politicko-i-geostrateko-angaovanje-eu-od-velike-bitnosti-za-kosovo-i-region","status":"publish","type":"post","link":"https:\/\/president-ksgov.net\/sr\/predsednik-thaci-politicko-i-geostrateko-angaovanje-eu-od-velike-bitnosti-za-kosovo-i-region\/","title":{"rendered":"Predsednik Tha\u00e7i: Politi\u010dko i geostrate&#154;ko anga&#158;ovanje EU od velike bitnosti za Kosovo i region"},"content":{"rendered":"<p>Brisel, 8. februar &#8211; Predsednika Republike Kosova, Hashim-a Tha\u00e7i, na odvojenim sastancima su do\u010dekali predsednik Evropskog saveta, Donald Tusk, i predsednik Evropskog parlamenta, Antonio Tajani.<\/p>\n<p>Na ovim sastancima predsednik Tha\u00e7i je govorio o poslednjim de&#353;avanjima na Kosovu i naglasio je potrebu za strate&#353;kim anga&#382;ovanjem EU na Kosovu i Zapadnom Balkanu. <\/p>\n<p>&#8222;Mi smo posve\u0107eni na&#353;oj evropskoj budu\u0107nosti i na\u010dinili smo bitne korake od potpisivanja SSP-a, me\u0111utim proces integracija Kosova u EU treba da se izuzme od konkretnih postupaka, jer ka&#353;njenja samo &#353;tete kredibilitetu EU i blede podr&#353;ku gra\u0111ana Kosova ovom procesu&#8220;, rekao je predsednik Tha\u00e7i.<\/p>\n<p>&#8222;Od velike je va&#382;nosti za Kosovo i za \u010ditav region da Evropska unija ostane anga&#382;ovana na Zapadnom Balkanu i da ovo anga&#382;ovanje bude politi\u010dko i geostrate&#353;ko&#8220;, dodao je predsednik Tha\u00e7i.<br \/>\n\u00a0<br \/>\nNasuprot aktuelnim izazovima EU koji su povezani sa pitanjem izbeglica, na ova dva sastanka je potvr\u0111eno da je budu\u0107nost Zapadnog Balkana u Evropskoj uniji.<\/p>\n<p>\u00a0<\/p>\n","protected":false},"excerpt":{"rendered":"<p>Brisel, 8. februar &#8211; Predsednika Republike Kosova, Hashim-a Tha\u00e7i, na odvojenim sastancima su do\u010dekali predsednik Evropskog saveta, Donald Tusk, i predsednik Evropskog parlamenta, Antonio Tajani.<\/p>\n","protected":false},"author":1,"featured_media":31289,"comment_status":"open","ping_status":"closed","sticky":false,"template":"","format":"standard","meta":{"_eb_attr":"","footnotes":""},"categories":[114,101],"tags":[],"class_list":["post-76322","post","type-post","status-publish","format-standard","has-post-thumbnail","hentry","category-medunarodne-posete","category-vesti"],"yoast_head":"<!-- This site is optimized with the Yoast SEO plugin v23.5 - https:\/\/yoast.com\/wordpress\/plugins\/seo\/ -->\n<title>Predsednik Tha\u00e7i: Politi\u010dko i geostrate&#154;ko anga&#158;ovanje EU od velike bitnosti za Kosovo i region - Predsednik Republike Kosovo - DR. VJOSA OSMANI - SADRIU<\/title>\n<meta name=\"description\" content=\"Predsednik Tha\u00e7i: Politi\u010dko i geostrate&#154;ko anga&#158;ovanje EU od velike bitnosti za Kosovo i region - Predsednik Republike Kosovo - DR. VJOSA OSMANI - SADRIU -\" \/>\n<meta name=\"robots\" content=\"index, follow, max-snippet:-1, max-image-preview:large, max-video-preview:-1\" \/>\n<link rel=\"canonical\" href=\"https:\/\/president-ksgov.net\/sr\/predsednik-thaci-politicko-i-geostrateko-angaovanje-eu-od-velike-bitnosti-za-kosovo-i-region\/\" \/>\n<meta property=\"og:locale\" content=\"sr_RS\" \/>\n<meta property=\"og:type\" content=\"article\" \/>\n<meta property=\"og:title\" content=\"Predsednik Tha\u00e7i: Politi\u010dko i geostrate&#154;ko anga&#158;ovanje EU od velike bitnosti za Kosovo i region - Predsednik Republike Kosovo - DR. VJOSA OSMANI - SADRIU\" \/>\n<meta property=\"og:description\" content=\"Predsednik Tha\u00e7i: Politi\u010dko i geostrate&#154;ko anga&#158;ovanje EU od velike bitnosti za Kosovo i region - Predsednik Republike Kosovo - DR. VJOSA OSMANI - SADRIU -\" \/>\n<meta property=\"og:url\" content=\"https:\/\/president-ksgov.net\/sr\/predsednik-thaci-politicko-i-geostrateko-angaovanje-eu-od-velike-bitnosti-za-kosovo-i-region\/\" \/>\n<meta property=\"og:site_name\" content=\"Predsednik Republike Kosovo - DR. VJOSA OSMANI - SADRIU\" \/>\n<meta property=\"article:published_time\" content=\"2017-02-08T17:16:07+00:00\" \/>\n<meta property=\"article:modified_time\" content=\"2017-02-08T18:16:07+00:00\" \/>\n<meta property=\"og:image\" content=\"https:\/\/president-ksgov.net\/wp-content\/uploads\/08_02_2017_8819948_P_04.jpg\" \/>\n\t<meta property=\"og:image:width\" content=\"2400\" \/>\n\t<meta property=\"og:image:height\" content=\"1600\" \/>\n\t<meta property=\"og:image:type\" content=\"image\/jpeg\" \/>\n<meta name=\"author\" content=\"admin\" \/>\n<meta name=\"twitter:card\" content=\"summary_large_image\" \/>\n<meta name=\"twitter:label1\" content=\"\u041d\u0430\u043f\u0438\u0441\u0430\u043d\u043e \u043e\u0434\" \/>\n\t<meta name=\"twitter:data1\" content=\"admin\" \/>\n\t<meta name=\"twitter:label2\" content=\"\u041f\u0440\u043e\u0446\u0435\u045a\u0435\u043d\u043e \u0432\u0440\u0435\u043c\u0435 \u0447\u0438\u0442\u0430\u045a\u0430\" \/>\n\t<meta name=\"twitter:data2\" content=\"1 \u043c\u0438\u043d\u0443\u0442\" \/>\n<script type=\"application\/ld+json\" class=\"yoast-schema-graph\">{\"@context\":\"https:\/\/schema.org\",\"@graph\":[{\"@type\":\"WebPage\",\"@id\":\"https:\/\/president-ksgov.net\/sr\/predsednik-thaci-politicko-i-geostrateko-angaovanje-eu-od-velike-bitnosti-za-kosovo-i-region\/\",\"url\":\"https:\/\/president-ksgov.net\/sr\/predsednik-thaci-politicko-i-geostrateko-angaovanje-eu-od-velike-bitnosti-za-kosovo-i-region\/\",\"name\":\"Predsednik Tha\u00e7i: Politi\u010dko i geostrate&#154;ko anga&#158;ovanje EU od velike bitnosti za Kosovo i region - Predsednik Republike Kosovo - DR. VJOSA OSMANI - SADRIU\",\"isPartOf\":{\"@id\":\"https:\/\/president-ksgov.net\/#website\"},\"primaryImageOfPage\":{\"@id\":\"https:\/\/president-ksgov.net\/sr\/predsednik-thaci-politicko-i-geostrateko-angaovanje-eu-od-velike-bitnosti-za-kosovo-i-region\/#primaryimage\"},\"image\":{\"@id\":\"https:\/\/president-ksgov.net\/sr\/predsednik-thaci-politicko-i-geostrateko-angaovanje-eu-od-velike-bitnosti-za-kosovo-i-region\/#primaryimage\"},\"thumbnailUrl\":\"https:\/\/president-ksgov.net\/wp-content\/uploads\/08_02_2017_8819948_P_04.jpg\",\"datePublished\":\"2017-02-08T17:16:07+00:00\",\"dateModified\":\"2017-02-08T18:16:07+00:00\",\"author\":{\"@id\":\"https:\/\/president-ksgov.net\/#\/schema\/person\/bb4337a5fb147cb2046d80548172cbee\"},\"description\":\"Predsednik Tha\u00e7i: Politi\u010dko i geostrate&#154;ko anga&#158;ovanje EU od velike bitnosti za Kosovo i region - Predsednik Republike Kosovo - DR. VJOSA OSMANI - SADRIU -\",\"breadcrumb\":{\"@id\":\"https:\/\/president-ksgov.net\/sr\/predsednik-thaci-politicko-i-geostrateko-angaovanje-eu-od-velike-bitnosti-za-kosovo-i-region\/#breadcrumb\"},\"inLanguage\":\"sr-RS\",\"potentialAction\":[{\"@type\":\"ReadAction\",\"target\":[\"https:\/\/president-ksgov.net\/sr\/predsednik-thaci-politicko-i-geostrateko-angaovanje-eu-od-velike-bitnosti-za-kosovo-i-region\/\"]}]},{\"@type\":\"ImageObject\",\"inLanguage\":\"sr-RS\",\"@id\":\"https:\/\/president-ksgov.net\/sr\/predsednik-thaci-politicko-i-geostrateko-angaovanje-eu-od-velike-bitnosti-za-kosovo-i-region\/#primaryimage\",\"url\":\"https:\/\/president-ksgov.net\/wp-content\/uploads\/08_02_2017_8819948_P_04.jpg\",\"contentUrl\":\"https:\/\/president-ksgov.net\/wp-content\/uploads\/08_02_2017_8819948_P_04.jpg\",\"width\":2400,\"height\":1600},{\"@type\":\"BreadcrumbList\",\"@id\":\"https:\/\/president-ksgov.net\/sr\/predsednik-thaci-politicko-i-geostrateko-angaovanje-eu-od-velike-bitnosti-za-kosovo-i-region\/#breadcrumb\",\"itemListElement\":[{\"@type\":\"ListItem\",\"position\":1,\"name\":\"Home\",\"item\":\"https:\/\/president-ksgov.net\/sr\/\"},{\"@type\":\"ListItem\",\"position\":2,\"name\":\"Predsednik Tha\u00e7i: Politi\u010dko i geostrate&#154;ko anga&#158;ovanje EU od velike bitnosti za Kosovo i region\"}]},{\"@type\":\"WebSite\",\"@id\":\"https:\/\/president-ksgov.net\/#website\",\"url\":\"https:\/\/president-ksgov.net\/\",\"name\":\"Presidente e Republik\u00ebs s\u00eb Kosov\u00ebs\",\"description\":\"Presidente e Republik\u00ebs s\u00eb Kosov\u00ebs\",\"alternateName\":\"DR. VJOSA OSMANI - SADRIU\",\"potentialAction\":[{\"@type\":\"SearchAction\",\"target\":{\"@type\":\"EntryPoint\",\"urlTemplate\":\"https:\/\/president-ksgov.net\/?s={search_term_string}\"},\"query-input\":{\"@type\":\"PropertyValueSpecification\",\"valueRequired\":true,\"valueName\":\"search_term_string\"}}],\"inLanguage\":\"sr-RS\"},{\"@type\":\"Person\",\"@id\":\"https:\/\/president-ksgov.net\/#\/schema\/person\/bb4337a5fb147cb2046d80548172cbee\",\"name\":\"admin\",\"image\":{\"@type\":\"ImageObject\",\"inLanguage\":\"sr-RS\",\"@id\":\"https:\/\/president-ksgov.net\/#\/schema\/person\/image\/\",\"url\":\"https:\/\/secure.gravatar.com\/avatar\/36156ca0fa3b8d9d25174f146e16beea0cf28f37adf1b9e19b6c9c279a7c9dd3?s=96&d=mm&r=g\",\"contentUrl\":\"https:\/\/secure.gravatar.com\/avatar\/36156ca0fa3b8d9d25174f146e16beea0cf28f37adf1b9e19b6c9c279a7c9dd3?s=96&d=mm&r=g\",\"caption\":\"admin\"},\"sameAs\":[\"https:\/\/president-ksgov.net\"]}]}<\/script>\n<!-- \/ Yoast SEO plugin. -->","yoast_head_json":{"title":"Predsednik Tha\u00e7i: Politi\u010dko i geostrate&#154;ko anga&#158;ovanje EU od velike bitnosti za Kosovo i region - Predsednik Republike Kosovo - DR. VJOSA OSMANI - SADRIU","description":"Predsednik Tha\u00e7i: Politi\u010dko i geostrate&#154;ko anga&#158;ovanje EU od velike bitnosti za Kosovo i region - Predsednik Republike Kosovo - DR. VJOSA OSMANI - SADRIU -","robots":{"index":"index","follow":"follow","max-snippet":"max-snippet:-1","max-image-preview":"max-image-preview:large","max-video-preview":"max-video-preview:-1"},"canonical":"https:\/\/president-ksgov.net\/sr\/predsednik-thaci-politicko-i-geostrateko-angaovanje-eu-od-velike-bitnosti-za-kosovo-i-region\/","og_locale":"sr_RS","og_type":"article","og_title":"Predsednik Tha\u00e7i: Politi\u010dko i geostrate&#154;ko anga&#158;ovanje EU od velike bitnosti za Kosovo i region - Predsednik Republike Kosovo - DR. VJOSA OSMANI - SADRIU","og_description":"Predsednik Tha\u00e7i: Politi\u010dko i geostrate&#154;ko anga&#158;ovanje EU od velike bitnosti za Kosovo i region - Predsednik Republike Kosovo - DR. VJOSA OSMANI - SADRIU -","og_url":"https:\/\/president-ksgov.net\/sr\/predsednik-thaci-politicko-i-geostrateko-angaovanje-eu-od-velike-bitnosti-za-kosovo-i-region\/","og_site_name":"Predsednik Republike Kosovo - DR. VJOSA OSMANI - SADRIU","article_published_time":"2017-02-08T17:16:07+00:00","article_modified_time":"2017-02-08T18:16:07+00:00","og_image":[{"width":2400,"height":1600,"url":"https:\/\/president-ksgov.net\/wp-content\/uploads\/08_02_2017_8819948_P_04.jpg","type":"image\/jpeg"}],"author":"admin","twitter_card":"summary_large_image","twitter_misc":{"\u041d\u0430\u043f\u0438\u0441\u0430\u043d\u043e \u043e\u0434":"admin","\u041f\u0440\u043e\u0446\u0435\u045a\u0435\u043d\u043e \u0432\u0440\u0435\u043c\u0435 \u0447\u0438\u0442\u0430\u045a\u0430":"1 \u043c\u0438\u043d\u0443\u0442"},"schema":{"@context":"https:\/\/schema.org","@graph":[{"@type":"WebPage","@id":"https:\/\/president-ksgov.net\/sr\/predsednik-thaci-politicko-i-geostrateko-angaovanje-eu-od-velike-bitnosti-za-kosovo-i-region\/","url":"https:\/\/president-ksgov.net\/sr\/predsednik-thaci-politicko-i-geostrateko-angaovanje-eu-od-velike-bitnosti-za-kosovo-i-region\/","name":"Predsednik Tha\u00e7i: Politi\u010dko i geostrate&#154;ko anga&#158;ovanje EU od velike bitnosti za Kosovo i region - Predsednik Republike Kosovo - DR. VJOSA OSMANI - SADRIU","isPartOf":{"@id":"https:\/\/president-ksgov.net\/#website"},"primaryImageOfPage":{"@id":"https:\/\/president-ksgov.net\/sr\/predsednik-thaci-politicko-i-geostrateko-angaovanje-eu-od-velike-bitnosti-za-kosovo-i-region\/#primaryimage"},"image":{"@id":"https:\/\/president-ksgov.net\/sr\/predsednik-thaci-politicko-i-geostrateko-angaovanje-eu-od-velike-bitnosti-za-kosovo-i-region\/#primaryimage"},"thumbnailUrl":"https:\/\/president-ksgov.net\/wp-content\/uploads\/08_02_2017_8819948_P_04.jpg","datePublished":"2017-02-08T17:16:07+00:00","dateModified":"2017-02-08T18:16:07+00:00","author":{"@id":"https:\/\/president-ksgov.net\/#\/schema\/person\/bb4337a5fb147cb2046d80548172cbee"},"description":"Predsednik Tha\u00e7i: Politi\u010dko i geostrate&#154;ko anga&#158;ovanje EU od velike bitnosti za Kosovo i region - Predsednik Republike Kosovo - DR. VJOSA OSMANI - SADRIU -","breadcrumb":{"@id":"https:\/\/president-ksgov.net\/sr\/predsednik-thaci-politicko-i-geostrateko-angaovanje-eu-od-velike-bitnosti-za-kosovo-i-region\/#breadcrumb"},"inLanguage":"sr-RS","potentialAction":[{"@type":"ReadAction","target":["https:\/\/president-ksgov.net\/sr\/predsednik-thaci-politicko-i-geostrateko-angaovanje-eu-od-velike-bitnosti-za-kosovo-i-region\/"]}]},{"@type":"ImageObject","inLanguage":"sr-RS","@id":"https:\/\/president-ksgov.net\/sr\/predsednik-thaci-politicko-i-geostrateko-angaovanje-eu-od-velike-bitnosti-za-kosovo-i-region\/#primaryimage","url":"https:\/\/president-ksgov.net\/wp-content\/uploads\/08_02_2017_8819948_P_04.jpg","contentUrl":"https:\/\/president-ksgov.net\/wp-content\/uploads\/08_02_2017_8819948_P_04.jpg","width":2400,"height":1600},{"@type":"BreadcrumbList","@id":"https:\/\/president-ksgov.net\/sr\/predsednik-thaci-politicko-i-geostrateko-angaovanje-eu-od-velike-bitnosti-za-kosovo-i-region\/#breadcrumb","itemListElement":[{"@type":"ListItem","position":1,"name":"Home","item":"https:\/\/president-ksgov.net\/sr\/"},{"@type":"ListItem","position":2,"name":"Predsednik Tha\u00e7i: Politi\u010dko i geostrate&#154;ko anga&#158;ovanje EU od velike bitnosti za Kosovo i region"}]},{"@type":"WebSite","@id":"https:\/\/president-ksgov.net\/#website","url":"https:\/\/president-ksgov.net\/","name":"Presidente e Republik\u00ebs s\u00eb Kosov\u00ebs","description":"Presidente e Republik\u00ebs s\u00eb Kosov\u00ebs","alternateName":"DR. VJOSA OSMANI - SADRIU","potentialAction":[{"@type":"SearchAction","target":{"@type":"EntryPoint","urlTemplate":"https:\/\/president-ksgov.net\/?s={search_term_string}"},"query-input":{"@type":"PropertyValueSpecification","valueRequired":true,"valueName":"search_term_string"}}],"inLanguage":"sr-RS"},{"@type":"Person","@id":"https:\/\/president-ksgov.net\/#\/schema\/person\/bb4337a5fb147cb2046d80548172cbee","name":"admin","image":{"@type":"ImageObject","inLanguage":"sr-RS","@id":"https:\/\/president-ksgov.net\/#\/schema\/person\/image\/","url":"https:\/\/secure.gravatar.com\/avatar\/36156ca0fa3b8d9d25174f146e16beea0cf28f37adf1b9e19b6c9c279a7c9dd3?s=96&d=mm&r=g","contentUrl":"https:\/\/secure.gravatar.com\/avatar\/36156ca0fa3b8d9d25174f146e16beea0cf28f37adf1b9e19b6c9c279a7c9dd3?s=96&d=mm&r=g","caption":"admin"},"sameAs":["https:\/\/president-ksgov.net"]}]}},"_links":{"self":[{"href":"https:\/\/president-ksgov.net\/sr\/wp-json\/wp\/v2\/posts\/76322","targetHints":{"allow":["GET"]}}],"collection":[{"href":"https:\/\/president-ksgov.net\/sr\/wp-json\/wp\/v2\/posts"}],"about":[{"href":"https:\/\/president-ksgov.net\/sr\/wp-json\/wp\/v2\/types\/post"}],"author":[{"embeddable":true,"href":"https:\/\/president-ksgov.net\/sr\/wp-json\/wp\/v2\/users\/1"}],"replies":[{"embeddable":true,"href":"https:\/\/president-ksgov.net\/sr\/wp-json\/wp\/v2\/comments?post=76322"}],"version-history":[{"count":0,"href":"https:\/\/president-ksgov.net\/sr\/wp-json\/wp\/v2\/posts\/76322\/revisions"}],"wp:featuredmedia":[{"embeddable":true,"href":"https:\/\/president-ksgov.net\/sr\/wp-json\/wp\/v2\/media\/31289"}],"wp:attachment":[{"href":"https:\/\/president-ksgov.net\/sr\/wp-json\/wp\/v2\/media?parent=76322"}],"wp:term":[{"taxonomy":"category","embeddable":true,"href":"https:\/\/president-ksgov.net\/sr\/wp-json\/wp\/v2\/categories?post=76322"},{"taxonomy":"post_tag","embeddable":true,"href":"https:\/\/president-ksgov.net\/sr\/wp-json\/wp\/v2\/tags?post=76322"}],"curies":[{"name":"wp","href":"https:\/\/api.w.org\/{rel}","templated":true}]}}