{"id":76318,"date":"2017-02-13T11:58:48","date_gmt":"2017-02-13T11:58:48","guid":{"rendered":"https:\/\/dev.president-ksgov.net\/predsednik-thaci-komisija-za-istinu-i-pomirenje-e-pomoi-pravdi\/"},"modified":"2017-02-13T11:58:48","modified_gmt":"2017-02-13T11:58:48","slug":"predsednik-thaci-komisija-za-istinu-i-pomirenje-e-pomoi-pravdi","status":"publish","type":"post","link":"https:\/\/president-ksgov.net\/sr\/predsednik-thaci-komisija-za-istinu-i-pomirenje-e-pomoi-pravdi\/","title":{"rendered":"Predsednik Tha\u00e7i: Komisija za istinu i pomirenje &cacute;e pomo&cacute;i pravdi"},"content":{"rendered":"<p>Pri\u0161tina, 13. februar 2017. godine \u2013 Predsednik zemlje, Hashim Tha\u00e7i, danas je okupio visoke dr&#382;avne zvani&ccaron;nike, verske klerike, diplomatski kor, nosioce institucija pravde i civilno dru\u0161tvo na konsultativnom sastanku radi osnivanja Komisije za istinu i pomirenje.<\/p>\n<p>Predsednik Tha\u00e7i je rekao da su za njega bitni bili sastanci koje je imao sa porodicama nestalih lica iz svih zajednica. <\/p>\n<p>\u201eOd njih sam video da su se ujedinili u bolu, da su prepoznali jedni druge u njihovom bolu. Oni su se familijarizovali u njihovom cilju. Prvo i najbr&#382;e srpsko- albansko pomirenje dogodilo se me&dstrok;u porodicama nestalih lica. Shvataju&cacute;i patnju jedni drugih postali su skoro jedna porodica koja radi na zajedni&ccaron;kom cilju, zaklju&ccaron;ivanje poglavlja njihovih &ccaron;lanova porodice koji su nestali. Oni su najbolji primer za sve nas ostale, kako treba da se okrenemo prema budu&cacute;nosti zaklju&ccaron;uju&cacute;i poglavlje iz pro\u0161losti\u201c, rekao je predsednik Tha\u00e7i. <\/p>\n<p>Predsednik je rekao da istina &ccaron;isti i osloba&dstrok;a ljude, poma&#382;e i vodi do pomirenja naroda i dr&#382;ava. <\/p>\n<p>\u201eIstina le&ccaron;i dru\u0161tva od osvete i mr&#382;nje\u201c, rekao je on. <\/p>\n<p>Prema mi\u0161ljenju predsednika Tha\u00e7i-ja, cilj je zapo&ccaron;injanje novog &#382;ivota za sve gra&dstrok;ane, opra\u0161taju&cacute;i, ali ne zaboravljaju&cacute;i, rade&cacute;i i priznavaju&cacute;i zlo&ccaron;ine. <\/p>\n<p>\u201eOvo ne&cacute;e &#382;rtvovati pravdu, pomo&cacute;i &cacute;e joj. Princip istine je od sr&#382;i za pravdu. Ovo ne podrazumeva brisanje zlo&ccaron;ina, &ccaron;i\u0161&cacute;enje od zla, ili da se neko krije iza neznanja, la&#382;i, &cacute;utnje ili kriju&cacute;i zlo&ccaron;in. Istina treba da se zna koliko god da je gorka ili ru&#382;na\u201c, izrazio se predsednik Tha\u00e7i. <\/p>\n<p>Ovo je ceo govor predsednik Tha\u00e7i-ja na konsultativnom sastanku radi osnivanja Komisije za istinu i pomirenje: <\/p>\n<p>Po\u0161tovani predsedni&ccaron;e Skup\u0161tine Kosova, g. Kadri Veseli,<br \/>\nPo\u0161tovani premijeru Kosova, g. Isa Mustafa,<br \/>\nPo\u0161tovani ambasadore Delawie,<br \/>\nPo\u0161tovana ambasadorko Apostolova,<br \/>\nPo\u0161tovani ambasadore Barthu,<br \/>\nPo\u0161tovani ministri, ambasadori, poslanici, prijatelji i podr&#382;avaoci Kosova,<br \/>\nStru&ccaron;njaci civilnog dru\u0161tva, medija i akademskog miljea, <\/p>\n<p>Dame i gospodo, <\/p>\n<p>Ove godine se navr\u0161ava 18 godina, dakle skoro 2 decenije od zavr\u0161etka rata na Kosovu i devet godina nezavisnosti. <\/p>\n<p>Istina je da smo mnogo napredovali od tada. <\/p>\n<p>Kosovo je izgra&dstrok;eno. Izgra&dstrok;eni su gradovi, sela, na\u0161e uni\u0161tene ku&cacute;e. <\/p>\n<p>Izgra&dstrok;ene su demokratske institucije kao i institucije vladavine zakona. <\/p>\n<p>Osnovana je Policija, koja se danas smatra za najbolju i najpravi&ccaron;niju na Balkanu. <\/p>\n<p>Zapravo, na prvi pogled danas na Kosovu gotovo i da na postoji znak koji bi pokazao da je ovde samo pre dve decenije bilo rata. <\/p>\n<p>Me&dstrok;utim ratni u&#382;asi i na\u0161a bol za gubicima koji su naneti, za na\u0161im najvoljenijima koji su ubijeni ili koji su nestali, nisu nestali. <\/p>\n<p>Jo\u0161 uvek mnoge albanske i srpske majke, ali i one iz drugih zajednica, tra&#382;e njihove sinove i &cacute;erke. <\/p>\n<p>Jo\u0161 uvek postoji praznina me&dstrok;u zajednicama i ova praznina jo\u0161 uvek mo&#382;e da nas dr&#382;i u dubinama mr&#382;nje i neprijateljstva koje je naneo rat. <\/p>\n<p>Dozvolite mi da se kratko osvrnem na jednu posetu koju sam imao pre nekoliko dana na Brezovici. Tamo sam sreo mnogo Srba. Nekoliko njih radi u ski centru, ali ve&cacute;ina njih je nezaposlena. Problemi i brige koje imaju su isti kao i njihovih sugra&dstrok;ana Albanaca. <\/p>\n<p>Gra&dstrok;ani Kosova, prema svim anketama koje su izvr\u0161ene, imaju iste brige: nova radna mesta, ekonomski standard, bolji &#382;ivot za njihovu decu i za decu njihove dece. <\/p>\n<p>Verujem da se sla&#382;emo oko toga da se nismo dotakli ne&ccaron;eg vrlo bitnog na Kosovu nakon rata. <\/p>\n<p>Bol koji je nanesen ratom jo\u0161 uvek je kamen u srcima i okupira misli svakog Kosovara. <\/p>\n<p>Podele i strah koje je izazvao rat jo\u0161 uvek su &#382;ivi. <\/p>\n<p>Neprijateljstva koje je izazvao rat jo\u0161 uvek su &#382;iva. <\/p>\n<p>Jezik i re&ccaron;nici koji su izazvali ova neprijateljstva, koji su izazvali rat, jo\u0161 uvek dominiraju u na\u0161em dru\u0161tvenom diskursu. <\/p>\n<p>Kosovsko i balkansko dru\u0161tvo u celini, jo\u0161 uvek su taoci starih pri&ccaron;a. <\/p>\n<p>Jako je tu&#382;no da danas vidi\u0161 da i generacije koje su ro&dstrok;ene nakon rata, gledaju na drugu stranu, na svoje vr\u0161njake iz druge zajednice, kao na neprijatelje i opasnost. <\/p>\n<p>A ne kao na susede i sugra&dstrok;ane. <\/p>\n<p>Kosovsko dru\u0161tvo ne mo&#382;e da izgradi bolju budu&cacute;nost ukoliko ostane talac pro\u0161losti. <\/p>\n<p>Dame i gospodo, <\/p>\n<p>Danas sam vas pozvao da predstavim moju ideju o ovom temelju nad kojim &cacute;emo izgraditi bolju budu&cacute;nost za sve nas. <\/p>\n<p>Da ka&#382;emo istinu i da se pomirimo sa na\u0161om pro\u0161lo\u0161&cacute;u. <\/p>\n<p>A nad ovom istinom i ovim pomirenjem, zatim &cacute;emo izgraditi na\u0161u budu&cacute;nost. <\/p>\n<p>Ja sam sam bio u ratu i video sam i do&#382;iveo sam u&#382;ase rata. <\/p>\n<p>Video sam uni\u0161tenja koja donosi rat, mr&#382;nju koju rat izaziva. <\/p>\n<p>I u ratu sam izgradio uverenje da se anga&#382;ujem na tome da se ti u&#382;asi vi\u0161e ne ponove.<\/p>\n<p>Nikome. <\/p>\n<p>Tako&dstrok;e sam video i do&#382;iveo sam da je na\u0161 bol isti. Za svakog roditelja, za svako dete, za svaku\u00a0 sestru u svakog brata, bez obzira na njihovu nacionalnu pripadnost. <\/p>\n<p>Nije bol jednog &ccaron;lana albanske porodice ve&cacute;i, od &ccaron;lana srpske ili romske porodice za njegovim\/ njenim bli&#382;njim. <\/p>\n<p>Kao predsednik Kosova, za mene su veoma bitni bili sastanci koje sam imao sa porodicama nestalih lica, iz svih zajednica. <\/p>\n<p>Od njih sam video da su se ujedinili u bolu, da su jedno drugom priznali njihov boli. Oni su se familijarizovali u njihovom cilju. <\/p>\n<p>Prvo i najbr&#382;e sprsko- albansko pomirenje dogodilo se me&dstrok;u porodicama nestalih lica. <\/p>\n<p>Shvataju&cacute;i patnju jedni drugih postali su skoro kao porodica koja radi na jednom zajedni&ccaron;kom cilju, da zaklju&ccaron;e poglavlje njihovih najbli&#382;ih koji su nestali. <\/p>\n<p>Oni su sada najbolji primer za nas ostale kako treba da se okrenemo prema budu&cacute;nosti zatvaraju&cacute;i poglavlje pro\u0161losti. <\/p>\n<p>Istina &ccaron;isti i osloba&dstrok;a, poma&#382;e, olak\u0161ava i vodi do pomirenja naroda i dr&#382;ava. <\/p>\n<p>Istina le&ccaron;i dru\u0161tva od osvete i mr&#382;nje. <\/p>\n<p>Cilj je zapo&ccaron;injanje novog &#382;ivota za sve gra&dstrok;ane, opra\u0161taju&cacute;i, ali ne zaboravljaju&cacute;i, prihvataju&cacute;i i priznaju&cacute;i zlo&ccaron;ine. <\/p>\n<p>Ovo ne&cacute;e &#382;rtvovati pravdu, ve&cacute; &cacute;e joj pomo&cacute;i. <\/p>\n<p>Princip istine je od sr&#382;i za pravdu. <\/p>\n<p>Ovo ne podrazumeva brisanje zlo&ccaron;ina, brisanje od zla, ili da se neko krije iza neznanja, la&#382;i, &cacute;utnje ili kriju&cacute;i zlo&ccaron;in. <\/p>\n<p>Istina treba da se zna koliko god da je gorka i ru&#382;na. <\/p>\n<p>Nove generacije treba da znaju \u0161ta su radile ranije generacije, deca treba da znaju o njihovim roditeljima. <\/p>\n<p>Me&dstrok;usobno poverenje treba da se stekne, a ne sa se negira, ve&cacute; da se preuzme odgovornost. <\/p>\n<p>Po\u0161tuju&cacute;i dostojanstvo i integritet stranaka. <\/p>\n<p>Ova inicijativa i ovaj prvi konsultativni sastanak do\u0161li su nakon mnogih konsultacija koje sam imao sa liderima pomirenja u &ccaron;itavom svetu, obuhvataju&cacute;i i nobelovce za mir. <\/p>\n<p>Razgovarao sam i jako sam dugo razmi\u0161ljao kako da zapo&ccaron;nemo jedan takav proces uz podr\u0161ku gra&dstrok;ana, kako da zapo&ccaron;nemo proces istine i pomirenja. <\/p>\n<p>Sastao sam se i sa mnogim Albancima, Srbima, Bo\u0161njacima, Turcima, Romima, A\u0161kalijama i Egip&cacute;anima, kako bi razgovarao o ovoj ideji i konceptu. <\/p>\n<p>Ovaj forum koji te&#382;im da osnujem nije zamena za pravdu. <\/p>\n<p>Kompromisa sa pravdom ne&cacute;e biti, jer istina proisti&ccaron;e iz pravde. <\/p>\n<p>Ovaj forum tako&dstrok;e nije zamena dijalogu izme&dstrok;u Kosova i Srbije u Briselu, ve&cacute; &cacute;e biti pomo&cacute; za postizanje novih sporazuma o me&dstrok;udr&#382;avnom pomirenju. <\/p>\n<p>Neko mo&#382;e da se zapita da li je ovo \u0161to danas radimo kasno?<\/p>\n<p>Istina je da kasnimo, ali smo prvi na Balkanu, dakle &#382;elim da Kosovo bude model i za druge. <\/p>\n<p>Neko mo&#382;e da se zapita da i &cacute;e se prvo dogoditi izvinjenje pa zatim pomirenje?<\/p>\n<p>Ali, po\u0161tovani prisutni, istina je da se istina i pomirenje ne posti&#382;u uslovljavanjem, ve&cacute; voljom i dobrim ose&cacute;anjima. <\/p>\n<p>Komisija za istinu i pomirenje ne tra&#382;i da se kopiraju druge metodologije i instrumenti niti jedne zemlje na svetu. <\/p>\n<p>Kosovo i Balkan imaju svoje specifi&ccaron;nosti. <\/p>\n<p>Na\u0161a te&#382;nje je da stvorimo podr&#382;avaju&cacute;i mehanizam unutra\u0161njem otvorenom dijalogu me&dstrok;u zajednicama na Kosovu o bolnoj pro\u0161losti i da stvorimo zdrav osnov pomirenja. <\/p>\n<p>Pomirenje ne mo&#382;e biti zasnovano na zaboravljanju onog \u0161to je lo\u0161e. <\/p>\n<p>Opro\u0161taj i se&cacute;anje \u2013 da se se&cacute;amo i da ne koristimo pravo osvete. <\/p>\n<p>Ovo e druga \u0161ansa za nov po&ccaron;etak. I da se prise&cacute;amo bolne pro\u0161losti jeste bitan deo novog po&ccaron;etka. <\/p>\n<p>Pogotovu ukoliko ne &#382;elimo da se pro\u0161lost ponovi. <\/p>\n<p>Dozvolite mi da dodam da je ovo sastanak konsultativnog oblika. <\/p>\n<p>To je prvi korak na dugom putovanju. <\/p>\n<p>Nadam se da &cacute;e se doprinosom prijatelja Kosova, verskih zajednica i celokupnog civilnog dru\u0161tva. <\/p>\n<p>Dodeliti i bud&#382;et za inicijative koje &cacute;e podr&#382;ati ovaj proces\u00a0 od strane civilnog dru\u0161tva i inkorporisa&cacute;u u sve moje sastanke po celom Kosovu i razgovor o pomirenju i istini. <\/p>\n<p>Pozivam vas sve da pomognete ovaj proces. <\/p>\n<p>Hvala!\u00a0<\/p>\n","protected":false},"excerpt":{"rendered":"<p>Pri\u0161tina, 13. februar 2017. godine \u2013 Predsednik zemlje, Hashim Tha\u00e7i, danas je okupio visoke dr&#382;avne zvani&ccaron;nike, verske klerike, diplomatski kor, nosioce institucija pravde i civilno dru\u0161tvo na konsultativnom sastanku radi osnivanja Komisije za istinu i pomirenje.<\/p>\n","protected":false},"author":1,"featured_media":31240,"comment_status":"open","ping_status":"closed","sticky":false,"template":"","format":"standard","meta":{"_eb_attr":"","footnotes":""},"categories":[101],"tags":[],"class_list":["post-76318","post","type-post","status-publish","format-standard","has-post-thumbnail","hentry","category-vesti"],"yoast_head":"<!-- This site is optimized with the Yoast SEO plugin v23.5 - https:\/\/yoast.com\/wordpress\/plugins\/seo\/ -->\n<title>Predsednik Tha\u00e7i: Komisija za istinu i pomirenje &amp;cacute;e pomo&amp;cacute;i pravdi - Predsednik Republike Kosovo - DR. VJOSA OSMANI - SADRIU<\/title>\n<meta name=\"description\" content=\"Predsednik Tha\u00e7i: Komisija za istinu i pomirenje &amp;cacute;e pomo&amp;cacute;i pravdi - Predsednik Republike Kosovo - DR. VJOSA OSMANI - SADRIU -\" \/>\n<meta name=\"robots\" content=\"index, follow, max-snippet:-1, max-image-preview:large, max-video-preview:-1\" \/>\n<link rel=\"canonical\" href=\"https:\/\/president-ksgov.net\/sr\/predsednik-thaci-komisija-za-istinu-i-pomirenje-e-pomoi-pravdi\/\" \/>\n<meta property=\"og:locale\" content=\"sr_RS\" \/>\n<meta property=\"og:type\" content=\"article\" \/>\n<meta property=\"og:title\" content=\"Predsednik Tha\u00e7i: Komisija za istinu i pomirenje &amp;cacute;e pomo&amp;cacute;i pravdi - Predsednik Republike Kosovo - DR. VJOSA OSMANI - SADRIU\" \/>\n<meta property=\"og:description\" content=\"Predsednik Tha\u00e7i: Komisija za istinu i pomirenje &amp;cacute;e pomo&amp;cacute;i pravdi - Predsednik Republike Kosovo - DR. VJOSA OSMANI - SADRIU -\" \/>\n<meta property=\"og:url\" content=\"https:\/\/president-ksgov.net\/sr\/predsednik-thaci-komisija-za-istinu-i-pomirenje-e-pomoi-pravdi\/\" \/>\n<meta property=\"og:site_name\" content=\"Predsednik Republike Kosovo - DR. VJOSA OSMANI - SADRIU\" \/>\n<meta property=\"article:published_time\" content=\"2017-02-13T11:58:48+00:00\" \/>\n<meta property=\"og:image\" content=\"https:\/\/president-ksgov.net\/wp-content\/uploads\/13_02_2017_6705040_s_01.jpg\" \/>\n\t<meta property=\"og:image:width\" content=\"2400\" \/>\n\t<meta property=\"og:image:height\" content=\"1600\" \/>\n\t<meta property=\"og:image:type\" content=\"image\/jpeg\" \/>\n<meta name=\"author\" content=\"admin\" \/>\n<meta name=\"twitter:card\" content=\"summary_large_image\" \/>\n<meta name=\"twitter:label1\" content=\"\u041d\u0430\u043f\u0438\u0441\u0430\u043d\u043e \u043e\u0434\" \/>\n\t<meta name=\"twitter:data1\" content=\"admin\" \/>\n\t<meta name=\"twitter:label2\" content=\"\u041f\u0440\u043e\u0446\u0435\u045a\u0435\u043d\u043e \u0432\u0440\u0435\u043c\u0435 \u0447\u0438\u0442\u0430\u045a\u0430\" \/>\n\t<meta name=\"twitter:data2\" content=\"8 \u043c\u0438\u043d\u0443\u0442\u0430\" \/>\n<script type=\"application\/ld+json\" class=\"yoast-schema-graph\">{\"@context\":\"https:\/\/schema.org\",\"@graph\":[{\"@type\":\"WebPage\",\"@id\":\"https:\/\/president-ksgov.net\/sr\/predsednik-thaci-komisija-za-istinu-i-pomirenje-e-pomoi-pravdi\/\",\"url\":\"https:\/\/president-ksgov.net\/sr\/predsednik-thaci-komisija-za-istinu-i-pomirenje-e-pomoi-pravdi\/\",\"name\":\"Predsednik Tha\u00e7i: Komisija za istinu i pomirenje &cacute;e pomo&cacute;i pravdi - Predsednik Republike Kosovo - DR. VJOSA OSMANI - SADRIU\",\"isPartOf\":{\"@id\":\"https:\/\/president-ksgov.net\/#website\"},\"primaryImageOfPage\":{\"@id\":\"https:\/\/president-ksgov.net\/sr\/predsednik-thaci-komisija-za-istinu-i-pomirenje-e-pomoi-pravdi\/#primaryimage\"},\"image\":{\"@id\":\"https:\/\/president-ksgov.net\/sr\/predsednik-thaci-komisija-za-istinu-i-pomirenje-e-pomoi-pravdi\/#primaryimage\"},\"thumbnailUrl\":\"https:\/\/president-ksgov.net\/wp-content\/uploads\/13_02_2017_6705040_s_01.jpg\",\"datePublished\":\"2017-02-13T11:58:48+00:00\",\"dateModified\":\"2017-02-13T11:58:48+00:00\",\"author\":{\"@id\":\"https:\/\/president-ksgov.net\/#\/schema\/person\/bb4337a5fb147cb2046d80548172cbee\"},\"description\":\"Predsednik Tha\u00e7i: Komisija za istinu i pomirenje &cacute;e pomo&cacute;i pravdi - Predsednik Republike Kosovo - DR. VJOSA OSMANI - SADRIU -\",\"breadcrumb\":{\"@id\":\"https:\/\/president-ksgov.net\/sr\/predsednik-thaci-komisija-za-istinu-i-pomirenje-e-pomoi-pravdi\/#breadcrumb\"},\"inLanguage\":\"sr-RS\",\"potentialAction\":[{\"@type\":\"ReadAction\",\"target\":[\"https:\/\/president-ksgov.net\/sr\/predsednik-thaci-komisija-za-istinu-i-pomirenje-e-pomoi-pravdi\/\"]}]},{\"@type\":\"ImageObject\",\"inLanguage\":\"sr-RS\",\"@id\":\"https:\/\/president-ksgov.net\/sr\/predsednik-thaci-komisija-za-istinu-i-pomirenje-e-pomoi-pravdi\/#primaryimage\",\"url\":\"https:\/\/president-ksgov.net\/wp-content\/uploads\/13_02_2017_6705040_s_01.jpg\",\"contentUrl\":\"https:\/\/president-ksgov.net\/wp-content\/uploads\/13_02_2017_6705040_s_01.jpg\",\"width\":2400,\"height\":1600},{\"@type\":\"BreadcrumbList\",\"@id\":\"https:\/\/president-ksgov.net\/sr\/predsednik-thaci-komisija-za-istinu-i-pomirenje-e-pomoi-pravdi\/#breadcrumb\",\"itemListElement\":[{\"@type\":\"ListItem\",\"position\":1,\"name\":\"Home\",\"item\":\"https:\/\/president-ksgov.net\/sr\/\"},{\"@type\":\"ListItem\",\"position\":2,\"name\":\"Predsednik Tha\u00e7i: Komisija za istinu i pomirenje &cacute;e pomo&cacute;i pravdi\"}]},{\"@type\":\"WebSite\",\"@id\":\"https:\/\/president-ksgov.net\/#website\",\"url\":\"https:\/\/president-ksgov.net\/\",\"name\":\"Presidente e Republik\u00ebs s\u00eb Kosov\u00ebs\",\"description\":\"Presidente e Republik\u00ebs s\u00eb Kosov\u00ebs\",\"alternateName\":\"DR. VJOSA OSMANI - SADRIU\",\"potentialAction\":[{\"@type\":\"SearchAction\",\"target\":{\"@type\":\"EntryPoint\",\"urlTemplate\":\"https:\/\/president-ksgov.net\/?s={search_term_string}\"},\"query-input\":{\"@type\":\"PropertyValueSpecification\",\"valueRequired\":true,\"valueName\":\"search_term_string\"}}],\"inLanguage\":\"sr-RS\"},{\"@type\":\"Person\",\"@id\":\"https:\/\/president-ksgov.net\/#\/schema\/person\/bb4337a5fb147cb2046d80548172cbee\",\"name\":\"admin\",\"image\":{\"@type\":\"ImageObject\",\"inLanguage\":\"sr-RS\",\"@id\":\"https:\/\/president-ksgov.net\/#\/schema\/person\/image\/\",\"url\":\"https:\/\/secure.gravatar.com\/avatar\/36156ca0fa3b8d9d25174f146e16beea0cf28f37adf1b9e19b6c9c279a7c9dd3?s=96&d=mm&r=g\",\"contentUrl\":\"https:\/\/secure.gravatar.com\/avatar\/36156ca0fa3b8d9d25174f146e16beea0cf28f37adf1b9e19b6c9c279a7c9dd3?s=96&d=mm&r=g\",\"caption\":\"admin\"},\"sameAs\":[\"https:\/\/president-ksgov.net\"]}]}<\/script>\n<!-- \/ Yoast SEO plugin. -->","yoast_head_json":{"title":"Predsednik Tha\u00e7i: Komisija za istinu i pomirenje &cacute;e pomo&cacute;i pravdi - Predsednik Republike Kosovo - DR. VJOSA OSMANI - SADRIU","description":"Predsednik Tha\u00e7i: Komisija za istinu i pomirenje &cacute;e pomo&cacute;i pravdi - Predsednik Republike Kosovo - DR. VJOSA OSMANI - SADRIU -","robots":{"index":"index","follow":"follow","max-snippet":"max-snippet:-1","max-image-preview":"max-image-preview:large","max-video-preview":"max-video-preview:-1"},"canonical":"https:\/\/president-ksgov.net\/sr\/predsednik-thaci-komisija-za-istinu-i-pomirenje-e-pomoi-pravdi\/","og_locale":"sr_RS","og_type":"article","og_title":"Predsednik Tha\u00e7i: Komisija za istinu i pomirenje &cacute;e pomo&cacute;i pravdi - Predsednik Republike Kosovo - DR. VJOSA OSMANI - SADRIU","og_description":"Predsednik Tha\u00e7i: Komisija za istinu i pomirenje &cacute;e pomo&cacute;i pravdi - Predsednik Republike Kosovo - DR. VJOSA OSMANI - SADRIU -","og_url":"https:\/\/president-ksgov.net\/sr\/predsednik-thaci-komisija-za-istinu-i-pomirenje-e-pomoi-pravdi\/","og_site_name":"Predsednik Republike Kosovo - DR. VJOSA OSMANI - SADRIU","article_published_time":"2017-02-13T11:58:48+00:00","og_image":[{"width":2400,"height":1600,"url":"https:\/\/president-ksgov.net\/wp-content\/uploads\/13_02_2017_6705040_s_01.jpg","type":"image\/jpeg"}],"author":"admin","twitter_card":"summary_large_image","twitter_misc":{"\u041d\u0430\u043f\u0438\u0441\u0430\u043d\u043e \u043e\u0434":"admin","\u041f\u0440\u043e\u0446\u0435\u045a\u0435\u043d\u043e \u0432\u0440\u0435\u043c\u0435 \u0447\u0438\u0442\u0430\u045a\u0430":"8 \u043c\u0438\u043d\u0443\u0442\u0430"},"schema":{"@context":"https:\/\/schema.org","@graph":[{"@type":"WebPage","@id":"https:\/\/president-ksgov.net\/sr\/predsednik-thaci-komisija-za-istinu-i-pomirenje-e-pomoi-pravdi\/","url":"https:\/\/president-ksgov.net\/sr\/predsednik-thaci-komisija-za-istinu-i-pomirenje-e-pomoi-pravdi\/","name":"Predsednik Tha\u00e7i: Komisija za istinu i pomirenje &cacute;e pomo&cacute;i pravdi - Predsednik Republike Kosovo - DR. VJOSA OSMANI - SADRIU","isPartOf":{"@id":"https:\/\/president-ksgov.net\/#website"},"primaryImageOfPage":{"@id":"https:\/\/president-ksgov.net\/sr\/predsednik-thaci-komisija-za-istinu-i-pomirenje-e-pomoi-pravdi\/#primaryimage"},"image":{"@id":"https:\/\/president-ksgov.net\/sr\/predsednik-thaci-komisija-za-istinu-i-pomirenje-e-pomoi-pravdi\/#primaryimage"},"thumbnailUrl":"https:\/\/president-ksgov.net\/wp-content\/uploads\/13_02_2017_6705040_s_01.jpg","datePublished":"2017-02-13T11:58:48+00:00","dateModified":"2017-02-13T11:58:48+00:00","author":{"@id":"https:\/\/president-ksgov.net\/#\/schema\/person\/bb4337a5fb147cb2046d80548172cbee"},"description":"Predsednik Tha\u00e7i: Komisija za istinu i pomirenje &cacute;e pomo&cacute;i pravdi - Predsednik Republike Kosovo - DR. VJOSA OSMANI - SADRIU -","breadcrumb":{"@id":"https:\/\/president-ksgov.net\/sr\/predsednik-thaci-komisija-za-istinu-i-pomirenje-e-pomoi-pravdi\/#breadcrumb"},"inLanguage":"sr-RS","potentialAction":[{"@type":"ReadAction","target":["https:\/\/president-ksgov.net\/sr\/predsednik-thaci-komisija-za-istinu-i-pomirenje-e-pomoi-pravdi\/"]}]},{"@type":"ImageObject","inLanguage":"sr-RS","@id":"https:\/\/president-ksgov.net\/sr\/predsednik-thaci-komisija-za-istinu-i-pomirenje-e-pomoi-pravdi\/#primaryimage","url":"https:\/\/president-ksgov.net\/wp-content\/uploads\/13_02_2017_6705040_s_01.jpg","contentUrl":"https:\/\/president-ksgov.net\/wp-content\/uploads\/13_02_2017_6705040_s_01.jpg","width":2400,"height":1600},{"@type":"BreadcrumbList","@id":"https:\/\/president-ksgov.net\/sr\/predsednik-thaci-komisija-za-istinu-i-pomirenje-e-pomoi-pravdi\/#breadcrumb","itemListElement":[{"@type":"ListItem","position":1,"name":"Home","item":"https:\/\/president-ksgov.net\/sr\/"},{"@type":"ListItem","position":2,"name":"Predsednik Tha\u00e7i: Komisija za istinu i pomirenje &cacute;e pomo&cacute;i pravdi"}]},{"@type":"WebSite","@id":"https:\/\/president-ksgov.net\/#website","url":"https:\/\/president-ksgov.net\/","name":"Presidente e Republik\u00ebs s\u00eb Kosov\u00ebs","description":"Presidente e Republik\u00ebs s\u00eb Kosov\u00ebs","alternateName":"DR. VJOSA OSMANI - SADRIU","potentialAction":[{"@type":"SearchAction","target":{"@type":"EntryPoint","urlTemplate":"https:\/\/president-ksgov.net\/?s={search_term_string}"},"query-input":{"@type":"PropertyValueSpecification","valueRequired":true,"valueName":"search_term_string"}}],"inLanguage":"sr-RS"},{"@type":"Person","@id":"https:\/\/president-ksgov.net\/#\/schema\/person\/bb4337a5fb147cb2046d80548172cbee","name":"admin","image":{"@type":"ImageObject","inLanguage":"sr-RS","@id":"https:\/\/president-ksgov.net\/#\/schema\/person\/image\/","url":"https:\/\/secure.gravatar.com\/avatar\/36156ca0fa3b8d9d25174f146e16beea0cf28f37adf1b9e19b6c9c279a7c9dd3?s=96&d=mm&r=g","contentUrl":"https:\/\/secure.gravatar.com\/avatar\/36156ca0fa3b8d9d25174f146e16beea0cf28f37adf1b9e19b6c9c279a7c9dd3?s=96&d=mm&r=g","caption":"admin"},"sameAs":["https:\/\/president-ksgov.net"]}]}},"_links":{"self":[{"href":"https:\/\/president-ksgov.net\/sr\/wp-json\/wp\/v2\/posts\/76318","targetHints":{"allow":["GET"]}}],"collection":[{"href":"https:\/\/president-ksgov.net\/sr\/wp-json\/wp\/v2\/posts"}],"about":[{"href":"https:\/\/president-ksgov.net\/sr\/wp-json\/wp\/v2\/types\/post"}],"author":[{"embeddable":true,"href":"https:\/\/president-ksgov.net\/sr\/wp-json\/wp\/v2\/users\/1"}],"replies":[{"embeddable":true,"href":"https:\/\/president-ksgov.net\/sr\/wp-json\/wp\/v2\/comments?post=76318"}],"version-history":[{"count":0,"href":"https:\/\/president-ksgov.net\/sr\/wp-json\/wp\/v2\/posts\/76318\/revisions"}],"wp:featuredmedia":[{"embeddable":true,"href":"https:\/\/president-ksgov.net\/sr\/wp-json\/wp\/v2\/media\/31240"}],"wp:attachment":[{"href":"https:\/\/president-ksgov.net\/sr\/wp-json\/wp\/v2\/media?parent=76318"}],"wp:term":[{"taxonomy":"category","embeddable":true,"href":"https:\/\/president-ksgov.net\/sr\/wp-json\/wp\/v2\/categories?post=76318"},{"taxonomy":"post_tag","embeddable":true,"href":"https:\/\/president-ksgov.net\/sr\/wp-json\/wp\/v2\/tags?post=76318"}],"curies":[{"name":"wp","href":"https:\/\/api.w.org\/{rel}","templated":true}]}}