{"id":76316,"date":"2017-02-14T11:20:23","date_gmt":"2017-02-14T11:20:23","guid":{"rendered":"https:\/\/dev.president-ksgov.net\/predsednik-thaci-novinari-treba-da-brane-njihovu-profesiju-od-napada-slobodom-govora\/"},"modified":"2017-02-14T11:20:23","modified_gmt":"2017-02-14T11:20:23","slug":"predsednik-thaci-novinari-treba-da-brane-njihovu-profesiju-od-napada-slobodom-govora","status":"publish","type":"post","link":"https:\/\/president-ksgov.net\/sr\/predsednik-thaci-novinari-treba-da-brane-njihovu-profesiju-od-napada-slobodom-govora\/","title":{"rendered":"Predsednik Tha\u00e7i: Novinari treba da brane njihovu profesiju od napada slobodom govora"},"content":{"rendered":"<p>Pri\u0161tina, 14. februar 2017. godine \u2013 Predsednik zemlje, Hashim Tha\u00e7i, danas je u&ccaron;estvovao na regionalnoj konferenciji o bezbednosti rada novinara, na kojoj su u&ccaron;estvovala udru&#382;enja novinara dr&#382;ava iz regiona, zajedno sa direktorima i glavnim urednicima glavnih medija na Zapadnom Balkanu.<\/p>\n<p>Predsednik Tha\u00e7i je naglasio da novinarstvo na Kosovu mo&#382;da po tradiciji nije najstarije, ali je me&dstrok;u najhrabrijim u regionu. <\/p>\n<p>\u201eNovinari na Kosovu su bili me&dstrok;u prvima koji su se anga&#382;ovali za pluralizam, demokratiju i jednakost, za ljudska prava i slobodu izra&#382;avanja. A od zavr\u0161etka rata na Kosovu bilo je velikih napora da se uspostavi stru&ccaron;no novinarstvo, kome se mo&#382;e verovati i koje je uvek u slu&#382;bi javnosti\u201c, rekao je predsednik Tha\u00e7i. <\/p>\n<p>\u0160ef dr&#382;ave je ocenio da su postojale dve okolnosti koje su rezultirale hrabrim novinarstvom. <\/p>\n<p>\u201ePrva na Kosovu, slobodno i dobro novinarstvo je po&ccaron;elo u vreme represije i aparthejda. Me&dstrok;u prvima koji su se suo&ccaron;ili sa represijom i naporima da se zaustavi glas koji je tra&#382;io pravdu i jednakost bili su upravo novinari\u201c, rekao je predsednik Tha\u00e7i koji je dodao da je u tim okolnostima istaknuta smelost da se suo&ccaron;e sa vla\u0161&cacute;u, kakva god da je ona. <\/p>\n<p>Predsednik Tha\u00e7i je rekao da su se gajile vrednosti kao \u0161to su nepristrasnost, profesionalizam, marljivost na istra&#382;ivanjima i tra&#382;enju ta&ccaron;nih informacija, kao i hrabrost da se svaka informacija objavi. <\/p>\n<p>Ovo je imalo svoju cenu, po\u0161to su novinari uvek bili na meti onih koji su nasiljem i represijom tra&#382;ili da uspostave njihove politike\u201c, rekao je on. <\/p>\n<p>Drugo, dodao je predsednik Tha\u00e7i, zemlja je imala veliku me&dstrok;unarodnu podr\u0161ku u izgradnji profesionalnog novinarstva uz najvi\u0161e standarde. <\/p>\n<p>\u201ePodr&#382;an je forum organizacija koje \u0161tite novinare i prava novinara, ali i organizacija koje \u0161tite samu profesiju novinara. Podr&#382;ano je stvaranje zakonodavstva koje \u0161titi rad novinara i same novinare\u201c, istakao je predsednik Tha\u00e7i. <\/p>\n<p>Predsednik je dodao da su novinari na Kosovu za\u0161ti&cacute;eni i zakonom o njihovom radu, i ne samo da ne mogu da se kazne za rad novinara, ve&cacute; &ccaron;ak na Kosovu, novinari na sudu nisu obavezni da otkriju njihove izvore.<\/p>\n<p>\u201eTo ne zna&ccaron;i da novinari imaju lak posao. I na Kosovu novinari, novinarstvo uop\u0161teno, se suo&ccaron;avaju sa pritiscima na njihov rad. Tekstovi o korupciji, o ekstremizmu, o radikalizmu, o jednakim pravima za svaku zajednicu, bilo o etni&ccaron;kim zajednicama ili o drugim zajednicama\u00a0 kao \u0161to je to LGBT zajednica, o najugro&#382;enijima, kako &#382;enama, tako i deci, stavljaju novinare pod direktnu pretnju i rizik\u201c, rekao je predsednik Tha\u00e7i. <\/p>\n<p>\u0160to se ti&ccaron;e izazova sa kojima se novinari suo&ccaron;avaju, predsednik Tha\u00e7i je istakao da Kosovo ne samo postignu&cacute;ima, ve&cacute; i izazovima sa kojima se suo&ccaron;ava ide u korak sa svetom. <\/p>\n<p>\u201eGlavni izazov za novinare i za novinarstvo kao profesiju ne proisti&ccaron;e van profesije, ve&cacute; unutar nje same. Danas, zahvaljuju&cacute;i mogu&cacute;nostima koje pru&#382;a internet, izve\u0161tavanje i \u0161irenje vesti je postalo lak\u0161e nego ikada pre. Ovo je u&ccaron;inilo da u novinarsku profesiju prodru i oni kojima novinarstvo nije namera, ve&cacute; sredstvo za ostvarivanje njihovih drugih ambicija. Ovo iznutra razara integritet, profesionalnost i ubedljivost i profesiju novinara\u201c, rekao je predsednik Tha\u00e7i. <\/p>\n<p>\u0160ef dr&#382;ave je istakao da makar na Kosovu, danas sloboda izra&#382;avanja nije izazov novinara, ve&cacute; zloupotreba koja se &ccaron;ini slobodi govora od strane onih novinara kojima ovo nije profesija. <\/p>\n<p>\u201eI ovde, glavnu ulogu u za\u0161titi profesije imaju sami novinari. Organizovani oko institucija koje su osnovali predstavnici medija koji prate o&ccaron;uvanje profesionalnih standarda, sami novinari su oni koji su najvi\u0161e pozvani da \u0161tite njihovu profesiju od zloupotrebe\u201c, rekao je on. <\/p>\n<p>Predsednik Tha\u00e7i je izrazio njihovo poverenje da &cacute;e na ovoj konferenciji koju je organizovao OEBS, prisutni prona&cacute;i odgovore za ovaj izazov dana\u0161njeg novinarstva, ne samo ovde na Kosovu, ve&cacute; i u regionu i svetu. <\/p>\n<p>\u00a0<\/p>\n","protected":false},"excerpt":{"rendered":"<p>Pri\u0161tina, 14. februar 2017. godine \u2013 Predsednik zemlje, Hashim Tha\u00e7i, danas je u&ccaron;estvovao na regionalnoj konferenciji o bezbednosti rada novinara, na kojoj su u&ccaron;estvovala udru&#382;enja novinara dr&#382;ava iz regiona, zajedno sa direktorima i glavnim urednicima glavnih medija na Zapadnom Balkanu.<\/p>\n","protected":false},"author":1,"featured_media":31229,"comment_status":"open","ping_status":"closed","sticky":false,"template":"","format":"standard","meta":{"_eb_attr":"","footnotes":""},"categories":[101],"tags":[],"class_list":["post-76316","post","type-post","status-publish","format-standard","has-post-thumbnail","hentry","category-vesti"],"yoast_head":"<!-- This site is optimized with the Yoast SEO plugin v23.5 - https:\/\/yoast.com\/wordpress\/plugins\/seo\/ -->\n<title>Predsednik Tha\u00e7i: Novinari treba da brane njihovu profesiju od napada slobodom govora - Predsednik Republike Kosovo - DR. VJOSA OSMANI - SADRIU<\/title>\n<meta name=\"description\" content=\"Predsednik Tha\u00e7i: Novinari treba da brane njihovu profesiju od napada slobodom govora - Predsednik Republike Kosovo - DR. VJOSA OSMANI - SADRIU -\" \/>\n<meta name=\"robots\" content=\"index, follow, max-snippet:-1, max-image-preview:large, max-video-preview:-1\" \/>\n<link rel=\"canonical\" href=\"https:\/\/president-ksgov.net\/sr\/predsednik-thaci-novinari-treba-da-brane-njihovu-profesiju-od-napada-slobodom-govora\/\" \/>\n<meta property=\"og:locale\" content=\"sr_RS\" \/>\n<meta property=\"og:type\" content=\"article\" \/>\n<meta property=\"og:title\" content=\"Predsednik Tha\u00e7i: Novinari treba da brane njihovu profesiju od napada slobodom govora - Predsednik Republike Kosovo - DR. VJOSA OSMANI - SADRIU\" \/>\n<meta property=\"og:description\" content=\"Predsednik Tha\u00e7i: Novinari treba da brane njihovu profesiju od napada slobodom govora - Predsednik Republike Kosovo - DR. VJOSA OSMANI - SADRIU -\" \/>\n<meta property=\"og:url\" content=\"https:\/\/president-ksgov.net\/sr\/predsednik-thaci-novinari-treba-da-brane-njihovu-profesiju-od-napada-slobodom-govora\/\" \/>\n<meta property=\"og:site_name\" content=\"Predsednik Republike Kosovo - DR. VJOSA OSMANI - SADRIU\" \/>\n<meta property=\"article:published_time\" content=\"2017-02-14T11:20:23+00:00\" \/>\n<meta property=\"og:image\" content=\"https:\/\/president-ksgov.net\/wp-content\/uploads\/14_02_2017_8295967_G_01.jpg\" \/>\n\t<meta property=\"og:image:width\" content=\"2400\" \/>\n\t<meta property=\"og:image:height\" content=\"1600\" \/>\n\t<meta property=\"og:image:type\" content=\"image\/jpeg\" \/>\n<meta name=\"author\" content=\"admin\" \/>\n<meta name=\"twitter:card\" content=\"summary_large_image\" \/>\n<meta name=\"twitter:label1\" content=\"\u041d\u0430\u043f\u0438\u0441\u0430\u043d\u043e \u043e\u0434\" \/>\n\t<meta name=\"twitter:data1\" content=\"admin\" \/>\n\t<meta name=\"twitter:label2\" content=\"\u041f\u0440\u043e\u0446\u0435\u045a\u0435\u043d\u043e \u0432\u0440\u0435\u043c\u0435 \u0447\u0438\u0442\u0430\u045a\u0430\" \/>\n\t<meta name=\"twitter:data2\" content=\"3 \u043c\u0438\u043d\u0443\u0442\u0430\" \/>\n<script type=\"application\/ld+json\" class=\"yoast-schema-graph\">{\"@context\":\"https:\/\/schema.org\",\"@graph\":[{\"@type\":\"WebPage\",\"@id\":\"https:\/\/president-ksgov.net\/sr\/predsednik-thaci-novinari-treba-da-brane-njihovu-profesiju-od-napada-slobodom-govora\/\",\"url\":\"https:\/\/president-ksgov.net\/sr\/predsednik-thaci-novinari-treba-da-brane-njihovu-profesiju-od-napada-slobodom-govora\/\",\"name\":\"Predsednik Tha\u00e7i: Novinari treba da brane njihovu profesiju od napada slobodom govora - Predsednik Republike Kosovo - DR. VJOSA OSMANI - SADRIU\",\"isPartOf\":{\"@id\":\"https:\/\/president-ksgov.net\/#website\"},\"primaryImageOfPage\":{\"@id\":\"https:\/\/president-ksgov.net\/sr\/predsednik-thaci-novinari-treba-da-brane-njihovu-profesiju-od-napada-slobodom-govora\/#primaryimage\"},\"image\":{\"@id\":\"https:\/\/president-ksgov.net\/sr\/predsednik-thaci-novinari-treba-da-brane-njihovu-profesiju-od-napada-slobodom-govora\/#primaryimage\"},\"thumbnailUrl\":\"https:\/\/president-ksgov.net\/wp-content\/uploads\/14_02_2017_8295967_G_01.jpg\",\"datePublished\":\"2017-02-14T11:20:23+00:00\",\"dateModified\":\"2017-02-14T11:20:23+00:00\",\"author\":{\"@id\":\"https:\/\/president-ksgov.net\/#\/schema\/person\/bb4337a5fb147cb2046d80548172cbee\"},\"description\":\"Predsednik Tha\u00e7i: Novinari treba da brane njihovu profesiju od napada slobodom govora - Predsednik Republike Kosovo - DR. VJOSA OSMANI - SADRIU -\",\"breadcrumb\":{\"@id\":\"https:\/\/president-ksgov.net\/sr\/predsednik-thaci-novinari-treba-da-brane-njihovu-profesiju-od-napada-slobodom-govora\/#breadcrumb\"},\"inLanguage\":\"sr-RS\",\"potentialAction\":[{\"@type\":\"ReadAction\",\"target\":[\"https:\/\/president-ksgov.net\/sr\/predsednik-thaci-novinari-treba-da-brane-njihovu-profesiju-od-napada-slobodom-govora\/\"]}]},{\"@type\":\"ImageObject\",\"inLanguage\":\"sr-RS\",\"@id\":\"https:\/\/president-ksgov.net\/sr\/predsednik-thaci-novinari-treba-da-brane-njihovu-profesiju-od-napada-slobodom-govora\/#primaryimage\",\"url\":\"https:\/\/president-ksgov.net\/wp-content\/uploads\/14_02_2017_8295967_G_01.jpg\",\"contentUrl\":\"https:\/\/president-ksgov.net\/wp-content\/uploads\/14_02_2017_8295967_G_01.jpg\",\"width\":2400,\"height\":1600},{\"@type\":\"BreadcrumbList\",\"@id\":\"https:\/\/president-ksgov.net\/sr\/predsednik-thaci-novinari-treba-da-brane-njihovu-profesiju-od-napada-slobodom-govora\/#breadcrumb\",\"itemListElement\":[{\"@type\":\"ListItem\",\"position\":1,\"name\":\"Home\",\"item\":\"https:\/\/president-ksgov.net\/sr\/\"},{\"@type\":\"ListItem\",\"position\":2,\"name\":\"Predsednik Tha\u00e7i: Novinari treba da brane njihovu profesiju od napada slobodom govora\"}]},{\"@type\":\"WebSite\",\"@id\":\"https:\/\/president-ksgov.net\/#website\",\"url\":\"https:\/\/president-ksgov.net\/\",\"name\":\"Presidente e Republik\u00ebs s\u00eb Kosov\u00ebs\",\"description\":\"Presidente e Republik\u00ebs s\u00eb Kosov\u00ebs\",\"alternateName\":\"DR. VJOSA OSMANI - SADRIU\",\"potentialAction\":[{\"@type\":\"SearchAction\",\"target\":{\"@type\":\"EntryPoint\",\"urlTemplate\":\"https:\/\/president-ksgov.net\/?s={search_term_string}\"},\"query-input\":{\"@type\":\"PropertyValueSpecification\",\"valueRequired\":true,\"valueName\":\"search_term_string\"}}],\"inLanguage\":\"sr-RS\"},{\"@type\":\"Person\",\"@id\":\"https:\/\/president-ksgov.net\/#\/schema\/person\/bb4337a5fb147cb2046d80548172cbee\",\"name\":\"admin\",\"image\":{\"@type\":\"ImageObject\",\"inLanguage\":\"sr-RS\",\"@id\":\"https:\/\/president-ksgov.net\/#\/schema\/person\/image\/\",\"url\":\"https:\/\/secure.gravatar.com\/avatar\/36156ca0fa3b8d9d25174f146e16beea0cf28f37adf1b9e19b6c9c279a7c9dd3?s=96&d=mm&r=g\",\"contentUrl\":\"https:\/\/secure.gravatar.com\/avatar\/36156ca0fa3b8d9d25174f146e16beea0cf28f37adf1b9e19b6c9c279a7c9dd3?s=96&d=mm&r=g\",\"caption\":\"admin\"},\"sameAs\":[\"https:\/\/president-ksgov.net\"]}]}<\/script>\n<!-- \/ Yoast SEO plugin. -->","yoast_head_json":{"title":"Predsednik Tha\u00e7i: Novinari treba da brane njihovu profesiju od napada slobodom govora - Predsednik Republike Kosovo - DR. VJOSA OSMANI - SADRIU","description":"Predsednik Tha\u00e7i: Novinari treba da brane njihovu profesiju od napada slobodom govora - Predsednik Republike Kosovo - DR. VJOSA OSMANI - SADRIU -","robots":{"index":"index","follow":"follow","max-snippet":"max-snippet:-1","max-image-preview":"max-image-preview:large","max-video-preview":"max-video-preview:-1"},"canonical":"https:\/\/president-ksgov.net\/sr\/predsednik-thaci-novinari-treba-da-brane-njihovu-profesiju-od-napada-slobodom-govora\/","og_locale":"sr_RS","og_type":"article","og_title":"Predsednik Tha\u00e7i: Novinari treba da brane njihovu profesiju od napada slobodom govora - Predsednik Republike Kosovo - DR. VJOSA OSMANI - SADRIU","og_description":"Predsednik Tha\u00e7i: Novinari treba da brane njihovu profesiju od napada slobodom govora - Predsednik Republike Kosovo - DR. VJOSA OSMANI - SADRIU -","og_url":"https:\/\/president-ksgov.net\/sr\/predsednik-thaci-novinari-treba-da-brane-njihovu-profesiju-od-napada-slobodom-govora\/","og_site_name":"Predsednik Republike Kosovo - DR. VJOSA OSMANI - SADRIU","article_published_time":"2017-02-14T11:20:23+00:00","og_image":[{"width":2400,"height":1600,"url":"https:\/\/president-ksgov.net\/wp-content\/uploads\/14_02_2017_8295967_G_01.jpg","type":"image\/jpeg"}],"author":"admin","twitter_card":"summary_large_image","twitter_misc":{"\u041d\u0430\u043f\u0438\u0441\u0430\u043d\u043e \u043e\u0434":"admin","\u041f\u0440\u043e\u0446\u0435\u045a\u0435\u043d\u043e \u0432\u0440\u0435\u043c\u0435 \u0447\u0438\u0442\u0430\u045a\u0430":"3 \u043c\u0438\u043d\u0443\u0442\u0430"},"schema":{"@context":"https:\/\/schema.org","@graph":[{"@type":"WebPage","@id":"https:\/\/president-ksgov.net\/sr\/predsednik-thaci-novinari-treba-da-brane-njihovu-profesiju-od-napada-slobodom-govora\/","url":"https:\/\/president-ksgov.net\/sr\/predsednik-thaci-novinari-treba-da-brane-njihovu-profesiju-od-napada-slobodom-govora\/","name":"Predsednik Tha\u00e7i: Novinari treba da brane njihovu profesiju od napada slobodom govora - Predsednik Republike Kosovo - DR. VJOSA OSMANI - SADRIU","isPartOf":{"@id":"https:\/\/president-ksgov.net\/#website"},"primaryImageOfPage":{"@id":"https:\/\/president-ksgov.net\/sr\/predsednik-thaci-novinari-treba-da-brane-njihovu-profesiju-od-napada-slobodom-govora\/#primaryimage"},"image":{"@id":"https:\/\/president-ksgov.net\/sr\/predsednik-thaci-novinari-treba-da-brane-njihovu-profesiju-od-napada-slobodom-govora\/#primaryimage"},"thumbnailUrl":"https:\/\/president-ksgov.net\/wp-content\/uploads\/14_02_2017_8295967_G_01.jpg","datePublished":"2017-02-14T11:20:23+00:00","dateModified":"2017-02-14T11:20:23+00:00","author":{"@id":"https:\/\/president-ksgov.net\/#\/schema\/person\/bb4337a5fb147cb2046d80548172cbee"},"description":"Predsednik Tha\u00e7i: Novinari treba da brane njihovu profesiju od napada slobodom govora - Predsednik Republike Kosovo - DR. VJOSA OSMANI - SADRIU -","breadcrumb":{"@id":"https:\/\/president-ksgov.net\/sr\/predsednik-thaci-novinari-treba-da-brane-njihovu-profesiju-od-napada-slobodom-govora\/#breadcrumb"},"inLanguage":"sr-RS","potentialAction":[{"@type":"ReadAction","target":["https:\/\/president-ksgov.net\/sr\/predsednik-thaci-novinari-treba-da-brane-njihovu-profesiju-od-napada-slobodom-govora\/"]}]},{"@type":"ImageObject","inLanguage":"sr-RS","@id":"https:\/\/president-ksgov.net\/sr\/predsednik-thaci-novinari-treba-da-brane-njihovu-profesiju-od-napada-slobodom-govora\/#primaryimage","url":"https:\/\/president-ksgov.net\/wp-content\/uploads\/14_02_2017_8295967_G_01.jpg","contentUrl":"https:\/\/president-ksgov.net\/wp-content\/uploads\/14_02_2017_8295967_G_01.jpg","width":2400,"height":1600},{"@type":"BreadcrumbList","@id":"https:\/\/president-ksgov.net\/sr\/predsednik-thaci-novinari-treba-da-brane-njihovu-profesiju-od-napada-slobodom-govora\/#breadcrumb","itemListElement":[{"@type":"ListItem","position":1,"name":"Home","item":"https:\/\/president-ksgov.net\/sr\/"},{"@type":"ListItem","position":2,"name":"Predsednik Tha\u00e7i: Novinari treba da brane njihovu profesiju od napada slobodom govora"}]},{"@type":"WebSite","@id":"https:\/\/president-ksgov.net\/#website","url":"https:\/\/president-ksgov.net\/","name":"Presidente e Republik\u00ebs s\u00eb Kosov\u00ebs","description":"Presidente e Republik\u00ebs s\u00eb Kosov\u00ebs","alternateName":"DR. VJOSA OSMANI - SADRIU","potentialAction":[{"@type":"SearchAction","target":{"@type":"EntryPoint","urlTemplate":"https:\/\/president-ksgov.net\/?s={search_term_string}"},"query-input":{"@type":"PropertyValueSpecification","valueRequired":true,"valueName":"search_term_string"}}],"inLanguage":"sr-RS"},{"@type":"Person","@id":"https:\/\/president-ksgov.net\/#\/schema\/person\/bb4337a5fb147cb2046d80548172cbee","name":"admin","image":{"@type":"ImageObject","inLanguage":"sr-RS","@id":"https:\/\/president-ksgov.net\/#\/schema\/person\/image\/","url":"https:\/\/secure.gravatar.com\/avatar\/36156ca0fa3b8d9d25174f146e16beea0cf28f37adf1b9e19b6c9c279a7c9dd3?s=96&d=mm&r=g","contentUrl":"https:\/\/secure.gravatar.com\/avatar\/36156ca0fa3b8d9d25174f146e16beea0cf28f37adf1b9e19b6c9c279a7c9dd3?s=96&d=mm&r=g","caption":"admin"},"sameAs":["https:\/\/president-ksgov.net"]}]}},"_links":{"self":[{"href":"https:\/\/president-ksgov.net\/sr\/wp-json\/wp\/v2\/posts\/76316","targetHints":{"allow":["GET"]}}],"collection":[{"href":"https:\/\/president-ksgov.net\/sr\/wp-json\/wp\/v2\/posts"}],"about":[{"href":"https:\/\/president-ksgov.net\/sr\/wp-json\/wp\/v2\/types\/post"}],"author":[{"embeddable":true,"href":"https:\/\/president-ksgov.net\/sr\/wp-json\/wp\/v2\/users\/1"}],"replies":[{"embeddable":true,"href":"https:\/\/president-ksgov.net\/sr\/wp-json\/wp\/v2\/comments?post=76316"}],"version-history":[{"count":0,"href":"https:\/\/president-ksgov.net\/sr\/wp-json\/wp\/v2\/posts\/76316\/revisions"}],"wp:featuredmedia":[{"embeddable":true,"href":"https:\/\/president-ksgov.net\/sr\/wp-json\/wp\/v2\/media\/31229"}],"wp:attachment":[{"href":"https:\/\/president-ksgov.net\/sr\/wp-json\/wp\/v2\/media?parent=76316"}],"wp:term":[{"taxonomy":"category","embeddable":true,"href":"https:\/\/president-ksgov.net\/sr\/wp-json\/wp\/v2\/categories?post=76316"},{"taxonomy":"post_tag","embeddable":true,"href":"https:\/\/president-ksgov.net\/sr\/wp-json\/wp\/v2\/tags?post=76316"}],"curies":[{"name":"wp","href":"https:\/\/api.w.org\/{rel}","templated":true}]}}