{"id":76315,"date":"2017-02-14T11:37:24","date_gmt":"2017-02-14T11:37:24","guid":{"rendered":"https:\/\/dev.president-ksgov.net\/govor-predsednika-thaci-ja-na-regionalnoj-konferenciji-o-bezbednosti-rada-novinara\/"},"modified":"2023-03-08T09:01:39","modified_gmt":"2023-03-08T09:01:39","slug":"govor-predsednika-thaci-ja-na-regionalnoj-konferenciji-o-bezbednosti-rada-novinara","status":"publish","type":"post","link":"https:\/\/president-ksgov.net\/sr\/govor-predsednika-thaci-ja-na-regionalnoj-konferenciji-o-bezbednosti-rada-novinara\/","title":{"rendered":"Govor predsednika Tha\u00e7i-ja na Regionalnoj konferenciji o bezbednosti rada novinara"},"content":{"rendered":"<p>Po\u0161tovani ambasadore Brathu,<br \/>\nPo\u0161tovana ambasadorko Apostolova,<br \/>\nPo\u0161tovani ambasadore Fandler,<br \/>\nPo\u0161tovani ambasadore Papadopulo,<br \/>\nPo\u0161tovani predstavnici medija, civilnog dru\u0161tva,<\/p>\n<p>Dame i gospodo,<\/p>\n<p>Dozvolite mi da vam pre svega po&#382;elim dobrodo\u0161licu na Kosovo i da &ccaron;estitam misiji OEBS-a na Kosovu na organizovanju ove konferencije koja je bitna za novinarstvo na Kosovu i u regionu. <\/p>\n<p>Siguran sam da &cacute;e diskusije koje &cacute;ete voditi ovde, kao i kampanja koja &cacute;e se pokrenuti, dati jo\u0161 vi\u0161e doprinos ja&ccaron;anju profesije novinara u na\u0161em regionu. <\/p>\n<p>Dame i gospodo, <\/p>\n<p>Novinarstvo na Kosovu mo&#382;da nije najstarije po tradiciji, ali je me&dstrok;u najhrabrijim u regionu. <\/p>\n<p>Novinari na Kosovu su bili me&dstrok;u prvima koji su se anga&#382;ovali za pluralizam, demokratiju, jednakost, za ljudska prava i slobodu izra&#382;avanja. <\/p>\n<p>A od zavr\u0161etka rata na Kosovu, u&ccaron;injeni su veliki napori da e uspostavi profesionalno i ubedljivo novinarstvo i uvek u slu&#382;bi javnosti. <\/p>\n<p>Mi smo imali dve bitne okolnosti koje su rezultirale hrabrim novinarstvom. <\/p>\n<p>Prvo, na Kosovu, slobodno i dobro novinarstvo je zapo&ccaron;eto u vreme represije i aparthejda. <\/p>\n<p>Me&dstrok;u prvima koji su se suo&ccaron;ili sa represijom i naporima da se zaustavi glas koji je tra&#382;i pravdu i jednakost, bili su upravo novinari. <\/p>\n<p>U ovim okolnostima iskovala se smelost da se suo&ccaron;e sa vla\u0161&cacute;u, kakva god da je ona. <\/p>\n<p>Ali, gajile su se i vrednosti kao \u0161to je nepristrasnost, profesionalizam, marljivost na istra&#382;ivanjima i tra&#382;enju ta&ccaron;ne informacije, kao i hrabrost da se svaka informacija objavi. <\/p>\n<p>Ovo je imalo svoju cenu. <\/p>\n<p>Novinari su uvek bili na meti onih koji su nasiljem i represijom hteli da uspostave svoje politike. <\/p>\n<p>Napadani su, mu&ccaron;eni su, kidnapovani i ubijani. <\/p>\n<p>Ima jo\u0161 uvek novinara koji su nestali, jo\u0161 od rata. <\/p>\n<p>Ju&ccaron;e sam, kao predsednik Republike Kosova, preuzeo inicijativu za osnivanje Komisije za istinu i pomirenje na Kosovu. <\/p>\n<p>U okviru tra&#382;enja istine o onome \u0161to se na Kosovu dogodilo za vreme rata, radi&cacute;e se i na rasvetljavanju sudbine svakog novinara koji je trpeo u to vreme. <\/p>\n<p>Po dva, nakon rata na Kosovu smo imali veliku me&dstrok;unarodnu podr\u0161ku u izgradnji profesionalnog novinarstva uz visoke standarde. <\/p>\n<p>Bila je sama Misija OEBS-a koja je rukovodila naporima za profesionalno novinarstvo na Kosovu. <\/p>\n<p>Radilo se na obuci novinara i medija uop\u0161te, bilo u okviru studija novinarstva na Univerzitetu u Pri\u0161tini, bilo preko obuka za ve&cacute; postoje&cacute;e novinare. <\/p>\n<p>Podr&#382;ano je formiranje organizacija koje \u0161tite novinare, prava novinara, ali i organizacije koje \u0161tite samu profesiju novinara. <\/p>\n<p>Podr&#382;ano je stvaranje zakonodavstva koje \u0161titi rad novinara, kao i same novinare. <\/p>\n<p>Danas su novinari na Kosovu za\u0161ti&cacute;eni zakonom o njihovom radu. <\/p>\n<p>Ne samo da ne mogu biti ka&#382;njeni za njih rad kao novinari, ve&cacute; &ccaron;ak na Kosovu, novinari pred sudom nisu obavezni da otkriju njihove izvore. <\/p>\n<p>To je u&ccaron;injeno s ciljem da se koliko je god to mogu&cacute;e za\u0161titi kredibilitet, integritet i profesionalizam novinarstva kao profesije. <\/p>\n<p>Ali ovo ne zna&ccaron;i da novinari imaju lak posao. <\/p>\n<p>I na Kosovu se novinari i novinarstvo uop\u0161teno suo&ccaron;avaju sa pritiscima na njihov posao. <\/p>\n<p>Tekstovi o korupciji, ekstremizmu, radikalizmu, o jednakim pravima za sve zajednice, bilo da je re&ccaron; o etni&ccaron;kim zajednicama, ili o nekim drugim zajednicama, kao \u0161to je to LGBT zajednica, o najugro&#382;enijima, kako &#382;enama, tako i deci, stavljaju novinare pod direktnu pretnju i rizik. <\/p>\n<p>I u ovoj sredini, na Kosovu smo uspostavili mehanizme za za\u0161titu novinara. <\/p>\n<p>Policija Kosova je anga&#382;ovana, kako bi branila novinari, kada god je to potrebno.\u00a0 <\/p>\n<p>To se &ccaron;ini ili pru&#382;anjem pratnje i sigurnosti, ili istra&#382;ivanjem izvora pretnje i sankcionisanjem onih koji prete novinarima. <\/p>\n<p>Ovo je rezultiralo hrabrim, dinami&ccaron;nim i jakim\u00a0 novinarstvom na Kosovu. <\/p>\n<p>Dame i gospodo, <\/p>\n<p>Dozvolite mi da ka&#382;em jo\u0161 nekoliko re&ccaron;i o izazovima dana\u0161njeg novinarstva. <\/p>\n<p>I ovde Kosovo ide u korak sa svetom, dakle ne samo sa postignu&cacute;ima, ve&cacute; i sa izazovima sa kojim se danas suo&ccaron;ava. <\/p>\n<p>Glavni izazov za novinare i novinarstvo kao profesiju ne dolazi izvan, ve&cacute; se nalazu unutar profesije. <\/p>\n<p>Danas, zahvaljuju&cacute;i mogu&cacute;nostima koje pru&#382;a internet, izve\u0161tavanje i \u0161irenje vesti je postalo lak\u0161e nego ikada ranije. <\/p>\n<p>Ali, ovo je u&ccaron;inilo da u novinarsku profesiju prodru i oni novinari kojima namera nije novinarstvo, ve&cacute; im je ono cilj za ostvarivanje njihovih drugih ambicija. <\/p>\n<p>Ovo razara iznutra integritet, profesionalizam i ubedljivost novinarske profesije. <\/p>\n<p>Makar na Kosovu, danas nije izazov sloboda izra&#382;avanja novinara. <\/p>\n<p>Izazov je zloupotreba koja se &ccaron;ini slobodi izra&#382;avanja od strane onih novinara kojima novinarstvo nije profesija. <\/p>\n<p>I ovde, glavu ulogu u za\u0161titi profesije imaju sami novinari. <\/p>\n<p>Organizovani oko institucija koje su osnovane od strane predstavnika medija koji prate o&ccaron;uvanje profesionalnih standarda, sami novinari su oni koji su najvi\u0161e pozvani da brane svoju profesiju od zloupotreba. <\/p>\n<p>Nama ostalima ostaje da podr&#382;imo novinare i o&ccaron;uvanje sredine koja ceni i ocenjuje, ali i &ccaron;uva i \u0161titi profesionalno novinarstvo. <\/p>\n<p>Verujem da &cacute;ete na ovoj konferenciji prona&cacute;i odgovore za izazove dana\u0161njeg novinarstva, ne samo ovde na Kosovu, ve&cacute; i u svetu.<\/p>\n<p>Hvala vam!<\/p>\n","protected":false},"excerpt":{"rendered":"<p>Po\u0161tovani ambasadore Brathu, Po\u0161tovana ambasadorko Apostolova, Po\u0161tovani ambasadore Fandler, Po\u0161tovani ambasadore Papadopulo, Po\u0161tovani predstavnici medija, civilnog dru\u0161tva, Dame i gospodo, Dozvolite mi da vam pre svega po&#382;elim dobrodo\u0161licu na Kosovo i da &ccaron;estitam misiji OEBS-a na Kosovu na organizovanju ove konferencije koja je bitna za novinarstvo na Kosovu i u regionu. Siguran sam da &cacute;e diskusije koje &cacute;ete voditi ovde, kao i kampanja koja &cacute;e se pokrenuti, dati jo\u0161 vi\u0161e doprinos ja&ccaron;anju profesije novinara u na\u0161em regionu. Dame i gospodo, Novinarstvo na Kosovu mo&#382;da nije najstarije po tradiciji, ali je me&dstrok;u najhrabrijim u regionu. Novinari na Kosovu su bili me&dstrok;u prvima koji su se anga&#382;ovali za pluralizam, demokratiju, jednakost, za ljudska prava i slobodu izra&#382;avanja. A od zavr\u0161etka rata na Kosovu, u&ccaron;injeni su veliki napori da e uspostavi profesionalno i ubedljivo novinarstvo i uvek u slu&#382;bi javnosti. Mi smo imali dve bitne okolnosti koje su rezultirale hrabrim novinarstvom. Prvo, na Kosovu, slobodno i dobro novinarstvo je zapo&ccaron;eto u vreme represije i aparthejda. Me&dstrok;u prvima koji su se suo&ccaron;ili sa represijom i naporima da se zaustavi glas koji je tra&#382;i pravdu i jednakost, bili su upravo novinari. U ovim okolnostima iskovala se smelost da se suo&ccaron;e sa vla\u0161&cacute;u, kakva god da je ona. Ali, gajile su se i vrednosti kao \u0161to je nepristrasnost, profesionalizam, marljivost na istra&#382;ivanjima i tra&#382;enju ta&ccaron;ne informacije, kao i hrabrost da se svaka informacija objavi. Ovo je imalo svoju cenu. Novinari su uvek bili na meti onih koji su nasiljem i represijom hteli da uspostave svoje politike. Napadani su, mu&ccaron;eni su, kidnapovani i ubijani. Ima jo\u0161 uvek novinara koji su nestali, jo\u0161 od rata. Ju&ccaron;e sam, kao predsednik Republike Kosova, preuzeo inicijativu za osnivanje Komisije za istinu i pomirenje na Kosovu. U okviru tra&#382;enja istine o onome \u0161to se na Kosovu dogodilo za vreme rata, radi&cacute;e se i na rasvetljavanju sudbine svakog novinara koji je trpeo u to vreme. Po dva, nakon rata na Kosovu smo imali veliku me&dstrok;unarodnu podr\u0161ku u izgradnji profesionalnog novinarstva uz visoke standarde. Bila je sama Misija OEBS-a koja je rukovodila naporima za profesionalno novinarstvo na Kosovu. Radilo se na obuci novinara i medija uop\u0161te, bilo u okviru studija novinarstva na Univerzitetu u Pri\u0161tini, bilo preko obuka za ve&cacute; postoje&cacute;e novinare. Podr&#382;ano je formiranje organizacija koje \u0161tite novinare, prava novinara, ali i organizacije koje \u0161tite samu profesiju novinara. Podr&#382;ano je stvaranje zakonodavstva koje \u0161titi rad novinara, kao i same novinare. Danas su novinari na Kosovu za\u0161ti&cacute;eni zakonom o njihovom radu. Ne samo da ne mogu biti ka&#382;njeni za njih rad kao novinari, ve&cacute; &ccaron;ak na Kosovu, novinari pred sudom nisu obavezni da otkriju njihove izvore. To je u&ccaron;injeno s ciljem da se koliko je god to mogu&cacute;e za\u0161titi kredibilitet, integritet i profesionalizam novinarstva kao profesije. Ali ovo ne zna&ccaron;i da novinari imaju lak posao. I na Kosovu se novinari i novinarstvo uop\u0161teno suo&ccaron;avaju sa pritiscima na njihov posao. Tekstovi o korupciji, ekstremizmu, radikalizmu, o jednakim pravima za sve zajednice, bilo da je re&ccaron; o etni&ccaron;kim zajednicama, ili o nekim drugim zajednicama, kao \u0161to je to LGBT zajednica, o najugro&#382;enijima, kako &#382;enama, tako i deci, stavljaju novinare pod direktnu pretnju i rizik. I u ovoj sredini, na Kosovu smo uspostavili mehanizme za za\u0161titu novinara. Policija Kosova je anga&#382;ovana, kako bi branila novinari, kada god je to potrebno.\u00a0 To se &ccaron;ini ili pru&#382;anjem pratnje i sigurnosti, ili istra&#382;ivanjem izvora pretnje i sankcionisanjem onih koji prete novinarima. Ovo je rezultiralo hrabrim, dinami&ccaron;nim i jakim\u00a0 novinarstvom na Kosovu. Dame i gospodo, Dozvolite mi da ka&#382;em jo\u0161 nekoliko re&ccaron;i o izazovima dana\u0161njeg novinarstva. I ovde Kosovo ide u korak sa svetom, dakle ne samo sa postignu&cacute;ima, ve&cacute; i sa izazovima sa kojim se danas suo&ccaron;ava. Glavni izazov za novinare i novinarstvo kao profesiju ne dolazi izvan, ve&cacute; se nalazu unutar profesije. Danas, zahvaljuju&cacute;i mogu&cacute;nostima koje pru&#382;a internet, izve\u0161tavanje i \u0161irenje vesti je postalo lak\u0161e nego ikada ranije. Ali, ovo je u&ccaron;inilo da u novinarsku profesiju prodru i oni novinari kojima namera nije novinarstvo, ve&cacute; im je ono cilj za ostvarivanje njihovih drugih ambicija. Ovo razara iznutra integritet, profesionalizam i ubedljivost novinarske profesije. Makar na Kosovu, danas nije izazov sloboda izra&#382;avanja novinara. Izazov je zloupotreba koja se &ccaron;ini slobodi izra&#382;avanja od strane onih novinara kojima novinarstvo nije profesija. I ovde, glavu ulogu u za\u0161titi profesije imaju sami novinari. Organizovani oko institucija koje su osnovane od strane predstavnika medija koji prate o&ccaron;uvanje profesionalnih standarda, sami novinari su oni koji su najvi\u0161e pozvani da brane svoju profesiju od zloupotreba. Nama ostalima ostaje da podr&#382;imo novinare i o&ccaron;uvanje sredine koja ceni i ocenjuje, ali i &ccaron;uva i \u0161titi profesionalno novinarstvo. Verujem da &cacute;ete na ovoj konferenciji prona&cacute;i odgovore za izazove dana\u0161njeg novinarstva, ne samo ovde na Kosovu, ve&cacute; i u svetu. Hvala vam!<\/p>\n","protected":false},"author":1,"featured_media":31225,"comment_status":"open","ping_status":"closed","sticky":false,"template":"","format":"standard","meta":{"_eb_attr":"","footnotes":""},"categories":[106],"tags":[],"class_list":["post-76315","post","type-post","status-publish","format-standard","has-post-thumbnail","hentry","category-govori"],"yoast_head":"<!-- This site is optimized with the Yoast SEO plugin v23.5 - https:\/\/yoast.com\/wordpress\/plugins\/seo\/ -->\n<title>Govor predsednika Tha\u00e7i-ja na Regionalnoj konferenciji o bezbednosti rada novinara - Predsednik Republike Kosovo - DR. VJOSA OSMANI - SADRIU<\/title>\n<meta name=\"description\" content=\"Govor predsednika Tha\u00e7i-ja na Regionalnoj konferenciji o bezbednosti rada novinara - Predsednik Republike Kosovo - DR. VJOSA OSMANI - SADRIU -\" \/>\n<meta name=\"robots\" content=\"index, follow, max-snippet:-1, max-image-preview:large, max-video-preview:-1\" \/>\n<link rel=\"canonical\" href=\"https:\/\/president-ksgov.net\/sr\/govor-predsednika-thaci-ja-na-regionalnoj-konferenciji-o-bezbednosti-rada-novinara\/\" \/>\n<meta property=\"og:locale\" content=\"sr_RS\" \/>\n<meta property=\"og:type\" content=\"article\" \/>\n<meta property=\"og:title\" content=\"Govor predsednika Tha\u00e7i-ja na Regionalnoj konferenciji o bezbednosti rada novinara - Predsednik Republike Kosovo - DR. VJOSA OSMANI - SADRIU\" \/>\n<meta property=\"og:description\" content=\"Govor predsednika Tha\u00e7i-ja na Regionalnoj konferenciji o bezbednosti rada novinara - Predsednik Republike Kosovo - DR. VJOSA OSMANI - SADRIU -\" \/>\n<meta property=\"og:url\" content=\"https:\/\/president-ksgov.net\/sr\/govor-predsednika-thaci-ja-na-regionalnoj-konferenciji-o-bezbednosti-rada-novinara\/\" \/>\n<meta property=\"og:site_name\" content=\"Predsednik Republike Kosovo - DR. VJOSA OSMANI - SADRIU\" \/>\n<meta property=\"article:published_time\" content=\"2017-02-14T11:37:24+00:00\" \/>\n<meta property=\"article:modified_time\" content=\"2023-03-08T09:01:39+00:00\" \/>\n<meta property=\"og:image\" content=\"https:\/\/president-ksgov.net\/wp-content\/uploads\/14_02_2017_5776666_G_01.jpg\" \/>\n\t<meta property=\"og:image:width\" content=\"2400\" \/>\n\t<meta property=\"og:image:height\" content=\"1600\" \/>\n\t<meta property=\"og:image:type\" content=\"image\/jpeg\" \/>\n<meta name=\"author\" content=\"admin\" \/>\n<meta name=\"twitter:card\" content=\"summary_large_image\" \/>\n<meta name=\"twitter:label1\" content=\"\u041d\u0430\u043f\u0438\u0441\u0430\u043d\u043e \u043e\u0434\" \/>\n\t<meta name=\"twitter:data1\" content=\"admin\" \/>\n\t<meta name=\"twitter:label2\" content=\"\u041f\u0440\u043e\u0446\u0435\u045a\u0435\u043d\u043e \u0432\u0440\u0435\u043c\u0435 \u0447\u0438\u0442\u0430\u045a\u0430\" \/>\n\t<meta name=\"twitter:data2\" content=\"5 \u043c\u0438\u043d\u0443\u0442\u0430\" \/>\n<script type=\"application\/ld+json\" class=\"yoast-schema-graph\">{\"@context\":\"https:\/\/schema.org\",\"@graph\":[{\"@type\":\"WebPage\",\"@id\":\"https:\/\/president-ksgov.net\/sr\/govor-predsednika-thaci-ja-na-regionalnoj-konferenciji-o-bezbednosti-rada-novinara\/\",\"url\":\"https:\/\/president-ksgov.net\/sr\/govor-predsednika-thaci-ja-na-regionalnoj-konferenciji-o-bezbednosti-rada-novinara\/\",\"name\":\"Govor predsednika Tha\u00e7i-ja na Regionalnoj konferenciji o bezbednosti rada novinara - Predsednik Republike Kosovo - DR. VJOSA OSMANI - SADRIU\",\"isPartOf\":{\"@id\":\"https:\/\/president-ksgov.net\/#website\"},\"primaryImageOfPage\":{\"@id\":\"https:\/\/president-ksgov.net\/sr\/govor-predsednika-thaci-ja-na-regionalnoj-konferenciji-o-bezbednosti-rada-novinara\/#primaryimage\"},\"image\":{\"@id\":\"https:\/\/president-ksgov.net\/sr\/govor-predsednika-thaci-ja-na-regionalnoj-konferenciji-o-bezbednosti-rada-novinara\/#primaryimage\"},\"thumbnailUrl\":\"https:\/\/president-ksgov.net\/wp-content\/uploads\/14_02_2017_5776666_G_01.jpg\",\"datePublished\":\"2017-02-14T11:37:24+00:00\",\"dateModified\":\"2023-03-08T09:01:39+00:00\",\"author\":{\"@id\":\"https:\/\/president-ksgov.net\/#\/schema\/person\/bb4337a5fb147cb2046d80548172cbee\"},\"description\":\"Govor predsednika Tha\u00e7i-ja na Regionalnoj konferenciji o bezbednosti rada novinara - Predsednik Republike Kosovo - DR. VJOSA OSMANI - SADRIU -\",\"breadcrumb\":{\"@id\":\"https:\/\/president-ksgov.net\/sr\/govor-predsednika-thaci-ja-na-regionalnoj-konferenciji-o-bezbednosti-rada-novinara\/#breadcrumb\"},\"inLanguage\":\"sr-RS\",\"potentialAction\":[{\"@type\":\"ReadAction\",\"target\":[\"https:\/\/president-ksgov.net\/sr\/govor-predsednika-thaci-ja-na-regionalnoj-konferenciji-o-bezbednosti-rada-novinara\/\"]}]},{\"@type\":\"ImageObject\",\"inLanguage\":\"sr-RS\",\"@id\":\"https:\/\/president-ksgov.net\/sr\/govor-predsednika-thaci-ja-na-regionalnoj-konferenciji-o-bezbednosti-rada-novinara\/#primaryimage\",\"url\":\"https:\/\/president-ksgov.net\/wp-content\/uploads\/14_02_2017_5776666_G_01.jpg\",\"contentUrl\":\"https:\/\/president-ksgov.net\/wp-content\/uploads\/14_02_2017_5776666_G_01.jpg\",\"width\":2400,\"height\":1600},{\"@type\":\"BreadcrumbList\",\"@id\":\"https:\/\/president-ksgov.net\/sr\/govor-predsednika-thaci-ja-na-regionalnoj-konferenciji-o-bezbednosti-rada-novinara\/#breadcrumb\",\"itemListElement\":[{\"@type\":\"ListItem\",\"position\":1,\"name\":\"Home\",\"item\":\"https:\/\/president-ksgov.net\/sr\/\"},{\"@type\":\"ListItem\",\"position\":2,\"name\":\"Govor predsednika Tha\u00e7i-ja na Regionalnoj konferenciji o bezbednosti rada novinara\"}]},{\"@type\":\"WebSite\",\"@id\":\"https:\/\/president-ksgov.net\/#website\",\"url\":\"https:\/\/president-ksgov.net\/\",\"name\":\"Presidente e Republik\u00ebs s\u00eb Kosov\u00ebs\",\"description\":\"Presidente e Republik\u00ebs s\u00eb Kosov\u00ebs\",\"alternateName\":\"DR. VJOSA OSMANI - SADRIU\",\"potentialAction\":[{\"@type\":\"SearchAction\",\"target\":{\"@type\":\"EntryPoint\",\"urlTemplate\":\"https:\/\/president-ksgov.net\/?s={search_term_string}\"},\"query-input\":{\"@type\":\"PropertyValueSpecification\",\"valueRequired\":true,\"valueName\":\"search_term_string\"}}],\"inLanguage\":\"sr-RS\"},{\"@type\":\"Person\",\"@id\":\"https:\/\/president-ksgov.net\/#\/schema\/person\/bb4337a5fb147cb2046d80548172cbee\",\"name\":\"admin\",\"image\":{\"@type\":\"ImageObject\",\"inLanguage\":\"sr-RS\",\"@id\":\"https:\/\/president-ksgov.net\/#\/schema\/person\/image\/\",\"url\":\"https:\/\/secure.gravatar.com\/avatar\/36156ca0fa3b8d9d25174f146e16beea0cf28f37adf1b9e19b6c9c279a7c9dd3?s=96&d=mm&r=g\",\"contentUrl\":\"https:\/\/secure.gravatar.com\/avatar\/36156ca0fa3b8d9d25174f146e16beea0cf28f37adf1b9e19b6c9c279a7c9dd3?s=96&d=mm&r=g\",\"caption\":\"admin\"},\"sameAs\":[\"https:\/\/president-ksgov.net\"]}]}<\/script>\n<!-- \/ Yoast SEO plugin. -->","yoast_head_json":{"title":"Govor predsednika Tha\u00e7i-ja na Regionalnoj konferenciji o bezbednosti rada novinara - Predsednik Republike Kosovo - DR. VJOSA OSMANI - SADRIU","description":"Govor predsednika Tha\u00e7i-ja na Regionalnoj konferenciji o bezbednosti rada novinara - Predsednik Republike Kosovo - DR. VJOSA OSMANI - SADRIU -","robots":{"index":"index","follow":"follow","max-snippet":"max-snippet:-1","max-image-preview":"max-image-preview:large","max-video-preview":"max-video-preview:-1"},"canonical":"https:\/\/president-ksgov.net\/sr\/govor-predsednika-thaci-ja-na-regionalnoj-konferenciji-o-bezbednosti-rada-novinara\/","og_locale":"sr_RS","og_type":"article","og_title":"Govor predsednika Tha\u00e7i-ja na Regionalnoj konferenciji o bezbednosti rada novinara - Predsednik Republike Kosovo - DR. VJOSA OSMANI - SADRIU","og_description":"Govor predsednika Tha\u00e7i-ja na Regionalnoj konferenciji o bezbednosti rada novinara - Predsednik Republike Kosovo - DR. VJOSA OSMANI - SADRIU -","og_url":"https:\/\/president-ksgov.net\/sr\/govor-predsednika-thaci-ja-na-regionalnoj-konferenciji-o-bezbednosti-rada-novinara\/","og_site_name":"Predsednik Republike Kosovo - DR. VJOSA OSMANI - SADRIU","article_published_time":"2017-02-14T11:37:24+00:00","article_modified_time":"2023-03-08T09:01:39+00:00","og_image":[{"width":2400,"height":1600,"url":"https:\/\/president-ksgov.net\/wp-content\/uploads\/14_02_2017_5776666_G_01.jpg","type":"image\/jpeg"}],"author":"admin","twitter_card":"summary_large_image","twitter_misc":{"\u041d\u0430\u043f\u0438\u0441\u0430\u043d\u043e \u043e\u0434":"admin","\u041f\u0440\u043e\u0446\u0435\u045a\u0435\u043d\u043e \u0432\u0440\u0435\u043c\u0435 \u0447\u0438\u0442\u0430\u045a\u0430":"5 \u043c\u0438\u043d\u0443\u0442\u0430"},"schema":{"@context":"https:\/\/schema.org","@graph":[{"@type":"WebPage","@id":"https:\/\/president-ksgov.net\/sr\/govor-predsednika-thaci-ja-na-regionalnoj-konferenciji-o-bezbednosti-rada-novinara\/","url":"https:\/\/president-ksgov.net\/sr\/govor-predsednika-thaci-ja-na-regionalnoj-konferenciji-o-bezbednosti-rada-novinara\/","name":"Govor predsednika Tha\u00e7i-ja na Regionalnoj konferenciji o bezbednosti rada novinara - Predsednik Republike Kosovo - DR. VJOSA OSMANI - SADRIU","isPartOf":{"@id":"https:\/\/president-ksgov.net\/#website"},"primaryImageOfPage":{"@id":"https:\/\/president-ksgov.net\/sr\/govor-predsednika-thaci-ja-na-regionalnoj-konferenciji-o-bezbednosti-rada-novinara\/#primaryimage"},"image":{"@id":"https:\/\/president-ksgov.net\/sr\/govor-predsednika-thaci-ja-na-regionalnoj-konferenciji-o-bezbednosti-rada-novinara\/#primaryimage"},"thumbnailUrl":"https:\/\/president-ksgov.net\/wp-content\/uploads\/14_02_2017_5776666_G_01.jpg","datePublished":"2017-02-14T11:37:24+00:00","dateModified":"2023-03-08T09:01:39+00:00","author":{"@id":"https:\/\/president-ksgov.net\/#\/schema\/person\/bb4337a5fb147cb2046d80548172cbee"},"description":"Govor predsednika Tha\u00e7i-ja na Regionalnoj konferenciji o bezbednosti rada novinara - Predsednik Republike Kosovo - DR. VJOSA OSMANI - SADRIU -","breadcrumb":{"@id":"https:\/\/president-ksgov.net\/sr\/govor-predsednika-thaci-ja-na-regionalnoj-konferenciji-o-bezbednosti-rada-novinara\/#breadcrumb"},"inLanguage":"sr-RS","potentialAction":[{"@type":"ReadAction","target":["https:\/\/president-ksgov.net\/sr\/govor-predsednika-thaci-ja-na-regionalnoj-konferenciji-o-bezbednosti-rada-novinara\/"]}]},{"@type":"ImageObject","inLanguage":"sr-RS","@id":"https:\/\/president-ksgov.net\/sr\/govor-predsednika-thaci-ja-na-regionalnoj-konferenciji-o-bezbednosti-rada-novinara\/#primaryimage","url":"https:\/\/president-ksgov.net\/wp-content\/uploads\/14_02_2017_5776666_G_01.jpg","contentUrl":"https:\/\/president-ksgov.net\/wp-content\/uploads\/14_02_2017_5776666_G_01.jpg","width":2400,"height":1600},{"@type":"BreadcrumbList","@id":"https:\/\/president-ksgov.net\/sr\/govor-predsednika-thaci-ja-na-regionalnoj-konferenciji-o-bezbednosti-rada-novinara\/#breadcrumb","itemListElement":[{"@type":"ListItem","position":1,"name":"Home","item":"https:\/\/president-ksgov.net\/sr\/"},{"@type":"ListItem","position":2,"name":"Govor predsednika Tha\u00e7i-ja na Regionalnoj konferenciji o bezbednosti rada novinara"}]},{"@type":"WebSite","@id":"https:\/\/president-ksgov.net\/#website","url":"https:\/\/president-ksgov.net\/","name":"Presidente e Republik\u00ebs s\u00eb Kosov\u00ebs","description":"Presidente e Republik\u00ebs s\u00eb Kosov\u00ebs","alternateName":"DR. VJOSA OSMANI - SADRIU","potentialAction":[{"@type":"SearchAction","target":{"@type":"EntryPoint","urlTemplate":"https:\/\/president-ksgov.net\/?s={search_term_string}"},"query-input":{"@type":"PropertyValueSpecification","valueRequired":true,"valueName":"search_term_string"}}],"inLanguage":"sr-RS"},{"@type":"Person","@id":"https:\/\/president-ksgov.net\/#\/schema\/person\/bb4337a5fb147cb2046d80548172cbee","name":"admin","image":{"@type":"ImageObject","inLanguage":"sr-RS","@id":"https:\/\/president-ksgov.net\/#\/schema\/person\/image\/","url":"https:\/\/secure.gravatar.com\/avatar\/36156ca0fa3b8d9d25174f146e16beea0cf28f37adf1b9e19b6c9c279a7c9dd3?s=96&d=mm&r=g","contentUrl":"https:\/\/secure.gravatar.com\/avatar\/36156ca0fa3b8d9d25174f146e16beea0cf28f37adf1b9e19b6c9c279a7c9dd3?s=96&d=mm&r=g","caption":"admin"},"sameAs":["https:\/\/president-ksgov.net"]}]}},"_links":{"self":[{"href":"https:\/\/president-ksgov.net\/sr\/wp-json\/wp\/v2\/posts\/76315","targetHints":{"allow":["GET"]}}],"collection":[{"href":"https:\/\/president-ksgov.net\/sr\/wp-json\/wp\/v2\/posts"}],"about":[{"href":"https:\/\/president-ksgov.net\/sr\/wp-json\/wp\/v2\/types\/post"}],"author":[{"embeddable":true,"href":"https:\/\/president-ksgov.net\/sr\/wp-json\/wp\/v2\/users\/1"}],"replies":[{"embeddable":true,"href":"https:\/\/president-ksgov.net\/sr\/wp-json\/wp\/v2\/comments?post=76315"}],"version-history":[{"count":1,"href":"https:\/\/president-ksgov.net\/sr\/wp-json\/wp\/v2\/posts\/76315\/revisions"}],"predecessor-version":[{"id":81554,"href":"https:\/\/president-ksgov.net\/sr\/wp-json\/wp\/v2\/posts\/76315\/revisions\/81554"}],"wp:featuredmedia":[{"embeddable":true,"href":"https:\/\/president-ksgov.net\/sr\/wp-json\/wp\/v2\/media\/31225"}],"wp:attachment":[{"href":"https:\/\/president-ksgov.net\/sr\/wp-json\/wp\/v2\/media?parent=76315"}],"wp:term":[{"taxonomy":"category","embeddable":true,"href":"https:\/\/president-ksgov.net\/sr\/wp-json\/wp\/v2\/categories?post=76315"},{"taxonomy":"post_tag","embeddable":true,"href":"https:\/\/president-ksgov.net\/sr\/wp-json\/wp\/v2\/tags?post=76315"}],"curies":[{"name":"wp","href":"https:\/\/api.w.org\/{rel}","templated":true}]}}