{"id":76310,"date":"2017-02-16T13:10:56","date_gmt":"2017-02-16T13:10:56","guid":{"rendered":"https:\/\/dev.president-ksgov.net\/predsednik-thaci-kosovo-posveeno-neometanom-kretanju-u-regionu\/"},"modified":"2017-02-16T13:10:56","modified_gmt":"2017-02-16T13:10:56","slug":"predsednik-thaci-kosovo-posveeno-neometanom-kretanju-u-regionu","status":"publish","type":"post","link":"https:\/\/president-ksgov.net\/sr\/predsednik-thaci-kosovo-posveeno-neometanom-kretanju-u-regionu\/","title":{"rendered":"Predsednik Tha\u00e7i: Kosovo posve&cacute;eno neometanom kretanju u regionu"},"content":{"rendered":"<p>Merdare, 16. februar 2017. godine \u2013 Predsednik zemlje, Hashim Tha\u00e7i je, zajedno sa premijerom Mustafa i \u0161eficom Kancelarije EU na Kosovu, Nataliya Apostolova, danas postavio kamen temeljac na novom grani&ccaron;nom prelazu izme&dstrok;u Kosova i Srbije na Merdaru.<\/p>\n<p>Predsednik Tha\u00e7i je rekao da je ovaj grani&ccaron;ni prelaz samo jedan od \u0161est stalnih grani&ccaron;nih prelaza Integrisanog upravljanja granicama, koji &cacute;e se izgraditi u okviru \u0161irokog projekta izme&dstrok;u Kosova i Srbije.<\/p>\n<p>\u201eMi ovako ne samo da ispunjavamo evropske standarde, ve&cacute; i smanjujemo prostor za pojave kao \u0161to je neformalna ekonomija\u201c, rekao je predsednik Tha\u00e7i.<\/p>\n<p>Tokom svih ovih godina, predsednik Tha\u00e7i je rekao da je Kosovo uvek bilo posve&cacute;eno dijalogu, dobrom susedstvu, saradnji u slu&#382;bi gra&dstrok;ana, u slu&#382;bi razvoja mira u regionu.<\/p>\n<p>\u201eKosovske institucije su bile i ostaju posve&cacute;ene olak\u0161avanju kretanja ljudi i robe. Ne samo unutar Kosova, ve&cacute; i u susednim dr&#382;avama, u ovom slu&ccaron;aju u Srbiji\u201c, rekao je on.<\/p>\n<p>Postavljanje ovog kamena temeljca na Merdaru, radi izgradnje grani&ccaron;nog prelaza izme&dstrok;u Srbije i Kosova, predsednik Tha\u00e7i je naglasio da je jo\u0161 jedan dokaz o potrebnom putu koji smo pratili preko dijaloga.<\/p>\n<p>\u201ePratili smo put saradnje i dijaloga za dobrobit gra&dstrok;ana, put izgradnje mostova i novih prelaza\u201c, rekao je predsednik Tha\u00e7i.<\/p>\n<p>On je rekao da je Kosovo uvek po\u0161tovalo slobodu kretanja ljudi, vozila i robe.<\/p>\n<p>S tim ciljem, predsednik Tha\u00e7i je istakao da su postignuti sporazumi koji omogu&cacute;avaju prelazak granice samo uz li&ccaron;ne karte, kako bi se svi gra&dstrok;ani u regionu neometano kretali.<\/p>\n<p>\u201eNovi kanali prelaza na\u0161ih gra&dstrok;ana, Albanaca i Srba, ali i na\u0161ih zemljaka, stvaraju se zahvaljuju&cacute;i sporazumima u okviru dijaloga u Briselu\u201c, rekao je predsednik Tha\u00e7i.<\/p>\n<p>\u0160ef dr&#382;ave se zahvalio Kancelariji Evropske unije na Kosovu na finansijskoj podr\u0161ci i UNOPS-u kao\u00a0 izvr\u0161nom partneru EU, kao i ministarki za dijalog, Editi Tahiri, na izvr\u0161enom poslu.<\/p>\n<p>Predsednik\u00a0 je rekao da dijalogom i saradnjom, sve vi\u0161e ja&ccaron;amo na\u0161 identitet, suverenost, ali i dr&#382;avnu subjektivnost.<\/p>\n<p>On je istakao da su dijalog i saradnja jedini put napred za ceo Zapadni Balkan.<\/p>\n","protected":false},"excerpt":{"rendered":"<p>Merdare, 16. februar 2017. godine \u2013 Predsednik zemlje, Hashim Tha\u00e7i je, zajedno sa premijerom Mustafa i \u0161eficom Kancelarije EU na Kosovu, Nataliya Apostolova, danas postavio kamen temeljac na novom grani&ccaron;nom prelazu izme&dstrok;u Kosova i Srbije na Merdaru.<\/p>\n","protected":false},"author":1,"featured_media":31175,"comment_status":"open","ping_status":"closed","sticky":false,"template":"","format":"standard","meta":{"_eb_attr":"","footnotes":""},"categories":[101],"tags":[],"class_list":["post-76310","post","type-post","status-publish","format-standard","has-post-thumbnail","hentry","category-vesti"],"yoast_head":"<!-- This site is optimized with the Yoast SEO plugin v23.5 - https:\/\/yoast.com\/wordpress\/plugins\/seo\/ -->\n<title>Predsednik Tha\u00e7i: Kosovo posve&amp;cacute;eno neometanom kretanju u regionu - Predsednik Republike Kosovo - DR. VJOSA OSMANI - SADRIU<\/title>\n<meta name=\"description\" content=\"Predsednik Tha\u00e7i: Kosovo posve&amp;cacute;eno neometanom kretanju u regionu - Predsednik Republike Kosovo - DR. VJOSA OSMANI - SADRIU -\" \/>\n<meta name=\"robots\" content=\"index, follow, max-snippet:-1, max-image-preview:large, max-video-preview:-1\" \/>\n<link rel=\"canonical\" href=\"https:\/\/president-ksgov.net\/sr\/predsednik-thaci-kosovo-posveeno-neometanom-kretanju-u-regionu\/\" \/>\n<meta property=\"og:locale\" content=\"sr_RS\" \/>\n<meta property=\"og:type\" content=\"article\" \/>\n<meta property=\"og:title\" content=\"Predsednik Tha\u00e7i: Kosovo posve&amp;cacute;eno neometanom kretanju u regionu - Predsednik Republike Kosovo - DR. VJOSA OSMANI - SADRIU\" \/>\n<meta property=\"og:description\" content=\"Predsednik Tha\u00e7i: Kosovo posve&amp;cacute;eno neometanom kretanju u regionu - Predsednik Republike Kosovo - DR. VJOSA OSMANI - SADRIU -\" \/>\n<meta property=\"og:url\" content=\"https:\/\/president-ksgov.net\/sr\/predsednik-thaci-kosovo-posveeno-neometanom-kretanju-u-regionu\/\" \/>\n<meta property=\"og:site_name\" content=\"Predsednik Republike Kosovo - DR. VJOSA OSMANI - SADRIU\" \/>\n<meta property=\"article:published_time\" content=\"2017-02-16T13:10:56+00:00\" \/>\n<meta property=\"og:image\" content=\"https:\/\/president-ksgov.net\/wp-content\/uploads\/16_02_2017_7525258_m_01.jpg\" \/>\n\t<meta property=\"og:image:width\" content=\"2400\" \/>\n\t<meta property=\"og:image:height\" content=\"1600\" \/>\n\t<meta property=\"og:image:type\" content=\"image\/jpeg\" \/>\n<meta name=\"author\" content=\"admin\" \/>\n<meta name=\"twitter:card\" content=\"summary_large_image\" \/>\n<meta name=\"twitter:label1\" content=\"\u041d\u0430\u043f\u0438\u0441\u0430\u043d\u043e \u043e\u0434\" \/>\n\t<meta name=\"twitter:data1\" content=\"admin\" \/>\n\t<meta name=\"twitter:label2\" content=\"\u041f\u0440\u043e\u0446\u0435\u045a\u0435\u043d\u043e \u0432\u0440\u0435\u043c\u0435 \u0447\u0438\u0442\u0430\u045a\u0430\" \/>\n\t<meta name=\"twitter:data2\" content=\"2 \u043c\u0438\u043d\u0443\u0442\u0430\" \/>\n<script type=\"application\/ld+json\" class=\"yoast-schema-graph\">{\"@context\":\"https:\/\/schema.org\",\"@graph\":[{\"@type\":\"WebPage\",\"@id\":\"https:\/\/president-ksgov.net\/sr\/predsednik-thaci-kosovo-posveeno-neometanom-kretanju-u-regionu\/\",\"url\":\"https:\/\/president-ksgov.net\/sr\/predsednik-thaci-kosovo-posveeno-neometanom-kretanju-u-regionu\/\",\"name\":\"Predsednik Tha\u00e7i: Kosovo posve&cacute;eno neometanom kretanju u regionu - Predsednik Republike Kosovo - DR. VJOSA OSMANI - SADRIU\",\"isPartOf\":{\"@id\":\"https:\/\/president-ksgov.net\/#website\"},\"primaryImageOfPage\":{\"@id\":\"https:\/\/president-ksgov.net\/sr\/predsednik-thaci-kosovo-posveeno-neometanom-kretanju-u-regionu\/#primaryimage\"},\"image\":{\"@id\":\"https:\/\/president-ksgov.net\/sr\/predsednik-thaci-kosovo-posveeno-neometanom-kretanju-u-regionu\/#primaryimage\"},\"thumbnailUrl\":\"https:\/\/president-ksgov.net\/wp-content\/uploads\/16_02_2017_7525258_m_01.jpg\",\"datePublished\":\"2017-02-16T13:10:56+00:00\",\"dateModified\":\"2017-02-16T13:10:56+00:00\",\"author\":{\"@id\":\"https:\/\/president-ksgov.net\/#\/schema\/person\/bb4337a5fb147cb2046d80548172cbee\"},\"description\":\"Predsednik Tha\u00e7i: Kosovo posve&cacute;eno neometanom kretanju u regionu - Predsednik Republike Kosovo - DR. VJOSA OSMANI - SADRIU -\",\"breadcrumb\":{\"@id\":\"https:\/\/president-ksgov.net\/sr\/predsednik-thaci-kosovo-posveeno-neometanom-kretanju-u-regionu\/#breadcrumb\"},\"inLanguage\":\"sr-RS\",\"potentialAction\":[{\"@type\":\"ReadAction\",\"target\":[\"https:\/\/president-ksgov.net\/sr\/predsednik-thaci-kosovo-posveeno-neometanom-kretanju-u-regionu\/\"]}]},{\"@type\":\"ImageObject\",\"inLanguage\":\"sr-RS\",\"@id\":\"https:\/\/president-ksgov.net\/sr\/predsednik-thaci-kosovo-posveeno-neometanom-kretanju-u-regionu\/#primaryimage\",\"url\":\"https:\/\/president-ksgov.net\/wp-content\/uploads\/16_02_2017_7525258_m_01.jpg\",\"contentUrl\":\"https:\/\/president-ksgov.net\/wp-content\/uploads\/16_02_2017_7525258_m_01.jpg\",\"width\":2400,\"height\":1600},{\"@type\":\"BreadcrumbList\",\"@id\":\"https:\/\/president-ksgov.net\/sr\/predsednik-thaci-kosovo-posveeno-neometanom-kretanju-u-regionu\/#breadcrumb\",\"itemListElement\":[{\"@type\":\"ListItem\",\"position\":1,\"name\":\"Home\",\"item\":\"https:\/\/president-ksgov.net\/sr\/\"},{\"@type\":\"ListItem\",\"position\":2,\"name\":\"Predsednik Tha\u00e7i: Kosovo posve&cacute;eno neometanom kretanju u regionu\"}]},{\"@type\":\"WebSite\",\"@id\":\"https:\/\/president-ksgov.net\/#website\",\"url\":\"https:\/\/president-ksgov.net\/\",\"name\":\"Presidente e Republik\u00ebs s\u00eb Kosov\u00ebs\",\"description\":\"Presidente e Republik\u00ebs s\u00eb Kosov\u00ebs\",\"alternateName\":\"DR. VJOSA OSMANI - SADRIU\",\"potentialAction\":[{\"@type\":\"SearchAction\",\"target\":{\"@type\":\"EntryPoint\",\"urlTemplate\":\"https:\/\/president-ksgov.net\/?s={search_term_string}\"},\"query-input\":{\"@type\":\"PropertyValueSpecification\",\"valueRequired\":true,\"valueName\":\"search_term_string\"}}],\"inLanguage\":\"sr-RS\"},{\"@type\":\"Person\",\"@id\":\"https:\/\/president-ksgov.net\/#\/schema\/person\/bb4337a5fb147cb2046d80548172cbee\",\"name\":\"admin\",\"image\":{\"@type\":\"ImageObject\",\"inLanguage\":\"sr-RS\",\"@id\":\"https:\/\/president-ksgov.net\/#\/schema\/person\/image\/\",\"url\":\"https:\/\/secure.gravatar.com\/avatar\/36156ca0fa3b8d9d25174f146e16beea0cf28f37adf1b9e19b6c9c279a7c9dd3?s=96&d=mm&r=g\",\"contentUrl\":\"https:\/\/secure.gravatar.com\/avatar\/36156ca0fa3b8d9d25174f146e16beea0cf28f37adf1b9e19b6c9c279a7c9dd3?s=96&d=mm&r=g\",\"caption\":\"admin\"},\"sameAs\":[\"https:\/\/president-ksgov.net\"]}]}<\/script>\n<!-- \/ Yoast SEO plugin. -->","yoast_head_json":{"title":"Predsednik Tha\u00e7i: Kosovo posve&cacute;eno neometanom kretanju u regionu - Predsednik Republike Kosovo - DR. VJOSA OSMANI - SADRIU","description":"Predsednik Tha\u00e7i: Kosovo posve&cacute;eno neometanom kretanju u regionu - Predsednik Republike Kosovo - DR. VJOSA OSMANI - SADRIU -","robots":{"index":"index","follow":"follow","max-snippet":"max-snippet:-1","max-image-preview":"max-image-preview:large","max-video-preview":"max-video-preview:-1"},"canonical":"https:\/\/president-ksgov.net\/sr\/predsednik-thaci-kosovo-posveeno-neometanom-kretanju-u-regionu\/","og_locale":"sr_RS","og_type":"article","og_title":"Predsednik Tha\u00e7i: Kosovo posve&cacute;eno neometanom kretanju u regionu - Predsednik Republike Kosovo - DR. VJOSA OSMANI - SADRIU","og_description":"Predsednik Tha\u00e7i: Kosovo posve&cacute;eno neometanom kretanju u regionu - Predsednik Republike Kosovo - DR. VJOSA OSMANI - SADRIU -","og_url":"https:\/\/president-ksgov.net\/sr\/predsednik-thaci-kosovo-posveeno-neometanom-kretanju-u-regionu\/","og_site_name":"Predsednik Republike Kosovo - DR. VJOSA OSMANI - SADRIU","article_published_time":"2017-02-16T13:10:56+00:00","og_image":[{"width":2400,"height":1600,"url":"https:\/\/president-ksgov.net\/wp-content\/uploads\/16_02_2017_7525258_m_01.jpg","type":"image\/jpeg"}],"author":"admin","twitter_card":"summary_large_image","twitter_misc":{"\u041d\u0430\u043f\u0438\u0441\u0430\u043d\u043e \u043e\u0434":"admin","\u041f\u0440\u043e\u0446\u0435\u045a\u0435\u043d\u043e \u0432\u0440\u0435\u043c\u0435 \u0447\u0438\u0442\u0430\u045a\u0430":"2 \u043c\u0438\u043d\u0443\u0442\u0430"},"schema":{"@context":"https:\/\/schema.org","@graph":[{"@type":"WebPage","@id":"https:\/\/president-ksgov.net\/sr\/predsednik-thaci-kosovo-posveeno-neometanom-kretanju-u-regionu\/","url":"https:\/\/president-ksgov.net\/sr\/predsednik-thaci-kosovo-posveeno-neometanom-kretanju-u-regionu\/","name":"Predsednik Tha\u00e7i: Kosovo posve&cacute;eno neometanom kretanju u regionu - Predsednik Republike Kosovo - DR. VJOSA OSMANI - SADRIU","isPartOf":{"@id":"https:\/\/president-ksgov.net\/#website"},"primaryImageOfPage":{"@id":"https:\/\/president-ksgov.net\/sr\/predsednik-thaci-kosovo-posveeno-neometanom-kretanju-u-regionu\/#primaryimage"},"image":{"@id":"https:\/\/president-ksgov.net\/sr\/predsednik-thaci-kosovo-posveeno-neometanom-kretanju-u-regionu\/#primaryimage"},"thumbnailUrl":"https:\/\/president-ksgov.net\/wp-content\/uploads\/16_02_2017_7525258_m_01.jpg","datePublished":"2017-02-16T13:10:56+00:00","dateModified":"2017-02-16T13:10:56+00:00","author":{"@id":"https:\/\/president-ksgov.net\/#\/schema\/person\/bb4337a5fb147cb2046d80548172cbee"},"description":"Predsednik Tha\u00e7i: Kosovo posve&cacute;eno neometanom kretanju u regionu - Predsednik Republike Kosovo - DR. VJOSA OSMANI - SADRIU -","breadcrumb":{"@id":"https:\/\/president-ksgov.net\/sr\/predsednik-thaci-kosovo-posveeno-neometanom-kretanju-u-regionu\/#breadcrumb"},"inLanguage":"sr-RS","potentialAction":[{"@type":"ReadAction","target":["https:\/\/president-ksgov.net\/sr\/predsednik-thaci-kosovo-posveeno-neometanom-kretanju-u-regionu\/"]}]},{"@type":"ImageObject","inLanguage":"sr-RS","@id":"https:\/\/president-ksgov.net\/sr\/predsednik-thaci-kosovo-posveeno-neometanom-kretanju-u-regionu\/#primaryimage","url":"https:\/\/president-ksgov.net\/wp-content\/uploads\/16_02_2017_7525258_m_01.jpg","contentUrl":"https:\/\/president-ksgov.net\/wp-content\/uploads\/16_02_2017_7525258_m_01.jpg","width":2400,"height":1600},{"@type":"BreadcrumbList","@id":"https:\/\/president-ksgov.net\/sr\/predsednik-thaci-kosovo-posveeno-neometanom-kretanju-u-regionu\/#breadcrumb","itemListElement":[{"@type":"ListItem","position":1,"name":"Home","item":"https:\/\/president-ksgov.net\/sr\/"},{"@type":"ListItem","position":2,"name":"Predsednik Tha\u00e7i: Kosovo posve&cacute;eno neometanom kretanju u regionu"}]},{"@type":"WebSite","@id":"https:\/\/president-ksgov.net\/#website","url":"https:\/\/president-ksgov.net\/","name":"Presidente e Republik\u00ebs s\u00eb Kosov\u00ebs","description":"Presidente e Republik\u00ebs s\u00eb Kosov\u00ebs","alternateName":"DR. VJOSA OSMANI - SADRIU","potentialAction":[{"@type":"SearchAction","target":{"@type":"EntryPoint","urlTemplate":"https:\/\/president-ksgov.net\/?s={search_term_string}"},"query-input":{"@type":"PropertyValueSpecification","valueRequired":true,"valueName":"search_term_string"}}],"inLanguage":"sr-RS"},{"@type":"Person","@id":"https:\/\/president-ksgov.net\/#\/schema\/person\/bb4337a5fb147cb2046d80548172cbee","name":"admin","image":{"@type":"ImageObject","inLanguage":"sr-RS","@id":"https:\/\/president-ksgov.net\/#\/schema\/person\/image\/","url":"https:\/\/secure.gravatar.com\/avatar\/36156ca0fa3b8d9d25174f146e16beea0cf28f37adf1b9e19b6c9c279a7c9dd3?s=96&d=mm&r=g","contentUrl":"https:\/\/secure.gravatar.com\/avatar\/36156ca0fa3b8d9d25174f146e16beea0cf28f37adf1b9e19b6c9c279a7c9dd3?s=96&d=mm&r=g","caption":"admin"},"sameAs":["https:\/\/president-ksgov.net"]}]}},"_links":{"self":[{"href":"https:\/\/president-ksgov.net\/sr\/wp-json\/wp\/v2\/posts\/76310","targetHints":{"allow":["GET"]}}],"collection":[{"href":"https:\/\/president-ksgov.net\/sr\/wp-json\/wp\/v2\/posts"}],"about":[{"href":"https:\/\/president-ksgov.net\/sr\/wp-json\/wp\/v2\/types\/post"}],"author":[{"embeddable":true,"href":"https:\/\/president-ksgov.net\/sr\/wp-json\/wp\/v2\/users\/1"}],"replies":[{"embeddable":true,"href":"https:\/\/president-ksgov.net\/sr\/wp-json\/wp\/v2\/comments?post=76310"}],"version-history":[{"count":0,"href":"https:\/\/president-ksgov.net\/sr\/wp-json\/wp\/v2\/posts\/76310\/revisions"}],"wp:featuredmedia":[{"embeddable":true,"href":"https:\/\/president-ksgov.net\/sr\/wp-json\/wp\/v2\/media\/31175"}],"wp:attachment":[{"href":"https:\/\/president-ksgov.net\/sr\/wp-json\/wp\/v2\/media?parent=76310"}],"wp:term":[{"taxonomy":"category","embeddable":true,"href":"https:\/\/president-ksgov.net\/sr\/wp-json\/wp\/v2\/categories?post=76310"},{"taxonomy":"post_tag","embeddable":true,"href":"https:\/\/president-ksgov.net\/sr\/wp-json\/wp\/v2\/tags?post=76310"}],"curies":[{"name":"wp","href":"https:\/\/api.w.org\/{rel}","templated":true}]}}