{"id":76308,"date":"2017-02-16T16:57:55","date_gmt":"2017-02-16T16:57:55","guid":{"rendered":"https:\/\/dev.president-ksgov.net\/predsednik-thaci-ujedinite-se-radi-interesa-nase-drave\/"},"modified":"2017-02-16T16:57:55","modified_gmt":"2017-02-16T16:57:55","slug":"predsednik-thaci-ujedinite-se-radi-interesa-nase-drave","status":"publish","type":"post","link":"https:\/\/president-ksgov.net\/sr\/predsednik-thaci-ujedinite-se-radi-interesa-nase-drave\/","title":{"rendered":"Predsednik Tha\u00e7i: Ujedinite se radi interesa na\u0161e dr&#158;ave"},"content":{"rendered":"<p>Pri\u0161tina, 16. februar \u2013 Predsednik Republike Kosova, Hashim Tha\u00e7i, u &ccaron;ast devete godi\u0161njice Nezavisnosti Kosova, danas se obratio poslanicima i gra&dstrok;anima na sve&ccaron;anoj sednici Skup\u0161tine Kosova.<\/p>\n<p>Predsednik Tha\u00e7i je rekao da je 17. februar dana kada su krunisani &#382;rtva i snovi da i gra&dstrok;ani Kosova &#382;ive slobodno, jednaki sa drugima u njihovoj dr&#382;avi.<\/p>\n<p>\u201ePrva misao je za sve one koji su dali sve \u0161to su imali kako bi smo mi u&#382;ivali u ovom danu. Danas smo vi\u0161e od bilo kog drugog dana bli&#382;i na\u0161im herojima, na\u0161im borcima, porodicama boraca i porodicama nestalih lica\u201c, rekao je predsednik Tha\u00e7i, dodaju&cacute;i da je 17. februar sveti dan za Kosovo i da je sama istorija Kosova.<\/p>\n<p>Predsednik Tha\u00e7i je i izvr\u0161io i pregled poslova koji su ura&dstrok;eni u devet poslednjih godina, isti&ccaron;u&cacute;i da od svakodnevnih izazova ne vidimo velike korake koje smo na&ccaron;inili.<\/p>\n<p>\u201eNa\u0161a bra&cacute;a i sestre iz dijaspore koji dolaze u posetu ku&cacute;i i koji nas podse&cacute;aju na to koliko je na\u0161e Kosovo razvijeno. Koliko se izgradila na\u0161a dr&#382;ava. Izgradili su se gradovi, sela, izgradile se su \u0161kole, izgradili su se putevi i autoputevi\u201c, rekao je on.<\/p>\n<p>Predsednik je rekao da je Kosovo danas priznato kao dr&#382;ava od strane 82 posto EU i 86 posto NATO-a, 56 posto OUN-a i 100 posto od strane Foruma pacifi&ccaron;kih ostrva, 61 posto od strane Organizacije za islamsku saradnju, 57 posto od strane KARIKOM-a i 49 posto Afri&ccaron;ke unije.<\/p>\n<p>Prema predsedniku Ta\u00e7i-ju, tokom ovog perioda su izgra&dstrok;ene i demokratske institucije i najprofesionalnija policija u regionu, a pripadnici Bezbednosnih snaga Kosova se takmi&ccaron;e na najte&#382;im takmi&ccaron;enjima\u00a0 na svetu i vra&cacute;aju se sa zlatnim medaljama.<\/p>\n<p>\u201eIntegrisali samo sve zajednice i radimo svakoga dana na tome da se nijedan gra&dstrok;anin ne ose&cacute;a izuzetim, ne uzimaju&cacute;i u obzir njihovu etni&ccaron;ku, versku, rodnu pripadnost ili seksualnu orjentaciju\u201c rekao je Tha\u00e7i.<\/p>\n<p>On je dodao da u svetskim medijima Kosovo vi\u0161e ne zauzima mesto pri&ccaron;ama o ratu i patnjama, ve&cacute; pri&ccaron;ama o uspesima u izgradnji dr&#382;ave i promovisanju mira i dijaloga.<\/p>\n<p>Predsednik Tha\u00e7i je spomenuo i razli&ccaron;ite sportiste i umetnike\u00a0 sa Kosova koji su tokom ovih godina uticali na formiranje dr&#382;avnog identiteta Kosova.<\/p>\n<p>\u201eMajlinda Kelmendi, Nora Gjakova, Rita Ora, Dua Lipa, ekipa filma \u201eHome\u201c ili ona filma \u201eShok\u201c,\u00a0 na\u0161i fudbaleri i ko\u0161arka\u0161i\u2026 Ovo je Kosovo koje svet danas vidi\u201c, rekao je on.<\/p>\n<p>Pred poslanicima Republike Kosova, predsednik Tha\u00e7i je obe&cacute;ao da &cacute;e nastaviti sa radom na izgradnji Kosova, za Kosovo u NATO-u i EU.<\/p>\n<p>On je tra&#382;io od svih da se ujedine i da budu jedinstveni u o&#382;ivljavanju prioriteta.<\/p>\n<p>\u201eOvo tra&#382;i istu posve&cacute;enost, istu marljivost od nas, kao i do sada. Vi\u0161e nego bilo \u0161ta drugo, ovaj rad tra&#382;i od nas da budemo ujedinjeni, da budemo jedno kada je re&ccaron; o Kosovu\u201c, dodao je on.<\/p>\n<p>\u0160ef dr&#382;ave je istakao da razlike u politi&ccaron;kom uverenju, u pogledima na svet ili na\u0161e dru\u0161tvo ne treba da uti&ccaron;u da budemo jedinstveni u na\u0161im naporima kako bismo o&ccaron;uvali dr&#382;avu Kosovo.<\/p>\n<p>\u201eSamo ja&ccaron;aju&cacute;i na\u0161u dr&#382;avu, na\u0161e Kosovo, mo&cacute;i &cacute;emo da ostvarimo na\u0161e ambicije\u201c, rekao je on.<\/p>\n<p>Predsednik je rekao da &#382;ivimo u svetu koji se brzo menja i u vreme promena ne mo&#382;emo da predvidimo, ali iz na\u0161e pro\u0161losti jako dobro znamo da sli smo ujedinjeni, odlu&ccaron;ni, pravi&ccaron;ni, i na\u0161 projekat dr&#382;ave Kosova &cacute;e uspeti.<\/p>\n<p>\u201cNeka bog blagosilja Kosovo. Neka bog blagosilja prijatelje Kosova\u201c, rekao je na kraju predsednik Tha\u00e7i.\u00a0<\/p>\n","protected":false},"excerpt":{"rendered":"<p>Pri\u0161tina, 16. februar \u2013 Predsednik Republike Kosova, Hashim Tha\u00e7i, u &ccaron;ast devete godi\u0161njice Nezavisnosti Kosova, danas se obratio poslanicima i gra&dstrok;anima na sve&ccaron;anoj sednici Skup\u0161tine Kosova.<\/p>\n","protected":false},"author":1,"featured_media":31164,"comment_status":"open","ping_status":"closed","sticky":false,"template":"","format":"standard","meta":{"_eb_attr":"","footnotes":""},"categories":[101],"tags":[],"class_list":["post-76308","post","type-post","status-publish","format-standard","has-post-thumbnail","hentry","category-vesti"],"yoast_head":"<!-- This site is optimized with the Yoast SEO plugin v23.5 - https:\/\/yoast.com\/wordpress\/plugins\/seo\/ -->\n<title>Predsednik Tha\u00e7i: Ujedinite se radi interesa na\u0161e dr&#158;ave - Predsednik Republike Kosovo - DR. VJOSA OSMANI - SADRIU<\/title>\n<meta name=\"description\" content=\"Predsednik Tha\u00e7i: Ujedinite se radi interesa na\u0161e dr&#158;ave - Predsednik Republike Kosovo - DR. VJOSA OSMANI - SADRIU -\" \/>\n<meta name=\"robots\" content=\"index, follow, max-snippet:-1, max-image-preview:large, max-video-preview:-1\" \/>\n<link rel=\"canonical\" href=\"https:\/\/president-ksgov.net\/sr\/predsednik-thaci-ujedinite-se-radi-interesa-nase-drave\/\" \/>\n<meta property=\"og:locale\" content=\"sr_RS\" \/>\n<meta property=\"og:type\" content=\"article\" \/>\n<meta property=\"og:title\" content=\"Predsednik Tha\u00e7i: Ujedinite se radi interesa na\u0161e dr&#158;ave - Predsednik Republike Kosovo - DR. VJOSA OSMANI - SADRIU\" \/>\n<meta property=\"og:description\" content=\"Predsednik Tha\u00e7i: Ujedinite se radi interesa na\u0161e dr&#158;ave - Predsednik Republike Kosovo - DR. VJOSA OSMANI - SADRIU -\" \/>\n<meta property=\"og:url\" content=\"https:\/\/president-ksgov.net\/sr\/predsednik-thaci-ujedinite-se-radi-interesa-nase-drave\/\" \/>\n<meta property=\"og:site_name\" content=\"Predsednik Republike Kosovo - DR. VJOSA OSMANI - SADRIU\" \/>\n<meta property=\"article:published_time\" content=\"2017-02-16T16:57:55+00:00\" \/>\n<meta property=\"og:image\" content=\"https:\/\/president-ksgov.net\/wp-content\/uploads\/20_02_2017_6392026_pp_01.jpg\" \/>\n\t<meta property=\"og:image:width\" content=\"2400\" \/>\n\t<meta property=\"og:image:height\" content=\"1600\" \/>\n\t<meta property=\"og:image:type\" content=\"image\/jpeg\" \/>\n<meta name=\"author\" content=\"admin\" \/>\n<meta name=\"twitter:card\" content=\"summary_large_image\" \/>\n<meta name=\"twitter:label1\" content=\"\u041d\u0430\u043f\u0438\u0441\u0430\u043d\u043e \u043e\u0434\" \/>\n\t<meta name=\"twitter:data1\" content=\"admin\" \/>\n\t<meta name=\"twitter:label2\" content=\"\u041f\u0440\u043e\u0446\u0435\u045a\u0435\u043d\u043e \u0432\u0440\u0435\u043c\u0435 \u0447\u0438\u0442\u0430\u045a\u0430\" \/>\n\t<meta name=\"twitter:data2\" content=\"3 \u043c\u0438\u043d\u0443\u0442\u0430\" \/>\n<script type=\"application\/ld+json\" class=\"yoast-schema-graph\">{\"@context\":\"https:\/\/schema.org\",\"@graph\":[{\"@type\":\"WebPage\",\"@id\":\"https:\/\/president-ksgov.net\/sr\/predsednik-thaci-ujedinite-se-radi-interesa-nase-drave\/\",\"url\":\"https:\/\/president-ksgov.net\/sr\/predsednik-thaci-ujedinite-se-radi-interesa-nase-drave\/\",\"name\":\"Predsednik Tha\u00e7i: Ujedinite se radi interesa na\u0161e dr&#158;ave - Predsednik Republike Kosovo - DR. VJOSA OSMANI - SADRIU\",\"isPartOf\":{\"@id\":\"https:\/\/president-ksgov.net\/#website\"},\"primaryImageOfPage\":{\"@id\":\"https:\/\/president-ksgov.net\/sr\/predsednik-thaci-ujedinite-se-radi-interesa-nase-drave\/#primaryimage\"},\"image\":{\"@id\":\"https:\/\/president-ksgov.net\/sr\/predsednik-thaci-ujedinite-se-radi-interesa-nase-drave\/#primaryimage\"},\"thumbnailUrl\":\"https:\/\/president-ksgov.net\/wp-content\/uploads\/20_02_2017_6392026_pp_01.jpg\",\"datePublished\":\"2017-02-16T16:57:55+00:00\",\"dateModified\":\"2017-02-16T16:57:55+00:00\",\"author\":{\"@id\":\"https:\/\/president-ksgov.net\/#\/schema\/person\/bb4337a5fb147cb2046d80548172cbee\"},\"description\":\"Predsednik Tha\u00e7i: Ujedinite se radi interesa na\u0161e dr&#158;ave - Predsednik Republike Kosovo - DR. VJOSA OSMANI - SADRIU -\",\"breadcrumb\":{\"@id\":\"https:\/\/president-ksgov.net\/sr\/predsednik-thaci-ujedinite-se-radi-interesa-nase-drave\/#breadcrumb\"},\"inLanguage\":\"sr-RS\",\"potentialAction\":[{\"@type\":\"ReadAction\",\"target\":[\"https:\/\/president-ksgov.net\/sr\/predsednik-thaci-ujedinite-se-radi-interesa-nase-drave\/\"]}]},{\"@type\":\"ImageObject\",\"inLanguage\":\"sr-RS\",\"@id\":\"https:\/\/president-ksgov.net\/sr\/predsednik-thaci-ujedinite-se-radi-interesa-nase-drave\/#primaryimage\",\"url\":\"https:\/\/president-ksgov.net\/wp-content\/uploads\/20_02_2017_6392026_pp_01.jpg\",\"contentUrl\":\"https:\/\/president-ksgov.net\/wp-content\/uploads\/20_02_2017_6392026_pp_01.jpg\",\"width\":2400,\"height\":1600},{\"@type\":\"BreadcrumbList\",\"@id\":\"https:\/\/president-ksgov.net\/sr\/predsednik-thaci-ujedinite-se-radi-interesa-nase-drave\/#breadcrumb\",\"itemListElement\":[{\"@type\":\"ListItem\",\"position\":1,\"name\":\"Home\",\"item\":\"https:\/\/president-ksgov.net\/sr\/\"},{\"@type\":\"ListItem\",\"position\":2,\"name\":\"Predsednik Tha\u00e7i: Ujedinite se radi interesa na\u0161e dr&#158;ave\"}]},{\"@type\":\"WebSite\",\"@id\":\"https:\/\/president-ksgov.net\/#website\",\"url\":\"https:\/\/president-ksgov.net\/\",\"name\":\"Presidente e Republik\u00ebs s\u00eb Kosov\u00ebs\",\"description\":\"Presidente e Republik\u00ebs s\u00eb Kosov\u00ebs\",\"alternateName\":\"DR. VJOSA OSMANI - SADRIU\",\"potentialAction\":[{\"@type\":\"SearchAction\",\"target\":{\"@type\":\"EntryPoint\",\"urlTemplate\":\"https:\/\/president-ksgov.net\/?s={search_term_string}\"},\"query-input\":{\"@type\":\"PropertyValueSpecification\",\"valueRequired\":true,\"valueName\":\"search_term_string\"}}],\"inLanguage\":\"sr-RS\"},{\"@type\":\"Person\",\"@id\":\"https:\/\/president-ksgov.net\/#\/schema\/person\/bb4337a5fb147cb2046d80548172cbee\",\"name\":\"admin\",\"image\":{\"@type\":\"ImageObject\",\"inLanguage\":\"sr-RS\",\"@id\":\"https:\/\/president-ksgov.net\/#\/schema\/person\/image\/\",\"url\":\"https:\/\/secure.gravatar.com\/avatar\/36156ca0fa3b8d9d25174f146e16beea0cf28f37adf1b9e19b6c9c279a7c9dd3?s=96&d=mm&r=g\",\"contentUrl\":\"https:\/\/secure.gravatar.com\/avatar\/36156ca0fa3b8d9d25174f146e16beea0cf28f37adf1b9e19b6c9c279a7c9dd3?s=96&d=mm&r=g\",\"caption\":\"admin\"},\"sameAs\":[\"https:\/\/president-ksgov.net\"]}]}<\/script>\n<!-- \/ Yoast SEO plugin. -->","yoast_head_json":{"title":"Predsednik Tha\u00e7i: Ujedinite se radi interesa na\u0161e dr&#158;ave - Predsednik Republike Kosovo - DR. VJOSA OSMANI - SADRIU","description":"Predsednik Tha\u00e7i: Ujedinite se radi interesa na\u0161e dr&#158;ave - Predsednik Republike Kosovo - DR. VJOSA OSMANI - SADRIU -","robots":{"index":"index","follow":"follow","max-snippet":"max-snippet:-1","max-image-preview":"max-image-preview:large","max-video-preview":"max-video-preview:-1"},"canonical":"https:\/\/president-ksgov.net\/sr\/predsednik-thaci-ujedinite-se-radi-interesa-nase-drave\/","og_locale":"sr_RS","og_type":"article","og_title":"Predsednik Tha\u00e7i: Ujedinite se radi interesa na\u0161e dr&#158;ave - Predsednik Republike Kosovo - DR. VJOSA OSMANI - SADRIU","og_description":"Predsednik Tha\u00e7i: Ujedinite se radi interesa na\u0161e dr&#158;ave - Predsednik Republike Kosovo - DR. VJOSA OSMANI - SADRIU -","og_url":"https:\/\/president-ksgov.net\/sr\/predsednik-thaci-ujedinite-se-radi-interesa-nase-drave\/","og_site_name":"Predsednik Republike Kosovo - DR. VJOSA OSMANI - SADRIU","article_published_time":"2017-02-16T16:57:55+00:00","og_image":[{"width":2400,"height":1600,"url":"https:\/\/president-ksgov.net\/wp-content\/uploads\/20_02_2017_6392026_pp_01.jpg","type":"image\/jpeg"}],"author":"admin","twitter_card":"summary_large_image","twitter_misc":{"\u041d\u0430\u043f\u0438\u0441\u0430\u043d\u043e \u043e\u0434":"admin","\u041f\u0440\u043e\u0446\u0435\u045a\u0435\u043d\u043e \u0432\u0440\u0435\u043c\u0435 \u0447\u0438\u0442\u0430\u045a\u0430":"3 \u043c\u0438\u043d\u0443\u0442\u0430"},"schema":{"@context":"https:\/\/schema.org","@graph":[{"@type":"WebPage","@id":"https:\/\/president-ksgov.net\/sr\/predsednik-thaci-ujedinite-se-radi-interesa-nase-drave\/","url":"https:\/\/president-ksgov.net\/sr\/predsednik-thaci-ujedinite-se-radi-interesa-nase-drave\/","name":"Predsednik Tha\u00e7i: Ujedinite se radi interesa na\u0161e dr&#158;ave - Predsednik Republike Kosovo - DR. VJOSA OSMANI - SADRIU","isPartOf":{"@id":"https:\/\/president-ksgov.net\/#website"},"primaryImageOfPage":{"@id":"https:\/\/president-ksgov.net\/sr\/predsednik-thaci-ujedinite-se-radi-interesa-nase-drave\/#primaryimage"},"image":{"@id":"https:\/\/president-ksgov.net\/sr\/predsednik-thaci-ujedinite-se-radi-interesa-nase-drave\/#primaryimage"},"thumbnailUrl":"https:\/\/president-ksgov.net\/wp-content\/uploads\/20_02_2017_6392026_pp_01.jpg","datePublished":"2017-02-16T16:57:55+00:00","dateModified":"2017-02-16T16:57:55+00:00","author":{"@id":"https:\/\/president-ksgov.net\/#\/schema\/person\/bb4337a5fb147cb2046d80548172cbee"},"description":"Predsednik Tha\u00e7i: Ujedinite se radi interesa na\u0161e dr&#158;ave - Predsednik Republike Kosovo - DR. VJOSA OSMANI - SADRIU -","breadcrumb":{"@id":"https:\/\/president-ksgov.net\/sr\/predsednik-thaci-ujedinite-se-radi-interesa-nase-drave\/#breadcrumb"},"inLanguage":"sr-RS","potentialAction":[{"@type":"ReadAction","target":["https:\/\/president-ksgov.net\/sr\/predsednik-thaci-ujedinite-se-radi-interesa-nase-drave\/"]}]},{"@type":"ImageObject","inLanguage":"sr-RS","@id":"https:\/\/president-ksgov.net\/sr\/predsednik-thaci-ujedinite-se-radi-interesa-nase-drave\/#primaryimage","url":"https:\/\/president-ksgov.net\/wp-content\/uploads\/20_02_2017_6392026_pp_01.jpg","contentUrl":"https:\/\/president-ksgov.net\/wp-content\/uploads\/20_02_2017_6392026_pp_01.jpg","width":2400,"height":1600},{"@type":"BreadcrumbList","@id":"https:\/\/president-ksgov.net\/sr\/predsednik-thaci-ujedinite-se-radi-interesa-nase-drave\/#breadcrumb","itemListElement":[{"@type":"ListItem","position":1,"name":"Home","item":"https:\/\/president-ksgov.net\/sr\/"},{"@type":"ListItem","position":2,"name":"Predsednik Tha\u00e7i: Ujedinite se radi interesa na\u0161e dr&#158;ave"}]},{"@type":"WebSite","@id":"https:\/\/president-ksgov.net\/#website","url":"https:\/\/president-ksgov.net\/","name":"Presidente e Republik\u00ebs s\u00eb Kosov\u00ebs","description":"Presidente e Republik\u00ebs s\u00eb Kosov\u00ebs","alternateName":"DR. VJOSA OSMANI - SADRIU","potentialAction":[{"@type":"SearchAction","target":{"@type":"EntryPoint","urlTemplate":"https:\/\/president-ksgov.net\/?s={search_term_string}"},"query-input":{"@type":"PropertyValueSpecification","valueRequired":true,"valueName":"search_term_string"}}],"inLanguage":"sr-RS"},{"@type":"Person","@id":"https:\/\/president-ksgov.net\/#\/schema\/person\/bb4337a5fb147cb2046d80548172cbee","name":"admin","image":{"@type":"ImageObject","inLanguage":"sr-RS","@id":"https:\/\/president-ksgov.net\/#\/schema\/person\/image\/","url":"https:\/\/secure.gravatar.com\/avatar\/36156ca0fa3b8d9d25174f146e16beea0cf28f37adf1b9e19b6c9c279a7c9dd3?s=96&d=mm&r=g","contentUrl":"https:\/\/secure.gravatar.com\/avatar\/36156ca0fa3b8d9d25174f146e16beea0cf28f37adf1b9e19b6c9c279a7c9dd3?s=96&d=mm&r=g","caption":"admin"},"sameAs":["https:\/\/president-ksgov.net"]}]}},"_links":{"self":[{"href":"https:\/\/president-ksgov.net\/sr\/wp-json\/wp\/v2\/posts\/76308","targetHints":{"allow":["GET"]}}],"collection":[{"href":"https:\/\/president-ksgov.net\/sr\/wp-json\/wp\/v2\/posts"}],"about":[{"href":"https:\/\/president-ksgov.net\/sr\/wp-json\/wp\/v2\/types\/post"}],"author":[{"embeddable":true,"href":"https:\/\/president-ksgov.net\/sr\/wp-json\/wp\/v2\/users\/1"}],"replies":[{"embeddable":true,"href":"https:\/\/president-ksgov.net\/sr\/wp-json\/wp\/v2\/comments?post=76308"}],"version-history":[{"count":0,"href":"https:\/\/president-ksgov.net\/sr\/wp-json\/wp\/v2\/posts\/76308\/revisions"}],"wp:featuredmedia":[{"embeddable":true,"href":"https:\/\/president-ksgov.net\/sr\/wp-json\/wp\/v2\/media\/31164"}],"wp:attachment":[{"href":"https:\/\/president-ksgov.net\/sr\/wp-json\/wp\/v2\/media?parent=76308"}],"wp:term":[{"taxonomy":"category","embeddable":true,"href":"https:\/\/president-ksgov.net\/sr\/wp-json\/wp\/v2\/categories?post=76308"},{"taxonomy":"post_tag","embeddable":true,"href":"https:\/\/president-ksgov.net\/sr\/wp-json\/wp\/v2\/tags?post=76308"}],"curies":[{"name":"wp","href":"https:\/\/api.w.org\/{rel}","templated":true}]}}