{"id":76306,"date":"2017-02-17T09:59:07","date_gmt":"2017-02-17T09:59:07","guid":{"rendered":"https:\/\/dev.president-ksgov.net\/svetski-lideri-estitali-predsedniku-thaci-ju-dan-nezavisnosti\/"},"modified":"2017-02-17T09:59:07","modified_gmt":"2017-02-17T09:59:07","slug":"svetski-lideri-estitali-predsedniku-thaci-ju-dan-nezavisnosti","status":"publish","type":"post","link":"https:\/\/president-ksgov.net\/sr\/svetski-lideri-estitali-predsedniku-thaci-ju-dan-nezavisnosti\/","title":{"rendered":"Svetski lideri &ccaron;estitali predsedniku Tha\u00e7i-ju Dan nezavisnosti"},"content":{"rendered":"<p>Pri\u0161tina 17. februar 2017. godine \u2013 Lideri iz &ccaron;itavog sveta &ccaron;estitali su predsedniku zemlje, Hashim-u Tha\u00e7i-ju devetu godi\u0161njicu od progla\u0161enja nezavisnosti Kosova<\/p>\n<p>Lideri iz celog sveta &ccaron;estitali su predsedniku zemlje, Hashim-u Tha\u00e7i-ju, devetu godi\u0161njicu od progla\u0161enja nezavisnosti Kosova.<\/p>\n<p>Predsednik Sjedinjenih Ameri&ccaron;kih Dr&#382;ava, Donald Trump je u njegovoj &ccaron;estitki predsedniku Tha\u00e7i-ju napisao da je budu&cacute;nost suverenog, multietni&ccaron;kog i demokratskog Kosova zasnovana na stabilnom, prosperitetnom i u potpunosti integrisanom regionu Balkana u me&dstrok;unarodnu zajednicu.<\/p>\n<p>\u201eU ime Sjedinjenih Ameri&ccaron;kih Dr&#382;ava, imam zadovoljstvo da kosovskom narodu &ccaron;estitam Dan va\u0161e nezavisnosti 17. februar. Partnerstvo izme&dstrok;u na\u0161e dve dr&#382;ave oslanja se na zajedni&ccaron;ke vrednosti i interese. Budu&cacute;nost suverenog, multietni&ccaron;kog i demokratskog Kosova zasnovana je na stabilnom regionu Balkana, prosperitetnom i u potpunosti integrisanom u\u00a0 me&dstrok;unarodnu zajednicu.Sjedinjene Ameri&ccaron;ke Dr&#382;ave su zajedno sa svim gra&dstrok;anima Kosova proslavile osvajanje istorijske zlatne medalje na Olimpijskim igrama u Brazilu, kao i debi reprezentacije Kosova na Me&dstrok;unarodnim igrama Me&dstrok;unarodnog fudbalskog saveza (FIFA).Srda&ccaron;no o&ccaron;ekujemo nastavak na\u0161e \u0161iroke i duboke saradnje, usredsre&dstrok;eni na podr\u0161ku pove&cacute;anju demokratskog i privrednog razvoja, ja&ccaron;anju vladavine prava na Kosovu, re\u0161avanju sporova sa susedima, kao i u borbi protiv nasilnog ekstremizma i stranih boraca terorista\u201c, napisao je u njegovoj &ccaron;estitki ameri&ccaron;ki predsednik.<\/p>\n<p>Njeno veli&ccaron;anstvo, kraljica Elizabeta II, kraljica Ujedinjenog Kraljevstva, Kanade, Australije i Novog Zelanda, je uz njene &ccaron;estitke za nezavisnost, kosovsko narodu poslala i najlep\u0161e &#382;elje za rado\u0161&cacute;u u ovoj godini.<\/p>\n<p>\u201cVeliko mi je zadovoljstvo da vam po\u0161aljem, Va\u0161a ekselencijo, moje &ccaron;estitke povodom obele&#382;avanja va\u0161eg dana dr&#382;avnosti, zajedno sa mojim najlep\u0161im &#382;eljama za radost kosovskog naroda u teku&cacute;oj godini\u201c.<\/p>\n<p>A predsednica \u0160vajcarske Konfederacije, Doris Leuthard u njenoj &ccaron;estitki je izrazila uverenje da &cacute;e se uzajamno poverenje i prijateljstvo koje u&#382;ivaju na\u0161e dve dr&#382;ave, jjo\u0161 vi\u0161e produbiti.<\/p>\n<p>\u201eSlavljenje Dana nezavisnosti Republike Kosova je dobrodo\u0161la mogu&cacute;nost za mene da vam po\u0161aljem, Va\u0161a ekselencijo, u ime \u0160vajcarskog federalnog saveta na\u0161e najiskrenije &ccaron;estitke i najlep\u0161e &#382;elje za prosperitetom u va\u0161oj zemlji, kao i za va\u0161e li&ccaron;no zdravlje i blagostanje. Ube&dstrok;ena sam da &cacute;e se uzajamno poverenje i prijateljstvo koje u&#382;ivaju na\u0161e dve dr&#382;ave produbiti u teku&cacute;oj godini. Molim vas primite moje najdublje po\u0161tovanje\u201c, napisala je u svojoj &ccaron;estitki Doris Leuthard, predsednica \u0160vajcarske Konfederacije.<\/p>\n<p>I austrijski lider, Alexander Van der Bellen, je u njegovom telegramu koji je poslao predsedniku Tha\u00e7i-ju po&#382;eleo blagostanje i prosperitetnu budu&cacute;nost Kosovu i njegovim gra&dstrok;anima.<\/p>\n<p>\u201ePovodom Nacionalnog dana Republike Kosova, sa velikim zadovoljstvom vam \u0161aljem moje tople &ccaron;estitke. Koristim ovu mogu&cacute;nost da vam po\u0161aljem moje najlep\u0161e &#382;elje za va\u0161e blagostanje kao i za prosperitetnu budu&cacute;nost Republike Kosova i svih njenih gra&dstrok;ana\u201c, dodao je austrijski lider.<\/p>\n<p>A predsednik Republike Italije, Sergio Mattarella je u njegovoj &ccaron;estitki napisao da &cacute;e odnosi izme&dstrok;u dve dr&#382;ave nastaviti da prepoznaju sve \u0161ire perspektivu na politi&ccaron;kom i privrednom polju.<\/p>\n<p>\u201ePovodom nacionalnog praznika, zadovoljstvo mi je da vam u ime italijanskog naroda i u moje ime po\u0161aljem najiskrenije &#382;elje za blagostanjem prijateljskog kosovskog naroda. Odnosi izme&dstrok;u na\u0161e dve dr&#382;ave nastavljaju da prepoznaju perspektive na politi&ccaron;kom i privrednom polju. Italija u potpunosti podr&#382;ava napore Kosova u ja&ccaron;anju njegovih demokratskih institucija i u sprovo&dstrok;enju reformi koje zemlju vode putem dubokih evropskih integracija. U tom cilju &#8211;\u00a0 demokratskog rasta i stabilnosti \u2013 Italija odlu&ccaron;no doprinosi i preko njenog u&ccaron;estvovanja u me&dstrok;unarodnim misijama kao \u0161to su EULEX i KFOR. I samo Kosovo daje bitan doprinos stabilnosti u regionu, posebno preko nastavka dijaloga sa Srbijom. Potvr&dstrok;uju&cacute;i jo\u0161 jednom stabilno prijateljstvo\u00a0 i bliskost Italije sa va\u0161om dr&#382;avom, izra&#382;avam vam moje najlep\u0161e &#382;elje za va\u0161e blagostanje i za blagostanje prijateljskog kosovskog naroda\u201c, napisao je italijanski predsednik.<\/p>\n<p>Predsedniku Tha\u00e7i-ju &ccaron;estitao je i ma&dstrok;arski predsednik.<\/p>\n<p>\u0160ef Ma&dstrok;arske dr&#382;ave, J\u00e1nos \u00c1der je u njegovoj &ccaron;estitki izrazio &ccaron;ast da po\u0161alje njegove srda&ccaron;ne &ccaron;estitke predsedniku Tha\u00e7i-ju i gra&dstrok;anima Republike Kosova povodom proslave Dana nezavisnosti, 17. februara.<\/p>\n<p>\u201eZadovoljstvo mi je da naglasim da su pro\u0161le godine na\u0161i odnosi jo\u0161 vi\u0161e produbljeni i da smo zajedno putem na\u0161ih intenzivnih kontakata stvorili okvir kako bismo pobolj\u0161ali na\u0161u ekonomsku saradnju. Ma&dstrok;arska ostaje posve&cacute;eni podr&#382;avalac va\u0161e evropske budu&cacute;nosti i nastavlja da poma&#382;e Kosovu u o&#382;ivljavanju njegovih evroatlantskih te&#382;nji. &Zcaron;elim vam konstantan uspeh i mudrost u vr\u0161enju zadataka na va\u0161em uzvi\u0161enom polo&#382;aju\u201c; dodao je predsednik Ma&dstrok;arske, J\u00e1nos \u00c1der, u njegovoj &ccaron;estitki.<\/p>\n<p>Srda&ccaron;nu &ccaron;estitku povodom Dana nezavisnosti Republike Kosova, predsednik Tha\u00e7i dobio je od hrvatske predsednice Kolinde Grabar- Kitarovi&cacute;.<\/p>\n<p>U njenoj &ccaron;estitki, Grabar- Kitarovi&cacute; pi\u0161e da Republiku Kosovo i Republiku Hrvatsku povezuje stalno prijateljstvo na\u0161ih naroda, saradnja kao i mnogobrojni zajedni&ccaron;ki interesi i te&#382;nje. U tom duhu, hrvatska predsednica je pozvala predsednika Tha\u00e7i-ja i u zvani&ccaron;nu posetu Hrvatskoj.<\/p>\n<p>\u201e\u0160aljem vam, u ime gra&dstrok;ana Republike Hrvatske i u moje ime, srda&ccaron;ne &ccaron;estitke povodom Dana nezavisnosti i godi\u0161njice progla\u0161enja Republike Kosova, kao i iskrene &#382;elje za prosperitetom i novim uspesima za va\u0161u zemlju i prijateljski narod Kosova. Republiku Kosovo i Republiku Hrvatsku ve&#382;e stalno prijateljstvo na\u0161ih naroda, mnogobrojni zajedni&ccaron;ki interesi i te&#382;nje, saradnja na mnogim poljima, posebno posve&cacute;enost pove&cacute;anja prosperiteta i blagostanja na\u0161ih gra&dstrok;ana. U tom duhu, imam &ccaron;ast da vas pozovem u zvani&ccaron;nu posetu Republici Hrvatskoj. Verujem da &cacute;e va\u0161a poseta Hrvatskoj dati novi podstrek razvoju sada ve&cacute; jako bliskih odnosa izme&dstrok;u na\u0161e dve dr&#382;ave i da &cacute;e pru&#382;ati mogu&cacute;nost razmatranja novih predloga kako bismo jo\u0161 vi\u0161e obogatili na\u0161e veze. Saradnja izme&dstrok;u na\u0161e dve zemlje na ja&ccaron;anju stabilnosti, bezbednosti i saradnje u Jugozapadnoj Evropi zauzima bitno mesto. Republika Hrvatska sna&#382;no podr&#382;ava budu&cacute;nost Republike Kosova u Evropskoj uniji i NATO-u, i spremna je da nastavi pru&#382;ati pomo&cacute; i da deli saznanja i iskustva u vezi sa njenim procesom evroatlantskih integracija. S nadom gospodine predsedni&ccaron;e, da &cacute;u imati priliku da vas ugostim \u0161to je pre mogu&cacute;e u Republici Hrvatskoj, \u0161aljem vam najsrda&ccaron;nije pozdrave i izra&#382;avam moje duboko po\u0161tovanje\u201c, napisala je hrvatska predsednica Grabar- Kitarovi&cacute;.<\/p>\n<p>Dan nezavisnosti, predsedniku Tha\u00e7i-ju je &ccaron;estitao i predsednik Crne Gore, Filip Vujanovi&cacute;.<\/p>\n<p>U njegovoj &ccaron;estitki, predsednik Vujanovi&cacute; je napisao da se odnosi izme&dstrok;u Crne Gore i Kosova primer dobrosusedske saradnje u regionu.<\/p>\n<p>\u201eU ime gra&dstrok;ana Crne Gore i u moje ime, \u0161aljem vam srda&ccaron;ne &ccaron;estitke za dr&#382;avni praznik, 17. februara, Dan nezavisnosti Republike Kosova. Republici Kosovo &#382;elim stabilnost i dalji napredak, a gra&dstrok;anima Kosova blagostanje. Odnosi izme&dstrok;u Crne Gore i Kosova su primer dobrosusedske saradnje u regionu. Oni sna&#382;no doprinose njegovoj stabilnosti i prosperitetnoj evropskoj budu&cacute;nosti gra&dstrok;ana svih dr&#382;ava u regionu. Ube&dstrok;en sam da &cacute;emo nastaviti zajedni&ccaron;ke napore u tom pravcu. Po\u0161tovani gospodine predsedni&ccaron;e, &#382;elim vam zdravlja i uspeha u vr\u0161enju va\u0161e uzvi\u0161ene du&#382;nosti\u201c, napisao je Vujanovi&cacute;.<\/p>\n<p>I Njegovo veli&ccaron;anstvo, kralj Belgijanaca, Philippe, &ccaron;estitao je predsedniku Tha\u00e7i-ju povodom Dana nezavisnosti.<\/p>\n<p>\u00a0\u201ePovodom proslave godi\u0161njice progla\u0161enja Nezavisnosti Republike Kosova, \u0161aljem vam, Va\u0161a ekselencijo, moje &#382;elje za blagostanjem i zdravljem za vas i va\u0161e gra&dstrok;ane\u201c, napisao je u njegovom telegramu kralj Philippe.<\/p>\n<p>A Njegovo veli&ccaron;anstvo, kralj \u0160vedske Carl XVI Gustaf po&#382;eleo je blagostanje narodu Kosova u telegramu koji je poslao predsedniku Tha\u00e7i-ju. <\/p>\n<p>\u201cPovodom Nacionalnog praznika Republike Kosova, &#382;elim da vam po\u0161aljem, Va\u0161a ekselencijo, moje najiskrenije &ccaron;estitke i &#382;elje za va\u0161im zdravljem i sre&cacute;om, kao i za blagostanje kosovskog naroda\u201c, po&#382;eleo je kralj \u0160vedske.<br \/>\n\u00a0<br \/>\nI Njegovo veli&ccaron;anstvo, kralj Holandije, Willem-Alexander je u njegovoj &ccaron;estitki poslatoj predsedniku Tha\u00e7i-ju poslao najlep\u0161e &#382;elje kosovskom narodu.<\/p>\n<p>\u201ePovodom Dana nezavisnosti va\u0161e zemlje, \u0161aljem vam, Va\u0161a ekselencijo moje najlep\u0161e &ccaron;estitke i &#382;elje za blagostanje kosovskog naroda\u201c, napisao je kralj Holandije.<\/p>\n<p>Njegova ekselencija, predsednik Ujedinjenih Arapskih Emirata, Khalifa Bin Zayed Nahyan, izrazio je predsedniku Tha\u00e7i-ju i kosovskom narodu srda&ccaron;ne &ccaron;estitke povodom Dana nezavisnosti zemlje.<\/p>\n<p>\u201eZadovoljstvo mi je da Va\u0161oj ekselenciji i va\u0161em prijateljskom narodu izrazim moje\u00a0 tople &ccaron;estitke povodom Dan nezavisnosti va\u0161e zemlje. Molim vas da va\u0161em narodu prenesete poruku da narod Ujedinjenih Arapskih Emirata deli sa vama radost povodom proslave ove godi\u0161njice nezavisnosti. Vama Va\u0161a ekselencijo i va\u0161em narodu &#382;elimo stabilno blagostanje, prosperitet i uspeh\u201c, ka&#382;e se u &ccaron;estitki predsednika Ujedinjenih Arapskih Emirata, Khalifa Bin Zayhed Al Nahyan, koja je poslata predsedniku Tha\u00e7i-ju.<\/p>\n<p>&Ccaron;estitku povodom godi\u0161njice nezavisnosti Kosova, poslao je i Njegova ekselencija, zamenik predsednika Ujedinjenih Arapskih Emirata, ujedno i premijer i vladar Dubaija, Mohammed bin Rashid Al- Maktoom, je u njegovoj &ccaron;estitki napisao: \u201eZadovoljstvo mi je da povodom Dan nezavisnosti va\u0161e zemlje, Va\u0161oj ekselenciji i va\u0161em prijateljskom narodu po\u0161aljem najsrda&ccaron;nije &ccaron;estitke &#382;ele&cacute;i vam blagostanje, napredak i uspeh u va\u0161em mudrom rukovodstvu\u201c,<br \/>\n\u00a0<br \/>\nA Njegova ekselencija, krunski princ Abu Dabija iz Ujedinjenih Arapskih Emirata, Mohammed bin Zayed Al Nahyan, u njegovom telegramu je poslao &#382;elje za blagostanjem, prosperitetom i napretkom.<\/p>\n<p>\u00a0<br \/>\n\u201eZadovoljstvo mi je da povodom Dan nezavisnosti va\u0161e zelje, Va\u0161oj ekselenciji i va\u0161em prijateljskom narodu po\u0161aljem najtoplije prijateljske &ccaron;estitke, &#382;ele&cacute;i vam blagostanje, napredak i uspeha pod va\u0161im uzvi\u0161enim rukovo&dstrok;enjem\u201c, napisao je u njegovoj &ccaron;estitki krunsku princ Abu Dabija Ujedinjenih Arapskih Emirata.<\/p>\n<p>Me&dstrok;u ostalim &ccaron;estitkama upu&cacute;enim Republici Kosovo, koje su do sada pristigle je u pismo &ccaron;estitke za Dan nezavisnosti koje je predsednik Tha\u00e7i primio od Ministarstva spoljnih poslova San Marina.<\/p>\n<p>\u00a0<br \/>\n\u201e\u0160aljemo vam na\u0161e najsrda&ccaron;nije &ccaron;estitke povodom Dana nezavisnosti, kao i najlep\u0161e &#382;elje za va\u0161e blagostanje, prosperitet, napredak i blagostanje prijateljskog naroda Republike Kosova\u201c; ka&#382;e se u &ccaron;estitki Ministarstva spoljnih poslova San Marina.\u00a0<\/p>\n","protected":false},"excerpt":{"rendered":"<p>Pri\u0161tina 17. februar 2017. godine \u2013 Lideri iz &ccaron;itavog sveta &ccaron;estitali su predsedniku zemlje, Hashim-u Tha\u00e7i-ju devetu godi\u0161njicu od progla\u0161enja nezavisnosti Kosova<\/p>\n","protected":false},"author":1,"featured_media":31156,"comment_status":"open","ping_status":"closed","sticky":false,"template":"","format":"standard","meta":{"_eb_attr":"","footnotes":""},"categories":[101],"tags":[],"class_list":["post-76306","post","type-post","status-publish","format-standard","has-post-thumbnail","hentry","category-vesti"],"yoast_head":"<!-- This site is optimized with the Yoast SEO plugin v23.5 - https:\/\/yoast.com\/wordpress\/plugins\/seo\/ -->\n<title>Svetski lideri &amp;ccaron;estitali predsedniku Tha\u00e7i-ju Dan nezavisnosti - Predsednik Republike Kosovo - DR. VJOSA OSMANI - SADRIU<\/title>\n<meta name=\"description\" content=\"Svetski lideri &amp;ccaron;estitali predsedniku Tha\u00e7i-ju Dan nezavisnosti - Predsednik Republike Kosovo - DR. VJOSA OSMANI - SADRIU -\" \/>\n<meta name=\"robots\" content=\"index, follow, max-snippet:-1, max-image-preview:large, max-video-preview:-1\" \/>\n<link rel=\"canonical\" href=\"https:\/\/president-ksgov.net\/sr\/svetski-lideri-estitali-predsedniku-thaci-ju-dan-nezavisnosti\/\" \/>\n<meta property=\"og:locale\" content=\"sr_RS\" \/>\n<meta property=\"og:type\" content=\"article\" \/>\n<meta property=\"og:title\" content=\"Svetski lideri &amp;ccaron;estitali predsedniku Tha\u00e7i-ju Dan nezavisnosti - Predsednik Republike Kosovo - DR. VJOSA OSMANI - SADRIU\" \/>\n<meta property=\"og:description\" content=\"Svetski lideri &amp;ccaron;estitali predsedniku Tha\u00e7i-ju Dan nezavisnosti - Predsednik Republike Kosovo - DR. VJOSA OSMANI - SADRIU -\" \/>\n<meta property=\"og:url\" content=\"https:\/\/president-ksgov.net\/sr\/svetski-lideri-estitali-predsedniku-thaci-ju-dan-nezavisnosti\/\" \/>\n<meta property=\"og:site_name\" content=\"Predsednik Republike Kosovo - DR. VJOSA OSMANI - SADRIU\" \/>\n<meta property=\"article:published_time\" content=\"2017-02-17T09:59:07+00:00\" \/>\n<meta property=\"og:image\" content=\"https:\/\/president-ksgov.net\/wp-content\/uploads\/20_02_2017_3406142_17_02_2017_4012279_President_Donald_Trump.png\" \/>\n\t<meta property=\"og:image:width\" content=\"777\" \/>\n\t<meta property=\"og:image:height\" content=\"437\" \/>\n\t<meta property=\"og:image:type\" content=\"image\/png\" \/>\n<meta name=\"author\" content=\"admin\" \/>\n<meta name=\"twitter:card\" content=\"summary_large_image\" \/>\n<meta name=\"twitter:label1\" content=\"\u041d\u0430\u043f\u0438\u0441\u0430\u043d\u043e \u043e\u0434\" \/>\n\t<meta name=\"twitter:data1\" content=\"admin\" \/>\n\t<meta name=\"twitter:label2\" content=\"\u041f\u0440\u043e\u0446\u0435\u045a\u0435\u043d\u043e \u0432\u0440\u0435\u043c\u0435 \u0447\u0438\u0442\u0430\u045a\u0430\" \/>\n\t<meta name=\"twitter:data2\" content=\"9 \u043c\u0438\u043d\u0443\u0442\u0430\" \/>\n<script type=\"application\/ld+json\" class=\"yoast-schema-graph\">{\"@context\":\"https:\/\/schema.org\",\"@graph\":[{\"@type\":\"WebPage\",\"@id\":\"https:\/\/president-ksgov.net\/sr\/svetski-lideri-estitali-predsedniku-thaci-ju-dan-nezavisnosti\/\",\"url\":\"https:\/\/president-ksgov.net\/sr\/svetski-lideri-estitali-predsedniku-thaci-ju-dan-nezavisnosti\/\",\"name\":\"Svetski lideri &ccaron;estitali predsedniku Tha\u00e7i-ju Dan nezavisnosti - Predsednik Republike Kosovo - DR. VJOSA OSMANI - SADRIU\",\"isPartOf\":{\"@id\":\"https:\/\/president-ksgov.net\/#website\"},\"primaryImageOfPage\":{\"@id\":\"https:\/\/president-ksgov.net\/sr\/svetski-lideri-estitali-predsedniku-thaci-ju-dan-nezavisnosti\/#primaryimage\"},\"image\":{\"@id\":\"https:\/\/president-ksgov.net\/sr\/svetski-lideri-estitali-predsedniku-thaci-ju-dan-nezavisnosti\/#primaryimage\"},\"thumbnailUrl\":\"https:\/\/president-ksgov.net\/wp-content\/uploads\/20_02_2017_3406142_17_02_2017_4012279_President_Donald_Trump.png\",\"datePublished\":\"2017-02-17T09:59:07+00:00\",\"dateModified\":\"2017-02-17T09:59:07+00:00\",\"author\":{\"@id\":\"https:\/\/president-ksgov.net\/#\/schema\/person\/bb4337a5fb147cb2046d80548172cbee\"},\"description\":\"Svetski lideri &ccaron;estitali predsedniku Tha\u00e7i-ju Dan nezavisnosti - Predsednik Republike Kosovo - DR. VJOSA OSMANI - SADRIU -\",\"breadcrumb\":{\"@id\":\"https:\/\/president-ksgov.net\/sr\/svetski-lideri-estitali-predsedniku-thaci-ju-dan-nezavisnosti\/#breadcrumb\"},\"inLanguage\":\"sr-RS\",\"potentialAction\":[{\"@type\":\"ReadAction\",\"target\":[\"https:\/\/president-ksgov.net\/sr\/svetski-lideri-estitali-predsedniku-thaci-ju-dan-nezavisnosti\/\"]}]},{\"@type\":\"ImageObject\",\"inLanguage\":\"sr-RS\",\"@id\":\"https:\/\/president-ksgov.net\/sr\/svetski-lideri-estitali-predsedniku-thaci-ju-dan-nezavisnosti\/#primaryimage\",\"url\":\"https:\/\/president-ksgov.net\/wp-content\/uploads\/20_02_2017_3406142_17_02_2017_4012279_President_Donald_Trump.png\",\"contentUrl\":\"https:\/\/president-ksgov.net\/wp-content\/uploads\/20_02_2017_3406142_17_02_2017_4012279_President_Donald_Trump.png\",\"width\":777,\"height\":437},{\"@type\":\"BreadcrumbList\",\"@id\":\"https:\/\/president-ksgov.net\/sr\/svetski-lideri-estitali-predsedniku-thaci-ju-dan-nezavisnosti\/#breadcrumb\",\"itemListElement\":[{\"@type\":\"ListItem\",\"position\":1,\"name\":\"Home\",\"item\":\"https:\/\/president-ksgov.net\/sr\/\"},{\"@type\":\"ListItem\",\"position\":2,\"name\":\"Svetski lideri &ccaron;estitali predsedniku Tha\u00e7i-ju Dan nezavisnosti\"}]},{\"@type\":\"WebSite\",\"@id\":\"https:\/\/president-ksgov.net\/#website\",\"url\":\"https:\/\/president-ksgov.net\/\",\"name\":\"Presidente e Republik\u00ebs s\u00eb Kosov\u00ebs\",\"description\":\"Presidente e Republik\u00ebs s\u00eb Kosov\u00ebs\",\"alternateName\":\"DR. VJOSA OSMANI - SADRIU\",\"potentialAction\":[{\"@type\":\"SearchAction\",\"target\":{\"@type\":\"EntryPoint\",\"urlTemplate\":\"https:\/\/president-ksgov.net\/?s={search_term_string}\"},\"query-input\":{\"@type\":\"PropertyValueSpecification\",\"valueRequired\":true,\"valueName\":\"search_term_string\"}}],\"inLanguage\":\"sr-RS\"},{\"@type\":\"Person\",\"@id\":\"https:\/\/president-ksgov.net\/#\/schema\/person\/bb4337a5fb147cb2046d80548172cbee\",\"name\":\"admin\",\"image\":{\"@type\":\"ImageObject\",\"inLanguage\":\"sr-RS\",\"@id\":\"https:\/\/president-ksgov.net\/#\/schema\/person\/image\/\",\"url\":\"https:\/\/secure.gravatar.com\/avatar\/36156ca0fa3b8d9d25174f146e16beea0cf28f37adf1b9e19b6c9c279a7c9dd3?s=96&d=mm&r=g\",\"contentUrl\":\"https:\/\/secure.gravatar.com\/avatar\/36156ca0fa3b8d9d25174f146e16beea0cf28f37adf1b9e19b6c9c279a7c9dd3?s=96&d=mm&r=g\",\"caption\":\"admin\"},\"sameAs\":[\"https:\/\/president-ksgov.net\"]}]}<\/script>\n<!-- \/ Yoast SEO plugin. -->","yoast_head_json":{"title":"Svetski lideri &ccaron;estitali predsedniku Tha\u00e7i-ju Dan nezavisnosti - Predsednik Republike Kosovo - DR. VJOSA OSMANI - SADRIU","description":"Svetski lideri &ccaron;estitali predsedniku Tha\u00e7i-ju Dan nezavisnosti - Predsednik Republike Kosovo - DR. VJOSA OSMANI - SADRIU -","robots":{"index":"index","follow":"follow","max-snippet":"max-snippet:-1","max-image-preview":"max-image-preview:large","max-video-preview":"max-video-preview:-1"},"canonical":"https:\/\/president-ksgov.net\/sr\/svetski-lideri-estitali-predsedniku-thaci-ju-dan-nezavisnosti\/","og_locale":"sr_RS","og_type":"article","og_title":"Svetski lideri &ccaron;estitali predsedniku Tha\u00e7i-ju Dan nezavisnosti - Predsednik Republike Kosovo - DR. VJOSA OSMANI - SADRIU","og_description":"Svetski lideri &ccaron;estitali predsedniku Tha\u00e7i-ju Dan nezavisnosti - Predsednik Republike Kosovo - DR. VJOSA OSMANI - SADRIU -","og_url":"https:\/\/president-ksgov.net\/sr\/svetski-lideri-estitali-predsedniku-thaci-ju-dan-nezavisnosti\/","og_site_name":"Predsednik Republike Kosovo - DR. VJOSA OSMANI - SADRIU","article_published_time":"2017-02-17T09:59:07+00:00","og_image":[{"width":777,"height":437,"url":"https:\/\/president-ksgov.net\/wp-content\/uploads\/20_02_2017_3406142_17_02_2017_4012279_President_Donald_Trump.png","type":"image\/png"}],"author":"admin","twitter_card":"summary_large_image","twitter_misc":{"\u041d\u0430\u043f\u0438\u0441\u0430\u043d\u043e \u043e\u0434":"admin","\u041f\u0440\u043e\u0446\u0435\u045a\u0435\u043d\u043e \u0432\u0440\u0435\u043c\u0435 \u0447\u0438\u0442\u0430\u045a\u0430":"9 \u043c\u0438\u043d\u0443\u0442\u0430"},"schema":{"@context":"https:\/\/schema.org","@graph":[{"@type":"WebPage","@id":"https:\/\/president-ksgov.net\/sr\/svetski-lideri-estitali-predsedniku-thaci-ju-dan-nezavisnosti\/","url":"https:\/\/president-ksgov.net\/sr\/svetski-lideri-estitali-predsedniku-thaci-ju-dan-nezavisnosti\/","name":"Svetski lideri &ccaron;estitali predsedniku Tha\u00e7i-ju Dan nezavisnosti - Predsednik Republike Kosovo - DR. VJOSA OSMANI - SADRIU","isPartOf":{"@id":"https:\/\/president-ksgov.net\/#website"},"primaryImageOfPage":{"@id":"https:\/\/president-ksgov.net\/sr\/svetski-lideri-estitali-predsedniku-thaci-ju-dan-nezavisnosti\/#primaryimage"},"image":{"@id":"https:\/\/president-ksgov.net\/sr\/svetski-lideri-estitali-predsedniku-thaci-ju-dan-nezavisnosti\/#primaryimage"},"thumbnailUrl":"https:\/\/president-ksgov.net\/wp-content\/uploads\/20_02_2017_3406142_17_02_2017_4012279_President_Donald_Trump.png","datePublished":"2017-02-17T09:59:07+00:00","dateModified":"2017-02-17T09:59:07+00:00","author":{"@id":"https:\/\/president-ksgov.net\/#\/schema\/person\/bb4337a5fb147cb2046d80548172cbee"},"description":"Svetski lideri &ccaron;estitali predsedniku Tha\u00e7i-ju Dan nezavisnosti - Predsednik Republike Kosovo - DR. VJOSA OSMANI - SADRIU -","breadcrumb":{"@id":"https:\/\/president-ksgov.net\/sr\/svetski-lideri-estitali-predsedniku-thaci-ju-dan-nezavisnosti\/#breadcrumb"},"inLanguage":"sr-RS","potentialAction":[{"@type":"ReadAction","target":["https:\/\/president-ksgov.net\/sr\/svetski-lideri-estitali-predsedniku-thaci-ju-dan-nezavisnosti\/"]}]},{"@type":"ImageObject","inLanguage":"sr-RS","@id":"https:\/\/president-ksgov.net\/sr\/svetski-lideri-estitali-predsedniku-thaci-ju-dan-nezavisnosti\/#primaryimage","url":"https:\/\/president-ksgov.net\/wp-content\/uploads\/20_02_2017_3406142_17_02_2017_4012279_President_Donald_Trump.png","contentUrl":"https:\/\/president-ksgov.net\/wp-content\/uploads\/20_02_2017_3406142_17_02_2017_4012279_President_Donald_Trump.png","width":777,"height":437},{"@type":"BreadcrumbList","@id":"https:\/\/president-ksgov.net\/sr\/svetski-lideri-estitali-predsedniku-thaci-ju-dan-nezavisnosti\/#breadcrumb","itemListElement":[{"@type":"ListItem","position":1,"name":"Home","item":"https:\/\/president-ksgov.net\/sr\/"},{"@type":"ListItem","position":2,"name":"Svetski lideri &ccaron;estitali predsedniku Tha\u00e7i-ju Dan nezavisnosti"}]},{"@type":"WebSite","@id":"https:\/\/president-ksgov.net\/#website","url":"https:\/\/president-ksgov.net\/","name":"Presidente e Republik\u00ebs s\u00eb Kosov\u00ebs","description":"Presidente e Republik\u00ebs s\u00eb Kosov\u00ebs","alternateName":"DR. VJOSA OSMANI - SADRIU","potentialAction":[{"@type":"SearchAction","target":{"@type":"EntryPoint","urlTemplate":"https:\/\/president-ksgov.net\/?s={search_term_string}"},"query-input":{"@type":"PropertyValueSpecification","valueRequired":true,"valueName":"search_term_string"}}],"inLanguage":"sr-RS"},{"@type":"Person","@id":"https:\/\/president-ksgov.net\/#\/schema\/person\/bb4337a5fb147cb2046d80548172cbee","name":"admin","image":{"@type":"ImageObject","inLanguage":"sr-RS","@id":"https:\/\/president-ksgov.net\/#\/schema\/person\/image\/","url":"https:\/\/secure.gravatar.com\/avatar\/36156ca0fa3b8d9d25174f146e16beea0cf28f37adf1b9e19b6c9c279a7c9dd3?s=96&d=mm&r=g","contentUrl":"https:\/\/secure.gravatar.com\/avatar\/36156ca0fa3b8d9d25174f146e16beea0cf28f37adf1b9e19b6c9c279a7c9dd3?s=96&d=mm&r=g","caption":"admin"},"sameAs":["https:\/\/president-ksgov.net"]}]}},"_links":{"self":[{"href":"https:\/\/president-ksgov.net\/sr\/wp-json\/wp\/v2\/posts\/76306","targetHints":{"allow":["GET"]}}],"collection":[{"href":"https:\/\/president-ksgov.net\/sr\/wp-json\/wp\/v2\/posts"}],"about":[{"href":"https:\/\/president-ksgov.net\/sr\/wp-json\/wp\/v2\/types\/post"}],"author":[{"embeddable":true,"href":"https:\/\/president-ksgov.net\/sr\/wp-json\/wp\/v2\/users\/1"}],"replies":[{"embeddable":true,"href":"https:\/\/president-ksgov.net\/sr\/wp-json\/wp\/v2\/comments?post=76306"}],"version-history":[{"count":0,"href":"https:\/\/president-ksgov.net\/sr\/wp-json\/wp\/v2\/posts\/76306\/revisions"}],"wp:featuredmedia":[{"embeddable":true,"href":"https:\/\/president-ksgov.net\/sr\/wp-json\/wp\/v2\/media\/31156"}],"wp:attachment":[{"href":"https:\/\/president-ksgov.net\/sr\/wp-json\/wp\/v2\/media?parent=76306"}],"wp:term":[{"taxonomy":"category","embeddable":true,"href":"https:\/\/president-ksgov.net\/sr\/wp-json\/wp\/v2\/categories?post=76306"},{"taxonomy":"post_tag","embeddable":true,"href":"https:\/\/president-ksgov.net\/sr\/wp-json\/wp\/v2\/tags?post=76306"}],"curies":[{"name":"wp","href":"https:\/\/api.w.org\/{rel}","templated":true}]}}