{"id":76284,"date":"2017-03-08T19:43:18","date_gmt":"2017-03-08T19:43:18","guid":{"rendered":"https:\/\/dev.president-ksgov.net\/predsednik-thaci-ujedinjeni-smo-u-vezi-stvaranja-vojske-skupstina-da-donese-meritornu-odluku-o-ksb-u\/"},"modified":"2017-03-08T19:43:18","modified_gmt":"2017-03-08T19:43:18","slug":"predsednik-thaci-ujedinjeni-smo-u-vezi-stvaranja-vojske-skupstina-da-donese-meritornu-odluku-o-ksb-u","status":"publish","type":"post","link":"https:\/\/president-ksgov.net\/sr\/predsednik-thaci-ujedinjeni-smo-u-vezi-stvaranja-vojske-skupstina-da-donese-meritornu-odluku-o-ksb-u\/","title":{"rendered":"Predsednik Tha\u00e7i: Ujedinjeni smo u vezi stvaranja vojske, Skup\u0161tina da donese meritornu odluku o KSB-u"},"content":{"rendered":"<p>Pri\u0161tina, 8. mart 2017. godine \u2013 Predsednik Republike Kosova, Hashim Tha\u00e7i, nakon sastanka koji je imao sa predstavnicima Dr&#382;avama Kvinte na konferenciji za medije rekao je da Kosovo ne mo&#382;e da se u&ccaron;lani u NATO bez transformacije KSB-a.<\/p>\n<p>Predsednik Tha\u00e7i je rekao da je nacrt zakona o Kosovskoj vojsci ujedinio politi&ccaron;ki spektar i oja&ccaron;ao je poverenje gra&dstrok;ana Kosova u na\u0161u odlu&ccaron;nost da se donesu odluke u interesu na\u0161ih gra&dstrok;ana i dr&#382;ave. <\/p>\n<p>\u201eSvi politi&ccaron;ki akteri obuhva&cacute;eni ovim procesom treba da budu na nivou zadataka i posve&cacute;eni tome da vr\u0161e njihov posao na uspe\u0161nom okon&ccaron;anju ovog procesa\u201c, rekao je Tha\u00e7i.<br \/>\n\u00a0<br \/>\nOvo je ceo govor predsednika Tha\u00e7i-ja:<br \/>\n\u00a0<br \/>\nPo\u0161tovani predstavnici medija,<br \/>\nGra&dstrok;ani Republike Kosova,<br \/>\n\u00a0<br \/>\nGra&dstrok;ani Republike kosova su ju&ccaron;e obave\u0161teni da sam na osnovu mojih ustavnih nadle&#382;nosti kao predsednika i kao vrhovnog komandanta Kosovskih snaga bezbednosti predao predsedniku Parlamenta Kosova nacrt Zakona o Kosovskim bezbednosnim snagama , odnosno nacrt zakona koji od KSB- a pravi vojsku Kosova. <\/p>\n<p>Ovu zakonsku inicijativu, koja je preduzeta u potpunoj koordinaciji sa dr&#382;avnim institucijama Kosova smatram kao neophodnu za unapre&dstrok;enje uloge i obaveza Kosovskih snaga bezbednosti. <\/p>\n<p>Ova izmena misije i nove obaveze koje &cacute;e KSB ste&cacute;i u kladu sa novim zakonom, &ccaron;ine KSB multietni&ccaron;kom, profesionalnom vojskom, koja je spremna da \u0161titi gra&dstrok;ane Kosova i bi&cacute;e u slu&#382;bi o&ccaron;uvanja mira u regionu i u svetu, kad kod se od Kosova bude tra&#382;ilo da da svoj doprinos u tom pravcu. <\/p>\n<p>Dozvolite mi da se ovim povodom zahvalim &ccaron;lanovima Predsedni\u0161tva Skup\u0161tine Kosova, koji su ovu zakonsku inicijativu tretirali odgovorno i sa visokim dr&#382;avnim prioritetom, donose&cacute;i odluku danas da se ide napred u ovom pravcu i procesiraju&cacute;i zakonsku inicijativu radi davanja mi\u0161ljenja Vlade Republike Kosova u skladu sa zakonodavstvom i uredbama na snazi. <\/p>\n<p>Ja sam ube&dstrok;en da &cacute;e i Vlada Republike Kosova, odnosno premijer Mustafa tretirani nacrt zakona o KSB-u sa visokim prioritetom\u00a0 i da &cacute;e veoma brzo i zvani&ccaron;no dati svoje pozitivno mi\u0161ljenje u da &cacute;e ga podr&#382;ati. <\/p>\n<p>Po\u0161tovani predstavnici medija,<br \/>\nGra&dstrok;ani Republike Kosova, <\/p>\n<p>U ovom periodu, ceo politi&ccaron;ki spektar na Kosovu, obuhvataju&cacute;i civilno dru\u0161tvo i na\u0161e gra&dstrok;ane,treba da u potpunosti budemo ujedinjeni kako bismo uspe\u0161no zaklju&ccaron;ili ovaj proces, koji u potpunosti zavisi od volje na\u0161ih dr&#382;avnih institucija. <\/p>\n<p>Onako kako sam i o&ccaron;ekivao, nacrt zakona o Kosovskoj vojsci je ujedinio &ccaron;itav politi&ccaron;ki spektar Kosova i oja&ccaron;ao je poverenje gra&dstrok;ana Kosova u na\u0161u odlu&ccaron;nost da donesemo odluke u njihovom interesu i u interesu na\u0161e dr&#382;ave. <\/p>\n<p>Dakle, svi politi&ccaron;ki akteri koji su obuhva&cacute;eni u ovom procesu, treba da budu n nivou zadatka i da budu posve&cacute;eni da vr\u0161e njihov posao radi uspe\u0161nog okon&ccaron;anja ovog procesa. <\/p>\n<p>Veliku pa&#382;nju treba da posvetimo na\u0161im zvani&ccaron;nim stavovima o ovom pitanju i da se potrudimo da strpljivo i sa dovoljnim argumentima pojasnimo na\u0161im me&dstrok;unarodnim partnerima, susednim dr&#382;avama i bilo kome drugome koji ima dileme u ovaj proces. <\/p>\n<p>Republika Kosovo nije u&ccaron;inila nijedan neo&ccaron;ekivan korak, nijedan jednostrani postupak ili postupak koji je bio nekoordiniran, nijedan protivzakonit ili protivustavni postupak. Ne radi ni\u0161ta \u0161to se mo&#382;e smatrati kao opasnost za mir i sigurnost na Kosovu i u regionu. <\/p>\n<p>Realnost i istina u celom ovom procesu je ova: <\/p>\n<p>Nezavisna dr&#382;ava Kosovo, jednostavno radi ne\u0161to \u0161to je zakonski i ustavno, \u0161to je temelj funkcionisanja svake demokratske dr&#382;ave u svetu.<br \/>\n\u00a0<br \/>\nMi kao demokratske institucije nezavisne dr&#382;ave smo odlu&ccaron;ili da KSB-u damo misiju i obaveze moderne, profesionalne, multietni&ccaron;ke vojska koja &cacute;e biti u stanju da za\u0161titi dr&#382;avni suverenitet na\u0161e zemlje. <\/p>\n<p>Ovu ustavnu i zakonsku obavezu niti je osporio niti mo&#382;e da ospori neko od na\u0161ih partnera sa zapada, obuhvataju&cacute;i i NATO i njegove dr&#382;ave &ccaron;lanice. <\/p>\n<p>Me&dstrok;utim, ovaj neophodan ustavni i zakonski akt je osporila i nastavlja da osporava samo Srbija, govore&cacute;i da osnivanje Kosovske vojske predstavlja pretnju\u00a0 za mir i sigurnost u regionu. <\/p>\n<p>Srbija konstantno govori tako ne\u0161to kao deo njene propagande protiv dr&#382;ave Kosovo, a u isto vreme se nacionalisti&ccaron;kim ponosom puni vazdu\u0161ni prostor avionima tipa MIG koji su poklon od Rusije. <\/p>\n<p>Ali, bilo kako bilo, mislim da su stvari jasne za sve aktere, bilo da su doma&cacute;i ili me&dstrok;unarodni. <\/p>\n<p>Trenutno je jedina pretnja miru u na\u0161em regionu pove&cacute;anje uticaja uloge Rusije u regionu i broj aviona MIG u vazdu\u0161nom prostoru Srbije. <\/p>\n<p>Naravno, ovoj pretnji treba da dodamo i pretnje koje dolaze iz teroristi&ccaron;kih polja koji dolaze sa drugog polja, n kojem je Kosovo \u0161ampion u regionu, to je beskompromisna borba protiv terorizma i nasilnog ekstremizma. <\/p>\n<p>Dakle, ja od NATO-a o&ccaron;ekujem da bude svestan o ovim konkretnim rizicima i da se ne brine u vezi sa unapre&dstrok;enjem uloge KSB-a, znaju&cacute;i da je KSB podignuta i obu&ccaron;ena upravo od stran NATO-a i dr&#382;ava &ccaron;lanica NATO-a. <\/p>\n<p>Rekao sam tako ne\u0161to, kao moj direktan odgovor na zabrinutost koju su danas istakli sekretar NATO-a, Dr&#382;ave Kvinte i Sjedinjene Ameri&ccaron;ke Dr&#382;ave. <\/p>\n<p>Glavna napomena sekretara NATO-a u telefonskom razgovoru koji smo danas imali, bila kako NATO smatra na\u0161u zakonsku inicijativu o izmeni misije i obaveza KSB-a jednostranim postupkom. <\/p>\n<p>Ovo ne opstaje ni u kojoj okolnosti, jer mi smo ve&cacute; tri godine poku\u0161avali da koordiniramo ovaj postupak sa poslanicima srpske zajednice koja &#382;ivi na Kosovu, ali su oni jasno rekli da nikada ne&cacute;e glasati ustavne izmene radi osnivanja Kosovske vojske. <\/p>\n<p>U slu&ccaron;aju da sekretar NATO-a smatra na\u0161u inicijativu jednostranom zbog toga \u0161to se Srbija ne sla&#382;e sa na\u0161im postupcima, on ja ovo smatram u potpunosti neprihvatljivim, jer sudbina Kosova i na\u0161e vojske ne sme ostati talac volje i raspolo&#382;enja Srbije ni u kojoj okolnosti ni po koji cenu. <\/p>\n<p>\u0160ta vi\u0161e, ja kao predsednik, budu&cacute;i da sam u potpunosti svestan takvih reakcija, jo\u0161 ju&ccaron;e sam imao telefonski razgovor sa premijerom Srbije, kako bi njemu saop\u0161tio moju odluku i kako bi mu jasno rekao da KSB ni u njenom sada\u0161njem mandatu ni u novom mandatu, koji verujem da &cacute;e ubrzo ste&cacute;i, ne predstavlja nikakvu pretnju ni za Srbiju niti za bilo koju drugu dr&#382;avu bilo gde u svetu. <\/p>\n<p>Po\u0161tovani predstavnici medija,<br \/>\nGra&dstrok;ani Republike Kosova, <\/p>\n<p>Ja kao predsednik imam za obavezu da se uverim da &cacute;e kosovo produbiti saradnju sa\u00a0 NATO-om, jer u&ccaron;lanjenje\u00a0 u ovu vojnu organizaciju jeste na\u0161 glavni cilj. <\/p>\n<p>\u0160ta vi\u0161e, moja je du&#382;nost da produbimo saradnju sa Sjedinjenim Ameri&ccaron;kim Dr&#382;avama, jer samo postojanje i funkcionisanje na\u0161e dr&#382;ave je rezultat na\u0161ih zajedni&ccaron;kih napora. <\/p>\n<p>Dakle, pa&#382;ljivo sam saslu\u0161ao savete i stavove SAD-a o ovom pitanju na redovnom nedeljnom radnom sastanku koji sam imao danas sa ambasadorom SAD-a, Greg-om Delawie. <\/p>\n<p>Nasuprot javnoj zabrinutosti, SAD ni u jednoj okolnosti ne stavlja pod znak pitanja na\u0161e legitimno pravo da osnujemo Kosovsku vojsku. <\/p>\n<p>SAD je jasno rekla da u potpunosti podr&#382;ava ovaj proces, ali &#382;ele da se ovaj proces dogodi preko ustavnih izmena. <\/p>\n<p>Ja sam i ju&ccaron;e pojasnio, pojasni&cacute;u ponovo danas. <\/p>\n<p>Od 2014. godine kada je okon&ccaron;ano razmatranje Sektora bezbednosti na Kosovu i onda kada je javno objavljeno ubrzo osnivanje Oru&#382;anih snaga Kosova, nijednom nisam stao sa naporima da izvr\u0161im ovu transformaciju KSB-a preko ustavnih izmena, onako kako smo svi mi &#382;eleli, tako&dstrok;e i na\u0161i partneri, odnosno SAD.<\/p>\n<p>Svi mi kao akteri koji smo obuhva&cacute;eni u ovaj proces, dakle institucije Kosova, NATO i dr&#382;ave koje su na\u0161i prijatelji, do danas na&#382;alost nismo uspeli da ubedimo poslanike Srpske liste da izglasaju ustavne izmene za osnivanje Oru&#382;anih snaga Kosova.<br \/>\n\u00a0<br \/>\nI svi mi, obuhvataju&cacute;i i javno mnjenje smo u mnogim slu&ccaron;ajevima do danas videli, ostaju privr&#382;eni samo nare&dstrok;enjima koja dobijaju iz Srbije, a ne od Vlade Kosova. <\/p>\n<p>Dakle,\u00a0 bilo ne mogu&cacute;e da &ccaron;ekamo do beskona&ccaron;nosti n jedan poznati negativan epilog. <\/p>\n<p>Me&dstrok;utim, ja uz visoku odgovornost, danas ovde ka&#382;em, da ukoliko NATO, Dr&#382;ave Kvinte i SAD uspeju da ubede poslanike Srpske liste da glasaju za ustavne izmene, ja sam siguran da &cacute;emo i Vlada Kosova, ja kao predsednik i Skup\u0161tina Kosova, biti veoma sretni da procesiramo, bez gubljenja vremena, odnosno izvr\u0161i&cacute;emo ovu transformaciju putem ustavnih izmena. <\/p>\n<p>Budu&cacute;i da sam svestan da mo&#382;e biti takvih reakcija, ja sam tra&#382;io takve garancije od NATO-a i Dr&#382;ava Kvinte i SAD-a, me&dstrok;utim niko do sada nije mogao da garantuje jedan glas poslanika Srpske liste u korist ustavnih izmena za transformaciju KSB-a u Kosovsku vojsku. <\/p>\n<p>Dakle, tra&#382;io sam potpuno razumevanje na\u0161ih partnera u ovom procesu, koji nije jednostran, ve&cacute; je iniciran kao potpuno prirodan i transparentan. <\/p>\n<p>NATO i na\u0161i me&dstrok;unarodni partneru treba da pomognu Kosovu tokom ove transformacije adekvatnim profesionalnim savetima i nikako ne treba da misle o tome kako &cacute;e kazniti Kosovo, samo zbog toga \u0161to smo inicirali zakonit proces za koji oni ka&#382;u da je legitimno pravo institucija Republike Kosova. <\/p>\n<p>Nasuprot tome institucije Republike Kosova ostaju u potpunosti transparentne i otvorene da pru&#382;aju sv garancije i neophodna poja\u0161njenja tokom &ccaron;itavog procesa koji je veoma bitan za na\u0161u dr&#382;avu. <\/p>\n<p>Ali, ponovo isti&ccaron;em da zakonska inicijativa o izmeni mandata KSB-a treba da se nastavi u skladu sa zakonodavstvom na snazi, bez daljeg ka\u0161njenja. <\/p>\n<p>Na kraju, n poslanicima Skup\u0161tine Republike Kosova, koji predstavljaju volju gra&dstrok;ana Republike Kosova je da donesu meritornu odluku o KSB-u, odnosno o Kosovskoj vojsci. <\/p>\n<p>A ja sam kao predsednik zemlje ube&dstrok;en da poslanici Kosova n treba da ostave Kosovo bez vojske, jer je to volja svih gra&dstrok;ana Republike Kosova.<br \/>\n\u00a0<\/p>\n","protected":false},"excerpt":{"rendered":"<p>Pri\u0161tina, 8. mart 2017. godine \u2013 Predsednik Republike Kosova, Hashim Tha\u00e7i, nakon sastanka koji je imao sa predstavnicima Dr&#382;avama Kvinte na konferenciji za medije rekao je da Kosovo ne mo&#382;e da se u&ccaron;lani u NATO bez transformacije KSB-a.<\/p>\n","protected":false},"author":1,"featured_media":30981,"comment_status":"open","ping_status":"closed","sticky":false,"template":"","format":"standard","meta":{"_eb_attr":"","footnotes":""},"categories":[101],"tags":[],"class_list":["post-76284","post","type-post","status-publish","format-standard","has-post-thumbnail","hentry","category-vesti"],"yoast_head":"<!-- This site is optimized with the Yoast SEO plugin v23.5 - https:\/\/yoast.com\/wordpress\/plugins\/seo\/ -->\n<title>Predsednik Tha\u00e7i: Ujedinjeni smo u vezi stvaranja vojske, Skup\u0161tina da donese meritornu odluku o KSB-u - Predsednik Republike Kosovo - DR. VJOSA OSMANI - SADRIU<\/title>\n<meta name=\"description\" content=\"Predsednik Tha\u00e7i: Ujedinjeni smo u vezi stvaranja vojske, Skup\u0161tina da donese meritornu odluku o KSB-u - Predsednik Republike Kosovo - DR. VJOSA OSMANI - SADRIU -\" \/>\n<meta name=\"robots\" content=\"index, follow, max-snippet:-1, max-image-preview:large, max-video-preview:-1\" \/>\n<link rel=\"canonical\" href=\"https:\/\/president-ksgov.net\/sr\/predsednik-thaci-ujedinjeni-smo-u-vezi-stvaranja-vojske-skupstina-da-donese-meritornu-odluku-o-ksb-u\/\" \/>\n<meta property=\"og:locale\" content=\"sr_RS\" \/>\n<meta property=\"og:type\" content=\"article\" \/>\n<meta property=\"og:title\" content=\"Predsednik Tha\u00e7i: Ujedinjeni smo u vezi stvaranja vojske, Skup\u0161tina da donese meritornu odluku o KSB-u - Predsednik Republike Kosovo - DR. VJOSA OSMANI - SADRIU\" \/>\n<meta property=\"og:description\" content=\"Predsednik Tha\u00e7i: Ujedinjeni smo u vezi stvaranja vojske, Skup\u0161tina da donese meritornu odluku o KSB-u - Predsednik Republike Kosovo - DR. VJOSA OSMANI - SADRIU -\" \/>\n<meta property=\"og:url\" content=\"https:\/\/president-ksgov.net\/sr\/predsednik-thaci-ujedinjeni-smo-u-vezi-stvaranja-vojske-skupstina-da-donese-meritornu-odluku-o-ksb-u\/\" \/>\n<meta property=\"og:site_name\" content=\"Predsednik Republike Kosovo - DR. VJOSA OSMANI - SADRIU\" \/>\n<meta property=\"article:published_time\" content=\"2017-03-08T19:43:18+00:00\" \/>\n<meta property=\"og:image\" content=\"https:\/\/president-ksgov.net\/wp-content\/uploads\/08_03_2017_3945289_08_03_2017_Konferenca_1.jpg\" \/>\n\t<meta property=\"og:image:width\" content=\"2000\" \/>\n\t<meta property=\"og:image:height\" content=\"1301\" \/>\n\t<meta property=\"og:image:type\" content=\"image\/jpeg\" \/>\n<meta name=\"author\" content=\"admin\" \/>\n<meta name=\"twitter:card\" content=\"summary_large_image\" \/>\n<meta name=\"twitter:label1\" content=\"\u041d\u0430\u043f\u0438\u0441\u0430\u043d\u043e \u043e\u0434\" \/>\n\t<meta name=\"twitter:data1\" content=\"admin\" \/>\n\t<meta name=\"twitter:label2\" content=\"\u041f\u0440\u043e\u0446\u0435\u045a\u0435\u043d\u043e \u0432\u0440\u0435\u043c\u0435 \u0447\u0438\u0442\u0430\u045a\u0430\" \/>\n\t<meta name=\"twitter:data2\" content=\"9 \u043c\u0438\u043d\u0443\u0442\u0430\" \/>\n<script type=\"application\/ld+json\" class=\"yoast-schema-graph\">{\"@context\":\"https:\/\/schema.org\",\"@graph\":[{\"@type\":\"WebPage\",\"@id\":\"https:\/\/president-ksgov.net\/sr\/predsednik-thaci-ujedinjeni-smo-u-vezi-stvaranja-vojske-skupstina-da-donese-meritornu-odluku-o-ksb-u\/\",\"url\":\"https:\/\/president-ksgov.net\/sr\/predsednik-thaci-ujedinjeni-smo-u-vezi-stvaranja-vojske-skupstina-da-donese-meritornu-odluku-o-ksb-u\/\",\"name\":\"Predsednik Tha\u00e7i: Ujedinjeni smo u vezi stvaranja vojske, Skup\u0161tina da donese meritornu odluku o KSB-u - Predsednik Republike Kosovo - DR. VJOSA OSMANI - SADRIU\",\"isPartOf\":{\"@id\":\"https:\/\/president-ksgov.net\/#website\"},\"primaryImageOfPage\":{\"@id\":\"https:\/\/president-ksgov.net\/sr\/predsednik-thaci-ujedinjeni-smo-u-vezi-stvaranja-vojske-skupstina-da-donese-meritornu-odluku-o-ksb-u\/#primaryimage\"},\"image\":{\"@id\":\"https:\/\/president-ksgov.net\/sr\/predsednik-thaci-ujedinjeni-smo-u-vezi-stvaranja-vojske-skupstina-da-donese-meritornu-odluku-o-ksb-u\/#primaryimage\"},\"thumbnailUrl\":\"https:\/\/president-ksgov.net\/wp-content\/uploads\/08_03_2017_3945289_08_03_2017_Konferenca_1.jpg\",\"datePublished\":\"2017-03-08T19:43:18+00:00\",\"dateModified\":\"2017-03-08T19:43:18+00:00\",\"author\":{\"@id\":\"https:\/\/president-ksgov.net\/#\/schema\/person\/bb4337a5fb147cb2046d80548172cbee\"},\"description\":\"Predsednik Tha\u00e7i: Ujedinjeni smo u vezi stvaranja vojske, Skup\u0161tina da donese meritornu odluku o KSB-u - Predsednik Republike Kosovo - DR. VJOSA OSMANI - SADRIU -\",\"breadcrumb\":{\"@id\":\"https:\/\/president-ksgov.net\/sr\/predsednik-thaci-ujedinjeni-smo-u-vezi-stvaranja-vojske-skupstina-da-donese-meritornu-odluku-o-ksb-u\/#breadcrumb\"},\"inLanguage\":\"sr-RS\",\"potentialAction\":[{\"@type\":\"ReadAction\",\"target\":[\"https:\/\/president-ksgov.net\/sr\/predsednik-thaci-ujedinjeni-smo-u-vezi-stvaranja-vojske-skupstina-da-donese-meritornu-odluku-o-ksb-u\/\"]}]},{\"@type\":\"ImageObject\",\"inLanguage\":\"sr-RS\",\"@id\":\"https:\/\/president-ksgov.net\/sr\/predsednik-thaci-ujedinjeni-smo-u-vezi-stvaranja-vojske-skupstina-da-donese-meritornu-odluku-o-ksb-u\/#primaryimage\",\"url\":\"https:\/\/president-ksgov.net\/wp-content\/uploads\/08_03_2017_3945289_08_03_2017_Konferenca_1.jpg\",\"contentUrl\":\"https:\/\/president-ksgov.net\/wp-content\/uploads\/08_03_2017_3945289_08_03_2017_Konferenca_1.jpg\",\"width\":2000,\"height\":1301},{\"@type\":\"BreadcrumbList\",\"@id\":\"https:\/\/president-ksgov.net\/sr\/predsednik-thaci-ujedinjeni-smo-u-vezi-stvaranja-vojske-skupstina-da-donese-meritornu-odluku-o-ksb-u\/#breadcrumb\",\"itemListElement\":[{\"@type\":\"ListItem\",\"position\":1,\"name\":\"Home\",\"item\":\"https:\/\/president-ksgov.net\/sr\/\"},{\"@type\":\"ListItem\",\"position\":2,\"name\":\"Predsednik Tha\u00e7i: Ujedinjeni smo u vezi stvaranja vojske, Skup\u0161tina da donese meritornu odluku o KSB-u\"}]},{\"@type\":\"WebSite\",\"@id\":\"https:\/\/president-ksgov.net\/#website\",\"url\":\"https:\/\/president-ksgov.net\/\",\"name\":\"Presidente e Republik\u00ebs s\u00eb Kosov\u00ebs\",\"description\":\"Presidente e Republik\u00ebs s\u00eb Kosov\u00ebs\",\"alternateName\":\"DR. VJOSA OSMANI - SADRIU\",\"potentialAction\":[{\"@type\":\"SearchAction\",\"target\":{\"@type\":\"EntryPoint\",\"urlTemplate\":\"https:\/\/president-ksgov.net\/?s={search_term_string}\"},\"query-input\":{\"@type\":\"PropertyValueSpecification\",\"valueRequired\":true,\"valueName\":\"search_term_string\"}}],\"inLanguage\":\"sr-RS\"},{\"@type\":\"Person\",\"@id\":\"https:\/\/president-ksgov.net\/#\/schema\/person\/bb4337a5fb147cb2046d80548172cbee\",\"name\":\"admin\",\"image\":{\"@type\":\"ImageObject\",\"inLanguage\":\"sr-RS\",\"@id\":\"https:\/\/president-ksgov.net\/#\/schema\/person\/image\/\",\"url\":\"https:\/\/secure.gravatar.com\/avatar\/36156ca0fa3b8d9d25174f146e16beea0cf28f37adf1b9e19b6c9c279a7c9dd3?s=96&d=mm&r=g\",\"contentUrl\":\"https:\/\/secure.gravatar.com\/avatar\/36156ca0fa3b8d9d25174f146e16beea0cf28f37adf1b9e19b6c9c279a7c9dd3?s=96&d=mm&r=g\",\"caption\":\"admin\"},\"sameAs\":[\"https:\/\/president-ksgov.net\"]}]}<\/script>\n<!-- \/ Yoast SEO plugin. -->","yoast_head_json":{"title":"Predsednik Tha\u00e7i: Ujedinjeni smo u vezi stvaranja vojske, Skup\u0161tina da donese meritornu odluku o KSB-u - Predsednik Republike Kosovo - DR. VJOSA OSMANI - SADRIU","description":"Predsednik Tha\u00e7i: Ujedinjeni smo u vezi stvaranja vojske, Skup\u0161tina da donese meritornu odluku o KSB-u - Predsednik Republike Kosovo - DR. VJOSA OSMANI - SADRIU -","robots":{"index":"index","follow":"follow","max-snippet":"max-snippet:-1","max-image-preview":"max-image-preview:large","max-video-preview":"max-video-preview:-1"},"canonical":"https:\/\/president-ksgov.net\/sr\/predsednik-thaci-ujedinjeni-smo-u-vezi-stvaranja-vojske-skupstina-da-donese-meritornu-odluku-o-ksb-u\/","og_locale":"sr_RS","og_type":"article","og_title":"Predsednik Tha\u00e7i: Ujedinjeni smo u vezi stvaranja vojske, Skup\u0161tina da donese meritornu odluku o KSB-u - Predsednik Republike Kosovo - DR. VJOSA OSMANI - SADRIU","og_description":"Predsednik Tha\u00e7i: Ujedinjeni smo u vezi stvaranja vojske, Skup\u0161tina da donese meritornu odluku o KSB-u - Predsednik Republike Kosovo - DR. VJOSA OSMANI - SADRIU -","og_url":"https:\/\/president-ksgov.net\/sr\/predsednik-thaci-ujedinjeni-smo-u-vezi-stvaranja-vojske-skupstina-da-donese-meritornu-odluku-o-ksb-u\/","og_site_name":"Predsednik Republike Kosovo - DR. VJOSA OSMANI - SADRIU","article_published_time":"2017-03-08T19:43:18+00:00","og_image":[{"width":2000,"height":1301,"url":"https:\/\/president-ksgov.net\/wp-content\/uploads\/08_03_2017_3945289_08_03_2017_Konferenca_1.jpg","type":"image\/jpeg"}],"author":"admin","twitter_card":"summary_large_image","twitter_misc":{"\u041d\u0430\u043f\u0438\u0441\u0430\u043d\u043e \u043e\u0434":"admin","\u041f\u0440\u043e\u0446\u0435\u045a\u0435\u043d\u043e \u0432\u0440\u0435\u043c\u0435 \u0447\u0438\u0442\u0430\u045a\u0430":"9 \u043c\u0438\u043d\u0443\u0442\u0430"},"schema":{"@context":"https:\/\/schema.org","@graph":[{"@type":"WebPage","@id":"https:\/\/president-ksgov.net\/sr\/predsednik-thaci-ujedinjeni-smo-u-vezi-stvaranja-vojske-skupstina-da-donese-meritornu-odluku-o-ksb-u\/","url":"https:\/\/president-ksgov.net\/sr\/predsednik-thaci-ujedinjeni-smo-u-vezi-stvaranja-vojske-skupstina-da-donese-meritornu-odluku-o-ksb-u\/","name":"Predsednik Tha\u00e7i: Ujedinjeni smo u vezi stvaranja vojske, Skup\u0161tina da donese meritornu odluku o KSB-u - Predsednik Republike Kosovo - DR. VJOSA OSMANI - SADRIU","isPartOf":{"@id":"https:\/\/president-ksgov.net\/#website"},"primaryImageOfPage":{"@id":"https:\/\/president-ksgov.net\/sr\/predsednik-thaci-ujedinjeni-smo-u-vezi-stvaranja-vojske-skupstina-da-donese-meritornu-odluku-o-ksb-u\/#primaryimage"},"image":{"@id":"https:\/\/president-ksgov.net\/sr\/predsednik-thaci-ujedinjeni-smo-u-vezi-stvaranja-vojske-skupstina-da-donese-meritornu-odluku-o-ksb-u\/#primaryimage"},"thumbnailUrl":"https:\/\/president-ksgov.net\/wp-content\/uploads\/08_03_2017_3945289_08_03_2017_Konferenca_1.jpg","datePublished":"2017-03-08T19:43:18+00:00","dateModified":"2017-03-08T19:43:18+00:00","author":{"@id":"https:\/\/president-ksgov.net\/#\/schema\/person\/bb4337a5fb147cb2046d80548172cbee"},"description":"Predsednik Tha\u00e7i: Ujedinjeni smo u vezi stvaranja vojske, Skup\u0161tina da donese meritornu odluku o KSB-u - Predsednik Republike Kosovo - DR. VJOSA OSMANI - SADRIU -","breadcrumb":{"@id":"https:\/\/president-ksgov.net\/sr\/predsednik-thaci-ujedinjeni-smo-u-vezi-stvaranja-vojske-skupstina-da-donese-meritornu-odluku-o-ksb-u\/#breadcrumb"},"inLanguage":"sr-RS","potentialAction":[{"@type":"ReadAction","target":["https:\/\/president-ksgov.net\/sr\/predsednik-thaci-ujedinjeni-smo-u-vezi-stvaranja-vojske-skupstina-da-donese-meritornu-odluku-o-ksb-u\/"]}]},{"@type":"ImageObject","inLanguage":"sr-RS","@id":"https:\/\/president-ksgov.net\/sr\/predsednik-thaci-ujedinjeni-smo-u-vezi-stvaranja-vojske-skupstina-da-donese-meritornu-odluku-o-ksb-u\/#primaryimage","url":"https:\/\/president-ksgov.net\/wp-content\/uploads\/08_03_2017_3945289_08_03_2017_Konferenca_1.jpg","contentUrl":"https:\/\/president-ksgov.net\/wp-content\/uploads\/08_03_2017_3945289_08_03_2017_Konferenca_1.jpg","width":2000,"height":1301},{"@type":"BreadcrumbList","@id":"https:\/\/president-ksgov.net\/sr\/predsednik-thaci-ujedinjeni-smo-u-vezi-stvaranja-vojske-skupstina-da-donese-meritornu-odluku-o-ksb-u\/#breadcrumb","itemListElement":[{"@type":"ListItem","position":1,"name":"Home","item":"https:\/\/president-ksgov.net\/sr\/"},{"@type":"ListItem","position":2,"name":"Predsednik Tha\u00e7i: Ujedinjeni smo u vezi stvaranja vojske, Skup\u0161tina da donese meritornu odluku o KSB-u"}]},{"@type":"WebSite","@id":"https:\/\/president-ksgov.net\/#website","url":"https:\/\/president-ksgov.net\/","name":"Presidente e Republik\u00ebs s\u00eb Kosov\u00ebs","description":"Presidente e Republik\u00ebs s\u00eb Kosov\u00ebs","alternateName":"DR. VJOSA OSMANI - SADRIU","potentialAction":[{"@type":"SearchAction","target":{"@type":"EntryPoint","urlTemplate":"https:\/\/president-ksgov.net\/?s={search_term_string}"},"query-input":{"@type":"PropertyValueSpecification","valueRequired":true,"valueName":"search_term_string"}}],"inLanguage":"sr-RS"},{"@type":"Person","@id":"https:\/\/president-ksgov.net\/#\/schema\/person\/bb4337a5fb147cb2046d80548172cbee","name":"admin","image":{"@type":"ImageObject","inLanguage":"sr-RS","@id":"https:\/\/president-ksgov.net\/#\/schema\/person\/image\/","url":"https:\/\/secure.gravatar.com\/avatar\/36156ca0fa3b8d9d25174f146e16beea0cf28f37adf1b9e19b6c9c279a7c9dd3?s=96&d=mm&r=g","contentUrl":"https:\/\/secure.gravatar.com\/avatar\/36156ca0fa3b8d9d25174f146e16beea0cf28f37adf1b9e19b6c9c279a7c9dd3?s=96&d=mm&r=g","caption":"admin"},"sameAs":["https:\/\/president-ksgov.net"]}]}},"_links":{"self":[{"href":"https:\/\/president-ksgov.net\/sr\/wp-json\/wp\/v2\/posts\/76284","targetHints":{"allow":["GET"]}}],"collection":[{"href":"https:\/\/president-ksgov.net\/sr\/wp-json\/wp\/v2\/posts"}],"about":[{"href":"https:\/\/president-ksgov.net\/sr\/wp-json\/wp\/v2\/types\/post"}],"author":[{"embeddable":true,"href":"https:\/\/president-ksgov.net\/sr\/wp-json\/wp\/v2\/users\/1"}],"replies":[{"embeddable":true,"href":"https:\/\/president-ksgov.net\/sr\/wp-json\/wp\/v2\/comments?post=76284"}],"version-history":[{"count":0,"href":"https:\/\/president-ksgov.net\/sr\/wp-json\/wp\/v2\/posts\/76284\/revisions"}],"wp:featuredmedia":[{"embeddable":true,"href":"https:\/\/president-ksgov.net\/sr\/wp-json\/wp\/v2\/media\/30981"}],"wp:attachment":[{"href":"https:\/\/president-ksgov.net\/sr\/wp-json\/wp\/v2\/media?parent=76284"}],"wp:term":[{"taxonomy":"category","embeddable":true,"href":"https:\/\/president-ksgov.net\/sr\/wp-json\/wp\/v2\/categories?post=76284"},{"taxonomy":"post_tag","embeddable":true,"href":"https:\/\/president-ksgov.net\/sr\/wp-json\/wp\/v2\/tags?post=76284"}],"curies":[{"name":"wp","href":"https:\/\/api.w.org\/{rel}","templated":true}]}}