{"id":76272,"date":"2017-03-23T13:28:57","date_gmt":"2017-03-23T13:28:57","guid":{"rendered":"https:\/\/dev.president-ksgov.net\/govor-predsednika-thaci-u-nedelji-ena-2017\/"},"modified":"2023-03-08T09:01:39","modified_gmt":"2023-03-08T09:01:39","slug":"govor-predsednika-thaci-u-nedelji-ena-2017","status":"publish","type":"post","link":"https:\/\/president-ksgov.net\/sr\/govor-predsednika-thaci-u-nedelji-ena-2017\/","title":{"rendered":"Govor predsednika Tha\u00e7i u Nedelji &#158;ena 2017"},"content":{"rendered":"<p>Na po&ccaron;etku dozvolite mi da vam izrazim veliku zahvalnost za organizovanje Nedelje &#382;ena, kao vrhunac u kalendaru kreiranja politika u oblasti rodne ravnopravnosti i zastupljenosti &#382;ena u politi&ccaron;koj sceni Kosova.<\/p>\n<p>Veoma smo ponosni, ali i svesni toga da mnoge aktivnosti i mnogi uspesi tokom godina slobode i nezavisnosti u oblasti podizanja svesti o pravima &#382;ena u na\u0161em dru\u0161tvu, jesu rezultat zajedni&ccaron;kog rada izme&dstrok;u NDI-a, USAID-a i zajednice kosovskih &#382;ena u politici, civilnom dru\u0161tvu i biznisu.<\/p>\n<p>Nedelja &#382;ena je plemenita i odgovaraju&cacute;a inicijativa, jer ova aktivnost okuplja zajedno predstavnike iz svih politi&ccaron;kih stranaka, dru\u0161tva i poslovnog sektora, a sada je ve&cacute; poznata kao platforma u kojoj u&ccaron;esnici prevazilaze strana&ccaron;ku, etni&ccaron;ku pripadnost ili politi&ccaron;ka uverenja, i zajedno se anga&#382;uju za tretiranje pitanja koja su od interesa za dru\u0161tvo i dr&#382;avu Kosova.<\/p>\n<p>Mislim da teme koje se pokrivaju ove nedelje su od su\u0161tinskog zna&ccaron;aja za unapre&dstrok;enje zastupljenosti i rodne ravnopravnosti \u2013 od raspodele bud&#382;eta koji odgovorno odra&#382;ava rodnu ravnopravnost i razvoj programa za podr\u0161ku &#382;enama preduzetnicima, do reformi u pravosu&dstrok;u koje ka&#382;njavaju hvalisave kriminalce koji napadaju &#382;ene, kako u porodici, tako i na radnom mestu. <\/p>\n<p>Me&dstrok;utim, mislim da je va&#382;no da danas, ovde sa vama, razgovaramo o nekoliko ta&ccaron;aka nacionalne politike koje zajedni&ccaron;ki uti&ccaron;u na sve ljude, nezavisno od pola ili etni&ccaron;ke pripadnosti.<\/p>\n<p>Ne mislim da bi trebalo da imamo &#382;enske politi&ccaron;ke teme, ili da su teme o kojima razgovaramo danas u politi&ccaron;kom kontekstu, od demarkacije i liberalizacije viznog re&#382;ima do transformacije KSB-a ili reforme u pravosudnom sistemu \u2013 mu\u0161ke ili &#382;enske teme.<\/p>\n<p>Mi smo prva dr&#382;ava na Balkanu koja je za Vrhovnog komandanta KSB-a imala jednu &#382;enu, gospo&dstrok;u Atifete Jahjahga \u2013 koju sam uvek spomenuo kao uspe\u0161an primer borbe za prava i jednaku zastupljenost polova. <\/p>\n<p>Danas, u stolovima za ru&ccaron;ak ili pored televizora, politi&ccaron;ka debata nije su&#382;ena samo u mu\u0161kim odama, nego se projektuje u dru\u0161tvenim mre&#382;ama, u razgovorima u kojima &#382;ene imaju jake i argumentovane stavove kao i mu\u0161karci.<\/p>\n<p>Dozvolite mi onda, da u duhu op\u0161te dru\u0161tvene rasprave nudim nekoliko ta&ccaron;aka rasprave koje mogu biti u va\u0161em interesu u ovom forumu, ali i u interesu ostalih aktivnosti Nedelje &#382;ena:<\/p>\n<p>Kao prvo, Kosovo ove godine ulazi u novom izbornom ciklusu na lokalnom nivou, dok po atmosferi izme&dstrok;u politi&ccaron;kih stranaka koje su po&ccaron;ele da raspravljaju vidim, da posve&cacute;uju pa&#382;nju i nacionalnim izborima, bez obzira da li &cacute;e biti odr&#382;ani u redovnom roku 2018. godine ili ranije.<\/p>\n<p>Ja sam pokrenuo izbornu reformu, nezavisno od ovog kalendara, jer smatram da je do\u0161lo vreme da analiziramo situaciju nakon nekoliko nacionalnih i lokalnih izbora, koji su organizovani nakon progla\u0161enja nezavisnosti.<\/p>\n<p>Nema sumnje da je do\u0161lo do velikog napretka u organizovanju izbora.<\/p>\n<p>Centralna izborna komisija je stekla odgovaraju&cacute;e iskustvo i prikazani deficiti u izborima nakon nezavisnosti sada su svedeni na minimum.<\/p>\n<p>Niko na Kosovu ne sumnja na izborne rezultate u pogledu rangiranja stranaka.<\/p>\n<p>Ali, istovremeno, ne mo&#382;emo da zatvaramo o&ccaron;i i u\u0161i pred &ccaron;injenicom da u spiskovima ima velikih optu&#382;bi za uticaje i manipulacije, gde su &#382;ene najve&cacute;e &#382;rtve.<\/p>\n<p>U nekim trenucima, izgleda skoro prihvatljivo, da glasovi &#382;enskih kandidatkinja prelaze prema mu\u0161kim kandidatima.<\/p>\n<p>Ova pojava je zabele&#382;ena kod svih stranaka i u svim op\u0161tinama.<\/p>\n<p>Mislim da postoje mogu&cacute;nosti da se sistem pojednostavljuje, da odbrojavanje glasova kandidata bude br&#382;e i potpuno dekriminalizovano i da &cacute;e izborne reforme doneti ve&cacute;i kvalitet u Skup\u0161tini Kosova, ali i na lokalnom nivou.<\/p>\n<p>Nije dovoljna samo jedna &#382;ena predsednica i nisu dovoljna samo 30% obaveznih mesta, jer je potencijal kosovske &#382;ene mnogo ve&cacute;i.<\/p>\n<p>Ne znam da li &cacute;emo posti&cacute;i da dopunimo, raspravljamo i usvojimo ovu izbornu reformu, ali znam da ovaj proces treba da po&ccaron;ne i da treba da imamo logi&ccaron;ni zavr\u0161etak \u2013 jednostavan izborni sistem, demokratski, transparentni sistem, fokusiran na ja&ccaron;anje glasa naroda i oslabljenje razli&ccaron;itih pritisaka. <\/p>\n<p>\u00a0Mislim da vi, po\u0161tovane &#382;ene iz politike, ali i iz civilnog dru\u0161tva treba da dajete zna&ccaron;ajan i sna&#382;an doprinos u ovom procesu.<\/p>\n<p>Drugo, treba da raspravljate i da mi pomognete i u mojim idejama po pitanju transformacije KSB-a.<\/p>\n<p>\u00a0Svestan sam da je ova tema i inicijativa donela &ccaron;udnu debatu \u2013kako apsolutna ve&cacute;ina kosovskih gra&dstrok;ana, tako i neve&cacute;inske zajednice, su podr&#382;ale ovaj predlog i Nacrt zakona, me&dstrok;utim dobili smo i niz primedbi od prijatelja Kosova i glavnih doprinosioca na\u0161e slobode i nezavisnosti.<\/p>\n<p>Drago mi je da se primedbe ne odnose na na\u0161e pravo da imamo vojsku, ili da budemo bezbedni i da razmi\u0161ljamo o sigurnoj budu&cacute;nosti na\u0161e dece, nego samo na metodologiju i hronologiju koraka.<\/p>\n<p>Nacrt Zakona o KSB-u koji sam dostavio, zasniva se na jednom procesu, na reformisanju arhitekture bezbednosti, koji je po&ccaron;eo od progla\u0161enja nezavisnosti i rezultirao preporukom osnivanja vojske jo\u0161 od 2014. godine. <\/p>\n<p>Me&dstrok;utim, danas situacija u regionu i svetu nije ista.<\/p>\n<p>Nije mogu&cacute;e da ne razmi\u0161ljamo o pove&cacute;anoj ulozi Rusije, prema diskursu i agresivnim akcijama Srbije ili prema pove&cacute;anju egzistencijalne nesigurnost u EU i NATO-u. <\/p>\n<p>Na\u0161e Kosovo nikada nije sigurno 100% dok ne budemo priznati kao nezavisni i suvereni od strane svih na\u0161ih suseda.<\/p>\n<p>Na\u0161e Kosovo nikada ne&cacute;e zaboraviti na\u0161u pro\u0161lost, genocid, ubistva i silovanja, dok se jezik i akcije suseda zaista ne zasnivaju na dobrosusedstvu.<\/p>\n<p>Ja sam li&ccaron;no vodio dijalog sa Srbijom, ja sam inicijator\u00a0 da govorimo o pro\u0161losti i pomirenju i da pru&#382;imo ruku pomirenja biv\u0161em neprijatelju, ali ove na\u0161e akcije i ova na\u0161a posve&cacute;enost miru i dijalogu treba da bude pra&cacute;ena garancijom da se pro\u0161lost nikada vi\u0161e ne&cacute;e ponoviti.<\/p>\n<p>&Zcaron;elim da kosovski Srbi budu deo ovog procesa, da Ustavom promenimo ime i da se KSB naziva pravim imenom, kao Oru&#382;ane snage Kosova, ali sa druge strane nismo prihvatili Ahtisarijev plan i nismo izradili na\u0161 Ustav da nas on blokira u napretku ili da neko ima veto na na\u0161u bezbednost.<\/p>\n<p>Niko ne mo&#382;e imati veto na bezbednost Republike Kosovo.<\/p>\n<p>Mi mo&#382;emo da &ccaron;ekamo danima ili nedeljama da se prona&dstrok;e zajedni&ccaron;ki jezik, ali svakako da ne mo&#382;emo &ccaron;ekati godinama da po&ccaron;nemo sa procesom transformacije KSB-a. <\/p>\n<p>I ovde mislim da je neophodan glas &#382;ena. Bezbednosni sektor nije potpun bez uklju&ccaron;ivanja i glasa &#382;ena. <\/p>\n<p>Majke Kosova su one koje tra&#382;e bezbednost za svoju decu, i kosovske majke i &#382;ene, bez obzira na etni&ccaron;ku pripadnost,\u00a0 treba da daju svoj doprinos bezbednosnoj arhitekturi.<\/p>\n<p>Transformacija KSB nije proizvod koji se mo&#382;e izvr\u0161iti za dan ili jednim zakonom. To je proces koji &cacute;e trajati godinama. Govorimo o po&ccaron;etku sveobuhvatnog i pa&#382;ljivog procesa.<\/p>\n<p>Nemamo novca za tro\u0161enje uzalud. Nemamo ni vremena da tro\u0161imo, jer smo previ\u0161e toga potro\u0161ili, moramo da idemo napred i uveren sam da uz pomo&cacute; SAD-a i NATO-a &cacute;emo i&cacute;i napred.<br \/>\n\u00a0\u00a0\u00a0<br \/>\nTre&cacute;e, na\u0161 fokus mora da bude ekonomski razvoj.<\/p>\n<p>Ja vi\u0161e ne u&ccaron;estvujem u strana&ccaron;kim politikama i ne ogla\u0161avam se za strana&ccaron;ke programe, ali znam da je otvaranje novih radnih mesta jedna zabrinutost, izazov i preokupacija svih gra&dstrok;ana Kosova, kako na jugu tako i na severu,\u00a0 kako Albanaca tako i Srba, Bo\u0161njaka, Turaka, Roma i drugih etni&ccaron;kih grupa.<\/p>\n<p>U&ccaron;e\u0161&cacute;e &#382;ena na tr&#382;i\u0161tu rada je i dalje neprihvatljivo nizak. Jedna od najve&cacute;ih tragedija na Kosovu danas ne pripada etni&ccaron;kom nasilju \u2013 tu je bilo osnovnog napretka u poslednjih nekoliko godina, naro&ccaron;ito nakon Briselskog Sporazuma.<\/p>\n<p>Ne, tragedija je situacija u kojoj ve&cacute; godinama mnogi kosovski gra&dstrok;ani ne mogu da na&dstrok;u posao i to posebno poga&dstrok;a &#382;ene na Kosovu.<\/p>\n<p>Mnoge od njih ne mogu da na&dstrok;u posao, dok su mnoge druge pod neprihvatljivim pritiskom da se fokusiraju na doma&cacute;e poslove od strane porodice i njihovog okru&#382;enja.<\/p>\n<p>Stoga, pozivam po\u0161tovane &#382;ene poslanice da budu uporne da zakoni i fiskalne i ekonomske reforme imaju obavezno rodno bud&#382;etiranje.<\/p>\n<p>Zahvaljujem se puno USAID-u i Ambasadi SAD na velikoj podr\u0161ci koju su dali za zapo\u0161ljavanje &#382;ena, ali kosovska politika mora jo\u0161 vi\u0161e u&ccaron;initi u ovoj oblasti.<\/p>\n<p>Ja sam optimista da i programi koji se o&ccaron;ekuju u budu&cacute;nosti, kao \u0161to je MCC fond, odigrati pozitivnu ulogu u uklju&ccaron;ivanju rodne ravnopravnosti u privredi, ali mislim da svi zajedno imamo jo\u0161 vi\u0161e toga da uradimo za pobolj\u0161anje situacije u zapo\u0161ljavanju. Mo&#382;da statistike nisu precizne, ali u svakom slu&ccaron;aju svi znamo da se treba uraditi jo\u0161 vi\u0161e, da na Kosovu svako ima priliku da svojim trudom i znojem, odr&#382;ava porodicu i obezbedi sigurnost za decu i svoju porodicu.<\/p>\n<p>Po\u0161tovani organizatori<\/p>\n<p>Ovo su neke ta&ccaron;ke koje sam &#382;eleo da podelim sa vama, ali naravno rasprava ne po&ccaron;inje i ne zavr\u0161ava sa njima.<\/p>\n<p>Va\u0161 program je veoma zauzet, mnoge teme su obuhva&cacute;ene i Nedelja &#382;ena obe&cacute;ava da donese novi kvalitet u diskusiji o prioritetnim pitanjima, od zdravstva do obrazovanja i ekonomije, ali mislim da su politi&ccaron;ke predstavnice svih stranaka koje vidim ovde, danas sposobne i spremne da vode ove procese.<\/p>\n<p>Hvala vam jo\u0161 jednom na pozivu i ovom prilikom &#382;eleo bih da u narednim danima i nedeljama razgovaramo o tome kako mo&#382;emo unaprediti na\u0161u zajedni&ccaron;ku agendu rodne ravnopravnosti.<\/p>\n","protected":false},"excerpt":{"rendered":"<p>Na po&ccaron;etku dozvolite mi da vam izrazim veliku zahvalnost za organizovanje Nedelje &#382;ena, kao vrhunac u kalendaru kreiranja politika u oblasti rodne ravnopravnosti i zastupljenosti &#382;ena u politi&ccaron;koj sceni Kosova. Veoma smo ponosni, ali i svesni toga da mnoge aktivnosti i mnogi uspesi tokom godina slobode i nezavisnosti u oblasti podizanja svesti o pravima &#382;ena u na\u0161em dru\u0161tvu, jesu rezultat zajedni&ccaron;kog rada izme&dstrok;u NDI-a, USAID-a i zajednice kosovskih &#382;ena u politici, civilnom dru\u0161tvu i biznisu. Nedelja &#382;ena je plemenita i odgovaraju&cacute;a inicijativa, jer ova aktivnost okuplja zajedno predstavnike iz svih politi&ccaron;kih stranaka, dru\u0161tva i poslovnog sektora, a sada je ve&cacute; poznata kao platforma u kojoj u&ccaron;esnici prevazilaze strana&ccaron;ku, etni&ccaron;ku pripadnost ili politi&ccaron;ka uverenja, i zajedno se anga&#382;uju za tretiranje pitanja koja su od interesa za dru\u0161tvo i dr&#382;avu Kosova. Mislim da teme koje se pokrivaju ove nedelje su od su\u0161tinskog zna&ccaron;aja za unapre&dstrok;enje zastupljenosti i rodne ravnopravnosti \u2013 od raspodele bud&#382;eta koji odgovorno odra&#382;ava rodnu ravnopravnost i razvoj programa za podr\u0161ku &#382;enama preduzetnicima, do reformi u pravosu&dstrok;u koje ka&#382;njavaju hvalisave kriminalce koji napadaju &#382;ene, kako u porodici, tako i na radnom mestu. Me&dstrok;utim, mislim da je va&#382;no da danas, ovde sa vama, razgovaramo o nekoliko ta&ccaron;aka nacionalne politike koje zajedni&ccaron;ki uti&ccaron;u na sve ljude, nezavisno od pola ili etni&ccaron;ke pripadnosti. Ne mislim da bi trebalo da imamo &#382;enske politi&ccaron;ke teme, ili da su teme o kojima razgovaramo danas u politi&ccaron;kom kontekstu, od demarkacije i liberalizacije viznog re&#382;ima do transformacije KSB-a ili reforme u pravosudnom sistemu \u2013 mu\u0161ke ili &#382;enske teme. Mi smo prva dr&#382;ava na Balkanu koja je za Vrhovnog komandanta KSB-a imala jednu &#382;enu, gospo&dstrok;u Atifete Jahjahga \u2013 koju sam uvek spomenuo kao uspe\u0161an primer borbe za prava i jednaku zastupljenost polova. Danas, u stolovima za ru&ccaron;ak ili pored televizora, politi&ccaron;ka debata nije su&#382;ena samo u mu\u0161kim odama, nego se projektuje u dru\u0161tvenim mre&#382;ama, u razgovorima u kojima &#382;ene imaju jake i argumentovane stavove kao i mu\u0161karci. Dozvolite mi onda, da u duhu op\u0161te dru\u0161tvene rasprave nudim nekoliko ta&ccaron;aka rasprave koje mogu biti u va\u0161em interesu u ovom forumu, ali i u interesu ostalih aktivnosti Nedelje &#382;ena: Kao prvo, Kosovo ove godine ulazi u novom izbornom ciklusu na lokalnom nivou, dok po atmosferi izme&dstrok;u politi&ccaron;kih stranaka koje su po&ccaron;ele da raspravljaju vidim, da posve&cacute;uju pa&#382;nju i nacionalnim izborima, bez obzira da li &cacute;e biti odr&#382;ani u redovnom roku 2018. godine ili ranije. Ja sam pokrenuo izbornu reformu, nezavisno od ovog kalendara, jer smatram da je do\u0161lo vreme da analiziramo situaciju nakon nekoliko nacionalnih i lokalnih izbora, koji su organizovani nakon progla\u0161enja nezavisnosti. Nema sumnje da je do\u0161lo do velikog napretka u organizovanju izbora. Centralna izborna komisija je stekla odgovaraju&cacute;e iskustvo i prikazani deficiti u izborima nakon nezavisnosti sada su svedeni na minimum. Niko na Kosovu ne sumnja na izborne rezultate u pogledu rangiranja stranaka. Ali, istovremeno, ne mo&#382;emo da zatvaramo o&ccaron;i i u\u0161i pred &ccaron;injenicom da u spiskovima ima velikih optu&#382;bi za uticaje i manipulacije, gde su &#382;ene najve&cacute;e &#382;rtve. U nekim trenucima, izgleda skoro prihvatljivo, da glasovi &#382;enskih kandidatkinja prelaze prema mu\u0161kim kandidatima. Ova pojava je zabele&#382;ena kod svih stranaka i u svim op\u0161tinama. Mislim da postoje mogu&cacute;nosti da se sistem pojednostavljuje, da odbrojavanje glasova kandidata bude br&#382;e i potpuno dekriminalizovano i da &cacute;e izborne reforme doneti ve&cacute;i kvalitet u Skup\u0161tini Kosova, ali i na lokalnom nivou. Nije dovoljna samo jedna &#382;ena predsednica i nisu dovoljna samo 30% obaveznih mesta, jer je potencijal kosovske &#382;ene mnogo ve&cacute;i. Ne znam da li &cacute;emo posti&cacute;i da dopunimo, raspravljamo i usvojimo ovu izbornu reformu, ali znam da ovaj proces treba da po&ccaron;ne i da treba da imamo logi&ccaron;ni zavr\u0161etak \u2013 jednostavan izborni sistem, demokratski, transparentni sistem, fokusiran na ja&ccaron;anje glasa naroda i oslabljenje razli&ccaron;itih pritisaka. \u00a0Mislim da vi, po\u0161tovane &#382;ene iz politike, ali i iz civilnog dru\u0161tva treba da dajete zna&ccaron;ajan i sna&#382;an doprinos u ovom procesu. Drugo, treba da raspravljate i da mi pomognete i u mojim idejama po pitanju transformacije KSB-a. \u00a0Svestan sam da je ova tema i inicijativa donela &ccaron;udnu debatu \u2013kako apsolutna ve&cacute;ina kosovskih gra&dstrok;ana, tako i neve&cacute;inske zajednice, su podr&#382;ale ovaj predlog i Nacrt zakona, me&dstrok;utim dobili smo i niz primedbi od prijatelja Kosova i glavnih doprinosioca na\u0161e slobode i nezavisnosti. Drago mi je da se primedbe ne odnose na na\u0161e pravo da imamo vojsku, ili da budemo bezbedni i da razmi\u0161ljamo o sigurnoj budu&cacute;nosti na\u0161e dece, nego samo na metodologiju i hronologiju koraka. Nacrt Zakona o KSB-u koji sam dostavio, zasniva se na jednom procesu, na reformisanju arhitekture bezbednosti, koji je po&ccaron;eo od progla\u0161enja nezavisnosti i rezultirao preporukom osnivanja vojske jo\u0161 od 2014. godine. Me&dstrok;utim, danas situacija u regionu i svetu nije ista. Nije mogu&cacute;e da ne razmi\u0161ljamo o pove&cacute;anoj ulozi Rusije, prema diskursu i agresivnim akcijama Srbije ili prema pove&cacute;anju egzistencijalne nesigurnost u EU i NATO-u. Na\u0161e Kosovo nikada nije sigurno 100% dok ne budemo priznati kao nezavisni i suvereni od strane svih na\u0161ih suseda. Na\u0161e Kosovo nikada ne&cacute;e zaboraviti na\u0161u pro\u0161lost, genocid, ubistva i silovanja, dok se jezik i akcije suseda zaista ne zasnivaju na dobrosusedstvu. Ja sam li&ccaron;no vodio dijalog sa Srbijom, ja sam inicijator\u00a0 da govorimo o pro\u0161losti i pomirenju i da pru&#382;imo ruku pomirenja biv\u0161em neprijatelju, ali ove na\u0161e akcije i ova na\u0161a posve&cacute;enost miru i dijalogu treba da bude pra&cacute;ena garancijom da se pro\u0161lost nikada vi\u0161e ne&cacute;e ponoviti. &Zcaron;elim da kosovski Srbi budu deo ovog procesa, da Ustavom promenimo ime i da se KSB naziva pravim imenom, kao Oru&#382;ane snage Kosova, ali sa druge strane nismo prihvatili Ahtisarijev plan i nismo izradili na\u0161 Ustav da nas on blokira u napretku ili da neko ima veto na na\u0161u bezbednost. Niko ne mo&#382;e imati veto na bezbednost Republike Kosovo. Mi mo&#382;emo da &ccaron;ekamo danima ili nedeljama da se prona&dstrok;e zajedni&ccaron;ki jezik, ali svakako da ne mo&#382;emo &ccaron;ekati godinama da po&ccaron;nemo sa procesom transformacije KSB-a. I ovde mislim da je neophodan glas &#382;ena. Bezbednosni sektor nije potpun bez uklju&ccaron;ivanja i glasa &#382;ena. Majke Kosova su one koje tra&#382;e bezbednost za svoju decu, i kosovske majke i &#382;ene, bez obzira na etni&ccaron;ku<\/p>\n","protected":false},"author":1,"featured_media":30879,"comment_status":"open","ping_status":"closed","sticky":false,"template":"","format":"standard","meta":{"_eb_attr":"","footnotes":""},"categories":[106],"tags":[],"class_list":["post-76272","post","type-post","status-publish","format-standard","has-post-thumbnail","hentry","category-govori"],"yoast_head":"<!-- This site is optimized with the Yoast SEO plugin v23.5 - https:\/\/yoast.com\/wordpress\/plugins\/seo\/ -->\n<title>Govor predsednika Tha\u00e7i u Nedelji &#158;ena 2017 - Predsednik Republike Kosovo - DR. VJOSA OSMANI - SADRIU<\/title>\n<meta name=\"description\" content=\"Govor predsednika Tha\u00e7i u Nedelji &#158;ena 2017 - Predsednik Republike Kosovo - DR. VJOSA OSMANI - SADRIU -\" \/>\n<meta name=\"robots\" content=\"index, follow, max-snippet:-1, max-image-preview:large, max-video-preview:-1\" \/>\n<link rel=\"canonical\" href=\"https:\/\/president-ksgov.net\/sr\/govor-predsednika-thaci-u-nedelji-ena-2017\/\" \/>\n<meta property=\"og:locale\" content=\"sr_RS\" \/>\n<meta property=\"og:type\" content=\"article\" \/>\n<meta property=\"og:title\" content=\"Govor predsednika Tha\u00e7i u Nedelji &#158;ena 2017 - Predsednik Republike Kosovo - DR. VJOSA OSMANI - SADRIU\" \/>\n<meta property=\"og:description\" content=\"Govor predsednika Tha\u00e7i u Nedelji &#158;ena 2017 - Predsednik Republike Kosovo - DR. VJOSA OSMANI - SADRIU -\" \/>\n<meta property=\"og:url\" content=\"https:\/\/president-ksgov.net\/sr\/govor-predsednika-thaci-u-nedelji-ena-2017\/\" \/>\n<meta property=\"og:site_name\" content=\"Predsednik Republike Kosovo - DR. VJOSA OSMANI - SADRIU\" \/>\n<meta property=\"article:published_time\" content=\"2017-03-23T13:28:57+00:00\" \/>\n<meta property=\"article:modified_time\" content=\"2023-03-08T09:01:39+00:00\" \/>\n<meta property=\"og:image\" content=\"https:\/\/president-ksgov.net\/wp-content\/uploads\/23_03_2017_1651896_20_03_2017_9766287_ndi_05.jpeg\" \/>\n\t<meta property=\"og:image:width\" content=\"2000\" \/>\n\t<meta property=\"og:image:height\" content=\"1228\" \/>\n\t<meta property=\"og:image:type\" content=\"image\/jpeg\" \/>\n<meta name=\"author\" content=\"admin\" \/>\n<meta name=\"twitter:card\" content=\"summary_large_image\" \/>\n<meta name=\"twitter:label1\" content=\"\u041d\u0430\u043f\u0438\u0441\u0430\u043d\u043e \u043e\u0434\" \/>\n\t<meta name=\"twitter:data1\" content=\"admin\" \/>\n\t<meta name=\"twitter:label2\" content=\"\u041f\u0440\u043e\u0446\u0435\u045a\u0435\u043d\u043e \u0432\u0440\u0435\u043c\u0435 \u0447\u0438\u0442\u0430\u045a\u0430\" \/>\n\t<meta name=\"twitter:data2\" content=\"9 \u043c\u0438\u043d\u0443\u0442\u0430\" \/>\n<script type=\"application\/ld+json\" class=\"yoast-schema-graph\">{\"@context\":\"https:\/\/schema.org\",\"@graph\":[{\"@type\":\"WebPage\",\"@id\":\"https:\/\/president-ksgov.net\/sr\/govor-predsednika-thaci-u-nedelji-ena-2017\/\",\"url\":\"https:\/\/president-ksgov.net\/sr\/govor-predsednika-thaci-u-nedelji-ena-2017\/\",\"name\":\"Govor predsednika Tha\u00e7i u Nedelji &#158;ena 2017 - Predsednik Republike Kosovo - DR. VJOSA OSMANI - SADRIU\",\"isPartOf\":{\"@id\":\"https:\/\/president-ksgov.net\/#website\"},\"primaryImageOfPage\":{\"@id\":\"https:\/\/president-ksgov.net\/sr\/govor-predsednika-thaci-u-nedelji-ena-2017\/#primaryimage\"},\"image\":{\"@id\":\"https:\/\/president-ksgov.net\/sr\/govor-predsednika-thaci-u-nedelji-ena-2017\/#primaryimage\"},\"thumbnailUrl\":\"https:\/\/president-ksgov.net\/wp-content\/uploads\/23_03_2017_1651896_20_03_2017_9766287_ndi_05.jpeg\",\"datePublished\":\"2017-03-23T13:28:57+00:00\",\"dateModified\":\"2023-03-08T09:01:39+00:00\",\"author\":{\"@id\":\"https:\/\/president-ksgov.net\/#\/schema\/person\/bb4337a5fb147cb2046d80548172cbee\"},\"description\":\"Govor predsednika Tha\u00e7i u Nedelji &#158;ena 2017 - Predsednik Republike Kosovo - DR. VJOSA OSMANI - SADRIU -\",\"breadcrumb\":{\"@id\":\"https:\/\/president-ksgov.net\/sr\/govor-predsednika-thaci-u-nedelji-ena-2017\/#breadcrumb\"},\"inLanguage\":\"sr-RS\",\"potentialAction\":[{\"@type\":\"ReadAction\",\"target\":[\"https:\/\/president-ksgov.net\/sr\/govor-predsednika-thaci-u-nedelji-ena-2017\/\"]}]},{\"@type\":\"ImageObject\",\"inLanguage\":\"sr-RS\",\"@id\":\"https:\/\/president-ksgov.net\/sr\/govor-predsednika-thaci-u-nedelji-ena-2017\/#primaryimage\",\"url\":\"https:\/\/president-ksgov.net\/wp-content\/uploads\/23_03_2017_1651896_20_03_2017_9766287_ndi_05.jpeg\",\"contentUrl\":\"https:\/\/president-ksgov.net\/wp-content\/uploads\/23_03_2017_1651896_20_03_2017_9766287_ndi_05.jpeg\",\"width\":2000,\"height\":1228},{\"@type\":\"BreadcrumbList\",\"@id\":\"https:\/\/president-ksgov.net\/sr\/govor-predsednika-thaci-u-nedelji-ena-2017\/#breadcrumb\",\"itemListElement\":[{\"@type\":\"ListItem\",\"position\":1,\"name\":\"Home\",\"item\":\"https:\/\/president-ksgov.net\/sr\/\"},{\"@type\":\"ListItem\",\"position\":2,\"name\":\"Govor predsednika Tha\u00e7i u Nedelji &#158;ena 2017\"}]},{\"@type\":\"WebSite\",\"@id\":\"https:\/\/president-ksgov.net\/#website\",\"url\":\"https:\/\/president-ksgov.net\/\",\"name\":\"Presidente e Republik\u00ebs s\u00eb Kosov\u00ebs\",\"description\":\"Presidente e Republik\u00ebs s\u00eb Kosov\u00ebs\",\"alternateName\":\"DR. VJOSA OSMANI - SADRIU\",\"potentialAction\":[{\"@type\":\"SearchAction\",\"target\":{\"@type\":\"EntryPoint\",\"urlTemplate\":\"https:\/\/president-ksgov.net\/?s={search_term_string}\"},\"query-input\":{\"@type\":\"PropertyValueSpecification\",\"valueRequired\":true,\"valueName\":\"search_term_string\"}}],\"inLanguage\":\"sr-RS\"},{\"@type\":\"Person\",\"@id\":\"https:\/\/president-ksgov.net\/#\/schema\/person\/bb4337a5fb147cb2046d80548172cbee\",\"name\":\"admin\",\"image\":{\"@type\":\"ImageObject\",\"inLanguage\":\"sr-RS\",\"@id\":\"https:\/\/president-ksgov.net\/#\/schema\/person\/image\/\",\"url\":\"https:\/\/secure.gravatar.com\/avatar\/36156ca0fa3b8d9d25174f146e16beea0cf28f37adf1b9e19b6c9c279a7c9dd3?s=96&d=mm&r=g\",\"contentUrl\":\"https:\/\/secure.gravatar.com\/avatar\/36156ca0fa3b8d9d25174f146e16beea0cf28f37adf1b9e19b6c9c279a7c9dd3?s=96&d=mm&r=g\",\"caption\":\"admin\"},\"sameAs\":[\"https:\/\/president-ksgov.net\"]}]}<\/script>\n<!-- \/ Yoast SEO plugin. -->","yoast_head_json":{"title":"Govor predsednika Tha\u00e7i u Nedelji &#158;ena 2017 - Predsednik Republike Kosovo - DR. VJOSA OSMANI - SADRIU","description":"Govor predsednika Tha\u00e7i u Nedelji &#158;ena 2017 - Predsednik Republike Kosovo - DR. VJOSA OSMANI - SADRIU -","robots":{"index":"index","follow":"follow","max-snippet":"max-snippet:-1","max-image-preview":"max-image-preview:large","max-video-preview":"max-video-preview:-1"},"canonical":"https:\/\/president-ksgov.net\/sr\/govor-predsednika-thaci-u-nedelji-ena-2017\/","og_locale":"sr_RS","og_type":"article","og_title":"Govor predsednika Tha\u00e7i u Nedelji &#158;ena 2017 - Predsednik Republike Kosovo - DR. VJOSA OSMANI - SADRIU","og_description":"Govor predsednika Tha\u00e7i u Nedelji &#158;ena 2017 - Predsednik Republike Kosovo - DR. VJOSA OSMANI - SADRIU -","og_url":"https:\/\/president-ksgov.net\/sr\/govor-predsednika-thaci-u-nedelji-ena-2017\/","og_site_name":"Predsednik Republike Kosovo - DR. VJOSA OSMANI - SADRIU","article_published_time":"2017-03-23T13:28:57+00:00","article_modified_time":"2023-03-08T09:01:39+00:00","og_image":[{"width":2000,"height":1228,"url":"https:\/\/president-ksgov.net\/wp-content\/uploads\/23_03_2017_1651896_20_03_2017_9766287_ndi_05.jpeg","type":"image\/jpeg"}],"author":"admin","twitter_card":"summary_large_image","twitter_misc":{"\u041d\u0430\u043f\u0438\u0441\u0430\u043d\u043e \u043e\u0434":"admin","\u041f\u0440\u043e\u0446\u0435\u045a\u0435\u043d\u043e \u0432\u0440\u0435\u043c\u0435 \u0447\u0438\u0442\u0430\u045a\u0430":"9 \u043c\u0438\u043d\u0443\u0442\u0430"},"schema":{"@context":"https:\/\/schema.org","@graph":[{"@type":"WebPage","@id":"https:\/\/president-ksgov.net\/sr\/govor-predsednika-thaci-u-nedelji-ena-2017\/","url":"https:\/\/president-ksgov.net\/sr\/govor-predsednika-thaci-u-nedelji-ena-2017\/","name":"Govor predsednika Tha\u00e7i u Nedelji &#158;ena 2017 - Predsednik Republike Kosovo - DR. VJOSA OSMANI - SADRIU","isPartOf":{"@id":"https:\/\/president-ksgov.net\/#website"},"primaryImageOfPage":{"@id":"https:\/\/president-ksgov.net\/sr\/govor-predsednika-thaci-u-nedelji-ena-2017\/#primaryimage"},"image":{"@id":"https:\/\/president-ksgov.net\/sr\/govor-predsednika-thaci-u-nedelji-ena-2017\/#primaryimage"},"thumbnailUrl":"https:\/\/president-ksgov.net\/wp-content\/uploads\/23_03_2017_1651896_20_03_2017_9766287_ndi_05.jpeg","datePublished":"2017-03-23T13:28:57+00:00","dateModified":"2023-03-08T09:01:39+00:00","author":{"@id":"https:\/\/president-ksgov.net\/#\/schema\/person\/bb4337a5fb147cb2046d80548172cbee"},"description":"Govor predsednika Tha\u00e7i u Nedelji &#158;ena 2017 - Predsednik Republike Kosovo - DR. VJOSA OSMANI - SADRIU -","breadcrumb":{"@id":"https:\/\/president-ksgov.net\/sr\/govor-predsednika-thaci-u-nedelji-ena-2017\/#breadcrumb"},"inLanguage":"sr-RS","potentialAction":[{"@type":"ReadAction","target":["https:\/\/president-ksgov.net\/sr\/govor-predsednika-thaci-u-nedelji-ena-2017\/"]}]},{"@type":"ImageObject","inLanguage":"sr-RS","@id":"https:\/\/president-ksgov.net\/sr\/govor-predsednika-thaci-u-nedelji-ena-2017\/#primaryimage","url":"https:\/\/president-ksgov.net\/wp-content\/uploads\/23_03_2017_1651896_20_03_2017_9766287_ndi_05.jpeg","contentUrl":"https:\/\/president-ksgov.net\/wp-content\/uploads\/23_03_2017_1651896_20_03_2017_9766287_ndi_05.jpeg","width":2000,"height":1228},{"@type":"BreadcrumbList","@id":"https:\/\/president-ksgov.net\/sr\/govor-predsednika-thaci-u-nedelji-ena-2017\/#breadcrumb","itemListElement":[{"@type":"ListItem","position":1,"name":"Home","item":"https:\/\/president-ksgov.net\/sr\/"},{"@type":"ListItem","position":2,"name":"Govor predsednika Tha\u00e7i u Nedelji &#158;ena 2017"}]},{"@type":"WebSite","@id":"https:\/\/president-ksgov.net\/#website","url":"https:\/\/president-ksgov.net\/","name":"Presidente e Republik\u00ebs s\u00eb Kosov\u00ebs","description":"Presidente e Republik\u00ebs s\u00eb Kosov\u00ebs","alternateName":"DR. VJOSA OSMANI - SADRIU","potentialAction":[{"@type":"SearchAction","target":{"@type":"EntryPoint","urlTemplate":"https:\/\/president-ksgov.net\/?s={search_term_string}"},"query-input":{"@type":"PropertyValueSpecification","valueRequired":true,"valueName":"search_term_string"}}],"inLanguage":"sr-RS"},{"@type":"Person","@id":"https:\/\/president-ksgov.net\/#\/schema\/person\/bb4337a5fb147cb2046d80548172cbee","name":"admin","image":{"@type":"ImageObject","inLanguage":"sr-RS","@id":"https:\/\/president-ksgov.net\/#\/schema\/person\/image\/","url":"https:\/\/secure.gravatar.com\/avatar\/36156ca0fa3b8d9d25174f146e16beea0cf28f37adf1b9e19b6c9c279a7c9dd3?s=96&d=mm&r=g","contentUrl":"https:\/\/secure.gravatar.com\/avatar\/36156ca0fa3b8d9d25174f146e16beea0cf28f37adf1b9e19b6c9c279a7c9dd3?s=96&d=mm&r=g","caption":"admin"},"sameAs":["https:\/\/president-ksgov.net"]}]}},"_links":{"self":[{"href":"https:\/\/president-ksgov.net\/sr\/wp-json\/wp\/v2\/posts\/76272","targetHints":{"allow":["GET"]}}],"collection":[{"href":"https:\/\/president-ksgov.net\/sr\/wp-json\/wp\/v2\/posts"}],"about":[{"href":"https:\/\/president-ksgov.net\/sr\/wp-json\/wp\/v2\/types\/post"}],"author":[{"embeddable":true,"href":"https:\/\/president-ksgov.net\/sr\/wp-json\/wp\/v2\/users\/1"}],"replies":[{"embeddable":true,"href":"https:\/\/president-ksgov.net\/sr\/wp-json\/wp\/v2\/comments?post=76272"}],"version-history":[{"count":1,"href":"https:\/\/president-ksgov.net\/sr\/wp-json\/wp\/v2\/posts\/76272\/revisions"}],"predecessor-version":[{"id":81552,"href":"https:\/\/president-ksgov.net\/sr\/wp-json\/wp\/v2\/posts\/76272\/revisions\/81552"}],"wp:featuredmedia":[{"embeddable":true,"href":"https:\/\/president-ksgov.net\/sr\/wp-json\/wp\/v2\/media\/30879"}],"wp:attachment":[{"href":"https:\/\/president-ksgov.net\/sr\/wp-json\/wp\/v2\/media?parent=76272"}],"wp:term":[{"taxonomy":"category","embeddable":true,"href":"https:\/\/president-ksgov.net\/sr\/wp-json\/wp\/v2\/categories?post=76272"},{"taxonomy":"post_tag","embeddable":true,"href":"https:\/\/president-ksgov.net\/sr\/wp-json\/wp\/v2\/tags?post=76272"}],"curies":[{"name":"wp","href":"https:\/\/api.w.org\/{rel}","templated":true}]}}