{"id":76261,"date":"2017-04-05T12:24:19","date_gmt":"2017-04-05T12:24:19","guid":{"rendered":"https:\/\/dev.president-ksgov.net\/predsednik-thaci-razgovarao-sa-albanskim-studentima-iz-makedonije-o-jaanju-uloge-mladih\/"},"modified":"2017-04-05T12:24:19","modified_gmt":"2017-04-05T12:24:19","slug":"predsednik-thaci-razgovarao-sa-albanskim-studentima-iz-makedonije-o-jaanju-uloge-mladih","status":"publish","type":"post","link":"https:\/\/president-ksgov.net\/sr\/predsednik-thaci-razgovarao-sa-albanskim-studentima-iz-makedonije-o-jaanju-uloge-mladih\/","title":{"rendered":"Predsednik Tha\u00e7i razgovarao sa albanskim studentima iz Makedonije o ja&ccaron;anju uloge mladih"},"content":{"rendered":"<p>Pri\u0161tina, 5. april 2017. godine \u2013 Predsednik zemlje, Hashim Tha\u00e7i, danas je do&ccaron;ekao preko dvadeset studenata Albanaca, sa razli&ccaron;itih univerziteta u Makedoniji.<\/p>\n<p>Govore&cacute;i o pribli&#382;avanju mladih Albanaca sa Kosova i iz Makedonije, predsednik Tha\u00e7i je rekao da je sada sve povezano sa zajedni&ccaron;kim studentskim anga&#382;ovanjem, radom i projektima, jer mogu&cacute;nosti postoje.<\/p>\n<p>\u201eDanas postoji slobodno kretanje. Postoje saradnje me&dstrok;u univerzitetima. Studenti se preme\u0161taju i prate studije u Pri\u0161tini, Tetovu i Skoplju, u skladu sa\u00a0 evropskim iskustvima. I autoput \u201cArb\u00ebn Xhaferi\u201d koji jo\u0161 vi\u0161e pribli&#382;ava\u00a0 Albance, polako se bli&#382;i kraju izgradnje. Zajedni&ccaron;ki studentski projekti ja&ccaron;aju ulogu mladih\u201c, rekao je predsednik Tha\u00e7i.<\/p>\n<p>\u201eVi ste budu&cacute;nost i mi podr&#382;avamo va\u0161e projekte\u201c, dodao je on.<\/p>\n<p>A predstavnik albanskih studenata iz Makedonije, Arton Rama je govore&cacute;i o njihovim anga&#382;ovanjima na razli&ccaron;itim dru\u0161tvenim, politi&ccaron;kim i kulturnim\u00a0 projektima\u00a0 istakao da je njihov fokus na pove&cacute;anju saradnje me&dstrok;u mladima u Makedoniji i na Kosovu.<\/p>\n<p>\u201eKao mladi mi veoma cenimo va\u0161 doprinos i va\u0161e napore na ujedinjenju Albanaca u Makedoniji. Ve&cacute;ina nas smo deo razli&ccaron;itih organizacija i instituta. Mi smo studenti dr&#382;avnog Univerziteta u Tetovu, iz onog iz Jugoisto&ccaron;ne Evrope, zatim imamo studente i sa Me&dstrok;unarodnog balkanskog univerziteta iz Skoplja, kao i sa Univerziteta Sveti &Cacute;irilo i Metodije. Mi smo na Kosovu, jer volimo Kosovo. &Zcaron;elimo da pove&cacute;amo saradnju izme&dstrok;u univerziteta na kojima nastavu prate mladi Albanci\u201c, rekao je predstavnik albanskih studenata iz Makedonije.<\/p>\n<p>Studenti su bili zainteresovani i za bitne procese kroz koje prolaze Kosovo, Makedonija i dr&#382;ave Zapadnog Balkana.<\/p>\n<p>Sa predsednikom\u00a0 Tha\u00e7i-em su razgovarali i o ekonomskim mogu&cacute;nostima koje otvara autoput\u00a0 \u201cArb\u00ebn Xhaferi\u201d kada bude bio pu\u0161ten u promet.\u00a0\u00a0<\/p>\n","protected":false},"excerpt":{"rendered":"<p>Pri\u0161tina, 5. april 2017. godine \u2013 Predsednik zemlje, Hashim Tha\u00e7i, danas je do&ccaron;ekao preko dvadeset studenata Albanaca, sa razli&ccaron;itih univerziteta u Makedoniji.<\/p>\n","protected":false},"author":1,"featured_media":30832,"comment_status":"open","ping_status":"closed","sticky":false,"template":"","format":"standard","meta":{"_eb_attr":"","footnotes":""},"categories":[101],"tags":[],"class_list":["post-76261","post","type-post","status-publish","format-standard","has-post-thumbnail","hentry","category-vesti"],"yoast_head":"<!-- This site is optimized with the Yoast SEO plugin v23.5 - https:\/\/yoast.com\/wordpress\/plugins\/seo\/ -->\n<title>Predsednik Tha\u00e7i razgovarao sa albanskim studentima iz Makedonije o ja&amp;ccaron;anju uloge mladih - Predsednik Republike Kosovo - DR. VJOSA OSMANI - SADRIU<\/title>\n<meta name=\"description\" content=\"Predsednik Tha\u00e7i razgovarao sa albanskim studentima iz Makedonije o ja&amp;ccaron;anju uloge mladih - Predsednik Republike Kosovo - DR. VJOSA OSMANI - SADRIU -\" \/>\n<meta name=\"robots\" content=\"index, follow, max-snippet:-1, max-image-preview:large, max-video-preview:-1\" \/>\n<link rel=\"canonical\" href=\"https:\/\/president-ksgov.net\/sr\/predsednik-thaci-razgovarao-sa-albanskim-studentima-iz-makedonije-o-jaanju-uloge-mladih\/\" \/>\n<meta property=\"og:locale\" content=\"sr_RS\" \/>\n<meta property=\"og:type\" content=\"article\" \/>\n<meta property=\"og:title\" content=\"Predsednik Tha\u00e7i razgovarao sa albanskim studentima iz Makedonije o ja&amp;ccaron;anju uloge mladih - Predsednik Republike Kosovo - DR. VJOSA OSMANI - SADRIU\" \/>\n<meta property=\"og:description\" content=\"Predsednik Tha\u00e7i razgovarao sa albanskim studentima iz Makedonije o ja&amp;ccaron;anju uloge mladih - Predsednik Republike Kosovo - DR. VJOSA OSMANI - SADRIU -\" \/>\n<meta property=\"og:url\" content=\"https:\/\/president-ksgov.net\/sr\/predsednik-thaci-razgovarao-sa-albanskim-studentima-iz-makedonije-o-jaanju-uloge-mladih\/\" \/>\n<meta property=\"og:site_name\" content=\"Predsednik Republike Kosovo - DR. VJOSA OSMANI - SADRIU\" \/>\n<meta property=\"article:published_time\" content=\"2017-04-05T12:24:19+00:00\" \/>\n<meta property=\"og:image\" content=\"https:\/\/president-ksgov.net\/wp-content\/uploads\/05_04_2017_8218053_05_04_2017_Takim_3.jpg\" \/>\n\t<meta property=\"og:image:width\" content=\"2000\" \/>\n\t<meta property=\"og:image:height\" content=\"1047\" \/>\n\t<meta property=\"og:image:type\" content=\"image\/jpeg\" \/>\n<meta name=\"author\" content=\"admin\" \/>\n<meta name=\"twitter:card\" content=\"summary_large_image\" \/>\n<meta name=\"twitter:label1\" content=\"\u041d\u0430\u043f\u0438\u0441\u0430\u043d\u043e \u043e\u0434\" \/>\n\t<meta name=\"twitter:data1\" content=\"admin\" \/>\n\t<meta name=\"twitter:label2\" content=\"\u041f\u0440\u043e\u0446\u0435\u045a\u0435\u043d\u043e \u0432\u0440\u0435\u043c\u0435 \u0447\u0438\u0442\u0430\u045a\u0430\" \/>\n\t<meta name=\"twitter:data2\" content=\"2 \u043c\u0438\u043d\u0443\u0442\u0430\" \/>\n<script type=\"application\/ld+json\" class=\"yoast-schema-graph\">{\"@context\":\"https:\/\/schema.org\",\"@graph\":[{\"@type\":\"WebPage\",\"@id\":\"https:\/\/president-ksgov.net\/sr\/predsednik-thaci-razgovarao-sa-albanskim-studentima-iz-makedonije-o-jaanju-uloge-mladih\/\",\"url\":\"https:\/\/president-ksgov.net\/sr\/predsednik-thaci-razgovarao-sa-albanskim-studentima-iz-makedonije-o-jaanju-uloge-mladih\/\",\"name\":\"Predsednik Tha\u00e7i razgovarao sa albanskim studentima iz Makedonije o ja&ccaron;anju uloge mladih - Predsednik Republike Kosovo - DR. VJOSA OSMANI - SADRIU\",\"isPartOf\":{\"@id\":\"https:\/\/president-ksgov.net\/#website\"},\"primaryImageOfPage\":{\"@id\":\"https:\/\/president-ksgov.net\/sr\/predsednik-thaci-razgovarao-sa-albanskim-studentima-iz-makedonije-o-jaanju-uloge-mladih\/#primaryimage\"},\"image\":{\"@id\":\"https:\/\/president-ksgov.net\/sr\/predsednik-thaci-razgovarao-sa-albanskim-studentima-iz-makedonije-o-jaanju-uloge-mladih\/#primaryimage\"},\"thumbnailUrl\":\"https:\/\/president-ksgov.net\/wp-content\/uploads\/05_04_2017_8218053_05_04_2017_Takim_3.jpg\",\"datePublished\":\"2017-04-05T12:24:19+00:00\",\"dateModified\":\"2017-04-05T12:24:19+00:00\",\"author\":{\"@id\":\"https:\/\/president-ksgov.net\/#\/schema\/person\/bb4337a5fb147cb2046d80548172cbee\"},\"description\":\"Predsednik Tha\u00e7i razgovarao sa albanskim studentima iz Makedonije o ja&ccaron;anju uloge mladih - Predsednik Republike Kosovo - DR. VJOSA OSMANI - SADRIU -\",\"breadcrumb\":{\"@id\":\"https:\/\/president-ksgov.net\/sr\/predsednik-thaci-razgovarao-sa-albanskim-studentima-iz-makedonije-o-jaanju-uloge-mladih\/#breadcrumb\"},\"inLanguage\":\"sr-RS\",\"potentialAction\":[{\"@type\":\"ReadAction\",\"target\":[\"https:\/\/president-ksgov.net\/sr\/predsednik-thaci-razgovarao-sa-albanskim-studentima-iz-makedonije-o-jaanju-uloge-mladih\/\"]}]},{\"@type\":\"ImageObject\",\"inLanguage\":\"sr-RS\",\"@id\":\"https:\/\/president-ksgov.net\/sr\/predsednik-thaci-razgovarao-sa-albanskim-studentima-iz-makedonije-o-jaanju-uloge-mladih\/#primaryimage\",\"url\":\"https:\/\/president-ksgov.net\/wp-content\/uploads\/05_04_2017_8218053_05_04_2017_Takim_3.jpg\",\"contentUrl\":\"https:\/\/president-ksgov.net\/wp-content\/uploads\/05_04_2017_8218053_05_04_2017_Takim_3.jpg\",\"width\":2000,\"height\":1047},{\"@type\":\"BreadcrumbList\",\"@id\":\"https:\/\/president-ksgov.net\/sr\/predsednik-thaci-razgovarao-sa-albanskim-studentima-iz-makedonije-o-jaanju-uloge-mladih\/#breadcrumb\",\"itemListElement\":[{\"@type\":\"ListItem\",\"position\":1,\"name\":\"Home\",\"item\":\"https:\/\/president-ksgov.net\/sr\/\"},{\"@type\":\"ListItem\",\"position\":2,\"name\":\"Predsednik Tha\u00e7i razgovarao sa albanskim studentima iz Makedonije o ja&ccaron;anju uloge mladih\"}]},{\"@type\":\"WebSite\",\"@id\":\"https:\/\/president-ksgov.net\/#website\",\"url\":\"https:\/\/president-ksgov.net\/\",\"name\":\"Presidente e Republik\u00ebs s\u00eb Kosov\u00ebs\",\"description\":\"Presidente e Republik\u00ebs s\u00eb Kosov\u00ebs\",\"alternateName\":\"DR. VJOSA OSMANI - SADRIU\",\"potentialAction\":[{\"@type\":\"SearchAction\",\"target\":{\"@type\":\"EntryPoint\",\"urlTemplate\":\"https:\/\/president-ksgov.net\/?s={search_term_string}\"},\"query-input\":{\"@type\":\"PropertyValueSpecification\",\"valueRequired\":true,\"valueName\":\"search_term_string\"}}],\"inLanguage\":\"sr-RS\"},{\"@type\":\"Person\",\"@id\":\"https:\/\/president-ksgov.net\/#\/schema\/person\/bb4337a5fb147cb2046d80548172cbee\",\"name\":\"admin\",\"image\":{\"@type\":\"ImageObject\",\"inLanguage\":\"sr-RS\",\"@id\":\"https:\/\/president-ksgov.net\/#\/schema\/person\/image\/\",\"url\":\"https:\/\/secure.gravatar.com\/avatar\/36156ca0fa3b8d9d25174f146e16beea0cf28f37adf1b9e19b6c9c279a7c9dd3?s=96&d=mm&r=g\",\"contentUrl\":\"https:\/\/secure.gravatar.com\/avatar\/36156ca0fa3b8d9d25174f146e16beea0cf28f37adf1b9e19b6c9c279a7c9dd3?s=96&d=mm&r=g\",\"caption\":\"admin\"},\"sameAs\":[\"https:\/\/president-ksgov.net\"]}]}<\/script>\n<!-- \/ Yoast SEO plugin. -->","yoast_head_json":{"title":"Predsednik Tha\u00e7i razgovarao sa albanskim studentima iz Makedonije o ja&ccaron;anju uloge mladih - Predsednik Republike Kosovo - DR. VJOSA OSMANI - SADRIU","description":"Predsednik Tha\u00e7i razgovarao sa albanskim studentima iz Makedonije o ja&ccaron;anju uloge mladih - Predsednik Republike Kosovo - DR. VJOSA OSMANI - SADRIU -","robots":{"index":"index","follow":"follow","max-snippet":"max-snippet:-1","max-image-preview":"max-image-preview:large","max-video-preview":"max-video-preview:-1"},"canonical":"https:\/\/president-ksgov.net\/sr\/predsednik-thaci-razgovarao-sa-albanskim-studentima-iz-makedonije-o-jaanju-uloge-mladih\/","og_locale":"sr_RS","og_type":"article","og_title":"Predsednik Tha\u00e7i razgovarao sa albanskim studentima iz Makedonije o ja&ccaron;anju uloge mladih - Predsednik Republike Kosovo - DR. VJOSA OSMANI - SADRIU","og_description":"Predsednik Tha\u00e7i razgovarao sa albanskim studentima iz Makedonije o ja&ccaron;anju uloge mladih - Predsednik Republike Kosovo - DR. VJOSA OSMANI - SADRIU -","og_url":"https:\/\/president-ksgov.net\/sr\/predsednik-thaci-razgovarao-sa-albanskim-studentima-iz-makedonije-o-jaanju-uloge-mladih\/","og_site_name":"Predsednik Republike Kosovo - DR. VJOSA OSMANI - SADRIU","article_published_time":"2017-04-05T12:24:19+00:00","og_image":[{"width":2000,"height":1047,"url":"https:\/\/president-ksgov.net\/wp-content\/uploads\/05_04_2017_8218053_05_04_2017_Takim_3.jpg","type":"image\/jpeg"}],"author":"admin","twitter_card":"summary_large_image","twitter_misc":{"\u041d\u0430\u043f\u0438\u0441\u0430\u043d\u043e \u043e\u0434":"admin","\u041f\u0440\u043e\u0446\u0435\u045a\u0435\u043d\u043e \u0432\u0440\u0435\u043c\u0435 \u0447\u0438\u0442\u0430\u045a\u0430":"2 \u043c\u0438\u043d\u0443\u0442\u0430"},"schema":{"@context":"https:\/\/schema.org","@graph":[{"@type":"WebPage","@id":"https:\/\/president-ksgov.net\/sr\/predsednik-thaci-razgovarao-sa-albanskim-studentima-iz-makedonije-o-jaanju-uloge-mladih\/","url":"https:\/\/president-ksgov.net\/sr\/predsednik-thaci-razgovarao-sa-albanskim-studentima-iz-makedonije-o-jaanju-uloge-mladih\/","name":"Predsednik Tha\u00e7i razgovarao sa albanskim studentima iz Makedonije o ja&ccaron;anju uloge mladih - Predsednik Republike Kosovo - DR. VJOSA OSMANI - SADRIU","isPartOf":{"@id":"https:\/\/president-ksgov.net\/#website"},"primaryImageOfPage":{"@id":"https:\/\/president-ksgov.net\/sr\/predsednik-thaci-razgovarao-sa-albanskim-studentima-iz-makedonije-o-jaanju-uloge-mladih\/#primaryimage"},"image":{"@id":"https:\/\/president-ksgov.net\/sr\/predsednik-thaci-razgovarao-sa-albanskim-studentima-iz-makedonije-o-jaanju-uloge-mladih\/#primaryimage"},"thumbnailUrl":"https:\/\/president-ksgov.net\/wp-content\/uploads\/05_04_2017_8218053_05_04_2017_Takim_3.jpg","datePublished":"2017-04-05T12:24:19+00:00","dateModified":"2017-04-05T12:24:19+00:00","author":{"@id":"https:\/\/president-ksgov.net\/#\/schema\/person\/bb4337a5fb147cb2046d80548172cbee"},"description":"Predsednik Tha\u00e7i razgovarao sa albanskim studentima iz Makedonije o ja&ccaron;anju uloge mladih - Predsednik Republike Kosovo - DR. VJOSA OSMANI - SADRIU -","breadcrumb":{"@id":"https:\/\/president-ksgov.net\/sr\/predsednik-thaci-razgovarao-sa-albanskim-studentima-iz-makedonije-o-jaanju-uloge-mladih\/#breadcrumb"},"inLanguage":"sr-RS","potentialAction":[{"@type":"ReadAction","target":["https:\/\/president-ksgov.net\/sr\/predsednik-thaci-razgovarao-sa-albanskim-studentima-iz-makedonije-o-jaanju-uloge-mladih\/"]}]},{"@type":"ImageObject","inLanguage":"sr-RS","@id":"https:\/\/president-ksgov.net\/sr\/predsednik-thaci-razgovarao-sa-albanskim-studentima-iz-makedonije-o-jaanju-uloge-mladih\/#primaryimage","url":"https:\/\/president-ksgov.net\/wp-content\/uploads\/05_04_2017_8218053_05_04_2017_Takim_3.jpg","contentUrl":"https:\/\/president-ksgov.net\/wp-content\/uploads\/05_04_2017_8218053_05_04_2017_Takim_3.jpg","width":2000,"height":1047},{"@type":"BreadcrumbList","@id":"https:\/\/president-ksgov.net\/sr\/predsednik-thaci-razgovarao-sa-albanskim-studentima-iz-makedonije-o-jaanju-uloge-mladih\/#breadcrumb","itemListElement":[{"@type":"ListItem","position":1,"name":"Home","item":"https:\/\/president-ksgov.net\/sr\/"},{"@type":"ListItem","position":2,"name":"Predsednik Tha\u00e7i razgovarao sa albanskim studentima iz Makedonije o ja&ccaron;anju uloge mladih"}]},{"@type":"WebSite","@id":"https:\/\/president-ksgov.net\/#website","url":"https:\/\/president-ksgov.net\/","name":"Presidente e Republik\u00ebs s\u00eb Kosov\u00ebs","description":"Presidente e Republik\u00ebs s\u00eb Kosov\u00ebs","alternateName":"DR. VJOSA OSMANI - SADRIU","potentialAction":[{"@type":"SearchAction","target":{"@type":"EntryPoint","urlTemplate":"https:\/\/president-ksgov.net\/?s={search_term_string}"},"query-input":{"@type":"PropertyValueSpecification","valueRequired":true,"valueName":"search_term_string"}}],"inLanguage":"sr-RS"},{"@type":"Person","@id":"https:\/\/president-ksgov.net\/#\/schema\/person\/bb4337a5fb147cb2046d80548172cbee","name":"admin","image":{"@type":"ImageObject","inLanguage":"sr-RS","@id":"https:\/\/president-ksgov.net\/#\/schema\/person\/image\/","url":"https:\/\/secure.gravatar.com\/avatar\/36156ca0fa3b8d9d25174f146e16beea0cf28f37adf1b9e19b6c9c279a7c9dd3?s=96&d=mm&r=g","contentUrl":"https:\/\/secure.gravatar.com\/avatar\/36156ca0fa3b8d9d25174f146e16beea0cf28f37adf1b9e19b6c9c279a7c9dd3?s=96&d=mm&r=g","caption":"admin"},"sameAs":["https:\/\/president-ksgov.net"]}]}},"_links":{"self":[{"href":"https:\/\/president-ksgov.net\/sr\/wp-json\/wp\/v2\/posts\/76261","targetHints":{"allow":["GET"]}}],"collection":[{"href":"https:\/\/president-ksgov.net\/sr\/wp-json\/wp\/v2\/posts"}],"about":[{"href":"https:\/\/president-ksgov.net\/sr\/wp-json\/wp\/v2\/types\/post"}],"author":[{"embeddable":true,"href":"https:\/\/president-ksgov.net\/sr\/wp-json\/wp\/v2\/users\/1"}],"replies":[{"embeddable":true,"href":"https:\/\/president-ksgov.net\/sr\/wp-json\/wp\/v2\/comments?post=76261"}],"version-history":[{"count":0,"href":"https:\/\/president-ksgov.net\/sr\/wp-json\/wp\/v2\/posts\/76261\/revisions"}],"wp:featuredmedia":[{"embeddable":true,"href":"https:\/\/president-ksgov.net\/sr\/wp-json\/wp\/v2\/media\/30832"}],"wp:attachment":[{"href":"https:\/\/president-ksgov.net\/sr\/wp-json\/wp\/v2\/media?parent=76261"}],"wp:term":[{"taxonomy":"category","embeddable":true,"href":"https:\/\/president-ksgov.net\/sr\/wp-json\/wp\/v2\/categories?post=76261"},{"taxonomy":"post_tag","embeddable":true,"href":"https:\/\/president-ksgov.net\/sr\/wp-json\/wp\/v2\/tags?post=76261"}],"curies":[{"name":"wp","href":"https:\/\/api.w.org\/{rel}","templated":true}]}}