{"id":76260,"date":"2017-04-05T15:34:18","date_gmt":"2017-04-05T15:34:18","guid":{"rendered":"https:\/\/dev.president-ksgov.net\/predsednik-thaci-dobro-koje-se-desava-kosovu-proizilazi-iz-rtve-muenika-i-narodnih-palih-boraca\/"},"modified":"2017-04-05T15:34:18","modified_gmt":"2017-04-05T15:34:18","slug":"predsednik-thaci-dobro-koje-se-desava-kosovu-proizilazi-iz-rtve-muenika-i-narodnih-palih-boraca","status":"publish","type":"post","link":"https:\/\/president-ksgov.net\/sr\/predsednik-thaci-dobro-koje-se-desava-kosovu-proizilazi-iz-rtve-muenika-i-narodnih-palih-boraca\/","title":{"rendered":"Predsednik Tha\u00e7i: Dobro koje se de\u0161ava Kosovu, proizilazi iz &#158;rtve mu&ccaron;enika i narodnih palih boraca"},"content":{"rendered":"<p>Rezala, 5. april \u2013 Predsednik Republike Kosova, Hashim Tha\u00e7i, danas je u&ccaron;estvovao na pomenu palih u masakru u Rezali. Nakon \u0161to je polo&#382;io cve&cacute;e na grobove palih, predsednik Tha\u00e7i, je rekao da svi treba da budemo svesni te velike &#382;rtve koja je podnesena kako bismo stigli do ovog dana.<\/p>\n<p>Na pomenu 18. godi\u0161njice masakra u Rezali, predsednik je rekao da dr&#382;ava, kosovsko dru\u0161tvo i &ccaron;itav narod po\u0161tuju mu&ccaron;enike za slobodu iz Rezale i &ccaron;itavog Kosova, koji su dali njihove &#382;ivote za slobodu, za nezavisnost.<\/p>\n<p>\u201eMi svi treba da budemo svesni da bez tih napora, bez te &#382;rtve se ne bi dogodila ni sloboda ni nezavisnost Kosova\u201c, dodao je predsednik Tha\u00e7i.<\/p>\n<p>On je dalje rekao da dok se danas prise&cacute;amo s bolom svih palih za slobodu i nezavisnost, u isto vreme ose&cacute;amo i ponos.<\/p>\n<p>Predsednik je dodao da se sa velikim bolom se&cacute;amo svih onih mu&ccaron;enika, od beba do starih ljudi koji su &#382;rtve nasilja i represije do razmera genocida koji su izvr\u0161ile sprska vojska i policija.<\/p>\n<p>\u201eOse&cacute;amo se veoma ponosnima na sve one suborce, na va\u0161e porodice, \u0161to je svaka va\u0161a porodica ovde u Rezali i svuda u Glogovcu bila Oslobodila&ccaron;ka vojska Kosova i budite ube&dstrok;eni i uvek budite ponosni, kao \u0161to ste oduvek i bili. Jer, bez va\u0161eg ujedinjenja, va\u0161e &#382;rtve, ne bi se dogodila izvanredna sloboda u kojoj danas u&#382;ivaju kosovska deca\u201c, istakao je predsednik.<\/p>\n<p>On je dalje rekao da samo upravo danas ovde u Rezali kako bismo se prisetili palih boraca za slobodu, kako bismo se prisetili pro\u0161losti, ali i kako bismo dobili energiju za na\u0161e te&#382;nje za budu&cacute;nost Kosova kao konsolidovane dr&#382;ave, te&#382;njama za u&ccaron;anjenjem u NATO i Evropsku uniju.<\/p>\n<p>\u201eSada ja&ccaron;amo dr&#382;avu, imamo nova priznanja, u&ccaron;lani&cacute;emo se u druge me&dstrok;unarodne organizacije, u bliskoj budu&cacute;nosti osnova&cacute;emo Vojsku Kosova, posta&cacute;e i deo NATO-a, sa&ccaron;uva&cacute;emo i partnerstvo sa Sjedinjenim Ameri&ccaron;kim dr&#382;avama, ali opet isti&ccaron;em da sve dobro \u0161to se de\u0161ava Kosovu proisti&ccaron;e iz &#382;rtve mu&ccaron;enika za slobodu, narodnih palih boraca, rata koji smo odvili\u201c, dodao je predsednik Tha\u00e7i.<\/p>\n","protected":false},"excerpt":{"rendered":"<p>Rezala, 5. april \u2013 Predsednik Republike Kosova, Hashim Tha\u00e7i, danas je u&ccaron;estvovao na pomenu palih u masakru u Rezali. Nakon \u0161to je polo&#382;io cve&cacute;e na grobove palih, predsednik Tha\u00e7i, je rekao da svi treba da budemo svesni te velike &#382;rtve koja je podnesena kako bismo stigli do ovog dana.<\/p>\n","protected":false},"author":1,"featured_media":30813,"comment_status":"open","ping_status":"closed","sticky":false,"template":"","format":"standard","meta":{"_eb_attr":"","footnotes":""},"categories":[101],"tags":[],"class_list":["post-76260","post","type-post","status-publish","format-standard","has-post-thumbnail","hentry","category-vesti"],"yoast_head":"<!-- This site is optimized with the Yoast SEO plugin v23.5 - https:\/\/yoast.com\/wordpress\/plugins\/seo\/ -->\n<title>Predsednik Tha\u00e7i: Dobro koje se de\u0161ava Kosovu, proizilazi iz &#158;rtve mu&amp;ccaron;enika i narodnih palih boraca - Predsednik Republike Kosovo - DR. VJOSA OSMANI - SADRIU<\/title>\n<meta name=\"description\" content=\"Predsednik Tha\u00e7i: Dobro koje se de\u0161ava Kosovu, proizilazi iz &#158;rtve mu&amp;ccaron;enika i narodnih palih boraca - Predsednik Republike Kosovo - DR. VJOSA OSMANI - SADRIU -\" \/>\n<meta name=\"robots\" content=\"index, follow, max-snippet:-1, max-image-preview:large, max-video-preview:-1\" \/>\n<link rel=\"canonical\" href=\"https:\/\/president-ksgov.net\/sr\/predsednik-thaci-dobro-koje-se-desava-kosovu-proizilazi-iz-rtve-muenika-i-narodnih-palih-boraca\/\" \/>\n<meta property=\"og:locale\" content=\"sr_RS\" \/>\n<meta property=\"og:type\" content=\"article\" \/>\n<meta property=\"og:title\" content=\"Predsednik Tha\u00e7i: Dobro koje se de\u0161ava Kosovu, proizilazi iz &#158;rtve mu&amp;ccaron;enika i narodnih palih boraca - Predsednik Republike Kosovo - DR. VJOSA OSMANI - SADRIU\" \/>\n<meta property=\"og:description\" content=\"Predsednik Tha\u00e7i: Dobro koje se de\u0161ava Kosovu, proizilazi iz &#158;rtve mu&amp;ccaron;enika i narodnih palih boraca - Predsednik Republike Kosovo - DR. VJOSA OSMANI - SADRIU -\" \/>\n<meta property=\"og:url\" content=\"https:\/\/president-ksgov.net\/sr\/predsednik-thaci-dobro-koje-se-desava-kosovu-proizilazi-iz-rtve-muenika-i-narodnih-palih-boraca\/\" \/>\n<meta property=\"og:site_name\" content=\"Predsednik Republike Kosovo - DR. VJOSA OSMANI - SADRIU\" \/>\n<meta property=\"article:published_time\" content=\"2017-04-05T15:34:18+00:00\" \/>\n<meta property=\"og:image\" content=\"https:\/\/president-ksgov.net\/wp-content\/uploads\/05_04_2017_8591412_05_04_2017_Rezalle_01.jpg\" \/>\n\t<meta property=\"og:image:width\" content=\"2000\" \/>\n\t<meta property=\"og:image:height\" content=\"1383\" \/>\n\t<meta property=\"og:image:type\" content=\"image\/jpeg\" \/>\n<meta name=\"author\" content=\"admin\" \/>\n<meta name=\"twitter:card\" content=\"summary_large_image\" \/>\n<meta name=\"twitter:label1\" content=\"\u041d\u0430\u043f\u0438\u0441\u0430\u043d\u043e \u043e\u0434\" \/>\n\t<meta name=\"twitter:data1\" content=\"admin\" \/>\n\t<meta name=\"twitter:label2\" content=\"\u041f\u0440\u043e\u0446\u0435\u045a\u0435\u043d\u043e \u0432\u0440\u0435\u043c\u0435 \u0447\u0438\u0442\u0430\u045a\u0430\" \/>\n\t<meta name=\"twitter:data2\" content=\"2 \u043c\u0438\u043d\u0443\u0442\u0430\" \/>\n<script type=\"application\/ld+json\" class=\"yoast-schema-graph\">{\"@context\":\"https:\/\/schema.org\",\"@graph\":[{\"@type\":\"WebPage\",\"@id\":\"https:\/\/president-ksgov.net\/sr\/predsednik-thaci-dobro-koje-se-desava-kosovu-proizilazi-iz-rtve-muenika-i-narodnih-palih-boraca\/\",\"url\":\"https:\/\/president-ksgov.net\/sr\/predsednik-thaci-dobro-koje-se-desava-kosovu-proizilazi-iz-rtve-muenika-i-narodnih-palih-boraca\/\",\"name\":\"Predsednik Tha\u00e7i: Dobro koje se de\u0161ava Kosovu, proizilazi iz &#158;rtve mu&ccaron;enika i narodnih palih boraca - Predsednik Republike Kosovo - DR. VJOSA OSMANI - SADRIU\",\"isPartOf\":{\"@id\":\"https:\/\/president-ksgov.net\/#website\"},\"primaryImageOfPage\":{\"@id\":\"https:\/\/president-ksgov.net\/sr\/predsednik-thaci-dobro-koje-se-desava-kosovu-proizilazi-iz-rtve-muenika-i-narodnih-palih-boraca\/#primaryimage\"},\"image\":{\"@id\":\"https:\/\/president-ksgov.net\/sr\/predsednik-thaci-dobro-koje-se-desava-kosovu-proizilazi-iz-rtve-muenika-i-narodnih-palih-boraca\/#primaryimage\"},\"thumbnailUrl\":\"https:\/\/president-ksgov.net\/wp-content\/uploads\/05_04_2017_8591412_05_04_2017_Rezalle_01.jpg\",\"datePublished\":\"2017-04-05T15:34:18+00:00\",\"dateModified\":\"2017-04-05T15:34:18+00:00\",\"author\":{\"@id\":\"https:\/\/president-ksgov.net\/#\/schema\/person\/bb4337a5fb147cb2046d80548172cbee\"},\"description\":\"Predsednik Tha\u00e7i: Dobro koje se de\u0161ava Kosovu, proizilazi iz &#158;rtve mu&ccaron;enika i narodnih palih boraca - Predsednik Republike Kosovo - DR. VJOSA OSMANI - SADRIU -\",\"breadcrumb\":{\"@id\":\"https:\/\/president-ksgov.net\/sr\/predsednik-thaci-dobro-koje-se-desava-kosovu-proizilazi-iz-rtve-muenika-i-narodnih-palih-boraca\/#breadcrumb\"},\"inLanguage\":\"sr-RS\",\"potentialAction\":[{\"@type\":\"ReadAction\",\"target\":[\"https:\/\/president-ksgov.net\/sr\/predsednik-thaci-dobro-koje-se-desava-kosovu-proizilazi-iz-rtve-muenika-i-narodnih-palih-boraca\/\"]}]},{\"@type\":\"ImageObject\",\"inLanguage\":\"sr-RS\",\"@id\":\"https:\/\/president-ksgov.net\/sr\/predsednik-thaci-dobro-koje-se-desava-kosovu-proizilazi-iz-rtve-muenika-i-narodnih-palih-boraca\/#primaryimage\",\"url\":\"https:\/\/president-ksgov.net\/wp-content\/uploads\/05_04_2017_8591412_05_04_2017_Rezalle_01.jpg\",\"contentUrl\":\"https:\/\/president-ksgov.net\/wp-content\/uploads\/05_04_2017_8591412_05_04_2017_Rezalle_01.jpg\",\"width\":2000,\"height\":1383},{\"@type\":\"BreadcrumbList\",\"@id\":\"https:\/\/president-ksgov.net\/sr\/predsednik-thaci-dobro-koje-se-desava-kosovu-proizilazi-iz-rtve-muenika-i-narodnih-palih-boraca\/#breadcrumb\",\"itemListElement\":[{\"@type\":\"ListItem\",\"position\":1,\"name\":\"Home\",\"item\":\"https:\/\/president-ksgov.net\/sr\/\"},{\"@type\":\"ListItem\",\"position\":2,\"name\":\"Predsednik Tha\u00e7i: Dobro koje se de\u0161ava Kosovu, proizilazi iz &#158;rtve mu&ccaron;enika i narodnih palih boraca\"}]},{\"@type\":\"WebSite\",\"@id\":\"https:\/\/president-ksgov.net\/#website\",\"url\":\"https:\/\/president-ksgov.net\/\",\"name\":\"Presidente e Republik\u00ebs s\u00eb Kosov\u00ebs\",\"description\":\"Presidente e Republik\u00ebs s\u00eb Kosov\u00ebs\",\"alternateName\":\"DR. VJOSA OSMANI - SADRIU\",\"potentialAction\":[{\"@type\":\"SearchAction\",\"target\":{\"@type\":\"EntryPoint\",\"urlTemplate\":\"https:\/\/president-ksgov.net\/?s={search_term_string}\"},\"query-input\":{\"@type\":\"PropertyValueSpecification\",\"valueRequired\":true,\"valueName\":\"search_term_string\"}}],\"inLanguage\":\"sr-RS\"},{\"@type\":\"Person\",\"@id\":\"https:\/\/president-ksgov.net\/#\/schema\/person\/bb4337a5fb147cb2046d80548172cbee\",\"name\":\"admin\",\"image\":{\"@type\":\"ImageObject\",\"inLanguage\":\"sr-RS\",\"@id\":\"https:\/\/president-ksgov.net\/#\/schema\/person\/image\/\",\"url\":\"https:\/\/secure.gravatar.com\/avatar\/36156ca0fa3b8d9d25174f146e16beea0cf28f37adf1b9e19b6c9c279a7c9dd3?s=96&d=mm&r=g\",\"contentUrl\":\"https:\/\/secure.gravatar.com\/avatar\/36156ca0fa3b8d9d25174f146e16beea0cf28f37adf1b9e19b6c9c279a7c9dd3?s=96&d=mm&r=g\",\"caption\":\"admin\"},\"sameAs\":[\"https:\/\/president-ksgov.net\"]}]}<\/script>\n<!-- \/ Yoast SEO plugin. -->","yoast_head_json":{"title":"Predsednik Tha\u00e7i: Dobro koje se de\u0161ava Kosovu, proizilazi iz &#158;rtve mu&ccaron;enika i narodnih palih boraca - Predsednik Republike Kosovo - DR. VJOSA OSMANI - SADRIU","description":"Predsednik Tha\u00e7i: Dobro koje se de\u0161ava Kosovu, proizilazi iz &#158;rtve mu&ccaron;enika i narodnih palih boraca - Predsednik Republike Kosovo - DR. VJOSA OSMANI - SADRIU -","robots":{"index":"index","follow":"follow","max-snippet":"max-snippet:-1","max-image-preview":"max-image-preview:large","max-video-preview":"max-video-preview:-1"},"canonical":"https:\/\/president-ksgov.net\/sr\/predsednik-thaci-dobro-koje-se-desava-kosovu-proizilazi-iz-rtve-muenika-i-narodnih-palih-boraca\/","og_locale":"sr_RS","og_type":"article","og_title":"Predsednik Tha\u00e7i: Dobro koje se de\u0161ava Kosovu, proizilazi iz &#158;rtve mu&ccaron;enika i narodnih palih boraca - Predsednik Republike Kosovo - DR. VJOSA OSMANI - SADRIU","og_description":"Predsednik Tha\u00e7i: Dobro koje se de\u0161ava Kosovu, proizilazi iz &#158;rtve mu&ccaron;enika i narodnih palih boraca - Predsednik Republike Kosovo - DR. VJOSA OSMANI - SADRIU -","og_url":"https:\/\/president-ksgov.net\/sr\/predsednik-thaci-dobro-koje-se-desava-kosovu-proizilazi-iz-rtve-muenika-i-narodnih-palih-boraca\/","og_site_name":"Predsednik Republike Kosovo - DR. VJOSA OSMANI - SADRIU","article_published_time":"2017-04-05T15:34:18+00:00","og_image":[{"width":2000,"height":1383,"url":"https:\/\/president-ksgov.net\/wp-content\/uploads\/05_04_2017_8591412_05_04_2017_Rezalle_01.jpg","type":"image\/jpeg"}],"author":"admin","twitter_card":"summary_large_image","twitter_misc":{"\u041d\u0430\u043f\u0438\u0441\u0430\u043d\u043e \u043e\u0434":"admin","\u041f\u0440\u043e\u0446\u0435\u045a\u0435\u043d\u043e \u0432\u0440\u0435\u043c\u0435 \u0447\u0438\u0442\u0430\u045a\u0430":"2 \u043c\u0438\u043d\u0443\u0442\u0430"},"schema":{"@context":"https:\/\/schema.org","@graph":[{"@type":"WebPage","@id":"https:\/\/president-ksgov.net\/sr\/predsednik-thaci-dobro-koje-se-desava-kosovu-proizilazi-iz-rtve-muenika-i-narodnih-palih-boraca\/","url":"https:\/\/president-ksgov.net\/sr\/predsednik-thaci-dobro-koje-se-desava-kosovu-proizilazi-iz-rtve-muenika-i-narodnih-palih-boraca\/","name":"Predsednik Tha\u00e7i: Dobro koje se de\u0161ava Kosovu, proizilazi iz &#158;rtve mu&ccaron;enika i narodnih palih boraca - Predsednik Republike Kosovo - DR. VJOSA OSMANI - SADRIU","isPartOf":{"@id":"https:\/\/president-ksgov.net\/#website"},"primaryImageOfPage":{"@id":"https:\/\/president-ksgov.net\/sr\/predsednik-thaci-dobro-koje-se-desava-kosovu-proizilazi-iz-rtve-muenika-i-narodnih-palih-boraca\/#primaryimage"},"image":{"@id":"https:\/\/president-ksgov.net\/sr\/predsednik-thaci-dobro-koje-se-desava-kosovu-proizilazi-iz-rtve-muenika-i-narodnih-palih-boraca\/#primaryimage"},"thumbnailUrl":"https:\/\/president-ksgov.net\/wp-content\/uploads\/05_04_2017_8591412_05_04_2017_Rezalle_01.jpg","datePublished":"2017-04-05T15:34:18+00:00","dateModified":"2017-04-05T15:34:18+00:00","author":{"@id":"https:\/\/president-ksgov.net\/#\/schema\/person\/bb4337a5fb147cb2046d80548172cbee"},"description":"Predsednik Tha\u00e7i: Dobro koje se de\u0161ava Kosovu, proizilazi iz &#158;rtve mu&ccaron;enika i narodnih palih boraca - Predsednik Republike Kosovo - DR. VJOSA OSMANI - SADRIU -","breadcrumb":{"@id":"https:\/\/president-ksgov.net\/sr\/predsednik-thaci-dobro-koje-se-desava-kosovu-proizilazi-iz-rtve-muenika-i-narodnih-palih-boraca\/#breadcrumb"},"inLanguage":"sr-RS","potentialAction":[{"@type":"ReadAction","target":["https:\/\/president-ksgov.net\/sr\/predsednik-thaci-dobro-koje-se-desava-kosovu-proizilazi-iz-rtve-muenika-i-narodnih-palih-boraca\/"]}]},{"@type":"ImageObject","inLanguage":"sr-RS","@id":"https:\/\/president-ksgov.net\/sr\/predsednik-thaci-dobro-koje-se-desava-kosovu-proizilazi-iz-rtve-muenika-i-narodnih-palih-boraca\/#primaryimage","url":"https:\/\/president-ksgov.net\/wp-content\/uploads\/05_04_2017_8591412_05_04_2017_Rezalle_01.jpg","contentUrl":"https:\/\/president-ksgov.net\/wp-content\/uploads\/05_04_2017_8591412_05_04_2017_Rezalle_01.jpg","width":2000,"height":1383},{"@type":"BreadcrumbList","@id":"https:\/\/president-ksgov.net\/sr\/predsednik-thaci-dobro-koje-se-desava-kosovu-proizilazi-iz-rtve-muenika-i-narodnih-palih-boraca\/#breadcrumb","itemListElement":[{"@type":"ListItem","position":1,"name":"Home","item":"https:\/\/president-ksgov.net\/sr\/"},{"@type":"ListItem","position":2,"name":"Predsednik Tha\u00e7i: Dobro koje se de\u0161ava Kosovu, proizilazi iz &#158;rtve mu&ccaron;enika i narodnih palih boraca"}]},{"@type":"WebSite","@id":"https:\/\/president-ksgov.net\/#website","url":"https:\/\/president-ksgov.net\/","name":"Presidente e Republik\u00ebs s\u00eb Kosov\u00ebs","description":"Presidente e Republik\u00ebs s\u00eb Kosov\u00ebs","alternateName":"DR. VJOSA OSMANI - SADRIU","potentialAction":[{"@type":"SearchAction","target":{"@type":"EntryPoint","urlTemplate":"https:\/\/president-ksgov.net\/?s={search_term_string}"},"query-input":{"@type":"PropertyValueSpecification","valueRequired":true,"valueName":"search_term_string"}}],"inLanguage":"sr-RS"},{"@type":"Person","@id":"https:\/\/president-ksgov.net\/#\/schema\/person\/bb4337a5fb147cb2046d80548172cbee","name":"admin","image":{"@type":"ImageObject","inLanguage":"sr-RS","@id":"https:\/\/president-ksgov.net\/#\/schema\/person\/image\/","url":"https:\/\/secure.gravatar.com\/avatar\/36156ca0fa3b8d9d25174f146e16beea0cf28f37adf1b9e19b6c9c279a7c9dd3?s=96&d=mm&r=g","contentUrl":"https:\/\/secure.gravatar.com\/avatar\/36156ca0fa3b8d9d25174f146e16beea0cf28f37adf1b9e19b6c9c279a7c9dd3?s=96&d=mm&r=g","caption":"admin"},"sameAs":["https:\/\/president-ksgov.net"]}]}},"_links":{"self":[{"href":"https:\/\/president-ksgov.net\/sr\/wp-json\/wp\/v2\/posts\/76260","targetHints":{"allow":["GET"]}}],"collection":[{"href":"https:\/\/president-ksgov.net\/sr\/wp-json\/wp\/v2\/posts"}],"about":[{"href":"https:\/\/president-ksgov.net\/sr\/wp-json\/wp\/v2\/types\/post"}],"author":[{"embeddable":true,"href":"https:\/\/president-ksgov.net\/sr\/wp-json\/wp\/v2\/users\/1"}],"replies":[{"embeddable":true,"href":"https:\/\/president-ksgov.net\/sr\/wp-json\/wp\/v2\/comments?post=76260"}],"version-history":[{"count":0,"href":"https:\/\/president-ksgov.net\/sr\/wp-json\/wp\/v2\/posts\/76260\/revisions"}],"wp:featuredmedia":[{"embeddable":true,"href":"https:\/\/president-ksgov.net\/sr\/wp-json\/wp\/v2\/media\/30813"}],"wp:attachment":[{"href":"https:\/\/president-ksgov.net\/sr\/wp-json\/wp\/v2\/media?parent=76260"}],"wp:term":[{"taxonomy":"category","embeddable":true,"href":"https:\/\/president-ksgov.net\/sr\/wp-json\/wp\/v2\/categories?post=76260"},{"taxonomy":"post_tag","embeddable":true,"href":"https:\/\/president-ksgov.net\/sr\/wp-json\/wp\/v2\/tags?post=76260"}],"curies":[{"name":"wp","href":"https:\/\/api.w.org\/{rel}","templated":true}]}}