{"id":76259,"date":"2017-04-06T11:44:56","date_gmt":"2017-04-06T11:44:56","guid":{"rendered":"https:\/\/dev.president-ksgov.net\/predsednik-thaci-doekao-je-istaknutog-pisca-ismail-a-kadare-a\/"},"modified":"2017-04-06T11:44:56","modified_gmt":"2017-04-06T11:44:56","slug":"predsednik-thaci-doekao-je-istaknutog-pisca-ismail-a-kadare-a","status":"publish","type":"post","link":"https:\/\/president-ksgov.net\/sr\/predsednik-thaci-doekao-je-istaknutog-pisca-ismail-a-kadare-a\/","title":{"rendered":"Predsednik Tha\u00e7i do&ccaron;ekao je istaknutog pisca Ismail-a Kadare-a"},"content":{"rendered":"<p>Pri\u0161tina, 6. april 2017. godine \u2013 Predsednik Republike Kosova, Hashim Tha\u00e7i, danas je do&ccaron;ekao istaknutog pisca Ismail-a Kadare-a koji ovih dana boravi na Kosovu.<\/p>\n<p>Predsednik Tha\u00e7i je izrazio posebno po\u0161tovanje za op\u0161ti doprinos pisca i intelektualca Ismail-a Kadare-a, koji je u njegovom \u0161irokom knji&#382;evnom stvarala\u0161tvu uzvisio albanolo\u0161ki duh i kulturu, potvr&dstrok;uju&cacute;i albansku knji&#382;evnost u me&dstrok;unarodnom okru&#382;enju.<\/p>\n<p>Predsednik Tha\u00e7i\u00a0 i istaknuti pisac Ismail Kadare su razgovarali o orjentaciji i o vrednostima zapadne civilizacije kao prirodne i stare tendencije Albanaca bilo gde na Balkanu.<\/p>\n<p>\u201eU sr&#382;i mi smo Evropljani\u201c, rekao je izme&dstrok;u ostalog Kadare, ocenjuju&cacute;i da albanski svet ide dobrim putem.<\/p>\n<p>\u201eAlbance trenutno favorizuje sre&cacute;a\u201c, dodao je Kadare.<\/p>\n<p>Na ovom sastanku predsednik Tha\u00e7i se prisetio pravi&ccaron;nih stavova Ismail-a Kadare-a koji je devedesetih godina insistirao na aktivnom otporu.<\/p>\n<p>Njegovim predstavljanjem u francuskoj \u0161tampi, Kadare je konstantno potvr&dstrok;ivao i branio pitanje Kosova.<\/p>\n<p>Predsednik\u00a0 Tha\u00e7i je tako&dstrok;e ponovo ocenio i hrabrost koju je Ismail Kadare dao delegaciji Kosova na Konferenciji u Rambujeu 1999. godine.<\/p>\n<p>&Zcaron;ele&cacute;i mu zdravlje, predsednik Tha\u00e7i je &ccaron;estitao Kadare-u i na presti&#382;nim nagradama koje je dobio, nadaju&cacute;i se da &cacute;e jednog dana biti laureat Nobelove nagrade za knji&#382;evnost.\u00a0<\/p>\n","protected":false},"excerpt":{"rendered":"<p>Pri\u0161tina, 6. april 2017. godine \u2013 Predsednik Republike Kosova, Hashim Tha\u00e7i, danas je do&ccaron;ekao istaknutog pisca Ismail-a Kadare-a koji ovih dana boravi na Kosovu.<\/p>\n","protected":false},"author":1,"featured_media":30803,"comment_status":"open","ping_status":"closed","sticky":false,"template":"","format":"standard","meta":{"_eb_attr":"","footnotes":""},"categories":[101],"tags":[],"class_list":["post-76259","post","type-post","status-publish","format-standard","has-post-thumbnail","hentry","category-vesti"],"yoast_head":"<!-- This site is optimized with the Yoast SEO plugin v23.5 - https:\/\/yoast.com\/wordpress\/plugins\/seo\/ -->\n<title>Predsednik Tha\u00e7i do&amp;ccaron;ekao je istaknutog pisca Ismail-a Kadare-a - Predsednik Republike Kosovo - DR. VJOSA OSMANI - SADRIU<\/title>\n<meta name=\"description\" content=\"Predsednik Tha\u00e7i do&amp;ccaron;ekao je istaknutog pisca Ismail-a Kadare-a - Predsednik Republike Kosovo - DR. VJOSA OSMANI - SADRIU -\" \/>\n<meta name=\"robots\" content=\"index, follow, max-snippet:-1, max-image-preview:large, max-video-preview:-1\" \/>\n<link rel=\"canonical\" href=\"https:\/\/president-ksgov.net\/sr\/predsednik-thaci-doekao-je-istaknutog-pisca-ismail-a-kadare-a\/\" \/>\n<meta property=\"og:locale\" content=\"sr_RS\" \/>\n<meta property=\"og:type\" content=\"article\" \/>\n<meta property=\"og:title\" content=\"Predsednik Tha\u00e7i do&amp;ccaron;ekao je istaknutog pisca Ismail-a Kadare-a - Predsednik Republike Kosovo - DR. VJOSA OSMANI - SADRIU\" \/>\n<meta property=\"og:description\" content=\"Predsednik Tha\u00e7i do&amp;ccaron;ekao je istaknutog pisca Ismail-a Kadare-a - Predsednik Republike Kosovo - DR. VJOSA OSMANI - SADRIU -\" \/>\n<meta property=\"og:url\" content=\"https:\/\/president-ksgov.net\/sr\/predsednik-thaci-doekao-je-istaknutog-pisca-ismail-a-kadare-a\/\" \/>\n<meta property=\"og:site_name\" content=\"Predsednik Republike Kosovo - DR. VJOSA OSMANI - SADRIU\" \/>\n<meta property=\"article:published_time\" content=\"2017-04-06T11:44:56+00:00\" \/>\n<meta property=\"og:image\" content=\"https:\/\/president-ksgov.net\/wp-content\/uploads\/06_04_2017_1089894_06_04_2017_Takim_me_Ismail_Kadare_1.jpg\" \/>\n\t<meta property=\"og:image:width\" content=\"2000\" \/>\n\t<meta property=\"og:image:height\" content=\"1521\" \/>\n\t<meta property=\"og:image:type\" content=\"image\/jpeg\" \/>\n<meta name=\"author\" content=\"admin\" \/>\n<meta name=\"twitter:card\" content=\"summary_large_image\" \/>\n<meta name=\"twitter:label1\" content=\"\u041d\u0430\u043f\u0438\u0441\u0430\u043d\u043e \u043e\u0434\" \/>\n\t<meta name=\"twitter:data1\" content=\"admin\" \/>\n\t<meta name=\"twitter:label2\" content=\"\u041f\u0440\u043e\u0446\u0435\u045a\u0435\u043d\u043e \u0432\u0440\u0435\u043c\u0435 \u0447\u0438\u0442\u0430\u045a\u0430\" \/>\n\t<meta name=\"twitter:data2\" content=\"1 \u043c\u0438\u043d\u0443\u0442\" \/>\n<script type=\"application\/ld+json\" class=\"yoast-schema-graph\">{\"@context\":\"https:\/\/schema.org\",\"@graph\":[{\"@type\":\"WebPage\",\"@id\":\"https:\/\/president-ksgov.net\/sr\/predsednik-thaci-doekao-je-istaknutog-pisca-ismail-a-kadare-a\/\",\"url\":\"https:\/\/president-ksgov.net\/sr\/predsednik-thaci-doekao-je-istaknutog-pisca-ismail-a-kadare-a\/\",\"name\":\"Predsednik Tha\u00e7i do&ccaron;ekao je istaknutog pisca Ismail-a Kadare-a - Predsednik Republike Kosovo - DR. VJOSA OSMANI - SADRIU\",\"isPartOf\":{\"@id\":\"https:\/\/president-ksgov.net\/#website\"},\"primaryImageOfPage\":{\"@id\":\"https:\/\/president-ksgov.net\/sr\/predsednik-thaci-doekao-je-istaknutog-pisca-ismail-a-kadare-a\/#primaryimage\"},\"image\":{\"@id\":\"https:\/\/president-ksgov.net\/sr\/predsednik-thaci-doekao-je-istaknutog-pisca-ismail-a-kadare-a\/#primaryimage\"},\"thumbnailUrl\":\"https:\/\/president-ksgov.net\/wp-content\/uploads\/06_04_2017_1089894_06_04_2017_Takim_me_Ismail_Kadare_1.jpg\",\"datePublished\":\"2017-04-06T11:44:56+00:00\",\"dateModified\":\"2017-04-06T11:44:56+00:00\",\"author\":{\"@id\":\"https:\/\/president-ksgov.net\/#\/schema\/person\/bb4337a5fb147cb2046d80548172cbee\"},\"description\":\"Predsednik Tha\u00e7i do&ccaron;ekao je istaknutog pisca Ismail-a Kadare-a - Predsednik Republike Kosovo - DR. VJOSA OSMANI - SADRIU -\",\"breadcrumb\":{\"@id\":\"https:\/\/president-ksgov.net\/sr\/predsednik-thaci-doekao-je-istaknutog-pisca-ismail-a-kadare-a\/#breadcrumb\"},\"inLanguage\":\"sr-RS\",\"potentialAction\":[{\"@type\":\"ReadAction\",\"target\":[\"https:\/\/president-ksgov.net\/sr\/predsednik-thaci-doekao-je-istaknutog-pisca-ismail-a-kadare-a\/\"]}]},{\"@type\":\"ImageObject\",\"inLanguage\":\"sr-RS\",\"@id\":\"https:\/\/president-ksgov.net\/sr\/predsednik-thaci-doekao-je-istaknutog-pisca-ismail-a-kadare-a\/#primaryimage\",\"url\":\"https:\/\/president-ksgov.net\/wp-content\/uploads\/06_04_2017_1089894_06_04_2017_Takim_me_Ismail_Kadare_1.jpg\",\"contentUrl\":\"https:\/\/president-ksgov.net\/wp-content\/uploads\/06_04_2017_1089894_06_04_2017_Takim_me_Ismail_Kadare_1.jpg\",\"width\":2000,\"height\":1521},{\"@type\":\"BreadcrumbList\",\"@id\":\"https:\/\/president-ksgov.net\/sr\/predsednik-thaci-doekao-je-istaknutog-pisca-ismail-a-kadare-a\/#breadcrumb\",\"itemListElement\":[{\"@type\":\"ListItem\",\"position\":1,\"name\":\"Home\",\"item\":\"https:\/\/president-ksgov.net\/sr\/\"},{\"@type\":\"ListItem\",\"position\":2,\"name\":\"Predsednik Tha\u00e7i do&ccaron;ekao je istaknutog pisca Ismail-a Kadare-a\"}]},{\"@type\":\"WebSite\",\"@id\":\"https:\/\/president-ksgov.net\/#website\",\"url\":\"https:\/\/president-ksgov.net\/\",\"name\":\"Presidente e Republik\u00ebs s\u00eb Kosov\u00ebs\",\"description\":\"Presidente e Republik\u00ebs s\u00eb Kosov\u00ebs\",\"alternateName\":\"DR. VJOSA OSMANI - SADRIU\",\"potentialAction\":[{\"@type\":\"SearchAction\",\"target\":{\"@type\":\"EntryPoint\",\"urlTemplate\":\"https:\/\/president-ksgov.net\/?s={search_term_string}\"},\"query-input\":{\"@type\":\"PropertyValueSpecification\",\"valueRequired\":true,\"valueName\":\"search_term_string\"}}],\"inLanguage\":\"sr-RS\"},{\"@type\":\"Person\",\"@id\":\"https:\/\/president-ksgov.net\/#\/schema\/person\/bb4337a5fb147cb2046d80548172cbee\",\"name\":\"admin\",\"image\":{\"@type\":\"ImageObject\",\"inLanguage\":\"sr-RS\",\"@id\":\"https:\/\/president-ksgov.net\/#\/schema\/person\/image\/\",\"url\":\"https:\/\/secure.gravatar.com\/avatar\/36156ca0fa3b8d9d25174f146e16beea0cf28f37adf1b9e19b6c9c279a7c9dd3?s=96&d=mm&r=g\",\"contentUrl\":\"https:\/\/secure.gravatar.com\/avatar\/36156ca0fa3b8d9d25174f146e16beea0cf28f37adf1b9e19b6c9c279a7c9dd3?s=96&d=mm&r=g\",\"caption\":\"admin\"},\"sameAs\":[\"https:\/\/president-ksgov.net\"]}]}<\/script>\n<!-- \/ Yoast SEO plugin. -->","yoast_head_json":{"title":"Predsednik Tha\u00e7i do&ccaron;ekao je istaknutog pisca Ismail-a Kadare-a - Predsednik Republike Kosovo - DR. VJOSA OSMANI - SADRIU","description":"Predsednik Tha\u00e7i do&ccaron;ekao je istaknutog pisca Ismail-a Kadare-a - Predsednik Republike Kosovo - DR. VJOSA OSMANI - SADRIU -","robots":{"index":"index","follow":"follow","max-snippet":"max-snippet:-1","max-image-preview":"max-image-preview:large","max-video-preview":"max-video-preview:-1"},"canonical":"https:\/\/president-ksgov.net\/sr\/predsednik-thaci-doekao-je-istaknutog-pisca-ismail-a-kadare-a\/","og_locale":"sr_RS","og_type":"article","og_title":"Predsednik Tha\u00e7i do&ccaron;ekao je istaknutog pisca Ismail-a Kadare-a - Predsednik Republike Kosovo - DR. VJOSA OSMANI - SADRIU","og_description":"Predsednik Tha\u00e7i do&ccaron;ekao je istaknutog pisca Ismail-a Kadare-a - Predsednik Republike Kosovo - DR. VJOSA OSMANI - SADRIU -","og_url":"https:\/\/president-ksgov.net\/sr\/predsednik-thaci-doekao-je-istaknutog-pisca-ismail-a-kadare-a\/","og_site_name":"Predsednik Republike Kosovo - DR. VJOSA OSMANI - SADRIU","article_published_time":"2017-04-06T11:44:56+00:00","og_image":[{"width":2000,"height":1521,"url":"https:\/\/president-ksgov.net\/wp-content\/uploads\/06_04_2017_1089894_06_04_2017_Takim_me_Ismail_Kadare_1.jpg","type":"image\/jpeg"}],"author":"admin","twitter_card":"summary_large_image","twitter_misc":{"\u041d\u0430\u043f\u0438\u0441\u0430\u043d\u043e \u043e\u0434":"admin","\u041f\u0440\u043e\u0446\u0435\u045a\u0435\u043d\u043e \u0432\u0440\u0435\u043c\u0435 \u0447\u0438\u0442\u0430\u045a\u0430":"1 \u043c\u0438\u043d\u0443\u0442"},"schema":{"@context":"https:\/\/schema.org","@graph":[{"@type":"WebPage","@id":"https:\/\/president-ksgov.net\/sr\/predsednik-thaci-doekao-je-istaknutog-pisca-ismail-a-kadare-a\/","url":"https:\/\/president-ksgov.net\/sr\/predsednik-thaci-doekao-je-istaknutog-pisca-ismail-a-kadare-a\/","name":"Predsednik Tha\u00e7i do&ccaron;ekao je istaknutog pisca Ismail-a Kadare-a - Predsednik Republike Kosovo - DR. VJOSA OSMANI - SADRIU","isPartOf":{"@id":"https:\/\/president-ksgov.net\/#website"},"primaryImageOfPage":{"@id":"https:\/\/president-ksgov.net\/sr\/predsednik-thaci-doekao-je-istaknutog-pisca-ismail-a-kadare-a\/#primaryimage"},"image":{"@id":"https:\/\/president-ksgov.net\/sr\/predsednik-thaci-doekao-je-istaknutog-pisca-ismail-a-kadare-a\/#primaryimage"},"thumbnailUrl":"https:\/\/president-ksgov.net\/wp-content\/uploads\/06_04_2017_1089894_06_04_2017_Takim_me_Ismail_Kadare_1.jpg","datePublished":"2017-04-06T11:44:56+00:00","dateModified":"2017-04-06T11:44:56+00:00","author":{"@id":"https:\/\/president-ksgov.net\/#\/schema\/person\/bb4337a5fb147cb2046d80548172cbee"},"description":"Predsednik Tha\u00e7i do&ccaron;ekao je istaknutog pisca Ismail-a Kadare-a - Predsednik Republike Kosovo - DR. VJOSA OSMANI - SADRIU -","breadcrumb":{"@id":"https:\/\/president-ksgov.net\/sr\/predsednik-thaci-doekao-je-istaknutog-pisca-ismail-a-kadare-a\/#breadcrumb"},"inLanguage":"sr-RS","potentialAction":[{"@type":"ReadAction","target":["https:\/\/president-ksgov.net\/sr\/predsednik-thaci-doekao-je-istaknutog-pisca-ismail-a-kadare-a\/"]}]},{"@type":"ImageObject","inLanguage":"sr-RS","@id":"https:\/\/president-ksgov.net\/sr\/predsednik-thaci-doekao-je-istaknutog-pisca-ismail-a-kadare-a\/#primaryimage","url":"https:\/\/president-ksgov.net\/wp-content\/uploads\/06_04_2017_1089894_06_04_2017_Takim_me_Ismail_Kadare_1.jpg","contentUrl":"https:\/\/president-ksgov.net\/wp-content\/uploads\/06_04_2017_1089894_06_04_2017_Takim_me_Ismail_Kadare_1.jpg","width":2000,"height":1521},{"@type":"BreadcrumbList","@id":"https:\/\/president-ksgov.net\/sr\/predsednik-thaci-doekao-je-istaknutog-pisca-ismail-a-kadare-a\/#breadcrumb","itemListElement":[{"@type":"ListItem","position":1,"name":"Home","item":"https:\/\/president-ksgov.net\/sr\/"},{"@type":"ListItem","position":2,"name":"Predsednik Tha\u00e7i do&ccaron;ekao je istaknutog pisca Ismail-a Kadare-a"}]},{"@type":"WebSite","@id":"https:\/\/president-ksgov.net\/#website","url":"https:\/\/president-ksgov.net\/","name":"Presidente e Republik\u00ebs s\u00eb Kosov\u00ebs","description":"Presidente e Republik\u00ebs s\u00eb Kosov\u00ebs","alternateName":"DR. VJOSA OSMANI - SADRIU","potentialAction":[{"@type":"SearchAction","target":{"@type":"EntryPoint","urlTemplate":"https:\/\/president-ksgov.net\/?s={search_term_string}"},"query-input":{"@type":"PropertyValueSpecification","valueRequired":true,"valueName":"search_term_string"}}],"inLanguage":"sr-RS"},{"@type":"Person","@id":"https:\/\/president-ksgov.net\/#\/schema\/person\/bb4337a5fb147cb2046d80548172cbee","name":"admin","image":{"@type":"ImageObject","inLanguage":"sr-RS","@id":"https:\/\/president-ksgov.net\/#\/schema\/person\/image\/","url":"https:\/\/secure.gravatar.com\/avatar\/36156ca0fa3b8d9d25174f146e16beea0cf28f37adf1b9e19b6c9c279a7c9dd3?s=96&d=mm&r=g","contentUrl":"https:\/\/secure.gravatar.com\/avatar\/36156ca0fa3b8d9d25174f146e16beea0cf28f37adf1b9e19b6c9c279a7c9dd3?s=96&d=mm&r=g","caption":"admin"},"sameAs":["https:\/\/president-ksgov.net"]}]}},"_links":{"self":[{"href":"https:\/\/president-ksgov.net\/sr\/wp-json\/wp\/v2\/posts\/76259","targetHints":{"allow":["GET"]}}],"collection":[{"href":"https:\/\/president-ksgov.net\/sr\/wp-json\/wp\/v2\/posts"}],"about":[{"href":"https:\/\/president-ksgov.net\/sr\/wp-json\/wp\/v2\/types\/post"}],"author":[{"embeddable":true,"href":"https:\/\/president-ksgov.net\/sr\/wp-json\/wp\/v2\/users\/1"}],"replies":[{"embeddable":true,"href":"https:\/\/president-ksgov.net\/sr\/wp-json\/wp\/v2\/comments?post=76259"}],"version-history":[{"count":0,"href":"https:\/\/president-ksgov.net\/sr\/wp-json\/wp\/v2\/posts\/76259\/revisions"}],"wp:featuredmedia":[{"embeddable":true,"href":"https:\/\/president-ksgov.net\/sr\/wp-json\/wp\/v2\/media\/30803"}],"wp:attachment":[{"href":"https:\/\/president-ksgov.net\/sr\/wp-json\/wp\/v2\/media?parent=76259"}],"wp:term":[{"taxonomy":"category","embeddable":true,"href":"https:\/\/president-ksgov.net\/sr\/wp-json\/wp\/v2\/categories?post=76259"},{"taxonomy":"post_tag","embeddable":true,"href":"https:\/\/president-ksgov.net\/sr\/wp-json\/wp\/v2\/tags?post=76259"}],"curies":[{"name":"wp","href":"https:\/\/api.w.org\/{rel}","templated":true}]}}