{"id":76258,"date":"2017-04-07T15:14:13","date_gmt":"2017-04-07T15:14:13","guid":{"rendered":"https:\/\/dev.president-ksgov.net\/predsednik-thaci-vojska-se-stvara-treba-da-naemo-konsenzus\/"},"modified":"2017-04-07T15:14:13","modified_gmt":"2017-04-07T15:14:13","slug":"predsednik-thaci-vojska-se-stvara-treba-da-naemo-konsenzus","status":"publish","type":"post","link":"https:\/\/president-ksgov.net\/sr\/predsednik-thaci-vojska-se-stvara-treba-da-naemo-konsenzus\/","title":{"rendered":"Predsednik Tha\u00e7i: Vojska se stvara, treba da na&dstrok;emo konsenzus"},"content":{"rendered":"<p>Pri\u0161tina, 7. april 2017. godine \u2013 Predsednik Republike Kosova, Hashim Tha\u00e7i, danas je u&ccaron;estvovao na konferenciji \u201eBezbednosne snage Kosova \u2013 Budu&cacute;e perspektive\u201c, koju je organizovao Istra&#382;ni institut za evropska pitanja i razvoj.<\/p>\n<p>Na ovoj konferenciji, predsednik Tha\u00e7i je naglasio da je inicijativa za transformaciju BSK-a dobro omi\u0161ljen postupak, a slanje nacrta zakona u Skup\u0161tinu je rezultat nesposobnosti institucija i me&dstrok;unarodnih partnera, da u protekle tri godine osnuju Oru&#382;ane snage Kosova.<\/p>\n<p>Predsednik je rekao da predstavnici Srpske liste ve&cacute; \u0161est meseci za redom bojkotuju Skup\u0161tinu i Vladu Kosova, &ccaron;ine&cacute;i nemogu&cacute;im da institucije obezbede njihovu podr\u0161ku i obuhvatanje\u00a0 u ovom bitnom procesu.<\/p>\n<p>Od preduzimanja zakonske inicijative do danas, predsednik Tha\u00e7i je istakao da su se odvila dva bitna doga&dstrok;aja, koja pru&#382;aju pozitivnu perspektivu za uspe\u0161no okon&ccaron;anje osnivanja Oru&#382;anih snaga Kosova.<\/p>\n<p>\u201ePrvi pozitivan doga&dstrok;aj je kraj bojkotovanja i vra&cacute;anje Srpske liste u dr&#382;avne institucije, a drugi doga&dstrok;aj jeste spremnost na\u0161ih strate\u0161kih me&dstrok;unarodnih partnera da aktivno u&ccaron;estvuju u osnivanju Oru&#382;anih snaga Kosova preko transparentnog i sveobuhvatnog procesa\u201c, rekao je predsednik Tha\u00e7i.<\/p>\n<p>Govore&cacute;i na jednom panelu sa ameri&ccaron;kim ambasadorom, Greg-om Delawie, francuskim ambasadorom Didier-om Chabert, zamenikom premijera Kosova, Branimirom Stojanovi&cacute;em i ameri&ccaron;kim profesorom Daniel-om Server, predsednik Tha\u00e7i je rekao da i pored razli&ccaron;itih pristupa, postoji konsenzus za transformaciju BSK-a putem ustavnih izmena.<\/p>\n<p>\u201eJa kao predsednik i kao vrhovni komandant BSK-a imam za obavezu da zajedno da svim ostalim kosovskim institucijama, osnujemo vojsku Kosova, ali i da o&ccaron;uvamo i da i dalje ja&ccaron;amo saradnju sa na\u0161im strate\u0161kim partnerima\u201c, rekao je Tha\u00e7i, dodaju&cacute;i da je ovaj cilj u potpunosti dosti&#382;an, po\u0161to se svi strate\u0161ki partneri Kosova sla&#382;u da Kosovo treba sa osnuje vojsku.<\/p>\n<p>Jedina razlika do danas, prema mi\u0161ljenju predsednika Tha\u00e7i-ja je bio pristup koji treba pratiti za postizanje ovog zajedni&ccaron;kog cilja.<\/p>\n<p>Predsednik je rekao da uzimaju&cacute;i u obzir dva poslednja bitna doga&dstrok;aja, institucije Kosova su u potpunosti spremne da zajedno sa strate\u0161kim partnerima ponovo zapo&ccaron;nu jo\u0161 jedan poslednji ozbiljni poku\u0161aj da transformi\u0161u BSK u Oru&#382;ane snage Kosova putem ustavnih izmena.<\/p>\n<p>\u201eU slu&#382;bi postizanja ovog zajedni&ccaron;kog cilja i uzimaju&cacute;i u obzir poslednje doga&dstrok;aje u zemlji, ja sam danas poslao slu&#382;beno pismo predsedniku i &ccaron;lanovima Predsedni\u0161tva Skup\u0161tine Kosova, preko kojeg sam tra&#382;io da se moja zakonska inicijativa o izmeni mandata i uloge BSK-a ne stavi na dnevni red za diskutovanje, dok na\u0161e institucije i na\u0161i strate\u0161ki partneri ne zavr\u0161e i ovaj poslednji poku\u0161aj, kako bi obezbedili podr\u0161ku svih zajednica i kako bi transformacija BSK-a u Oru&#382;ane snage Kosova bila izvr\u0161ena putem ustavnih izmena\u201c, istakao je Tha\u00e7i.<\/p>\n<p>Predsednik Tha\u00e7i je rekao da &#382;eli da osnivanje vojske bude trenutak ujedinjenja gra&dstrok;ana Kosova, politi&ccaron;kih partija i civilnog dru\u0161tva.<\/p>\n<p>\u201eMi &#382;elimo da i srpska zajednica koja &#382;ivi na Kosovu bude deo ovog procesa\u00a0 i da da podr\u0161ku putem svojih politi&ccaron;kih predstavnika, isto kao i sve druge zajednice\u201c, dodao je Tha\u00e7i.<\/p>\n<p>\u201eJa ponovo isti&ccaron;em da &#382;elim i da intenzivno radin da se jedan tako bitan cilj zavr\u0161i uspe\u0161no uz podr\u0161ku svih zajednica na Kosovu i da se dogodi preko ustavnih izmena. U suprotnom, ja sam u&ccaron;inio jasnim da niko ne mo&#382;e koristiti veto kako bi metao bilo koju vrstu osnivanja vojske Kosova i to je sada jasno\u201c, dodao je predsednik Tha\u00e7i.<\/p>\n<p>Na kraju, predsednik je istakao da je veoma bitno da politi&ccaron;ki predstavnici srpske zajednice ne pomisle ni na jedan jedini trenutak da &cacute;e kosovske institucije odustati od osnivanja Oru&#382;anih snaga, jer to je njihova najve&cacute;a gre\u0161ka.\u00a0<\/p>\n","protected":false},"excerpt":{"rendered":"<p>Pri\u0161tina, 7. april 2017. godine \u2013 Predsednik Republike Kosova, Hashim Tha\u00e7i, danas je u&ccaron;estvovao na konferenciji \u201eBezbednosne snage Kosova \u2013 Budu&cacute;e perspektive\u201c, koju je organizovao Istra&#382;ni institut za evropska pitanja i razvoj.<\/p>\n","protected":false},"author":1,"featured_media":30793,"comment_status":"open","ping_status":"closed","sticky":false,"template":"","format":"standard","meta":{"_eb_attr":"","footnotes":""},"categories":[101],"tags":[],"class_list":["post-76258","post","type-post","status-publish","format-standard","has-post-thumbnail","hentry","category-vesti"],"yoast_head":"<!-- This site is optimized with the Yoast SEO plugin v23.5 - https:\/\/yoast.com\/wordpress\/plugins\/seo\/ -->\n<title>Predsednik Tha\u00e7i: Vojska se stvara, treba da na&amp;dstrok;emo konsenzus - Predsednik Republike Kosovo - DR. VJOSA OSMANI - SADRIU<\/title>\n<meta name=\"description\" content=\"Predsednik Tha\u00e7i: Vojska se stvara, treba da na&amp;dstrok;emo konsenzus - Predsednik Republike Kosovo - DR. VJOSA OSMANI - SADRIU -\" \/>\n<meta name=\"robots\" content=\"index, follow, max-snippet:-1, max-image-preview:large, max-video-preview:-1\" \/>\n<link rel=\"canonical\" href=\"https:\/\/president-ksgov.net\/sr\/predsednik-thaci-vojska-se-stvara-treba-da-naemo-konsenzus\/\" \/>\n<meta property=\"og:locale\" content=\"sr_RS\" \/>\n<meta property=\"og:type\" content=\"article\" \/>\n<meta property=\"og:title\" content=\"Predsednik Tha\u00e7i: Vojska se stvara, treba da na&amp;dstrok;emo konsenzus - Predsednik Republike Kosovo - DR. VJOSA OSMANI - SADRIU\" \/>\n<meta property=\"og:description\" content=\"Predsednik Tha\u00e7i: Vojska se stvara, treba da na&amp;dstrok;emo konsenzus - Predsednik Republike Kosovo - DR. VJOSA OSMANI - SADRIU -\" \/>\n<meta property=\"og:url\" content=\"https:\/\/president-ksgov.net\/sr\/predsednik-thaci-vojska-se-stvara-treba-da-naemo-konsenzus\/\" \/>\n<meta property=\"og:site_name\" content=\"Predsednik Republike Kosovo - DR. VJOSA OSMANI - SADRIU\" \/>\n<meta property=\"article:published_time\" content=\"2017-04-07T15:14:13+00:00\" \/>\n<meta property=\"og:image\" content=\"https:\/\/president-ksgov.net\/wp-content\/uploads\/07_04_2017_9320315_07_04_2017_2.jpg\" \/>\n\t<meta property=\"og:image:width\" content=\"2000\" \/>\n\t<meta property=\"og:image:height\" content=\"772\" \/>\n\t<meta property=\"og:image:type\" content=\"image\/jpeg\" \/>\n<meta name=\"author\" content=\"admin\" \/>\n<meta name=\"twitter:card\" content=\"summary_large_image\" \/>\n<meta name=\"twitter:label1\" content=\"\u041d\u0430\u043f\u0438\u0441\u0430\u043d\u043e \u043e\u0434\" \/>\n\t<meta name=\"twitter:data1\" content=\"admin\" \/>\n\t<meta name=\"twitter:label2\" content=\"\u041f\u0440\u043e\u0446\u0435\u045a\u0435\u043d\u043e \u0432\u0440\u0435\u043c\u0435 \u0447\u0438\u0442\u0430\u045a\u0430\" \/>\n\t<meta name=\"twitter:data2\" content=\"3 \u043c\u0438\u043d\u0443\u0442\u0430\" \/>\n<script type=\"application\/ld+json\" class=\"yoast-schema-graph\">{\"@context\":\"https:\/\/schema.org\",\"@graph\":[{\"@type\":\"WebPage\",\"@id\":\"https:\/\/president-ksgov.net\/sr\/predsednik-thaci-vojska-se-stvara-treba-da-naemo-konsenzus\/\",\"url\":\"https:\/\/president-ksgov.net\/sr\/predsednik-thaci-vojska-se-stvara-treba-da-naemo-konsenzus\/\",\"name\":\"Predsednik Tha\u00e7i: Vojska se stvara, treba da na&dstrok;emo konsenzus - Predsednik Republike Kosovo - DR. VJOSA OSMANI - SADRIU\",\"isPartOf\":{\"@id\":\"https:\/\/president-ksgov.net\/#website\"},\"primaryImageOfPage\":{\"@id\":\"https:\/\/president-ksgov.net\/sr\/predsednik-thaci-vojska-se-stvara-treba-da-naemo-konsenzus\/#primaryimage\"},\"image\":{\"@id\":\"https:\/\/president-ksgov.net\/sr\/predsednik-thaci-vojska-se-stvara-treba-da-naemo-konsenzus\/#primaryimage\"},\"thumbnailUrl\":\"https:\/\/president-ksgov.net\/wp-content\/uploads\/07_04_2017_9320315_07_04_2017_2.jpg\",\"datePublished\":\"2017-04-07T15:14:13+00:00\",\"dateModified\":\"2017-04-07T15:14:13+00:00\",\"author\":{\"@id\":\"https:\/\/president-ksgov.net\/#\/schema\/person\/bb4337a5fb147cb2046d80548172cbee\"},\"description\":\"Predsednik Tha\u00e7i: Vojska se stvara, treba da na&dstrok;emo konsenzus - Predsednik Republike Kosovo - DR. VJOSA OSMANI - SADRIU -\",\"breadcrumb\":{\"@id\":\"https:\/\/president-ksgov.net\/sr\/predsednik-thaci-vojska-se-stvara-treba-da-naemo-konsenzus\/#breadcrumb\"},\"inLanguage\":\"sr-RS\",\"potentialAction\":[{\"@type\":\"ReadAction\",\"target\":[\"https:\/\/president-ksgov.net\/sr\/predsednik-thaci-vojska-se-stvara-treba-da-naemo-konsenzus\/\"]}]},{\"@type\":\"ImageObject\",\"inLanguage\":\"sr-RS\",\"@id\":\"https:\/\/president-ksgov.net\/sr\/predsednik-thaci-vojska-se-stvara-treba-da-naemo-konsenzus\/#primaryimage\",\"url\":\"https:\/\/president-ksgov.net\/wp-content\/uploads\/07_04_2017_9320315_07_04_2017_2.jpg\",\"contentUrl\":\"https:\/\/president-ksgov.net\/wp-content\/uploads\/07_04_2017_9320315_07_04_2017_2.jpg\",\"width\":2000,\"height\":772},{\"@type\":\"BreadcrumbList\",\"@id\":\"https:\/\/president-ksgov.net\/sr\/predsednik-thaci-vojska-se-stvara-treba-da-naemo-konsenzus\/#breadcrumb\",\"itemListElement\":[{\"@type\":\"ListItem\",\"position\":1,\"name\":\"Home\",\"item\":\"https:\/\/president-ksgov.net\/sr\/\"},{\"@type\":\"ListItem\",\"position\":2,\"name\":\"Predsednik Tha\u00e7i: Vojska se stvara, treba da na&dstrok;emo konsenzus\"}]},{\"@type\":\"WebSite\",\"@id\":\"https:\/\/president-ksgov.net\/#website\",\"url\":\"https:\/\/president-ksgov.net\/\",\"name\":\"Presidente e Republik\u00ebs s\u00eb Kosov\u00ebs\",\"description\":\"Presidente e Republik\u00ebs s\u00eb Kosov\u00ebs\",\"alternateName\":\"DR. VJOSA OSMANI - SADRIU\",\"potentialAction\":[{\"@type\":\"SearchAction\",\"target\":{\"@type\":\"EntryPoint\",\"urlTemplate\":\"https:\/\/president-ksgov.net\/?s={search_term_string}\"},\"query-input\":{\"@type\":\"PropertyValueSpecification\",\"valueRequired\":true,\"valueName\":\"search_term_string\"}}],\"inLanguage\":\"sr-RS\"},{\"@type\":\"Person\",\"@id\":\"https:\/\/president-ksgov.net\/#\/schema\/person\/bb4337a5fb147cb2046d80548172cbee\",\"name\":\"admin\",\"image\":{\"@type\":\"ImageObject\",\"inLanguage\":\"sr-RS\",\"@id\":\"https:\/\/president-ksgov.net\/#\/schema\/person\/image\/\",\"url\":\"https:\/\/secure.gravatar.com\/avatar\/36156ca0fa3b8d9d25174f146e16beea0cf28f37adf1b9e19b6c9c279a7c9dd3?s=96&d=mm&r=g\",\"contentUrl\":\"https:\/\/secure.gravatar.com\/avatar\/36156ca0fa3b8d9d25174f146e16beea0cf28f37adf1b9e19b6c9c279a7c9dd3?s=96&d=mm&r=g\",\"caption\":\"admin\"},\"sameAs\":[\"https:\/\/president-ksgov.net\"]}]}<\/script>\n<!-- \/ Yoast SEO plugin. -->","yoast_head_json":{"title":"Predsednik Tha\u00e7i: Vojska se stvara, treba da na&dstrok;emo konsenzus - Predsednik Republike Kosovo - DR. VJOSA OSMANI - SADRIU","description":"Predsednik Tha\u00e7i: Vojska se stvara, treba da na&dstrok;emo konsenzus - Predsednik Republike Kosovo - DR. VJOSA OSMANI - SADRIU -","robots":{"index":"index","follow":"follow","max-snippet":"max-snippet:-1","max-image-preview":"max-image-preview:large","max-video-preview":"max-video-preview:-1"},"canonical":"https:\/\/president-ksgov.net\/sr\/predsednik-thaci-vojska-se-stvara-treba-da-naemo-konsenzus\/","og_locale":"sr_RS","og_type":"article","og_title":"Predsednik Tha\u00e7i: Vojska se stvara, treba da na&dstrok;emo konsenzus - Predsednik Republike Kosovo - DR. VJOSA OSMANI - SADRIU","og_description":"Predsednik Tha\u00e7i: Vojska se stvara, treba da na&dstrok;emo konsenzus - Predsednik Republike Kosovo - DR. VJOSA OSMANI - SADRIU -","og_url":"https:\/\/president-ksgov.net\/sr\/predsednik-thaci-vojska-se-stvara-treba-da-naemo-konsenzus\/","og_site_name":"Predsednik Republike Kosovo - DR. VJOSA OSMANI - SADRIU","article_published_time":"2017-04-07T15:14:13+00:00","og_image":[{"width":2000,"height":772,"url":"https:\/\/president-ksgov.net\/wp-content\/uploads\/07_04_2017_9320315_07_04_2017_2.jpg","type":"image\/jpeg"}],"author":"admin","twitter_card":"summary_large_image","twitter_misc":{"\u041d\u0430\u043f\u0438\u0441\u0430\u043d\u043e \u043e\u0434":"admin","\u041f\u0440\u043e\u0446\u0435\u045a\u0435\u043d\u043e \u0432\u0440\u0435\u043c\u0435 \u0447\u0438\u0442\u0430\u045a\u0430":"3 \u043c\u0438\u043d\u0443\u0442\u0430"},"schema":{"@context":"https:\/\/schema.org","@graph":[{"@type":"WebPage","@id":"https:\/\/president-ksgov.net\/sr\/predsednik-thaci-vojska-se-stvara-treba-da-naemo-konsenzus\/","url":"https:\/\/president-ksgov.net\/sr\/predsednik-thaci-vojska-se-stvara-treba-da-naemo-konsenzus\/","name":"Predsednik Tha\u00e7i: Vojska se stvara, treba da na&dstrok;emo konsenzus - Predsednik Republike Kosovo - DR. VJOSA OSMANI - SADRIU","isPartOf":{"@id":"https:\/\/president-ksgov.net\/#website"},"primaryImageOfPage":{"@id":"https:\/\/president-ksgov.net\/sr\/predsednik-thaci-vojska-se-stvara-treba-da-naemo-konsenzus\/#primaryimage"},"image":{"@id":"https:\/\/president-ksgov.net\/sr\/predsednik-thaci-vojska-se-stvara-treba-da-naemo-konsenzus\/#primaryimage"},"thumbnailUrl":"https:\/\/president-ksgov.net\/wp-content\/uploads\/07_04_2017_9320315_07_04_2017_2.jpg","datePublished":"2017-04-07T15:14:13+00:00","dateModified":"2017-04-07T15:14:13+00:00","author":{"@id":"https:\/\/president-ksgov.net\/#\/schema\/person\/bb4337a5fb147cb2046d80548172cbee"},"description":"Predsednik Tha\u00e7i: Vojska se stvara, treba da na&dstrok;emo konsenzus - Predsednik Republike Kosovo - DR. VJOSA OSMANI - SADRIU -","breadcrumb":{"@id":"https:\/\/president-ksgov.net\/sr\/predsednik-thaci-vojska-se-stvara-treba-da-naemo-konsenzus\/#breadcrumb"},"inLanguage":"sr-RS","potentialAction":[{"@type":"ReadAction","target":["https:\/\/president-ksgov.net\/sr\/predsednik-thaci-vojska-se-stvara-treba-da-naemo-konsenzus\/"]}]},{"@type":"ImageObject","inLanguage":"sr-RS","@id":"https:\/\/president-ksgov.net\/sr\/predsednik-thaci-vojska-se-stvara-treba-da-naemo-konsenzus\/#primaryimage","url":"https:\/\/president-ksgov.net\/wp-content\/uploads\/07_04_2017_9320315_07_04_2017_2.jpg","contentUrl":"https:\/\/president-ksgov.net\/wp-content\/uploads\/07_04_2017_9320315_07_04_2017_2.jpg","width":2000,"height":772},{"@type":"BreadcrumbList","@id":"https:\/\/president-ksgov.net\/sr\/predsednik-thaci-vojska-se-stvara-treba-da-naemo-konsenzus\/#breadcrumb","itemListElement":[{"@type":"ListItem","position":1,"name":"Home","item":"https:\/\/president-ksgov.net\/sr\/"},{"@type":"ListItem","position":2,"name":"Predsednik Tha\u00e7i: Vojska se stvara, treba da na&dstrok;emo konsenzus"}]},{"@type":"WebSite","@id":"https:\/\/president-ksgov.net\/#website","url":"https:\/\/president-ksgov.net\/","name":"Presidente e Republik\u00ebs s\u00eb Kosov\u00ebs","description":"Presidente e Republik\u00ebs s\u00eb Kosov\u00ebs","alternateName":"DR. VJOSA OSMANI - SADRIU","potentialAction":[{"@type":"SearchAction","target":{"@type":"EntryPoint","urlTemplate":"https:\/\/president-ksgov.net\/?s={search_term_string}"},"query-input":{"@type":"PropertyValueSpecification","valueRequired":true,"valueName":"search_term_string"}}],"inLanguage":"sr-RS"},{"@type":"Person","@id":"https:\/\/president-ksgov.net\/#\/schema\/person\/bb4337a5fb147cb2046d80548172cbee","name":"admin","image":{"@type":"ImageObject","inLanguage":"sr-RS","@id":"https:\/\/president-ksgov.net\/#\/schema\/person\/image\/","url":"https:\/\/secure.gravatar.com\/avatar\/36156ca0fa3b8d9d25174f146e16beea0cf28f37adf1b9e19b6c9c279a7c9dd3?s=96&d=mm&r=g","contentUrl":"https:\/\/secure.gravatar.com\/avatar\/36156ca0fa3b8d9d25174f146e16beea0cf28f37adf1b9e19b6c9c279a7c9dd3?s=96&d=mm&r=g","caption":"admin"},"sameAs":["https:\/\/president-ksgov.net"]}]}},"_links":{"self":[{"href":"https:\/\/president-ksgov.net\/sr\/wp-json\/wp\/v2\/posts\/76258","targetHints":{"allow":["GET"]}}],"collection":[{"href":"https:\/\/president-ksgov.net\/sr\/wp-json\/wp\/v2\/posts"}],"about":[{"href":"https:\/\/president-ksgov.net\/sr\/wp-json\/wp\/v2\/types\/post"}],"author":[{"embeddable":true,"href":"https:\/\/president-ksgov.net\/sr\/wp-json\/wp\/v2\/users\/1"}],"replies":[{"embeddable":true,"href":"https:\/\/president-ksgov.net\/sr\/wp-json\/wp\/v2\/comments?post=76258"}],"version-history":[{"count":0,"href":"https:\/\/president-ksgov.net\/sr\/wp-json\/wp\/v2\/posts\/76258\/revisions"}],"wp:featuredmedia":[{"embeddable":true,"href":"https:\/\/president-ksgov.net\/sr\/wp-json\/wp\/v2\/media\/30793"}],"wp:attachment":[{"href":"https:\/\/president-ksgov.net\/sr\/wp-json\/wp\/v2\/media?parent=76258"}],"wp:term":[{"taxonomy":"category","embeddable":true,"href":"https:\/\/president-ksgov.net\/sr\/wp-json\/wp\/v2\/categories?post=76258"},{"taxonomy":"post_tag","embeddable":true,"href":"https:\/\/president-ksgov.net\/sr\/wp-json\/wp\/v2\/tags?post=76258"}],"curies":[{"name":"wp","href":"https:\/\/api.w.org\/{rel}","templated":true}]}}