{"id":76257,"date":"2017-04-07T18:47:56","date_gmt":"2017-04-07T18:47:56","guid":{"rendered":"https:\/\/dev.president-ksgov.net\/predsednik-thaci-nasim-ustavom-koraamo-rame-uz-rame-sa-civilizovanim-svetom\/"},"modified":"2017-04-07T18:47:56","modified_gmt":"2017-04-07T18:47:56","slug":"predsednik-thaci-nasim-ustavom-koraamo-rame-uz-rame-sa-civilizovanim-svetom","status":"publish","type":"post","link":"https:\/\/president-ksgov.net\/sr\/predsednik-thaci-nasim-ustavom-koraamo-rame-uz-rame-sa-civilizovanim-svetom\/","title":{"rendered":"Predsednik Tha\u00e7i: Na\u0161im Ustavom kora&ccaron;amo rame uz rame sa civilizovanim svetom"},"content":{"rendered":"<p>Pri\u0161tina, 7. april 2017. godine \u2013 Predsednik Republike Kosova, Hashim Tha\u00e7i, u&ccaron;estvovao je danas na ceremoniji obele&#382;avanja devete godi\u0161njice Ustava Kosova, koju je organizovala ministarka pravde.<\/p>\n<p>Predsednik Tha\u00e7i je rekao da je Dan Ustava jedan od istorijskih dana za Republiku Kosovo.<\/p>\n<p>\u201ePre devet godina, mi, kosovski narod, smo usvojili Ustav Republike Kosova, kada smo odlu&ccaron;ili da izgradimo budu&cacute;nost Kosova kao jedne slobodne, demokratske i mirotvorne dr&#382;ave, koja &cacute;e biti otad&#382;bina svima njenim gra&dstrok;anima. Tu smo izrazili na\u0161u posve&cacute;enost stvaranju dr&#382;ave jednakih gra&dstrok;ana, koja &cacute;e garantovati prava svakom gra&dstrok;aninu, gra&dstrok;anske slobode i jednakost svih gra&dstrok;ana pred zakonom\u201c, rekao je predsednik Tha\u00e7i.<\/p>\n<p>Republika Kosovo, prema mi\u0161ljenju predsednika Tha\u00e7i-ja, osim garantovanja osnovnih ljudskih prava i sloboda koje su predvi&dstrok;ene Ustavom, donela je i niz zakona koji odre&dstrok;uju op\u0161ti okvir za spre&ccaron;avanje i borbu protiv svih vrsta diskriminacije, a ujedno je stvorila i neophodne institucije.<\/p>\n<p>Predsednik je rekao da su se tokom ovih devet godina preduzeli konkretni koraci da tr&#382;i\u0161na ekonomija uz slobodnu konkurenciju bude osnov ekonomskog ure&dstrok;enja Republike Kosova.<\/p>\n<p>\u201eRadilo se na stvaranju jedne klime za dovo&dstrok;enje stranih investitora, za olak\u0161avanje poslovanja, otvaranje novih radnih mesta. Radilo se i radi se konstantno na dru\u0161tvenom prosperitetu svih gra&dstrok;ana Republike Kosova, bez diskriminacije. Mi smo faktor stabilnosti u regionu. Postigli smo istorijske sporazume o normalizaciji odnosa sa Srbijom i anga&#382;ovani smo na promovisanju mira i pomirenja\u201c, rekao je predsednik Tha\u00e7i.<\/p>\n<p>Govore&cacute;i o ustavnim principima, predsednik je rekao da su zasnovani na sveobuhvatnosti, na jednakosti i slobodi svakog pojedinca da ostvari sebe, a da mu se nikad ne ugrozi pravo da bude deo kosovskog dru\u0161tva.<\/p>\n<p>Predsednik Tha\u00e7i je rekao da od usvajanja Ustava do danas, Republika Kosovo ima vlast nad sprovo&dstrok;enjem zakona, bezbedno\u0161&cacute;u, pravdom, javnom bezbedno\u0161&cacute;u, obave\u0161tajnom slu&#382;bom, civilnim hitnim organima i nad kontrolom granica na njenoj teritoriji.<\/p>\n<p>Bezbednosne institucije, prema mi\u0161ljenju predsednika Tha\u00e7i-ja, \u0161tite javnu bezbednost i prava svih.<\/p>\n<p>Na ceremoniji obele&#382;avanja devete godi\u0161njice Ustava Kosova predsednik Tha\u00e7i je govorio i o sprovo&dstrok;enju Ustava, koji je od izuzetnog zna&ccaron;aja za na\u0161u dr&#382;avu.<\/p>\n<p>\u201eUstavni sud kao nezavisni ogran je odigrao bitnu ulogu u za\u0161titi ustavnosti i u kona&ccaron;nom tuma&ccaron;enju Ustava. Svi treba da budemo anga&#382;ovani na po\u0161tovanju pravnog i ustavnog poretka Republike Kosova, s ciljem napredovanja i kako bismo bili rame uz rame sa civilizovanim svetom\u201c, rekao je on.<\/p>\n<p>Predsednik Tha\u00e7i je rekao da u svom tom poslu i postignutim rezultatima za devet godina, od usvajanja Ustava, u izgradnji dr&#382;ave i ustavnih institucija, Kosovo je imalo bezrezervnu podr\u0161ku iz prijateljskih dr&#382;ava, kao \u0161to su Sjedinjene Ameri&ccaron;ke Dr&#382;ave, dr&#382;ave &ccaron;lanice Evropske unije i ostale dr&#382;ave.<\/p>\n<p>On je rekao da nam podr\u0161ka olak\u0161ava ostvarivanje na\u0161eg cilja, da kosovska dr&#382;ava bude obuhva&cacute;ena u procesima integracija i da postane potpun &ccaron;lan evroatlantskih institucija.<\/p>\n","protected":false},"excerpt":{"rendered":"<p>Pri\u0161tina, 7. april 2017. godine \u2013 Predsednik Republike Kosova, Hashim Tha\u00e7i, u&ccaron;estvovao je danas na ceremoniji obele&#382;avanja devete godi\u0161njice Ustava Kosova, koju je organizovala ministarka pravde.<\/p>\n","protected":false},"author":1,"featured_media":30777,"comment_status":"open","ping_status":"closed","sticky":false,"template":"","format":"standard","meta":{"_eb_attr":"","footnotes":""},"categories":[101],"tags":[],"class_list":["post-76257","post","type-post","status-publish","format-standard","has-post-thumbnail","hentry","category-vesti"],"yoast_head":"<!-- This site is optimized with the Yoast SEO plugin v23.5 - https:\/\/yoast.com\/wordpress\/plugins\/seo\/ -->\n<title>Predsednik Tha\u00e7i: Na\u0161im Ustavom kora&amp;ccaron;amo rame uz rame sa civilizovanim svetom - Predsednik Republike Kosovo - DR. VJOSA OSMANI - SADRIU<\/title>\n<meta name=\"description\" content=\"Predsednik Tha\u00e7i: Na\u0161im Ustavom kora&amp;ccaron;amo rame uz rame sa civilizovanim svetom - Predsednik Republike Kosovo - DR. VJOSA OSMANI - SADRIU -\" \/>\n<meta name=\"robots\" content=\"index, follow, max-snippet:-1, max-image-preview:large, max-video-preview:-1\" \/>\n<link rel=\"canonical\" href=\"https:\/\/president-ksgov.net\/sr\/predsednik-thaci-nasim-ustavom-koraamo-rame-uz-rame-sa-civilizovanim-svetom\/\" \/>\n<meta property=\"og:locale\" content=\"sr_RS\" \/>\n<meta property=\"og:type\" content=\"article\" \/>\n<meta property=\"og:title\" content=\"Predsednik Tha\u00e7i: Na\u0161im Ustavom kora&amp;ccaron;amo rame uz rame sa civilizovanim svetom - Predsednik Republike Kosovo - DR. VJOSA OSMANI - SADRIU\" \/>\n<meta property=\"og:description\" content=\"Predsednik Tha\u00e7i: Na\u0161im Ustavom kora&amp;ccaron;amo rame uz rame sa civilizovanim svetom - Predsednik Republike Kosovo - DR. VJOSA OSMANI - SADRIU -\" \/>\n<meta property=\"og:url\" content=\"https:\/\/president-ksgov.net\/sr\/predsednik-thaci-nasim-ustavom-koraamo-rame-uz-rame-sa-civilizovanim-svetom\/\" \/>\n<meta property=\"og:site_name\" content=\"Predsednik Republike Kosovo - DR. VJOSA OSMANI - SADRIU\" \/>\n<meta property=\"article:published_time\" content=\"2017-04-07T18:47:56+00:00\" \/>\n<meta property=\"og:image\" content=\"https:\/\/president-ksgov.net\/wp-content\/uploads\/07_04_2017_7059411_07_04_2017_Dita_e_Kushtetutes_1.jpg\" \/>\n\t<meta property=\"og:image:width\" content=\"2000\" \/>\n\t<meta property=\"og:image:height\" content=\"1621\" \/>\n\t<meta property=\"og:image:type\" content=\"image\/jpeg\" \/>\n<meta name=\"author\" content=\"admin\" \/>\n<meta name=\"twitter:card\" content=\"summary_large_image\" \/>\n<meta name=\"twitter:label1\" content=\"\u041d\u0430\u043f\u0438\u0441\u0430\u043d\u043e \u043e\u0434\" \/>\n\t<meta name=\"twitter:data1\" content=\"admin\" \/>\n\t<meta name=\"twitter:label2\" content=\"\u041f\u0440\u043e\u0446\u0435\u045a\u0435\u043d\u043e \u0432\u0440\u0435\u043c\u0435 \u0447\u0438\u0442\u0430\u045a\u0430\" \/>\n\t<meta name=\"twitter:data2\" content=\"3 \u043c\u0438\u043d\u0443\u0442\u0430\" \/>\n<script type=\"application\/ld+json\" class=\"yoast-schema-graph\">{\"@context\":\"https:\/\/schema.org\",\"@graph\":[{\"@type\":\"WebPage\",\"@id\":\"https:\/\/president-ksgov.net\/sr\/predsednik-thaci-nasim-ustavom-koraamo-rame-uz-rame-sa-civilizovanim-svetom\/\",\"url\":\"https:\/\/president-ksgov.net\/sr\/predsednik-thaci-nasim-ustavom-koraamo-rame-uz-rame-sa-civilizovanim-svetom\/\",\"name\":\"Predsednik Tha\u00e7i: Na\u0161im Ustavom kora&ccaron;amo rame uz rame sa civilizovanim svetom - Predsednik Republike Kosovo - DR. VJOSA OSMANI - SADRIU\",\"isPartOf\":{\"@id\":\"https:\/\/president-ksgov.net\/#website\"},\"primaryImageOfPage\":{\"@id\":\"https:\/\/president-ksgov.net\/sr\/predsednik-thaci-nasim-ustavom-koraamo-rame-uz-rame-sa-civilizovanim-svetom\/#primaryimage\"},\"image\":{\"@id\":\"https:\/\/president-ksgov.net\/sr\/predsednik-thaci-nasim-ustavom-koraamo-rame-uz-rame-sa-civilizovanim-svetom\/#primaryimage\"},\"thumbnailUrl\":\"https:\/\/president-ksgov.net\/wp-content\/uploads\/07_04_2017_7059411_07_04_2017_Dita_e_Kushtetutes_1.jpg\",\"datePublished\":\"2017-04-07T18:47:56+00:00\",\"dateModified\":\"2017-04-07T18:47:56+00:00\",\"author\":{\"@id\":\"https:\/\/president-ksgov.net\/#\/schema\/person\/bb4337a5fb147cb2046d80548172cbee\"},\"description\":\"Predsednik Tha\u00e7i: Na\u0161im Ustavom kora&ccaron;amo rame uz rame sa civilizovanim svetom - Predsednik Republike Kosovo - DR. VJOSA OSMANI - SADRIU -\",\"breadcrumb\":{\"@id\":\"https:\/\/president-ksgov.net\/sr\/predsednik-thaci-nasim-ustavom-koraamo-rame-uz-rame-sa-civilizovanim-svetom\/#breadcrumb\"},\"inLanguage\":\"sr-RS\",\"potentialAction\":[{\"@type\":\"ReadAction\",\"target\":[\"https:\/\/president-ksgov.net\/sr\/predsednik-thaci-nasim-ustavom-koraamo-rame-uz-rame-sa-civilizovanim-svetom\/\"]}]},{\"@type\":\"ImageObject\",\"inLanguage\":\"sr-RS\",\"@id\":\"https:\/\/president-ksgov.net\/sr\/predsednik-thaci-nasim-ustavom-koraamo-rame-uz-rame-sa-civilizovanim-svetom\/#primaryimage\",\"url\":\"https:\/\/president-ksgov.net\/wp-content\/uploads\/07_04_2017_7059411_07_04_2017_Dita_e_Kushtetutes_1.jpg\",\"contentUrl\":\"https:\/\/president-ksgov.net\/wp-content\/uploads\/07_04_2017_7059411_07_04_2017_Dita_e_Kushtetutes_1.jpg\",\"width\":2000,\"height\":1621},{\"@type\":\"BreadcrumbList\",\"@id\":\"https:\/\/president-ksgov.net\/sr\/predsednik-thaci-nasim-ustavom-koraamo-rame-uz-rame-sa-civilizovanim-svetom\/#breadcrumb\",\"itemListElement\":[{\"@type\":\"ListItem\",\"position\":1,\"name\":\"Home\",\"item\":\"https:\/\/president-ksgov.net\/sr\/\"},{\"@type\":\"ListItem\",\"position\":2,\"name\":\"Predsednik Tha\u00e7i: Na\u0161im Ustavom kora&ccaron;amo rame uz rame sa civilizovanim svetom\"}]},{\"@type\":\"WebSite\",\"@id\":\"https:\/\/president-ksgov.net\/#website\",\"url\":\"https:\/\/president-ksgov.net\/\",\"name\":\"Presidente e Republik\u00ebs s\u00eb Kosov\u00ebs\",\"description\":\"Presidente e Republik\u00ebs s\u00eb Kosov\u00ebs\",\"alternateName\":\"DR. VJOSA OSMANI - SADRIU\",\"potentialAction\":[{\"@type\":\"SearchAction\",\"target\":{\"@type\":\"EntryPoint\",\"urlTemplate\":\"https:\/\/president-ksgov.net\/?s={search_term_string}\"},\"query-input\":{\"@type\":\"PropertyValueSpecification\",\"valueRequired\":true,\"valueName\":\"search_term_string\"}}],\"inLanguage\":\"sr-RS\"},{\"@type\":\"Person\",\"@id\":\"https:\/\/president-ksgov.net\/#\/schema\/person\/bb4337a5fb147cb2046d80548172cbee\",\"name\":\"admin\",\"image\":{\"@type\":\"ImageObject\",\"inLanguage\":\"sr-RS\",\"@id\":\"https:\/\/president-ksgov.net\/#\/schema\/person\/image\/\",\"url\":\"https:\/\/secure.gravatar.com\/avatar\/36156ca0fa3b8d9d25174f146e16beea0cf28f37adf1b9e19b6c9c279a7c9dd3?s=96&d=mm&r=g\",\"contentUrl\":\"https:\/\/secure.gravatar.com\/avatar\/36156ca0fa3b8d9d25174f146e16beea0cf28f37adf1b9e19b6c9c279a7c9dd3?s=96&d=mm&r=g\",\"caption\":\"admin\"},\"sameAs\":[\"https:\/\/president-ksgov.net\"]}]}<\/script>\n<!-- \/ Yoast SEO plugin. -->","yoast_head_json":{"title":"Predsednik Tha\u00e7i: Na\u0161im Ustavom kora&ccaron;amo rame uz rame sa civilizovanim svetom - Predsednik Republike Kosovo - DR. VJOSA OSMANI - SADRIU","description":"Predsednik Tha\u00e7i: Na\u0161im Ustavom kora&ccaron;amo rame uz rame sa civilizovanim svetom - Predsednik Republike Kosovo - DR. VJOSA OSMANI - SADRIU -","robots":{"index":"index","follow":"follow","max-snippet":"max-snippet:-1","max-image-preview":"max-image-preview:large","max-video-preview":"max-video-preview:-1"},"canonical":"https:\/\/president-ksgov.net\/sr\/predsednik-thaci-nasim-ustavom-koraamo-rame-uz-rame-sa-civilizovanim-svetom\/","og_locale":"sr_RS","og_type":"article","og_title":"Predsednik Tha\u00e7i: Na\u0161im Ustavom kora&ccaron;amo rame uz rame sa civilizovanim svetom - Predsednik Republike Kosovo - DR. VJOSA OSMANI - SADRIU","og_description":"Predsednik Tha\u00e7i: Na\u0161im Ustavom kora&ccaron;amo rame uz rame sa civilizovanim svetom - Predsednik Republike Kosovo - DR. VJOSA OSMANI - SADRIU -","og_url":"https:\/\/president-ksgov.net\/sr\/predsednik-thaci-nasim-ustavom-koraamo-rame-uz-rame-sa-civilizovanim-svetom\/","og_site_name":"Predsednik Republike Kosovo - DR. VJOSA OSMANI - SADRIU","article_published_time":"2017-04-07T18:47:56+00:00","og_image":[{"width":2000,"height":1621,"url":"https:\/\/president-ksgov.net\/wp-content\/uploads\/07_04_2017_7059411_07_04_2017_Dita_e_Kushtetutes_1.jpg","type":"image\/jpeg"}],"author":"admin","twitter_card":"summary_large_image","twitter_misc":{"\u041d\u0430\u043f\u0438\u0441\u0430\u043d\u043e \u043e\u0434":"admin","\u041f\u0440\u043e\u0446\u0435\u045a\u0435\u043d\u043e \u0432\u0440\u0435\u043c\u0435 \u0447\u0438\u0442\u0430\u045a\u0430":"3 \u043c\u0438\u043d\u0443\u0442\u0430"},"schema":{"@context":"https:\/\/schema.org","@graph":[{"@type":"WebPage","@id":"https:\/\/president-ksgov.net\/sr\/predsednik-thaci-nasim-ustavom-koraamo-rame-uz-rame-sa-civilizovanim-svetom\/","url":"https:\/\/president-ksgov.net\/sr\/predsednik-thaci-nasim-ustavom-koraamo-rame-uz-rame-sa-civilizovanim-svetom\/","name":"Predsednik Tha\u00e7i: Na\u0161im Ustavom kora&ccaron;amo rame uz rame sa civilizovanim svetom - Predsednik Republike Kosovo - DR. VJOSA OSMANI - SADRIU","isPartOf":{"@id":"https:\/\/president-ksgov.net\/#website"},"primaryImageOfPage":{"@id":"https:\/\/president-ksgov.net\/sr\/predsednik-thaci-nasim-ustavom-koraamo-rame-uz-rame-sa-civilizovanim-svetom\/#primaryimage"},"image":{"@id":"https:\/\/president-ksgov.net\/sr\/predsednik-thaci-nasim-ustavom-koraamo-rame-uz-rame-sa-civilizovanim-svetom\/#primaryimage"},"thumbnailUrl":"https:\/\/president-ksgov.net\/wp-content\/uploads\/07_04_2017_7059411_07_04_2017_Dita_e_Kushtetutes_1.jpg","datePublished":"2017-04-07T18:47:56+00:00","dateModified":"2017-04-07T18:47:56+00:00","author":{"@id":"https:\/\/president-ksgov.net\/#\/schema\/person\/bb4337a5fb147cb2046d80548172cbee"},"description":"Predsednik Tha\u00e7i: Na\u0161im Ustavom kora&ccaron;amo rame uz rame sa civilizovanim svetom - Predsednik Republike Kosovo - DR. VJOSA OSMANI - SADRIU -","breadcrumb":{"@id":"https:\/\/president-ksgov.net\/sr\/predsednik-thaci-nasim-ustavom-koraamo-rame-uz-rame-sa-civilizovanim-svetom\/#breadcrumb"},"inLanguage":"sr-RS","potentialAction":[{"@type":"ReadAction","target":["https:\/\/president-ksgov.net\/sr\/predsednik-thaci-nasim-ustavom-koraamo-rame-uz-rame-sa-civilizovanim-svetom\/"]}]},{"@type":"ImageObject","inLanguage":"sr-RS","@id":"https:\/\/president-ksgov.net\/sr\/predsednik-thaci-nasim-ustavom-koraamo-rame-uz-rame-sa-civilizovanim-svetom\/#primaryimage","url":"https:\/\/president-ksgov.net\/wp-content\/uploads\/07_04_2017_7059411_07_04_2017_Dita_e_Kushtetutes_1.jpg","contentUrl":"https:\/\/president-ksgov.net\/wp-content\/uploads\/07_04_2017_7059411_07_04_2017_Dita_e_Kushtetutes_1.jpg","width":2000,"height":1621},{"@type":"BreadcrumbList","@id":"https:\/\/president-ksgov.net\/sr\/predsednik-thaci-nasim-ustavom-koraamo-rame-uz-rame-sa-civilizovanim-svetom\/#breadcrumb","itemListElement":[{"@type":"ListItem","position":1,"name":"Home","item":"https:\/\/president-ksgov.net\/sr\/"},{"@type":"ListItem","position":2,"name":"Predsednik Tha\u00e7i: Na\u0161im Ustavom kora&ccaron;amo rame uz rame sa civilizovanim svetom"}]},{"@type":"WebSite","@id":"https:\/\/president-ksgov.net\/#website","url":"https:\/\/president-ksgov.net\/","name":"Presidente e Republik\u00ebs s\u00eb Kosov\u00ebs","description":"Presidente e Republik\u00ebs s\u00eb Kosov\u00ebs","alternateName":"DR. VJOSA OSMANI - SADRIU","potentialAction":[{"@type":"SearchAction","target":{"@type":"EntryPoint","urlTemplate":"https:\/\/president-ksgov.net\/?s={search_term_string}"},"query-input":{"@type":"PropertyValueSpecification","valueRequired":true,"valueName":"search_term_string"}}],"inLanguage":"sr-RS"},{"@type":"Person","@id":"https:\/\/president-ksgov.net\/#\/schema\/person\/bb4337a5fb147cb2046d80548172cbee","name":"admin","image":{"@type":"ImageObject","inLanguage":"sr-RS","@id":"https:\/\/president-ksgov.net\/#\/schema\/person\/image\/","url":"https:\/\/secure.gravatar.com\/avatar\/36156ca0fa3b8d9d25174f146e16beea0cf28f37adf1b9e19b6c9c279a7c9dd3?s=96&d=mm&r=g","contentUrl":"https:\/\/secure.gravatar.com\/avatar\/36156ca0fa3b8d9d25174f146e16beea0cf28f37adf1b9e19b6c9c279a7c9dd3?s=96&d=mm&r=g","caption":"admin"},"sameAs":["https:\/\/president-ksgov.net"]}]}},"_links":{"self":[{"href":"https:\/\/president-ksgov.net\/sr\/wp-json\/wp\/v2\/posts\/76257","targetHints":{"allow":["GET"]}}],"collection":[{"href":"https:\/\/president-ksgov.net\/sr\/wp-json\/wp\/v2\/posts"}],"about":[{"href":"https:\/\/president-ksgov.net\/sr\/wp-json\/wp\/v2\/types\/post"}],"author":[{"embeddable":true,"href":"https:\/\/president-ksgov.net\/sr\/wp-json\/wp\/v2\/users\/1"}],"replies":[{"embeddable":true,"href":"https:\/\/president-ksgov.net\/sr\/wp-json\/wp\/v2\/comments?post=76257"}],"version-history":[{"count":0,"href":"https:\/\/president-ksgov.net\/sr\/wp-json\/wp\/v2\/posts\/76257\/revisions"}],"wp:featuredmedia":[{"embeddable":true,"href":"https:\/\/president-ksgov.net\/sr\/wp-json\/wp\/v2\/media\/30777"}],"wp:attachment":[{"href":"https:\/\/president-ksgov.net\/sr\/wp-json\/wp\/v2\/media?parent=76257"}],"wp:term":[{"taxonomy":"category","embeddable":true,"href":"https:\/\/president-ksgov.net\/sr\/wp-json\/wp\/v2\/categories?post=76257"},{"taxonomy":"post_tag","embeddable":true,"href":"https:\/\/president-ksgov.net\/sr\/wp-json\/wp\/v2\/tags?post=76257"}],"curies":[{"name":"wp","href":"https:\/\/api.w.org\/{rel}","templated":true}]}}