{"id":76254,"date":"2017-04-09T13:57:38","date_gmt":"2017-04-09T13:57:38","guid":{"rendered":"https:\/\/dev.president-ksgov.net\/predsednik-bitka-u-kosarama-bitno-poglavlje-pobeda-ovk\/"},"modified":"2017-04-09T13:57:38","modified_gmt":"2017-04-09T13:57:38","slug":"predsednik-bitka-u-kosarama-bitno-poglavlje-pobeda-ovk","status":"publish","type":"post","link":"https:\/\/president-ksgov.net\/sr\/predsednik-bitka-u-kosarama-bitno-poglavlje-pobeda-ovk\/","title":{"rendered":"Predsednik: Bitka u Ko\u0161arama, bitno poglavlje pobeda OVK"},"content":{"rendered":"<p>Ko\u0161are, 9. april 2017. godine &#8211; Predsednik, Hashim Tha\u00e7i, danas je u&ccaron;estvovao na spomen okupljanju bitke u Ko\u0161arama, koje je organizovano u okviru manifestacije \u201eDani Albanaca\u201c.<\/p>\n<p>Predsednik Tha\u00e7i je rekao da je pre osamnaest godina u Ko\u0161arama po&ccaron;elo sprovo&dstrok;enje prve faze vojne operacije \u201eStrela\u201c, otvaraju&cacute;i ovako novo bitno poglavlje pobeda Oslobodila&ccaron;ke vojske Kosova.<\/p>\n<p>Kako bi se do\u0161lo do dobro prostudirane operacije, predsednik Tha\u00e7i je rekao da je Oslobodila&ccaron;ka vojska Kosova pro\u0161la kroz izazove i bitke tokom jedne &ccaron;itave godine.<\/p>\n<p>Iznad svega Oslobodila&ccaron;ka vojska Kosova kao autenti&ccaron;na oru&#382;ana snaga postigla je da internacionalizuje na visokom nivou pitanje Kosova, rekao je predsednik Tha\u00e7i. <\/p>\n<p>Po prvi put u istoriji, Kosovo je bilo deo diplomatskog me&dstrok;unarodnog stola na Konferenciji u Rambujeu. Iz ove konferencije je nastao politi&ccaron;ki osnov za zapo&ccaron;injanje intervencije Severnoatlantskog saveza NATO-a u vezi sa ciljevima srpske vojske i policije\u201c, rekao je predsednik Tha\u00e7i.<\/p>\n<p>Nakon po&ccaron;etka intervencija NATO-a, predsednik je rekao da je na Kosovu bila stvorena nova situacija.<\/p>\n<p>\u201eGeneralni \u0161tab OVK je objavio op\u0161tu mobilizaciju kao akt koji je pokrenuo sposobno stanovni\u0161tvo da se anga&#382;uje u redovima OVK u odbrani otad&#382;bine. Kampanja bombardovanja od strane NATO-a, re&#382;im u Beogradu je iskoristio kao dodatni izgovor da masivno progna\u00a0 albansko civilno stanovni\u0161tvo sa njegovog stani\u0161ta. U tim okolnostima, privremena Vlada i Generalni \u0161tab OVK sa svojim elitnim kadrovima je naredio sastavljanje operacije \u201eStrela\u201c, &ccaron;ija je prva faza zapo&ccaron;eta ovde, pre osamnaest godina. Ovde u Ko\u0161arama je najbolje dokazano da su pravda i moralna snaga jednog naroda koji se bori za slobodu ve&cacute;i nego bilo koja osvaja&ccaron;ka vojska\u201c, rekao je predsednik Tha\u00e7i.<\/p>\n<p>Bitka u Ko\u0161arama je pove&cacute;ala poljuljano samopouzdanje OVK, dodao je predsednik Tha\u00e7i, &ccaron;ine&cacute;i da se po prvi put razbije granica koja nas je razdvajala Kosovo- Albanija i da\u00a0 se srpska vojska na granici pobedi.<br \/>\n\u00a0<br \/>\n\u201eBitka na Ko\u0161arama je bila &ccaron;ist vojni trijumf i jasna poruka za celo stanovni\u0161tvo koje je proterano sa Kosova, da &cacute;e se proterani ubrzo vratiti njihovim ognji\u0161tima. Preko zone koju je kontrolisala OVK lako &cacute;e u&cacute;i i humanitarne pomo&cacute;i za stanovni\u0161tvo koje je raseljeno unutar Kosova. Slamanje granice je bila poruka da je omogu&cacute;en put za snabdevanje naoru&#382;anjem do dubokih zona na Kosovu i to na vreme\u201c, rekao je predsednik Tha\u00e7i.<\/p>\n<p>Predsednik je istakao da je operacija \u201eStrela\u201c unutar dobro prostudiranog plana imala i misiju koordinacije sa stru&ccaron;njacima NATO-a kako bi ta&ccaron;no utvrdili mesto nala&#382;enja srpskih snaga na teritoriji Kosova.<\/p>\n<p>\u201eOperacija \u201eStrela\u201c je pokazala da je Oslobodila&ccaron;ka vojska Kosova sazrela da preduzme frontalne ratne operacije protiv srpskih snaga\u201c, dodao je predsednik Tha\u00e7i <\/p>\n<p>Za rat koji se odvijao u Ko\u0161arama i na Pa\u0161triku, predsednik je rekao da pored toga \u0161to su imale veli&ccaron;anstvene ideje i projekte, imale su i razmere &#382;rtvovanja.<\/p>\n<p>\u201eDanas i zauvek &cacute;emo se s dubokim po\u0161tovanjem se&cacute;ati i klanjati komandantima i njihovim vojnicima, Agim-a Ramadani, Sali-je \u00c7eku, Xhemajl-a Fetahu i na stotine palih boraca koji su pali za slobodu Kosova, rekao je predsednik Tha\u00e7i.<\/p>\n<p>Predsednik zemlje je istakao da zahvaljuju&cacute;i &#382;rtvi najboljih momaka i devojaka na\u0161e zemlje, mu\u0161karaca i &#382;ena, mu&ccaron;enika i &ccaron;itavoj gra&dstrok;anskom otporu, Kosovo je danas slobodna, suverena i demokratska dr&#382;ava.<\/p>\n<p>\u201eNema tih izmi\u0161ljotina niti neprijateljskog stava iz antialbanskih krugova koji &cacute;e uspeti da zaprljaju pravi&ccaron;nu borbu i &#382;rtvu boraca za slobodu. Institucije Kosova &cacute;e biti &ccaron;uvar vrednosti nad kojima su izgra&dstrok;eni njihovi temelji. Staranje o porodicama palih boraca, invalidima i veteranima uvek &cacute;e biti institucionalno\u201c, rekao je predsednik Tha\u00e7i.<\/p>\n<p>Po ovom osnovu, predsednik je rekao da je Kosovo jasno odredilo evroatlantski put i viziju, kao dru\u0161tvo koje te&#382;i da postane deo Evropske unije, NATO-a i OUN-a.\u00a0<\/p>\n","protected":false},"excerpt":{"rendered":"<p>Ko\u0161are, 9. april 2017. godine &#8211; Predsednik, Hashim Tha\u00e7i, danas je u&ccaron;estvovao na spomen okupljanju bitke u Ko\u0161arama, koje je organizovano u okviru manifestacije \u201eDani Albanaca\u201c.<\/p>\n","protected":false},"author":1,"featured_media":30744,"comment_status":"open","ping_status":"closed","sticky":false,"template":"","format":"standard","meta":{"_eb_attr":"","footnotes":""},"categories":[101],"tags":[],"class_list":["post-76254","post","type-post","status-publish","format-standard","has-post-thumbnail","hentry","category-vesti"],"yoast_head":"<!-- This site is optimized with the Yoast SEO plugin v23.5 - https:\/\/yoast.com\/wordpress\/plugins\/seo\/ -->\n<title>Predsednik: Bitka u Ko\u0161arama, bitno poglavlje pobeda OVK - Predsednik Republike Kosovo - DR. VJOSA OSMANI - SADRIU<\/title>\n<meta name=\"description\" content=\"Predsednik: Bitka u Ko\u0161arama, bitno poglavlje pobeda OVK - Predsednik Republike Kosovo - DR. VJOSA OSMANI - SADRIU -\" \/>\n<meta name=\"robots\" content=\"index, follow, max-snippet:-1, max-image-preview:large, max-video-preview:-1\" \/>\n<link rel=\"canonical\" href=\"https:\/\/president-ksgov.net\/sr\/predsednik-bitka-u-kosarama-bitno-poglavlje-pobeda-ovk\/\" \/>\n<meta property=\"og:locale\" content=\"sr_RS\" \/>\n<meta property=\"og:type\" content=\"article\" \/>\n<meta property=\"og:title\" content=\"Predsednik: Bitka u Ko\u0161arama, bitno poglavlje pobeda OVK - Predsednik Republike Kosovo - DR. VJOSA OSMANI - SADRIU\" \/>\n<meta property=\"og:description\" content=\"Predsednik: Bitka u Ko\u0161arama, bitno poglavlje pobeda OVK - Predsednik Republike Kosovo - DR. VJOSA OSMANI - SADRIU -\" \/>\n<meta property=\"og:url\" content=\"https:\/\/president-ksgov.net\/sr\/predsednik-bitka-u-kosarama-bitno-poglavlje-pobeda-ovk\/\" \/>\n<meta property=\"og:site_name\" content=\"Predsednik Republike Kosovo - DR. VJOSA OSMANI - SADRIU\" \/>\n<meta property=\"article:published_time\" content=\"2017-04-09T13:57:38+00:00\" \/>\n<meta property=\"og:image\" content=\"https:\/\/president-ksgov.net\/wp-content\/uploads\/09_04_2017_4976808_koshare_0.jpg\" \/>\n\t<meta property=\"og:image:width\" content=\"2000\" \/>\n\t<meta property=\"og:image:height\" content=\"1273\" \/>\n\t<meta property=\"og:image:type\" content=\"image\/jpeg\" \/>\n<meta name=\"author\" content=\"admin\" \/>\n<meta name=\"twitter:card\" content=\"summary_large_image\" \/>\n<meta name=\"twitter:label1\" content=\"\u041d\u0430\u043f\u0438\u0441\u0430\u043d\u043e \u043e\u0434\" \/>\n\t<meta name=\"twitter:data1\" content=\"admin\" \/>\n\t<meta name=\"twitter:label2\" content=\"\u041f\u0440\u043e\u0446\u0435\u045a\u0435\u043d\u043e \u0432\u0440\u0435\u043c\u0435 \u0447\u0438\u0442\u0430\u045a\u0430\" \/>\n\t<meta name=\"twitter:data2\" content=\"3 \u043c\u0438\u043d\u0443\u0442\u0430\" \/>\n<script type=\"application\/ld+json\" class=\"yoast-schema-graph\">{\"@context\":\"https:\/\/schema.org\",\"@graph\":[{\"@type\":\"WebPage\",\"@id\":\"https:\/\/president-ksgov.net\/sr\/predsednik-bitka-u-kosarama-bitno-poglavlje-pobeda-ovk\/\",\"url\":\"https:\/\/president-ksgov.net\/sr\/predsednik-bitka-u-kosarama-bitno-poglavlje-pobeda-ovk\/\",\"name\":\"Predsednik: Bitka u Ko\u0161arama, bitno poglavlje pobeda OVK - Predsednik Republike Kosovo - DR. VJOSA OSMANI - SADRIU\",\"isPartOf\":{\"@id\":\"https:\/\/president-ksgov.net\/#website\"},\"primaryImageOfPage\":{\"@id\":\"https:\/\/president-ksgov.net\/sr\/predsednik-bitka-u-kosarama-bitno-poglavlje-pobeda-ovk\/#primaryimage\"},\"image\":{\"@id\":\"https:\/\/president-ksgov.net\/sr\/predsednik-bitka-u-kosarama-bitno-poglavlje-pobeda-ovk\/#primaryimage\"},\"thumbnailUrl\":\"https:\/\/president-ksgov.net\/wp-content\/uploads\/09_04_2017_4976808_koshare_0.jpg\",\"datePublished\":\"2017-04-09T13:57:38+00:00\",\"dateModified\":\"2017-04-09T13:57:38+00:00\",\"author\":{\"@id\":\"https:\/\/president-ksgov.net\/#\/schema\/person\/bb4337a5fb147cb2046d80548172cbee\"},\"description\":\"Predsednik: Bitka u Ko\u0161arama, bitno poglavlje pobeda OVK - Predsednik Republike Kosovo - DR. VJOSA OSMANI - SADRIU -\",\"breadcrumb\":{\"@id\":\"https:\/\/president-ksgov.net\/sr\/predsednik-bitka-u-kosarama-bitno-poglavlje-pobeda-ovk\/#breadcrumb\"},\"inLanguage\":\"sr-RS\",\"potentialAction\":[{\"@type\":\"ReadAction\",\"target\":[\"https:\/\/president-ksgov.net\/sr\/predsednik-bitka-u-kosarama-bitno-poglavlje-pobeda-ovk\/\"]}]},{\"@type\":\"ImageObject\",\"inLanguage\":\"sr-RS\",\"@id\":\"https:\/\/president-ksgov.net\/sr\/predsednik-bitka-u-kosarama-bitno-poglavlje-pobeda-ovk\/#primaryimage\",\"url\":\"https:\/\/president-ksgov.net\/wp-content\/uploads\/09_04_2017_4976808_koshare_0.jpg\",\"contentUrl\":\"https:\/\/president-ksgov.net\/wp-content\/uploads\/09_04_2017_4976808_koshare_0.jpg\",\"width\":2000,\"height\":1273},{\"@type\":\"BreadcrumbList\",\"@id\":\"https:\/\/president-ksgov.net\/sr\/predsednik-bitka-u-kosarama-bitno-poglavlje-pobeda-ovk\/#breadcrumb\",\"itemListElement\":[{\"@type\":\"ListItem\",\"position\":1,\"name\":\"Home\",\"item\":\"https:\/\/president-ksgov.net\/sr\/\"},{\"@type\":\"ListItem\",\"position\":2,\"name\":\"Predsednik: Bitka u Ko\u0161arama, bitno poglavlje pobeda OVK\"}]},{\"@type\":\"WebSite\",\"@id\":\"https:\/\/president-ksgov.net\/#website\",\"url\":\"https:\/\/president-ksgov.net\/\",\"name\":\"Presidente e Republik\u00ebs s\u00eb Kosov\u00ebs\",\"description\":\"Presidente e Republik\u00ebs s\u00eb Kosov\u00ebs\",\"alternateName\":\"DR. VJOSA OSMANI - SADRIU\",\"potentialAction\":[{\"@type\":\"SearchAction\",\"target\":{\"@type\":\"EntryPoint\",\"urlTemplate\":\"https:\/\/president-ksgov.net\/?s={search_term_string}\"},\"query-input\":{\"@type\":\"PropertyValueSpecification\",\"valueRequired\":true,\"valueName\":\"search_term_string\"}}],\"inLanguage\":\"sr-RS\"},{\"@type\":\"Person\",\"@id\":\"https:\/\/president-ksgov.net\/#\/schema\/person\/bb4337a5fb147cb2046d80548172cbee\",\"name\":\"admin\",\"image\":{\"@type\":\"ImageObject\",\"inLanguage\":\"sr-RS\",\"@id\":\"https:\/\/president-ksgov.net\/#\/schema\/person\/image\/\",\"url\":\"https:\/\/secure.gravatar.com\/avatar\/36156ca0fa3b8d9d25174f146e16beea0cf28f37adf1b9e19b6c9c279a7c9dd3?s=96&d=mm&r=g\",\"contentUrl\":\"https:\/\/secure.gravatar.com\/avatar\/36156ca0fa3b8d9d25174f146e16beea0cf28f37adf1b9e19b6c9c279a7c9dd3?s=96&d=mm&r=g\",\"caption\":\"admin\"},\"sameAs\":[\"https:\/\/president-ksgov.net\"]}]}<\/script>\n<!-- \/ Yoast SEO plugin. -->","yoast_head_json":{"title":"Predsednik: Bitka u Ko\u0161arama, bitno poglavlje pobeda OVK - Predsednik Republike Kosovo - DR. VJOSA OSMANI - SADRIU","description":"Predsednik: Bitka u Ko\u0161arama, bitno poglavlje pobeda OVK - Predsednik Republike Kosovo - DR. VJOSA OSMANI - SADRIU -","robots":{"index":"index","follow":"follow","max-snippet":"max-snippet:-1","max-image-preview":"max-image-preview:large","max-video-preview":"max-video-preview:-1"},"canonical":"https:\/\/president-ksgov.net\/sr\/predsednik-bitka-u-kosarama-bitno-poglavlje-pobeda-ovk\/","og_locale":"sr_RS","og_type":"article","og_title":"Predsednik: Bitka u Ko\u0161arama, bitno poglavlje pobeda OVK - Predsednik Republike Kosovo - DR. VJOSA OSMANI - SADRIU","og_description":"Predsednik: Bitka u Ko\u0161arama, bitno poglavlje pobeda OVK - Predsednik Republike Kosovo - DR. VJOSA OSMANI - SADRIU -","og_url":"https:\/\/president-ksgov.net\/sr\/predsednik-bitka-u-kosarama-bitno-poglavlje-pobeda-ovk\/","og_site_name":"Predsednik Republike Kosovo - DR. VJOSA OSMANI - SADRIU","article_published_time":"2017-04-09T13:57:38+00:00","og_image":[{"width":2000,"height":1273,"url":"https:\/\/president-ksgov.net\/wp-content\/uploads\/09_04_2017_4976808_koshare_0.jpg","type":"image\/jpeg"}],"author":"admin","twitter_card":"summary_large_image","twitter_misc":{"\u041d\u0430\u043f\u0438\u0441\u0430\u043d\u043e \u043e\u0434":"admin","\u041f\u0440\u043e\u0446\u0435\u045a\u0435\u043d\u043e \u0432\u0440\u0435\u043c\u0435 \u0447\u0438\u0442\u0430\u045a\u0430":"3 \u043c\u0438\u043d\u0443\u0442\u0430"},"schema":{"@context":"https:\/\/schema.org","@graph":[{"@type":"WebPage","@id":"https:\/\/president-ksgov.net\/sr\/predsednik-bitka-u-kosarama-bitno-poglavlje-pobeda-ovk\/","url":"https:\/\/president-ksgov.net\/sr\/predsednik-bitka-u-kosarama-bitno-poglavlje-pobeda-ovk\/","name":"Predsednik: Bitka u Ko\u0161arama, bitno poglavlje pobeda OVK - Predsednik Republike Kosovo - DR. VJOSA OSMANI - SADRIU","isPartOf":{"@id":"https:\/\/president-ksgov.net\/#website"},"primaryImageOfPage":{"@id":"https:\/\/president-ksgov.net\/sr\/predsednik-bitka-u-kosarama-bitno-poglavlje-pobeda-ovk\/#primaryimage"},"image":{"@id":"https:\/\/president-ksgov.net\/sr\/predsednik-bitka-u-kosarama-bitno-poglavlje-pobeda-ovk\/#primaryimage"},"thumbnailUrl":"https:\/\/president-ksgov.net\/wp-content\/uploads\/09_04_2017_4976808_koshare_0.jpg","datePublished":"2017-04-09T13:57:38+00:00","dateModified":"2017-04-09T13:57:38+00:00","author":{"@id":"https:\/\/president-ksgov.net\/#\/schema\/person\/bb4337a5fb147cb2046d80548172cbee"},"description":"Predsednik: Bitka u Ko\u0161arama, bitno poglavlje pobeda OVK - Predsednik Republike Kosovo - DR. VJOSA OSMANI - SADRIU -","breadcrumb":{"@id":"https:\/\/president-ksgov.net\/sr\/predsednik-bitka-u-kosarama-bitno-poglavlje-pobeda-ovk\/#breadcrumb"},"inLanguage":"sr-RS","potentialAction":[{"@type":"ReadAction","target":["https:\/\/president-ksgov.net\/sr\/predsednik-bitka-u-kosarama-bitno-poglavlje-pobeda-ovk\/"]}]},{"@type":"ImageObject","inLanguage":"sr-RS","@id":"https:\/\/president-ksgov.net\/sr\/predsednik-bitka-u-kosarama-bitno-poglavlje-pobeda-ovk\/#primaryimage","url":"https:\/\/president-ksgov.net\/wp-content\/uploads\/09_04_2017_4976808_koshare_0.jpg","contentUrl":"https:\/\/president-ksgov.net\/wp-content\/uploads\/09_04_2017_4976808_koshare_0.jpg","width":2000,"height":1273},{"@type":"BreadcrumbList","@id":"https:\/\/president-ksgov.net\/sr\/predsednik-bitka-u-kosarama-bitno-poglavlje-pobeda-ovk\/#breadcrumb","itemListElement":[{"@type":"ListItem","position":1,"name":"Home","item":"https:\/\/president-ksgov.net\/sr\/"},{"@type":"ListItem","position":2,"name":"Predsednik: Bitka u Ko\u0161arama, bitno poglavlje pobeda OVK"}]},{"@type":"WebSite","@id":"https:\/\/president-ksgov.net\/#website","url":"https:\/\/president-ksgov.net\/","name":"Presidente e Republik\u00ebs s\u00eb Kosov\u00ebs","description":"Presidente e Republik\u00ebs s\u00eb Kosov\u00ebs","alternateName":"DR. VJOSA OSMANI - SADRIU","potentialAction":[{"@type":"SearchAction","target":{"@type":"EntryPoint","urlTemplate":"https:\/\/president-ksgov.net\/?s={search_term_string}"},"query-input":{"@type":"PropertyValueSpecification","valueRequired":true,"valueName":"search_term_string"}}],"inLanguage":"sr-RS"},{"@type":"Person","@id":"https:\/\/president-ksgov.net\/#\/schema\/person\/bb4337a5fb147cb2046d80548172cbee","name":"admin","image":{"@type":"ImageObject","inLanguage":"sr-RS","@id":"https:\/\/president-ksgov.net\/#\/schema\/person\/image\/","url":"https:\/\/secure.gravatar.com\/avatar\/36156ca0fa3b8d9d25174f146e16beea0cf28f37adf1b9e19b6c9c279a7c9dd3?s=96&d=mm&r=g","contentUrl":"https:\/\/secure.gravatar.com\/avatar\/36156ca0fa3b8d9d25174f146e16beea0cf28f37adf1b9e19b6c9c279a7c9dd3?s=96&d=mm&r=g","caption":"admin"},"sameAs":["https:\/\/president-ksgov.net"]}]}},"_links":{"self":[{"href":"https:\/\/president-ksgov.net\/sr\/wp-json\/wp\/v2\/posts\/76254","targetHints":{"allow":["GET"]}}],"collection":[{"href":"https:\/\/president-ksgov.net\/sr\/wp-json\/wp\/v2\/posts"}],"about":[{"href":"https:\/\/president-ksgov.net\/sr\/wp-json\/wp\/v2\/types\/post"}],"author":[{"embeddable":true,"href":"https:\/\/president-ksgov.net\/sr\/wp-json\/wp\/v2\/users\/1"}],"replies":[{"embeddable":true,"href":"https:\/\/president-ksgov.net\/sr\/wp-json\/wp\/v2\/comments?post=76254"}],"version-history":[{"count":0,"href":"https:\/\/president-ksgov.net\/sr\/wp-json\/wp\/v2\/posts\/76254\/revisions"}],"wp:featuredmedia":[{"embeddable":true,"href":"https:\/\/president-ksgov.net\/sr\/wp-json\/wp\/v2\/media\/30744"}],"wp:attachment":[{"href":"https:\/\/president-ksgov.net\/sr\/wp-json\/wp\/v2\/media?parent=76254"}],"wp:term":[{"taxonomy":"category","embeddable":true,"href":"https:\/\/president-ksgov.net\/sr\/wp-json\/wp\/v2\/categories?post=76254"},{"taxonomy":"post_tag","embeddable":true,"href":"https:\/\/president-ksgov.net\/sr\/wp-json\/wp\/v2\/tags?post=76254"}],"curies":[{"name":"wp","href":"https:\/\/api.w.org\/{rel}","templated":true}]}}