{"id":76249,"date":"2017-04-26T10:38:30","date_gmt":"2017-04-26T10:38:30","guid":{"rendered":"https:\/\/dev.president-ksgov.net\/predsednik-mir-i-stabilnost-se-grade-jednakosu-dijalogom-i-saradnjom\/"},"modified":"2017-04-26T10:38:30","modified_gmt":"2017-04-26T10:38:30","slug":"predsednik-mir-i-stabilnost-se-grade-jednakosu-dijalogom-i-saradnjom","status":"publish","type":"post","link":"https:\/\/president-ksgov.net\/sr\/predsednik-mir-i-stabilnost-se-grade-jednakosu-dijalogom-i-saradnjom\/","title":{"rendered":"Predsednik: Mir i stabilnost se grade jednako\u0161&cacute;u, dijalogom i saradnjom"},"content":{"rendered":"<p>Pri\u0161tina, 26. april 2017. godine &#8211; Predsednik, Hashim Tha\u00e7i, danas je u&ccaron;estvovao na seminaru koji je organizovala ambasada Finske, na temu \u201eKosovo i Finska zajedno grade budu&cacute;nost: Posredovanje mira, upravljanje krizama i Ahtisarijev plan \u2013 put napred\u201c.<\/p>\n<p>Predsednik Tha\u00e7i je rekao da Kosovo dobro poznaje ulogu Finske u izgradnji mira u svetu i zauvek je zahvalno na podr\u0161ci koju je dobilo u najte&#382;a vremena, ali i odlu&ccaron;uju&cacute;e vreme za mir i slobodu na\u0161e zemlje. <\/p>\n<p>\u201ePrvo iskustvo Kosova u anga&#382;ovanju Finske po&ccaron;inje sa predsednikom Ahtisarijem, jo\u0161 1999. godine, kada je on pregovarao sa Milo\u0161evi&cacute;em o povla&ccaron;enju srpskih trupa sa Kosova. Za Kosovo to nije bilo samo povla&ccaron;enje trupa, ve&cacute; je bilo okon&ccaron;anje ubistava, nasilja, proterivanja. Kraj poku\u0161ajima da se izbri\u0161e jedan &ccaron;itav narod, njegova obele&#382;ja, sa zemlje na kojoj je oduvek &#382;iveo. A, za svet to nije simbolizovalo sam kraj jednog rata na tlu Evrope, ve&cacute; i trijumf njihovog anga&#382;ovanja za jednakost i slobodu svih naroda nad diskriminu\u0161u&cacute;im, izuzimaju&cacute;im, hegemonisti&ccaron;kim i nacionalisti&ccaron;kim politikama koje su razorile region Balkana\u201c, rekao je predsednik Tha\u00e7i. <\/p>\n<p>Prema njegovom mi\u0161ljenju, ovo je bila bitka me&dstrok;u vrednostima i principima humanitarnosti i ljudskih prava s jedne strane, i upotrebe nasilja kako bi se izgradile nove politi&ccaron;ke realnosti, s druge strane. <\/p>\n<p>\u201eO predsedniku Ahtisariju smo i ranije &ccaron;uli, o njegovom radu u okviru Me&dstrok;unarodne krizne grupe, kada je predlo&#382;io ideju o nagledanoj nezavisnosti Kosova. Predsednik Ahtisari je shvatio da ne mo&#382;e da se izgradi mir i stabilnost povre&dstrok;uju&cacute;i prava jednog naroda i ignori\u0161u&cacute;i te&#382;nje tog naroda. Nasuprot. On je shvatio da je klju&ccaron; za mir po\u0161tovanje volje svih strana, po\u0161tovanje prava svih strana\u201c, dodao je predsednik Tha\u00e7i. <\/p>\n<p>\u0160ef dr&#382;ave je istakao da je predsednik Ahtisari odigao ulogu i u odre&dstrok;ivanju politi&ccaron;kog statusa Kosova. <\/p>\n<p>\u201eKao testament njegovog anga&#382;ovanja i danas dokument nad kojim je izgra&dstrok;ena dr&#382;ava Kosovo, nastavlja da se zove Ahtisarijev dokument\u201c, rekao je predsednik Tha\u00e7i. <\/p>\n<p>Ali prema njegovom mi\u0161ljenju, izgradnji Kosova su doprinele na hiljade Finaca. <\/p>\n<p>\u201eDoprinele su sve me&dstrok;unarodne misije na Kosovu, kako civilne tako i vojne\u201c, rekao je on. <\/p>\n<p>Predsednik je dodao da je imao sre&cacute;u da bude deo najbitnijih procesa kroz koje je prolazilo kosovsko dru\u0161tvo, i kao u&ccaron;esnik i kao rukovodilac. <\/p>\n<p>\u201eDobro poznajem diskriminaciju, izuzimanje, rat i u&#382;ase koje on donosi. Dobro poznajem pote\u0161ko&cacute;e izgradnje jednog dru\u0161tva koje je razoreno ratom. Dobro poznajem zamke koje za sobom ostavljaju rat i sukob. Dobro znam koliko je te\u0161ko da se izgradi mir, pogotovu stabilan mir. Ali, znam i koliko su mir i stabilnost bitni. Dakle, tokom rata bio sam anga&#382;ovan da se koliko je to mogu&cacute;e o&ccaron;uva humanitarnost i solidarnost. A, nakon rata sam bio anga&#382;ovan u prekidu neprijateljstva i na izgradnji mostova me&dstrok;u narodima. Na tome se i danas anga&#382;ujem, kao predsednik Kosova\u201c, rekao je on. <\/p>\n<p>Predsednik Tha\u00e7i je nabrojao i neke od koraka koje promovi\u0161e kao predsednik zemlje za izgradnju stabilnog mira na Kosovu i u regionu. <\/p>\n<p>\u201ePrvi uslov jeste pravda. Pravda je potrebna &#382;rtvama, ali i generacijama koje dolaze. Ali, pravda je potrebna i onima u &ccaron;ije ime su se vr\u0161ili zlo&ccaron;ini, kako bi se distancirali od zlo&ccaron;inaca. Dakle, na po&ccaron;etku mog mandata kao predsednika ja sam apelovao na Kancelariju glavnog dr&#382;avnog tu&#382;ioca da se \u0161to vi\u0161e anga&#382;uju na otkrivanju i ka&#382;njavanju onih koji su vr\u0161ili ratne zlo&ccaron;ine na Kosovu\u201c, rekao je predsednik Tha\u00e7i.<\/p>\n<p>\u201eOvo je prvi korak prema izle&ccaron;enju ratnih rana\u201c, dodao je on. <\/p>\n<p>Drugi korak, koji je preduzet, jeste osnivanje Komisije za istinu i pomirenje na Kosovu, rekao je predsednik Tha\u00e7i. <\/p>\n<p>\u201eTreba da se zatvori poglavlje pro\u0161losti, i da se otvori novo poglavlje, za novu budu&cacute;nost. Pravda treba da sledi za istinom i pomirenjem\u201c, istakao je predsednik Tha\u00e7i. <\/p>\n<p>Saznaju&cacute;i o mukama jedni- drugih, predsednik Tha\u00e7i je istakao, da &cacute;e svi jo\u0161 vi\u0161e shvatiti bitnost izgradnje stabilnog mira na Kosovu. <\/p>\n<p>Druga ta&ccaron;ka za izgradnju stabilnog mira u regionu, prema predsedniku Tha\u00e7i-ju jeste regionalna saradnja i izgradnja dobrih susedskih odnosa. <\/p>\n<p>\u201eNastavljam da promovi\u0161em regionalni dijalog kako bi se izgradio stabilan mir i regionu. Seo sam za sto sa ljudima, koji su pre dve decenije tra&#382;ili da me ubiju samo zato \u0161to sam tra&#382;io jednakost za moj narod. Nije to laka odluka, ali je pravi&ccaron;na\u201c, dodao je predsednik Tha\u00e7i.<br \/>\n\u00a0<br \/>\nOd 2013. godine, predsednik Tha\u00e7i je rekao da je Kosovo uspostavilo proces dijaloga sa Srbijom, koji je uz sve izazove i zastoje sa kojima se suo&ccaron;ava,\u00a0 uspostavio princip dijaloga kao instrumenta za re\u0161avanje svakog nesporazuma ili sukoba koji mo&#382;emo imati jedni sa drugima. <\/p>\n<p>\u201eNakon sticanja slobode i izgradnje dr&#382;ave, treba da utemeljimo mire i jednakost na Kosovu i u na\u0161em regionu. Prirodan korak za to jeste u&ccaron;lanjenje &ccaron;itavog regiona na\u0161eg u NATO i EU\u201c, rekao je predsednik Tha\u00e7i. <\/p>\n<p>Predsednik je dodao da je zadovoljstvo da vidimo da su i druge zemlje Zapadnog Balkana posve&cacute;ene njihovom putu prema u&ccaron;lanjenju u EU i da &#382;ure da zaklju&ccaron;e poglavlja pregovora sa Briselom. Ali, prema njegovom mi\u0161ljenju, ovaj rezultat mo&#382;e da se stavi pod pitanje ukoliko Evropska unija ne pru&#382;i ruku Zapadnom Balkanu. <\/p>\n<p>\u201eVidimo pove&cacute;anje populisti&ccaron;kih, nacionalisti&ccaron;kih i radikalnih ideologija kako u na\u0161em regionu, tako i u Evropi\u201c, rekao je predsednik Tha\u00e7i. <\/p>\n<p>Predsednik Tha\u00e7i je zbog toga ponovo istakao da imamo potrebu za vizijom i za hrabro\u0161&cacute;u da isti&ccaron;emo da se mir i stabilnost u Evropi i u svetu grade nad jednako\u0161&cacute;u, dijalogu i saradnji.<br \/>\n\u00a0<\/p>\n","protected":false},"excerpt":{"rendered":"<p>Pri\u0161tina, 26. april 2017. godine &#8211; Predsednik, Hashim Tha\u00e7i, danas je u&ccaron;estvovao na seminaru koji je organizovala ambasada Finske, na temu \u201eKosovo i Finska zajedno grade budu&cacute;nost: Posredovanje mira, upravljanje krizama i Ahtisarijev plan \u2013 put napred\u201c.<\/p>\n","protected":false},"author":1,"featured_media":30685,"comment_status":"open","ping_status":"closed","sticky":false,"template":"","format":"standard","meta":{"_eb_attr":"","footnotes":""},"categories":[101],"tags":[],"class_list":["post-76249","post","type-post","status-publish","format-standard","has-post-thumbnail","hentry","category-vesti"],"yoast_head":"<!-- This site is optimized with the Yoast SEO plugin v23.5 - https:\/\/yoast.com\/wordpress\/plugins\/seo\/ -->\n<title>Predsednik: Mir i stabilnost se grade jednako\u0161&amp;cacute;u, dijalogom i saradnjom - Predsednik Republike Kosovo - DR. VJOSA OSMANI - SADRIU<\/title>\n<meta name=\"description\" content=\"Predsednik: Mir i stabilnost se grade jednako\u0161&amp;cacute;u, dijalogom i saradnjom - Predsednik Republike Kosovo - DR. VJOSA OSMANI - SADRIU -\" \/>\n<meta name=\"robots\" content=\"index, follow, max-snippet:-1, max-image-preview:large, max-video-preview:-1\" \/>\n<link rel=\"canonical\" href=\"https:\/\/president-ksgov.net\/presidenti-paqja-dhe-stabiliteti-ndertohen-me-barazi-dialog-dhe-bashkepunim\/\" \/>\n<meta property=\"og:locale\" content=\"sr_RS\" \/>\n<meta property=\"og:type\" content=\"article\" \/>\n<meta property=\"og:title\" content=\"Predsednik: Mir i stabilnost se grade jednako\u0161&amp;cacute;u, dijalogom i saradnjom - Predsednik Republike Kosovo - DR. VJOSA OSMANI - SADRIU\" \/>\n<meta property=\"og:description\" content=\"Predsednik: Mir i stabilnost se grade jednako\u0161&amp;cacute;u, dijalogom i saradnjom - Predsednik Republike Kosovo - DR. VJOSA OSMANI - SADRIU -\" \/>\n<meta property=\"og:url\" content=\"https:\/\/president-ksgov.net\/presidenti-paqja-dhe-stabiliteti-ndertohen-me-barazi-dialog-dhe-bashkepunim\/\" \/>\n<meta property=\"og:site_name\" content=\"Predsednik Republike Kosovo - DR. VJOSA OSMANI - SADRIU\" \/>\n<meta property=\"article:published_time\" content=\"2017-04-26T10:38:30+00:00\" \/>\n<meta property=\"og:image\" content=\"https:\/\/president-ksgov.net\/wp-content\/uploads\/26_04_2017_9608324_26_04_2017_Takim_1.jpg\" \/>\n\t<meta property=\"og:image:width\" content=\"2000\" \/>\n\t<meta property=\"og:image:height\" content=\"1514\" \/>\n\t<meta property=\"og:image:type\" content=\"image\/jpeg\" \/>\n<meta name=\"author\" content=\"admin\" \/>\n<meta name=\"twitter:card\" content=\"summary_large_image\" \/>\n<meta name=\"twitter:label1\" content=\"\u041d\u0430\u043f\u0438\u0441\u0430\u043d\u043e \u043e\u0434\" \/>\n\t<meta name=\"twitter:data1\" content=\"admin\" \/>\n\t<meta name=\"twitter:label2\" content=\"\u041f\u0440\u043e\u0446\u0435\u045a\u0435\u043d\u043e \u0432\u0440\u0435\u043c\u0435 \u0447\u0438\u0442\u0430\u045a\u0430\" \/>\n\t<meta name=\"twitter:data2\" content=\"5 \u043c\u0438\u043d\u0443\u0442\u0430\" \/>\n<script type=\"application\/ld+json\" class=\"yoast-schema-graph\">{\"@context\":\"https:\/\/schema.org\",\"@graph\":[{\"@type\":\"WebPage\",\"@id\":\"https:\/\/president-ksgov.net\/presidenti-paqja-dhe-stabiliteti-ndertohen-me-barazi-dialog-dhe-bashkepunim\/\",\"url\":\"https:\/\/president-ksgov.net\/presidenti-paqja-dhe-stabiliteti-ndertohen-me-barazi-dialog-dhe-bashkepunim\/\",\"name\":\"Predsednik: Mir i stabilnost se grade jednako\u0161&cacute;u, dijalogom i saradnjom - Predsednik Republike Kosovo - DR. VJOSA OSMANI - SADRIU\",\"isPartOf\":{\"@id\":\"https:\/\/president-ksgov.net\/#website\"},\"primaryImageOfPage\":{\"@id\":\"https:\/\/president-ksgov.net\/presidenti-paqja-dhe-stabiliteti-ndertohen-me-barazi-dialog-dhe-bashkepunim\/#primaryimage\"},\"image\":{\"@id\":\"https:\/\/president-ksgov.net\/presidenti-paqja-dhe-stabiliteti-ndertohen-me-barazi-dialog-dhe-bashkepunim\/#primaryimage\"},\"thumbnailUrl\":\"https:\/\/president-ksgov.net\/wp-content\/uploads\/26_04_2017_9608324_26_04_2017_Takim_1.jpg\",\"datePublished\":\"2017-04-26T10:38:30+00:00\",\"dateModified\":\"2017-04-26T10:38:30+00:00\",\"author\":{\"@id\":\"https:\/\/president-ksgov.net\/#\/schema\/person\/bb4337a5fb147cb2046d80548172cbee\"},\"description\":\"Predsednik: Mir i stabilnost se grade jednako\u0161&cacute;u, dijalogom i saradnjom - Predsednik Republike Kosovo - DR. VJOSA OSMANI - SADRIU -\",\"breadcrumb\":{\"@id\":\"https:\/\/president-ksgov.net\/presidenti-paqja-dhe-stabiliteti-ndertohen-me-barazi-dialog-dhe-bashkepunim\/#breadcrumb\"},\"inLanguage\":\"sr-RS\",\"potentialAction\":[{\"@type\":\"ReadAction\",\"target\":[\"https:\/\/president-ksgov.net\/presidenti-paqja-dhe-stabiliteti-ndertohen-me-barazi-dialog-dhe-bashkepunim\/\"]}]},{\"@type\":\"ImageObject\",\"inLanguage\":\"sr-RS\",\"@id\":\"https:\/\/president-ksgov.net\/presidenti-paqja-dhe-stabiliteti-ndertohen-me-barazi-dialog-dhe-bashkepunim\/#primaryimage\",\"url\":\"https:\/\/president-ksgov.net\/wp-content\/uploads\/26_04_2017_9608324_26_04_2017_Takim_1.jpg\",\"contentUrl\":\"https:\/\/president-ksgov.net\/wp-content\/uploads\/26_04_2017_9608324_26_04_2017_Takim_1.jpg\",\"width\":2000,\"height\":1514},{\"@type\":\"BreadcrumbList\",\"@id\":\"https:\/\/president-ksgov.net\/presidenti-paqja-dhe-stabiliteti-ndertohen-me-barazi-dialog-dhe-bashkepunim\/#breadcrumb\",\"itemListElement\":[{\"@type\":\"ListItem\",\"position\":1,\"name\":\"Home\",\"item\":\"https:\/\/president-ksgov.net\/sr\/\"},{\"@type\":\"ListItem\",\"position\":2,\"name\":\"Predsednik: Mir i stabilnost se grade jednako\u0161&cacute;u, dijalogom i saradnjom\"}]},{\"@type\":\"WebSite\",\"@id\":\"https:\/\/president-ksgov.net\/#website\",\"url\":\"https:\/\/president-ksgov.net\/\",\"name\":\"Presidente e Republik\u00ebs s\u00eb Kosov\u00ebs\",\"description\":\"Presidente e Republik\u00ebs s\u00eb Kosov\u00ebs\",\"alternateName\":\"DR. VJOSA OSMANI - SADRIU\",\"potentialAction\":[{\"@type\":\"SearchAction\",\"target\":{\"@type\":\"EntryPoint\",\"urlTemplate\":\"https:\/\/president-ksgov.net\/?s={search_term_string}\"},\"query-input\":{\"@type\":\"PropertyValueSpecification\",\"valueRequired\":true,\"valueName\":\"search_term_string\"}}],\"inLanguage\":\"sr-RS\"},{\"@type\":\"Person\",\"@id\":\"https:\/\/president-ksgov.net\/#\/schema\/person\/bb4337a5fb147cb2046d80548172cbee\",\"name\":\"admin\",\"image\":{\"@type\":\"ImageObject\",\"inLanguage\":\"sr-RS\",\"@id\":\"https:\/\/president-ksgov.net\/#\/schema\/person\/image\/\",\"url\":\"https:\/\/secure.gravatar.com\/avatar\/36156ca0fa3b8d9d25174f146e16beea0cf28f37adf1b9e19b6c9c279a7c9dd3?s=96&d=mm&r=g\",\"contentUrl\":\"https:\/\/secure.gravatar.com\/avatar\/36156ca0fa3b8d9d25174f146e16beea0cf28f37adf1b9e19b6c9c279a7c9dd3?s=96&d=mm&r=g\",\"caption\":\"admin\"},\"sameAs\":[\"https:\/\/president-ksgov.net\"]}]}<\/script>\n<!-- \/ Yoast SEO plugin. -->","yoast_head_json":{"title":"Predsednik: Mir i stabilnost se grade jednako\u0161&cacute;u, dijalogom i saradnjom - Predsednik Republike Kosovo - DR. VJOSA OSMANI - SADRIU","description":"Predsednik: Mir i stabilnost se grade jednako\u0161&cacute;u, dijalogom i saradnjom - Predsednik Republike Kosovo - DR. VJOSA OSMANI - SADRIU -","robots":{"index":"index","follow":"follow","max-snippet":"max-snippet:-1","max-image-preview":"max-image-preview:large","max-video-preview":"max-video-preview:-1"},"canonical":"https:\/\/president-ksgov.net\/presidenti-paqja-dhe-stabiliteti-ndertohen-me-barazi-dialog-dhe-bashkepunim\/","og_locale":"sr_RS","og_type":"article","og_title":"Predsednik: Mir i stabilnost se grade jednako\u0161&cacute;u, dijalogom i saradnjom - Predsednik Republike Kosovo - DR. VJOSA OSMANI - SADRIU","og_description":"Predsednik: Mir i stabilnost se grade jednako\u0161&cacute;u, dijalogom i saradnjom - Predsednik Republike Kosovo - DR. VJOSA OSMANI - SADRIU -","og_url":"https:\/\/president-ksgov.net\/presidenti-paqja-dhe-stabiliteti-ndertohen-me-barazi-dialog-dhe-bashkepunim\/","og_site_name":"Predsednik Republike Kosovo - DR. VJOSA OSMANI - SADRIU","article_published_time":"2017-04-26T10:38:30+00:00","og_image":[{"width":2000,"height":1514,"url":"https:\/\/president-ksgov.net\/wp-content\/uploads\/26_04_2017_9608324_26_04_2017_Takim_1.jpg","type":"image\/jpeg"}],"author":"admin","twitter_card":"summary_large_image","twitter_misc":{"\u041d\u0430\u043f\u0438\u0441\u0430\u043d\u043e \u043e\u0434":"admin","\u041f\u0440\u043e\u0446\u0435\u045a\u0435\u043d\u043e \u0432\u0440\u0435\u043c\u0435 \u0447\u0438\u0442\u0430\u045a\u0430":"5 \u043c\u0438\u043d\u0443\u0442\u0430"},"schema":{"@context":"https:\/\/schema.org","@graph":[{"@type":"WebPage","@id":"https:\/\/president-ksgov.net\/presidenti-paqja-dhe-stabiliteti-ndertohen-me-barazi-dialog-dhe-bashkepunim\/","url":"https:\/\/president-ksgov.net\/presidenti-paqja-dhe-stabiliteti-ndertohen-me-barazi-dialog-dhe-bashkepunim\/","name":"Predsednik: Mir i stabilnost se grade jednako\u0161&cacute;u, dijalogom i saradnjom - Predsednik Republike Kosovo - DR. VJOSA OSMANI - SADRIU","isPartOf":{"@id":"https:\/\/president-ksgov.net\/#website"},"primaryImageOfPage":{"@id":"https:\/\/president-ksgov.net\/presidenti-paqja-dhe-stabiliteti-ndertohen-me-barazi-dialog-dhe-bashkepunim\/#primaryimage"},"image":{"@id":"https:\/\/president-ksgov.net\/presidenti-paqja-dhe-stabiliteti-ndertohen-me-barazi-dialog-dhe-bashkepunim\/#primaryimage"},"thumbnailUrl":"https:\/\/president-ksgov.net\/wp-content\/uploads\/26_04_2017_9608324_26_04_2017_Takim_1.jpg","datePublished":"2017-04-26T10:38:30+00:00","dateModified":"2017-04-26T10:38:30+00:00","author":{"@id":"https:\/\/president-ksgov.net\/#\/schema\/person\/bb4337a5fb147cb2046d80548172cbee"},"description":"Predsednik: Mir i stabilnost se grade jednako\u0161&cacute;u, dijalogom i saradnjom - Predsednik Republike Kosovo - DR. VJOSA OSMANI - SADRIU -","breadcrumb":{"@id":"https:\/\/president-ksgov.net\/presidenti-paqja-dhe-stabiliteti-ndertohen-me-barazi-dialog-dhe-bashkepunim\/#breadcrumb"},"inLanguage":"sr-RS","potentialAction":[{"@type":"ReadAction","target":["https:\/\/president-ksgov.net\/presidenti-paqja-dhe-stabiliteti-ndertohen-me-barazi-dialog-dhe-bashkepunim\/"]}]},{"@type":"ImageObject","inLanguage":"sr-RS","@id":"https:\/\/president-ksgov.net\/presidenti-paqja-dhe-stabiliteti-ndertohen-me-barazi-dialog-dhe-bashkepunim\/#primaryimage","url":"https:\/\/president-ksgov.net\/wp-content\/uploads\/26_04_2017_9608324_26_04_2017_Takim_1.jpg","contentUrl":"https:\/\/president-ksgov.net\/wp-content\/uploads\/26_04_2017_9608324_26_04_2017_Takim_1.jpg","width":2000,"height":1514},{"@type":"BreadcrumbList","@id":"https:\/\/president-ksgov.net\/presidenti-paqja-dhe-stabiliteti-ndertohen-me-barazi-dialog-dhe-bashkepunim\/#breadcrumb","itemListElement":[{"@type":"ListItem","position":1,"name":"Home","item":"https:\/\/president-ksgov.net\/sr\/"},{"@type":"ListItem","position":2,"name":"Predsednik: Mir i stabilnost se grade jednako\u0161&cacute;u, dijalogom i saradnjom"}]},{"@type":"WebSite","@id":"https:\/\/president-ksgov.net\/#website","url":"https:\/\/president-ksgov.net\/","name":"Presidente e Republik\u00ebs s\u00eb Kosov\u00ebs","description":"Presidente e Republik\u00ebs s\u00eb Kosov\u00ebs","alternateName":"DR. VJOSA OSMANI - SADRIU","potentialAction":[{"@type":"SearchAction","target":{"@type":"EntryPoint","urlTemplate":"https:\/\/president-ksgov.net\/?s={search_term_string}"},"query-input":{"@type":"PropertyValueSpecification","valueRequired":true,"valueName":"search_term_string"}}],"inLanguage":"sr-RS"},{"@type":"Person","@id":"https:\/\/president-ksgov.net\/#\/schema\/person\/bb4337a5fb147cb2046d80548172cbee","name":"admin","image":{"@type":"ImageObject","inLanguage":"sr-RS","@id":"https:\/\/president-ksgov.net\/#\/schema\/person\/image\/","url":"https:\/\/secure.gravatar.com\/avatar\/36156ca0fa3b8d9d25174f146e16beea0cf28f37adf1b9e19b6c9c279a7c9dd3?s=96&d=mm&r=g","contentUrl":"https:\/\/secure.gravatar.com\/avatar\/36156ca0fa3b8d9d25174f146e16beea0cf28f37adf1b9e19b6c9c279a7c9dd3?s=96&d=mm&r=g","caption":"admin"},"sameAs":["https:\/\/president-ksgov.net"]}]}},"_links":{"self":[{"href":"https:\/\/president-ksgov.net\/sr\/wp-json\/wp\/v2\/posts\/76249","targetHints":{"allow":["GET"]}}],"collection":[{"href":"https:\/\/president-ksgov.net\/sr\/wp-json\/wp\/v2\/posts"}],"about":[{"href":"https:\/\/president-ksgov.net\/sr\/wp-json\/wp\/v2\/types\/post"}],"author":[{"embeddable":true,"href":"https:\/\/president-ksgov.net\/sr\/wp-json\/wp\/v2\/users\/1"}],"replies":[{"embeddable":true,"href":"https:\/\/president-ksgov.net\/sr\/wp-json\/wp\/v2\/comments?post=76249"}],"version-history":[{"count":0,"href":"https:\/\/president-ksgov.net\/sr\/wp-json\/wp\/v2\/posts\/76249\/revisions"}],"wp:featuredmedia":[{"embeddable":true,"href":"https:\/\/president-ksgov.net\/sr\/wp-json\/wp\/v2\/media\/30685"}],"wp:attachment":[{"href":"https:\/\/president-ksgov.net\/sr\/wp-json\/wp\/v2\/media?parent=76249"}],"wp:term":[{"taxonomy":"category","embeddable":true,"href":"https:\/\/president-ksgov.net\/sr\/wp-json\/wp\/v2\/categories?post=76249"},{"taxonomy":"post_tag","embeddable":true,"href":"https:\/\/president-ksgov.net\/sr\/wp-json\/wp\/v2\/tags?post=76249"}],"curies":[{"name":"wp","href":"https:\/\/api.w.org\/{rel}","templated":true}]}}