{"id":76175,"date":"2017-08-02T18:17:39","date_gmt":"2017-08-02T18:17:39","guid":{"rendered":"https:\/\/dev.president-ksgov.net\/govor-predsednika-thaci-ja-na-samitu-ameriko-jadranske-povelje-us-adriatic-charter-a5\/"},"modified":"2023-03-08T09:01:39","modified_gmt":"2023-03-08T09:01:39","slug":"govor-predsednika-thaci-ja-na-samitu-ameriko-jadranske-povelje-us-adriatic-charter-a5","status":"publish","type":"post","link":"https:\/\/president-ksgov.net\/sr\/govor-predsednika-thaci-ja-na-samitu-ameriko-jadranske-povelje-us-adriatic-charter-a5\/","title":{"rendered":"Govor predsednika Tha\u00e7i-ja na samitu Ameri&ccaron;ko-jadranske povelje \u2018US-Adriatic Charter\u2019 (A5)"},"content":{"rendered":"<p>Po\u0161tovani zameni&ccaron;e predsednika Pence,<br \/>\nPo\u0161tovani premijeru Markovi&cacute;u i premijeru Zaev,<br \/>\nPo\u0161tovani premijeri,<br \/>\nPo\u0161tovani u&ccaron;esnici,<br \/>\nDame i gospodo,<\/p>\n<p>Kada je osnovana Jadranska povelja 2003. godine, na\u0161 region samo \u0161to je bio iza\u0161ao iz kruga ratova i kriza.<\/p>\n<p>Iako smo na kraju postigli mir, ubrzo smo shvatili da mir nije dovoljan, ve&cacute; da je samo preduslov za izgradnju novih vrednosti.<\/p>\n<p>Vrednosti saradnje, napretka i integracija.<\/p>\n<p>Mnogo ko nije mogao ni da zamisli da &cacute;e se 14 godina kasnije, ideja Jadranske povelje razviti i porasti uz nove &ccaron;lanove, postaju&cacute;i porodica sjajnih naroda koji dele ste te&#382;nje, iste vrednosti, a to su evro-atlantske integracije.<\/p>\n<p>Dozvolite mi da danas izrazim zahvalnost na\u0161im doma&cacute;inima, posebno premijeru Crne Gore.<\/p>\n<p>U&ccaron;lanjenje Crne Gore u NATO je najbolja vest za region koju smo o&ccaron;ekivali dugo vremena.<\/p>\n<p>Po\u0161tovani zameni&ccaron;e predsednika,<\/p>\n<p>Po\u0161tovani premijeri,<\/p>\n<p>Po&ccaron;astvovan sam \u0161to sam danas ovde za ovim stolom, kao predsednik zemlje koja je najvi\u0161e pro-ameri&ccaron;ka i pro-NATO-a na celom svetu.<\/p>\n<p>Od intervencije NATO-a, vojnici Sjedinjenih Ameri&ccaron;kih Dr&#382;ava i vojnici NATO-a su pomogli da se izgradi mir na Kosovu, pomogli su nam da kora&ccaron;amo napred.<\/p>\n<p>Ali, danas 18 godina nakon zavr\u0161etka rata i gotovu &ccaron;itavu deceniju od progla\u0161enja nezavisnosti, verujemo da je vreme da Kosovo uzvrati ovo dobro&ccaron;instvo.<\/p>\n<p>Kosovo je spremno da postane doprinosilac sigurnosti u regionu i &ccaron;itavom svetu.<\/p>\n<p>Ne &#382;elimo vi\u0161e da budemo posmatra&ccaron;i na bitnim forumima kao \u0161to je\u00a0 ovaj.<\/p>\n<p>Mi zaslu&#382;ujemo da budemo &ccaron;lanovi. Ravnopravni &ccaron;lanovi.<\/p>\n<p>Isto kao \u0161to &#382;elimo da budemo &ccaron;lanovi NATO-a.<\/p>\n<p>Nije dovoljno samo da NATO bude prisutan na Kosovu.<\/p>\n<p>Potrebno je i da Kosovo bude u NATO-u.<\/p>\n<p>Shvatamo da da bi ovo postiglo, Kosovo treba da zavr\u0161i tranziciju Bezbednosnih snaga Kosova i da osnuje multietni&ccaron;ku vojsku.<\/p>\n<p>Dajem vam re&ccaron; da je to i na\u0161 cilj.<\/p>\n<p>To &cacute;emo uraditi u potpunoj kooridnaciji sa NATO-om i ostalim na\u0161im partnerima.<\/p>\n<p>To &cacute;e biti multietni&ccaron;ke, profesionalne, za\u0161titni&ccaron;ke snage, koje &cacute;e s ponosom predstavljati sve njene gra&dstrok;ane.<\/p>\n<p>&Zcaron;elimo da budemo spremni i da stojimo rame uz rame sa vojnicima Sjedinjenih Ameri&ccaron;kih Dr&#382;ava i sa vojnicima NATO-a, bilo gde i bilo kada je to potrebno.<\/p>\n<p>Po\u0161tovani zameni&ccaron;e predsednika,<\/p>\n<p>Va\u0161a poseta se nije mogla dogoditi u boljem trenutku.<\/p>\n<p>Kako biste ocenili postignute uspehe.<\/p>\n<p>Ali, dozvolite mi da istaknem da im jo\u0161 nedovr\u0161enog posla u na\u0161em regionu.<\/p>\n<p>Ima jo\u0161 snaga koje &#382;ele da ometaju ili odugovla&ccaron;e na\u0161 evro-atlantski put.<\/p>\n<p>Ali, nema sumnje da &cacute;ete isto kao kada ste pokazali lider\u0161ip 2003. godine kada je osnovana Jadranska povelja, nastaviti da pokazujete lider\u0161ip i u narednim godinama.<\/p>\n<p>Vi ste nam potrebni, regionu ste potrebni, potrebni ste Evropi.<\/p>\n<p>Evropa ne mo&#382;e sebi da dozvoli da ima crne rupe na kontinentu.<\/p>\n<p>Brisel ne sme da kasni u vezi sa regionom.<\/p>\n<p>Ovo ka\u0161njenje stvara vakuum.<\/p>\n<p>I anti zapadnja&ccaron;ke ideologije i uticaji, bilo da je to ruski uticaj ili islamski fundamentalizam, &#382;ure da popune taj vakuum.<\/p>\n<p>Zameni&ccaron;e predsednika, budu&cacute;nost je bitan deo identiteta.<\/p>\n<p>\u0160ta &#382;eli\u0161 da postane\u0161 je nekada bitnije od onoga \u0161to jesi.<\/p>\n<p>Iako jo\u0161 uvek nismo &ccaron;lan NATO-a, Kosovo i ostali deo regiona svoju budu&cacute;nost vide tamo.<\/p>\n<p>Kao region, koji je jedno vreme bio poistove&cacute;ivan sa sukobima i krvavim ratovima, mi smo nau&ccaron;ili \u2013 po visoku cenu- da je dijalog jedini put.<\/p>\n<p>I danas, sedimo ovde kao jednaki, nasuprot razlikama, imamo mnogo toga zajedni&ccaron;kog.<\/p>\n<p>Kosovo ima bitnu ulogu u miru i stabilnosti u regionu.<\/p>\n<p>Dijalog sa Srbijom je bitan deo ove uloge.<\/p>\n<p>Uveravam vas sve da Kosovo ostaje posve&cacute;eno i voljno tome da se ovaj proces ubrza i da postignemo kona&ccaron;ni sporazum o normalizaciji odnosa i pomirenju sa Srbijom.<\/p>\n<p>Ne samo \u0161to smo to du&#382;ni svima vama ovde, ve&cacute; \u2013 \u0161to je najbitnije- to smo du&#382;ni na\u0161oj deci.<\/p>\n<p>Na\u0161a deca ne treba da rastu pla\u0161e&cacute;i se jedni drugih.<\/p>\n<p>Mi smo susedi i zauvek &cacute;emo &#382;iveti jedni pored drugih.<\/p>\n<p>Geografiju ne mo&#382;emo izmeniti.<\/p>\n<p>Ali, promeni&cacute;emo budu&cacute;nost.<\/p>\n<p>Kao \u0161to je rekla zajedni&ccaron;ka svetica Majka Tereza, \u201eja mogu da uradim stvari koje ti ne mo&#382;e\u0161 i ti mo&#382;e\u0161 da uradi\u0161 stvari koje ja ne mogu; a zajedno, mo&#382;emo da uradimo velike stvari\u201c.<\/p>\n<p>\u00a0<\/p>\n<p>Hvala vam na pa&#382;nji!\u00a0<\/p>\n","protected":false},"excerpt":{"rendered":"<p>Po\u0161tovani zameni&ccaron;e predsednika Pence, Po\u0161tovani premijeru Markovi&cacute;u i premijeru Zaev, Po\u0161tovani premijeri, Po\u0161tovani u&ccaron;esnici, Dame i gospodo, Kada je osnovana Jadranska povelja 2003. godine, na\u0161 region samo \u0161to je bio iza\u0161ao iz kruga ratova i kriza. Iako smo na kraju postigli mir, ubrzo smo shvatili da mir nije dovoljan, ve&cacute; da je samo preduslov za izgradnju novih vrednosti. Vrednosti saradnje, napretka i integracija. Mnogo ko nije mogao ni da zamisli da &cacute;e se 14 godina kasnije, ideja Jadranske povelje razviti i porasti uz nove &ccaron;lanove, postaju&cacute;i porodica sjajnih naroda koji dele ste te&#382;nje, iste vrednosti, a to su evro-atlantske integracije. Dozvolite mi da danas izrazim zahvalnost na\u0161im doma&cacute;inima, posebno premijeru Crne Gore. U&ccaron;lanjenje Crne Gore u NATO je najbolja vest za region koju smo o&ccaron;ekivali dugo vremena. Po\u0161tovani zameni&ccaron;e predsednika, Po\u0161tovani premijeri, Po&ccaron;astvovan sam \u0161to sam danas ovde za ovim stolom, kao predsednik zemlje koja je najvi\u0161e pro-ameri&ccaron;ka i pro-NATO-a na celom svetu. Od intervencije NATO-a, vojnici Sjedinjenih Ameri&ccaron;kih Dr&#382;ava i vojnici NATO-a su pomogli da se izgradi mir na Kosovu, pomogli su nam da kora&ccaron;amo napred. Ali, danas 18 godina nakon zavr\u0161etka rata i gotovu &ccaron;itavu deceniju od progla\u0161enja nezavisnosti, verujemo da je vreme da Kosovo uzvrati ovo dobro&ccaron;instvo. Kosovo je spremno da postane doprinosilac sigurnosti u regionu i &ccaron;itavom svetu. Ne &#382;elimo vi\u0161e da budemo posmatra&ccaron;i na bitnim forumima kao \u0161to je\u00a0 ovaj. Mi zaslu&#382;ujemo da budemo &ccaron;lanovi. Ravnopravni &ccaron;lanovi. Isto kao \u0161to &#382;elimo da budemo &ccaron;lanovi NATO-a. Nije dovoljno samo da NATO bude prisutan na Kosovu. Potrebno je i da Kosovo bude u NATO-u. Shvatamo da da bi ovo postiglo, Kosovo treba da zavr\u0161i tranziciju Bezbednosnih snaga Kosova i da osnuje multietni&ccaron;ku vojsku. Dajem vam re&ccaron; da je to i na\u0161 cilj. To &cacute;emo uraditi u potpunoj kooridnaciji sa NATO-om i ostalim na\u0161im partnerima. To &cacute;e biti multietni&ccaron;ke, profesionalne, za\u0161titni&ccaron;ke snage, koje &cacute;e s ponosom predstavljati sve njene gra&dstrok;ane. &Zcaron;elimo da budemo spremni i da stojimo rame uz rame sa vojnicima Sjedinjenih Ameri&ccaron;kih Dr&#382;ava i sa vojnicima NATO-a, bilo gde i bilo kada je to potrebno. Po\u0161tovani zameni&ccaron;e predsednika, Va\u0161a poseta se nije mogla dogoditi u boljem trenutku. Kako biste ocenili postignute uspehe. Ali, dozvolite mi da istaknem da im jo\u0161 nedovr\u0161enog posla u na\u0161em regionu. Ima jo\u0161 snaga koje &#382;ele da ometaju ili odugovla&ccaron;e na\u0161 evro-atlantski put. Ali, nema sumnje da &cacute;ete isto kao kada ste pokazali lider\u0161ip 2003. godine kada je osnovana Jadranska povelja, nastaviti da pokazujete lider\u0161ip i u narednim godinama. Vi ste nam potrebni, regionu ste potrebni, potrebni ste Evropi. Evropa ne mo&#382;e sebi da dozvoli da ima crne rupe na kontinentu. Brisel ne sme da kasni u vezi sa regionom. Ovo ka\u0161njenje stvara vakuum. I anti zapadnja&ccaron;ke ideologije i uticaji, bilo da je to ruski uticaj ili islamski fundamentalizam, &#382;ure da popune taj vakuum. Zameni&ccaron;e predsednika, budu&cacute;nost je bitan deo identiteta. \u0160ta &#382;eli\u0161 da postane\u0161 je nekada bitnije od onoga \u0161to jesi. Iako jo\u0161 uvek nismo &ccaron;lan NATO-a, Kosovo i ostali deo regiona svoju budu&cacute;nost vide tamo. Kao region, koji je jedno vreme bio poistove&cacute;ivan sa sukobima i krvavim ratovima, mi smo nau&ccaron;ili \u2013 po visoku cenu- da je dijalog jedini put. I danas, sedimo ovde kao jednaki, nasuprot razlikama, imamo mnogo toga zajedni&ccaron;kog. Kosovo ima bitnu ulogu u miru i stabilnosti u regionu. Dijalog sa Srbijom je bitan deo ove uloge. Uveravam vas sve da Kosovo ostaje posve&cacute;eno i voljno tome da se ovaj proces ubrza i da postignemo kona&ccaron;ni sporazum o normalizaciji odnosa i pomirenju sa Srbijom. Ne samo \u0161to smo to du&#382;ni svima vama ovde, ve&cacute; \u2013 \u0161to je najbitnije- to smo du&#382;ni na\u0161oj deci. Na\u0161a deca ne treba da rastu pla\u0161e&cacute;i se jedni drugih. Mi smo susedi i zauvek &cacute;emo &#382;iveti jedni pored drugih. Geografiju ne mo&#382;emo izmeniti. Ali, promeni&cacute;emo budu&cacute;nost. Kao \u0161to je rekla zajedni&ccaron;ka svetica Majka Tereza, \u201eja mogu da uradim stvari koje ti ne mo&#382;e\u0161 i ti mo&#382;e\u0161 da uradi\u0161 stvari koje ja ne mogu; a zajedno, mo&#382;emo da uradimo velike stvari\u201c. \u00a0 Hvala vam na pa&#382;nji!\u00a0<\/p>\n","protected":false},"author":1,"featured_media":30028,"comment_status":"open","ping_status":"closed","sticky":false,"template":"","format":"standard","meta":{"_eb_attr":"","footnotes":""},"categories":[106],"tags":[],"class_list":["post-76175","post","type-post","status-publish","format-standard","has-post-thumbnail","hentry","category-govori"],"yoast_head":"<!-- This site is optimized with the Yoast SEO plugin v23.5 - https:\/\/yoast.com\/wordpress\/plugins\/seo\/ -->\n<title>Govor predsednika Tha\u00e7i-ja na samitu Ameri&amp;ccaron;ko-jadranske povelje \u2018US-Adriatic Charter\u2019 (A5) - Predsednik Republike Kosovo - DR. VJOSA OSMANI - SADRIU<\/title>\n<meta name=\"description\" content=\"Govor predsednika Tha\u00e7i-ja na samitu Ameri&amp;ccaron;ko-jadranske povelje \u2018US-Adriatic Charter\u2019 (A5) - Predsednik Republike Kosovo - DR. VJOSA OSMANI - SADRIU -\" \/>\n<meta name=\"robots\" content=\"index, follow, max-snippet:-1, max-image-preview:large, max-video-preview:-1\" \/>\n<link rel=\"canonical\" href=\"https:\/\/president-ksgov.net\/sr\/govor-predsednika-thaci-ja-na-samitu-ameriko-jadranske-povelje-us-adriatic-charter-a5\/\" \/>\n<meta property=\"og:locale\" content=\"sr_RS\" \/>\n<meta property=\"og:type\" content=\"article\" \/>\n<meta property=\"og:title\" content=\"Govor predsednika Tha\u00e7i-ja na samitu Ameri&amp;ccaron;ko-jadranske povelje \u2018US-Adriatic Charter\u2019 (A5) - Predsednik Republike Kosovo - DR. VJOSA OSMANI - SADRIU\" \/>\n<meta property=\"og:description\" content=\"Govor predsednika Tha\u00e7i-ja na samitu Ameri&amp;ccaron;ko-jadranske povelje \u2018US-Adriatic Charter\u2019 (A5) - Predsednik Republike Kosovo - DR. VJOSA OSMANI - SADRIU -\" \/>\n<meta property=\"og:url\" content=\"https:\/\/president-ksgov.net\/sr\/govor-predsednika-thaci-ja-na-samitu-ameriko-jadranske-povelje-us-adriatic-charter-a5\/\" \/>\n<meta property=\"og:site_name\" content=\"Predsednik Republike Kosovo - DR. VJOSA OSMANI - SADRIU\" \/>\n<meta property=\"article:published_time\" content=\"2017-08-02T18:17:39+00:00\" \/>\n<meta property=\"article:modified_time\" content=\"2023-03-08T09:01:39+00:00\" \/>\n<meta property=\"og:image\" content=\"https:\/\/president-ksgov.net\/wp-content\/uploads\/02_08_2017_8286135_Fjalimi_1.jpg\" \/>\n\t<meta property=\"og:image:width\" content=\"1280\" \/>\n\t<meta property=\"og:image:height\" content=\"853\" \/>\n\t<meta property=\"og:image:type\" content=\"image\/jpeg\" \/>\n<meta name=\"author\" content=\"admin\" \/>\n<meta name=\"twitter:card\" content=\"summary_large_image\" \/>\n<meta name=\"twitter:label1\" content=\"\u041d\u0430\u043f\u0438\u0441\u0430\u043d\u043e \u043e\u0434\" \/>\n\t<meta name=\"twitter:data1\" content=\"admin\" \/>\n\t<meta name=\"twitter:label2\" content=\"\u041f\u0440\u043e\u0446\u0435\u045a\u0435\u043d\u043e \u0432\u0440\u0435\u043c\u0435 \u0447\u0438\u0442\u0430\u045a\u0430\" \/>\n\t<meta name=\"twitter:data2\" content=\"4 \u043c\u0438\u043d\u0443\u0442\u0430\" \/>\n<script type=\"application\/ld+json\" class=\"yoast-schema-graph\">{\"@context\":\"https:\/\/schema.org\",\"@graph\":[{\"@type\":\"WebPage\",\"@id\":\"https:\/\/president-ksgov.net\/sr\/govor-predsednika-thaci-ja-na-samitu-ameriko-jadranske-povelje-us-adriatic-charter-a5\/\",\"url\":\"https:\/\/president-ksgov.net\/sr\/govor-predsednika-thaci-ja-na-samitu-ameriko-jadranske-povelje-us-adriatic-charter-a5\/\",\"name\":\"Govor predsednika Tha\u00e7i-ja na samitu Ameri&ccaron;ko-jadranske povelje \u2018US-Adriatic Charter\u2019 (A5) - Predsednik Republike Kosovo - DR. VJOSA OSMANI - SADRIU\",\"isPartOf\":{\"@id\":\"https:\/\/president-ksgov.net\/#website\"},\"primaryImageOfPage\":{\"@id\":\"https:\/\/president-ksgov.net\/sr\/govor-predsednika-thaci-ja-na-samitu-ameriko-jadranske-povelje-us-adriatic-charter-a5\/#primaryimage\"},\"image\":{\"@id\":\"https:\/\/president-ksgov.net\/sr\/govor-predsednika-thaci-ja-na-samitu-ameriko-jadranske-povelje-us-adriatic-charter-a5\/#primaryimage\"},\"thumbnailUrl\":\"https:\/\/president-ksgov.net\/wp-content\/uploads\/02_08_2017_8286135_Fjalimi_1.jpg\",\"datePublished\":\"2017-08-02T18:17:39+00:00\",\"dateModified\":\"2023-03-08T09:01:39+00:00\",\"author\":{\"@id\":\"https:\/\/president-ksgov.net\/#\/schema\/person\/bb4337a5fb147cb2046d80548172cbee\"},\"description\":\"Govor predsednika Tha\u00e7i-ja na samitu Ameri&ccaron;ko-jadranske povelje \u2018US-Adriatic Charter\u2019 (A5) - Predsednik Republike Kosovo - DR. VJOSA OSMANI - SADRIU -\",\"breadcrumb\":{\"@id\":\"https:\/\/president-ksgov.net\/sr\/govor-predsednika-thaci-ja-na-samitu-ameriko-jadranske-povelje-us-adriatic-charter-a5\/#breadcrumb\"},\"inLanguage\":\"sr-RS\",\"potentialAction\":[{\"@type\":\"ReadAction\",\"target\":[\"https:\/\/president-ksgov.net\/sr\/govor-predsednika-thaci-ja-na-samitu-ameriko-jadranske-povelje-us-adriatic-charter-a5\/\"]}]},{\"@type\":\"ImageObject\",\"inLanguage\":\"sr-RS\",\"@id\":\"https:\/\/president-ksgov.net\/sr\/govor-predsednika-thaci-ja-na-samitu-ameriko-jadranske-povelje-us-adriatic-charter-a5\/#primaryimage\",\"url\":\"https:\/\/president-ksgov.net\/wp-content\/uploads\/02_08_2017_8286135_Fjalimi_1.jpg\",\"contentUrl\":\"https:\/\/president-ksgov.net\/wp-content\/uploads\/02_08_2017_8286135_Fjalimi_1.jpg\",\"width\":1280,\"height\":853},{\"@type\":\"BreadcrumbList\",\"@id\":\"https:\/\/president-ksgov.net\/sr\/govor-predsednika-thaci-ja-na-samitu-ameriko-jadranske-povelje-us-adriatic-charter-a5\/#breadcrumb\",\"itemListElement\":[{\"@type\":\"ListItem\",\"position\":1,\"name\":\"Home\",\"item\":\"https:\/\/president-ksgov.net\/sr\/\"},{\"@type\":\"ListItem\",\"position\":2,\"name\":\"Govor predsednika Tha\u00e7i-ja na samitu Ameri&ccaron;ko-jadranske povelje \u2018US-Adriatic Charter\u2019 (A5)\"}]},{\"@type\":\"WebSite\",\"@id\":\"https:\/\/president-ksgov.net\/#website\",\"url\":\"https:\/\/president-ksgov.net\/\",\"name\":\"Presidente e Republik\u00ebs s\u00eb Kosov\u00ebs\",\"description\":\"Presidente e Republik\u00ebs s\u00eb Kosov\u00ebs\",\"alternateName\":\"DR. VJOSA OSMANI - SADRIU\",\"potentialAction\":[{\"@type\":\"SearchAction\",\"target\":{\"@type\":\"EntryPoint\",\"urlTemplate\":\"https:\/\/president-ksgov.net\/?s={search_term_string}\"},\"query-input\":{\"@type\":\"PropertyValueSpecification\",\"valueRequired\":true,\"valueName\":\"search_term_string\"}}],\"inLanguage\":\"sr-RS\"},{\"@type\":\"Person\",\"@id\":\"https:\/\/president-ksgov.net\/#\/schema\/person\/bb4337a5fb147cb2046d80548172cbee\",\"name\":\"admin\",\"image\":{\"@type\":\"ImageObject\",\"inLanguage\":\"sr-RS\",\"@id\":\"https:\/\/president-ksgov.net\/#\/schema\/person\/image\/\",\"url\":\"https:\/\/secure.gravatar.com\/avatar\/36156ca0fa3b8d9d25174f146e16beea0cf28f37adf1b9e19b6c9c279a7c9dd3?s=96&d=mm&r=g\",\"contentUrl\":\"https:\/\/secure.gravatar.com\/avatar\/36156ca0fa3b8d9d25174f146e16beea0cf28f37adf1b9e19b6c9c279a7c9dd3?s=96&d=mm&r=g\",\"caption\":\"admin\"},\"sameAs\":[\"https:\/\/president-ksgov.net\"]}]}<\/script>\n<!-- \/ Yoast SEO plugin. -->","yoast_head_json":{"title":"Govor predsednika Tha\u00e7i-ja na samitu Ameri&ccaron;ko-jadranske povelje \u2018US-Adriatic Charter\u2019 (A5) - Predsednik Republike Kosovo - DR. VJOSA OSMANI - SADRIU","description":"Govor predsednika Tha\u00e7i-ja na samitu Ameri&ccaron;ko-jadranske povelje \u2018US-Adriatic Charter\u2019 (A5) - Predsednik Republike Kosovo - DR. VJOSA OSMANI - SADRIU -","robots":{"index":"index","follow":"follow","max-snippet":"max-snippet:-1","max-image-preview":"max-image-preview:large","max-video-preview":"max-video-preview:-1"},"canonical":"https:\/\/president-ksgov.net\/sr\/govor-predsednika-thaci-ja-na-samitu-ameriko-jadranske-povelje-us-adriatic-charter-a5\/","og_locale":"sr_RS","og_type":"article","og_title":"Govor predsednika Tha\u00e7i-ja na samitu Ameri&ccaron;ko-jadranske povelje \u2018US-Adriatic Charter\u2019 (A5) - Predsednik Republike Kosovo - DR. VJOSA OSMANI - SADRIU","og_description":"Govor predsednika Tha\u00e7i-ja na samitu Ameri&ccaron;ko-jadranske povelje \u2018US-Adriatic Charter\u2019 (A5) - Predsednik Republike Kosovo - DR. VJOSA OSMANI - SADRIU -","og_url":"https:\/\/president-ksgov.net\/sr\/govor-predsednika-thaci-ja-na-samitu-ameriko-jadranske-povelje-us-adriatic-charter-a5\/","og_site_name":"Predsednik Republike Kosovo - DR. VJOSA OSMANI - SADRIU","article_published_time":"2017-08-02T18:17:39+00:00","article_modified_time":"2023-03-08T09:01:39+00:00","og_image":[{"width":1280,"height":853,"url":"https:\/\/president-ksgov.net\/wp-content\/uploads\/02_08_2017_8286135_Fjalimi_1.jpg","type":"image\/jpeg"}],"author":"admin","twitter_card":"summary_large_image","twitter_misc":{"\u041d\u0430\u043f\u0438\u0441\u0430\u043d\u043e \u043e\u0434":"admin","\u041f\u0440\u043e\u0446\u0435\u045a\u0435\u043d\u043e \u0432\u0440\u0435\u043c\u0435 \u0447\u0438\u0442\u0430\u045a\u0430":"4 \u043c\u0438\u043d\u0443\u0442\u0430"},"schema":{"@context":"https:\/\/schema.org","@graph":[{"@type":"WebPage","@id":"https:\/\/president-ksgov.net\/sr\/govor-predsednika-thaci-ja-na-samitu-ameriko-jadranske-povelje-us-adriatic-charter-a5\/","url":"https:\/\/president-ksgov.net\/sr\/govor-predsednika-thaci-ja-na-samitu-ameriko-jadranske-povelje-us-adriatic-charter-a5\/","name":"Govor predsednika Tha\u00e7i-ja na samitu Ameri&ccaron;ko-jadranske povelje \u2018US-Adriatic Charter\u2019 (A5) - Predsednik Republike Kosovo - DR. VJOSA OSMANI - SADRIU","isPartOf":{"@id":"https:\/\/president-ksgov.net\/#website"},"primaryImageOfPage":{"@id":"https:\/\/president-ksgov.net\/sr\/govor-predsednika-thaci-ja-na-samitu-ameriko-jadranske-povelje-us-adriatic-charter-a5\/#primaryimage"},"image":{"@id":"https:\/\/president-ksgov.net\/sr\/govor-predsednika-thaci-ja-na-samitu-ameriko-jadranske-povelje-us-adriatic-charter-a5\/#primaryimage"},"thumbnailUrl":"https:\/\/president-ksgov.net\/wp-content\/uploads\/02_08_2017_8286135_Fjalimi_1.jpg","datePublished":"2017-08-02T18:17:39+00:00","dateModified":"2023-03-08T09:01:39+00:00","author":{"@id":"https:\/\/president-ksgov.net\/#\/schema\/person\/bb4337a5fb147cb2046d80548172cbee"},"description":"Govor predsednika Tha\u00e7i-ja na samitu Ameri&ccaron;ko-jadranske povelje \u2018US-Adriatic Charter\u2019 (A5) - Predsednik Republike Kosovo - DR. VJOSA OSMANI - SADRIU -","breadcrumb":{"@id":"https:\/\/president-ksgov.net\/sr\/govor-predsednika-thaci-ja-na-samitu-ameriko-jadranske-povelje-us-adriatic-charter-a5\/#breadcrumb"},"inLanguage":"sr-RS","potentialAction":[{"@type":"ReadAction","target":["https:\/\/president-ksgov.net\/sr\/govor-predsednika-thaci-ja-na-samitu-ameriko-jadranske-povelje-us-adriatic-charter-a5\/"]}]},{"@type":"ImageObject","inLanguage":"sr-RS","@id":"https:\/\/president-ksgov.net\/sr\/govor-predsednika-thaci-ja-na-samitu-ameriko-jadranske-povelje-us-adriatic-charter-a5\/#primaryimage","url":"https:\/\/president-ksgov.net\/wp-content\/uploads\/02_08_2017_8286135_Fjalimi_1.jpg","contentUrl":"https:\/\/president-ksgov.net\/wp-content\/uploads\/02_08_2017_8286135_Fjalimi_1.jpg","width":1280,"height":853},{"@type":"BreadcrumbList","@id":"https:\/\/president-ksgov.net\/sr\/govor-predsednika-thaci-ja-na-samitu-ameriko-jadranske-povelje-us-adriatic-charter-a5\/#breadcrumb","itemListElement":[{"@type":"ListItem","position":1,"name":"Home","item":"https:\/\/president-ksgov.net\/sr\/"},{"@type":"ListItem","position":2,"name":"Govor predsednika Tha\u00e7i-ja na samitu Ameri&ccaron;ko-jadranske povelje \u2018US-Adriatic Charter\u2019 (A5)"}]},{"@type":"WebSite","@id":"https:\/\/president-ksgov.net\/#website","url":"https:\/\/president-ksgov.net\/","name":"Presidente e Republik\u00ebs s\u00eb Kosov\u00ebs","description":"Presidente e Republik\u00ebs s\u00eb Kosov\u00ebs","alternateName":"DR. VJOSA OSMANI - SADRIU","potentialAction":[{"@type":"SearchAction","target":{"@type":"EntryPoint","urlTemplate":"https:\/\/president-ksgov.net\/?s={search_term_string}"},"query-input":{"@type":"PropertyValueSpecification","valueRequired":true,"valueName":"search_term_string"}}],"inLanguage":"sr-RS"},{"@type":"Person","@id":"https:\/\/president-ksgov.net\/#\/schema\/person\/bb4337a5fb147cb2046d80548172cbee","name":"admin","image":{"@type":"ImageObject","inLanguage":"sr-RS","@id":"https:\/\/president-ksgov.net\/#\/schema\/person\/image\/","url":"https:\/\/secure.gravatar.com\/avatar\/36156ca0fa3b8d9d25174f146e16beea0cf28f37adf1b9e19b6c9c279a7c9dd3?s=96&d=mm&r=g","contentUrl":"https:\/\/secure.gravatar.com\/avatar\/36156ca0fa3b8d9d25174f146e16beea0cf28f37adf1b9e19b6c9c279a7c9dd3?s=96&d=mm&r=g","caption":"admin"},"sameAs":["https:\/\/president-ksgov.net"]}]}},"_links":{"self":[{"href":"https:\/\/president-ksgov.net\/sr\/wp-json\/wp\/v2\/posts\/76175","targetHints":{"allow":["GET"]}}],"collection":[{"href":"https:\/\/president-ksgov.net\/sr\/wp-json\/wp\/v2\/posts"}],"about":[{"href":"https:\/\/president-ksgov.net\/sr\/wp-json\/wp\/v2\/types\/post"}],"author":[{"embeddable":true,"href":"https:\/\/president-ksgov.net\/sr\/wp-json\/wp\/v2\/users\/1"}],"replies":[{"embeddable":true,"href":"https:\/\/president-ksgov.net\/sr\/wp-json\/wp\/v2\/comments?post=76175"}],"version-history":[{"count":1,"href":"https:\/\/president-ksgov.net\/sr\/wp-json\/wp\/v2\/posts\/76175\/revisions"}],"predecessor-version":[{"id":81550,"href":"https:\/\/president-ksgov.net\/sr\/wp-json\/wp\/v2\/posts\/76175\/revisions\/81550"}],"wp:featuredmedia":[{"embeddable":true,"href":"https:\/\/president-ksgov.net\/sr\/wp-json\/wp\/v2\/media\/30028"}],"wp:attachment":[{"href":"https:\/\/president-ksgov.net\/sr\/wp-json\/wp\/v2\/media?parent=76175"}],"wp:term":[{"taxonomy":"category","embeddable":true,"href":"https:\/\/president-ksgov.net\/sr\/wp-json\/wp\/v2\/categories?post=76175"},{"taxonomy":"post_tag","embeddable":true,"href":"https:\/\/president-ksgov.net\/sr\/wp-json\/wp\/v2\/tags?post=76175"}],"curies":[{"name":"wp","href":"https:\/\/api.w.org\/{rel}","templated":true}]}}