{"id":76163,"date":"2017-09-05T15:29:36","date_gmt":"2017-09-05T15:29:36","guid":{"rendered":"https:\/\/dev.president-ksgov.net\/predsednik-thaci-katedrala-verski-hram-i-pria-nase-istorije-3\/"},"modified":"2017-09-05T15:29:36","modified_gmt":"2017-09-05T15:29:36","slug":"predsednik-thaci-katedrala-verski-hram-i-pria-nase-istorije-3","status":"publish","type":"post","link":"https:\/\/president-ksgov.net\/sr\/predsednik-thaci-katedrala-verski-hram-i-pria-nase-istorije-3\/","title":{"rendered":"Predsednik Tha\u00e7i: Katedrala verski hram i pri&ccaron;a na\u0161e istorije"},"content":{"rendered":"<p>Pri\u0161tina, 5. septembar \u2013 Predsednik Republike Kosovo, Hashim Tha\u00e7i, u&ccaron;estvovao je danas na sve&ccaron;anosti ordinacije (rukopolo&#382;enja) katedrale Svete Tereze.<\/p>\n<p>U njegovom govoru predsednik Tha\u00e7i je rekao da je ova katedrala Bo&#382;ja ku&cacute;a, ali je i ku&cacute;a gra&dstrok;ana Kosova.<\/p>\n<p>\u201eZajedno smo postavili kamen temeljac i inaugurisali smo Katedralu i danas samo zajedno na rukopolo&#382;enju\u201c, rekao je predsednik.<\/p>\n<p>Prema njegovom mi\u0161ljenju, tokom &ccaron;itavih vekova su muslimani i katolici pose&cacute;ivali poznate tekije kako bi prona\u0161li lek za bolesti ili brige, i tokom &ccaron;itavih vekova su muslimani i hri\u0161&cacute;ani odlazili u crkve da na&dstrok;u odgovore za njihove probleme.<\/p>\n<p>On je rekao da na\u0161a narodna tradicija nikada nije vr\u0161ila podele izme&dstrok;u crkve, d&#382;amije, manastira ili tekije, &#382;ele&cacute;i da ova katedrala danas i zauvek stoji kao stub gra&dstrok;ana Pri\u0161tine i Kosova, da podse&cacute;a na\u0161u decu i sve generacije koje dolaze na to ko je bila Sveta Tereza.<\/p>\n<p>\u201ePri&ccaron;a Svete Tereze Prizrena, Skoplja, Letnice i Kalkute je jedna od najbitnijih pri&ccaron;a u na\u0161oj istoriji. Zamislite jednu &#382;enu koja je ro&dstrok;ena na Balkanu u vrtlozima i lomu epoha, kada se nije znalo koje &cacute;e carstvo nasilno uzeti Kosovo \u2013 a koja je na\u0161la bo&#382;ansku inspiraciju. Na\u0161la je inspiraciju na ovoj zemlji, u ovim ljudima, pod ovim podnebljem\u201c, dodao je on.<\/p>\n<p>Predsednik Tha\u00e7i je istakao da je njena inspiracija bila da prevazi&dstrok;e sve pote\u0161ko&cacute;e i da se usredsredi na te\u0161ko&cacute;e &ccaron;ove&ccaron;anstva.<\/p>\n<p>On je dodao da ne samo &ccaron;ove&ccaron;anstvo u globalnom smislu, nego i &ccaron;ove&ccaron;anstvo koje poseduje svaki &ccaron;ovek u sebi. Na\u0161a Sveta Tereza je govorila: \u201eAko sudimo ljudima, nemamo vremena da ih volimo.\u201c<\/p>\n<p>\u201eI u njenom srcu je prona\u0161la ljubav za &ccaron;itav svet. Dakle, jedna &#382;ena sa ovog podneblja, jedna devojka, sestra i majka albanske zemlje, imala je srce veliko za ceo svet\u201c, rekao je predsednik.<\/p>\n<p>Predsednik je izrazio sre&cacute;u zbog prisustva njegove eminencije, kardinala Troshani, koji je do&#382;iveo zlo, grehove ljudi i pre&#382;iveo ih je.<\/p>\n<p>\u201eEvo danas smo sa va\u0161im sestrama i bra&cacute;om sa Kosova i slavimo rukopolo&#382;enje Katedrale Svete Tereze. Ka&#382;em slavimo jer je ovaj blagosiljani dan i ovo rukopolo&#382;enje proslava ljubavi Majke Tereze. Ovo je podse&cacute;anje za sve nas da ljubav uvek pobe&dstrok;uje, da onaj koji je ga&#382;en, onaj koji je uvek patio, da &cacute;e prona&cacute;i svetlost, ljubav i mir. &Zcaron;elim da ova ku&cacute;a postane fenjer svetlosti i izvor ljubavi jednih prema drugima\u201c, rekao je predsednik Tha\u00e7i.<\/p>\n<p>On je pozvao njegovu eminenciju, kardinala Troshani da ovu ljubav koju je danas osetio, podeli i sa Svetim ocem, Papa Fran&ccaron;eskom.<\/p>\n<p>\u201eGovorite mu o toleranciji koju imamo i da je ona stub na\u0161ih vrednosti. Govorite mu o kosovskom narodu koji je odbio mr&#382;nju, koji je odbio la&#382;, da smo nesposobni. Ga&#382;eni smo vekovima, ali smo o&ccaron;uvali na\u0161u sr&#382;, prenosili smo je vekovima i generacijama, preko o&ccaron;eva i imama, koji nisu gledali na crkvu i d&#382;amiju, ve&cacute; su gledali na narod kao izvor njihove bo&#382;anske inspiracije\u201c, rekao je on.<\/p>\n<p>Predsednik je istakao da &cacute;e tokom sastanka koji &cacute;e odr&#382;ati sa Papa Fran&ccaron;eskom govoriti o obe&cacute;anjima i postignu&cacute;ima kosovskog naroda, da na Kosovu preovladava dijalog, tolerancija, istina i me&dstrok;uetni&ccaron;ko pomirenje, normalizacija i mir izme&dstrok;u Republike Kosovo i Srbije.<\/p>\n<p>Ova katedrala je prema njegovom mi\u0161ljenju podignuta znojem naroda, dijaspore, albanskih vernika, ali i dobro&ccaron;initelja iz &ccaron;itavog svet, katolika, muslimana i Jevreja- od kongresmena iz daleke Amerike, do gra&dstrok;ana koji je dao poslednji cent za ovu Bo&#382;ju ku&cacute;u. Ova katedrala nije samo verski hram, ve&cacute; i pri&ccaron;a o na\u0161oj istoriji.<\/p>\n<p>\u201eOvim povodom dozvolite mi da ponovim &ccaron;injenicu da smo ponosni na to \u0161to su iz na\u0161eg naroda potekle dve velike figure Gjergj Kastriot Sk\u00ebnderbeu (Skenderbeg) i Majka Tereza. Ne postoji platno, ni belo ni crno koje &cacute;e prekriti nacionalnu i civilizacijsku veli&ccaron;anstvenost Gjergj-a Kastriot-a\u201c, rekao je predsednik.<br \/>\n\u00a0<\/p>\n","protected":false},"excerpt":{"rendered":"<p>Pri\u0161tina, 5. septembar \u2013 Predsednik Republike Kosovo, Hashim Tha\u00e7i, u&ccaron;estvovao je danas na sve&ccaron;anosti ordinacije (rukopolo&#382;enja) katedrale Svete Tereze.<\/p>\n","protected":false},"author":1,"featured_media":29941,"comment_status":"open","ping_status":"closed","sticky":false,"template":"","format":"standard","meta":{"_eb_attr":"","footnotes":""},"categories":[101],"tags":[],"class_list":["post-76163","post","type-post","status-publish","format-standard","has-post-thumbnail","hentry","category-vesti"],"yoast_head":"<!-- This site is optimized with the Yoast SEO plugin v23.5 - https:\/\/yoast.com\/wordpress\/plugins\/seo\/ -->\n<title>Predsednik Tha\u00e7i: Katedrala verski hram i pri&amp;ccaron;a na\u0161e istorije - Predsednik Republike Kosovo - DR. VJOSA OSMANI - SADRIU<\/title>\n<meta name=\"description\" content=\"Predsednik Tha\u00e7i: Katedrala verski hram i pri&amp;ccaron;a na\u0161e istorije - Predsednik Republike Kosovo - DR. VJOSA OSMANI - SADRIU -\" \/>\n<meta name=\"robots\" content=\"index, follow, max-snippet:-1, max-image-preview:large, max-video-preview:-1\" \/>\n<link rel=\"canonical\" href=\"https:\/\/president-ksgov.net\/sr\/predsednik-thaci-katedrala-verski-hram-i-pria-nase-istorije-3\/\" \/>\n<meta property=\"og:locale\" content=\"sr_RS\" \/>\n<meta property=\"og:type\" content=\"article\" \/>\n<meta property=\"og:title\" content=\"Predsednik Tha\u00e7i: Katedrala verski hram i pri&amp;ccaron;a na\u0161e istorije - Predsednik Republike Kosovo - DR. VJOSA OSMANI - SADRIU\" \/>\n<meta property=\"og:description\" content=\"Predsednik Tha\u00e7i: Katedrala verski hram i pri&amp;ccaron;a na\u0161e istorije - Predsednik Republike Kosovo - DR. VJOSA OSMANI - SADRIU -\" \/>\n<meta property=\"og:url\" content=\"https:\/\/president-ksgov.net\/sr\/predsednik-thaci-katedrala-verski-hram-i-pria-nase-istorije-3\/\" \/>\n<meta property=\"og:site_name\" content=\"Predsednik Republike Kosovo - DR. VJOSA OSMANI - SADRIU\" \/>\n<meta property=\"article:published_time\" content=\"2017-09-05T15:29:36+00:00\" \/>\n<meta property=\"og:image\" content=\"https:\/\/president-ksgov.net\/wp-content\/uploads\/05_09_2017_3730023_02-scaled.jpg\" \/>\n\t<meta property=\"og:image:width\" content=\"2560\" \/>\n\t<meta property=\"og:image:height\" content=\"1707\" \/>\n\t<meta property=\"og:image:type\" content=\"image\/jpeg\" \/>\n<meta name=\"author\" content=\"admin\" \/>\n<meta name=\"twitter:card\" content=\"summary_large_image\" \/>\n<meta name=\"twitter:label1\" content=\"\u041d\u0430\u043f\u0438\u0441\u0430\u043d\u043e \u043e\u0434\" \/>\n\t<meta name=\"twitter:data1\" content=\"admin\" \/>\n\t<meta name=\"twitter:label2\" content=\"\u041f\u0440\u043e\u0446\u0435\u045a\u0435\u043d\u043e \u0432\u0440\u0435\u043c\u0435 \u0447\u0438\u0442\u0430\u045a\u0430\" \/>\n\t<meta name=\"twitter:data2\" content=\"4 \u043c\u0438\u043d\u0443\u0442\u0430\" \/>\n<script type=\"application\/ld+json\" class=\"yoast-schema-graph\">{\"@context\":\"https:\/\/schema.org\",\"@graph\":[{\"@type\":\"WebPage\",\"@id\":\"https:\/\/president-ksgov.net\/sr\/predsednik-thaci-katedrala-verski-hram-i-pria-nase-istorije-3\/\",\"url\":\"https:\/\/president-ksgov.net\/sr\/predsednik-thaci-katedrala-verski-hram-i-pria-nase-istorije-3\/\",\"name\":\"Predsednik Tha\u00e7i: Katedrala verski hram i pri&ccaron;a na\u0161e istorije - Predsednik Republike Kosovo - DR. VJOSA OSMANI - SADRIU\",\"isPartOf\":{\"@id\":\"https:\/\/president-ksgov.net\/#website\"},\"primaryImageOfPage\":{\"@id\":\"https:\/\/president-ksgov.net\/sr\/predsednik-thaci-katedrala-verski-hram-i-pria-nase-istorije-3\/#primaryimage\"},\"image\":{\"@id\":\"https:\/\/president-ksgov.net\/sr\/predsednik-thaci-katedrala-verski-hram-i-pria-nase-istorije-3\/#primaryimage\"},\"thumbnailUrl\":\"https:\/\/president-ksgov.net\/wp-content\/uploads\/05_09_2017_3730023_02-scaled.jpg\",\"datePublished\":\"2017-09-05T15:29:36+00:00\",\"dateModified\":\"2017-09-05T15:29:36+00:00\",\"author\":{\"@id\":\"https:\/\/president-ksgov.net\/#\/schema\/person\/bb4337a5fb147cb2046d80548172cbee\"},\"description\":\"Predsednik Tha\u00e7i: Katedrala verski hram i pri&ccaron;a na\u0161e istorije - Predsednik Republike Kosovo - DR. VJOSA OSMANI - SADRIU -\",\"breadcrumb\":{\"@id\":\"https:\/\/president-ksgov.net\/sr\/predsednik-thaci-katedrala-verski-hram-i-pria-nase-istorije-3\/#breadcrumb\"},\"inLanguage\":\"sr-RS\",\"potentialAction\":[{\"@type\":\"ReadAction\",\"target\":[\"https:\/\/president-ksgov.net\/sr\/predsednik-thaci-katedrala-verski-hram-i-pria-nase-istorije-3\/\"]}]},{\"@type\":\"ImageObject\",\"inLanguage\":\"sr-RS\",\"@id\":\"https:\/\/president-ksgov.net\/sr\/predsednik-thaci-katedrala-verski-hram-i-pria-nase-istorije-3\/#primaryimage\",\"url\":\"https:\/\/president-ksgov.net\/wp-content\/uploads\/05_09_2017_3730023_02-scaled.jpg\",\"contentUrl\":\"https:\/\/president-ksgov.net\/wp-content\/uploads\/05_09_2017_3730023_02-scaled.jpg\",\"width\":2560,\"height\":1707},{\"@type\":\"BreadcrumbList\",\"@id\":\"https:\/\/president-ksgov.net\/sr\/predsednik-thaci-katedrala-verski-hram-i-pria-nase-istorije-3\/#breadcrumb\",\"itemListElement\":[{\"@type\":\"ListItem\",\"position\":1,\"name\":\"Home\",\"item\":\"https:\/\/president-ksgov.net\/sr\/\"},{\"@type\":\"ListItem\",\"position\":2,\"name\":\"Predsednik Tha\u00e7i: Katedrala verski hram i pri&ccaron;a na\u0161e istorije\"}]},{\"@type\":\"WebSite\",\"@id\":\"https:\/\/president-ksgov.net\/#website\",\"url\":\"https:\/\/president-ksgov.net\/\",\"name\":\"Presidente e Republik\u00ebs s\u00eb Kosov\u00ebs\",\"description\":\"Presidente e Republik\u00ebs s\u00eb Kosov\u00ebs\",\"alternateName\":\"DR. VJOSA OSMANI - SADRIU\",\"potentialAction\":[{\"@type\":\"SearchAction\",\"target\":{\"@type\":\"EntryPoint\",\"urlTemplate\":\"https:\/\/president-ksgov.net\/?s={search_term_string}\"},\"query-input\":{\"@type\":\"PropertyValueSpecification\",\"valueRequired\":true,\"valueName\":\"search_term_string\"}}],\"inLanguage\":\"sr-RS\"},{\"@type\":\"Person\",\"@id\":\"https:\/\/president-ksgov.net\/#\/schema\/person\/bb4337a5fb147cb2046d80548172cbee\",\"name\":\"admin\",\"image\":{\"@type\":\"ImageObject\",\"inLanguage\":\"sr-RS\",\"@id\":\"https:\/\/president-ksgov.net\/#\/schema\/person\/image\/\",\"url\":\"https:\/\/secure.gravatar.com\/avatar\/36156ca0fa3b8d9d25174f146e16beea0cf28f37adf1b9e19b6c9c279a7c9dd3?s=96&d=mm&r=g\",\"contentUrl\":\"https:\/\/secure.gravatar.com\/avatar\/36156ca0fa3b8d9d25174f146e16beea0cf28f37adf1b9e19b6c9c279a7c9dd3?s=96&d=mm&r=g\",\"caption\":\"admin\"},\"sameAs\":[\"https:\/\/president-ksgov.net\"]}]}<\/script>\n<!-- \/ Yoast SEO plugin. -->","yoast_head_json":{"title":"Predsednik Tha\u00e7i: Katedrala verski hram i pri&ccaron;a na\u0161e istorije - Predsednik Republike Kosovo - DR. VJOSA OSMANI - SADRIU","description":"Predsednik Tha\u00e7i: Katedrala verski hram i pri&ccaron;a na\u0161e istorije - Predsednik Republike Kosovo - DR. VJOSA OSMANI - SADRIU -","robots":{"index":"index","follow":"follow","max-snippet":"max-snippet:-1","max-image-preview":"max-image-preview:large","max-video-preview":"max-video-preview:-1"},"canonical":"https:\/\/president-ksgov.net\/sr\/predsednik-thaci-katedrala-verski-hram-i-pria-nase-istorije-3\/","og_locale":"sr_RS","og_type":"article","og_title":"Predsednik Tha\u00e7i: Katedrala verski hram i pri&ccaron;a na\u0161e istorije - Predsednik Republike Kosovo - DR. VJOSA OSMANI - SADRIU","og_description":"Predsednik Tha\u00e7i: Katedrala verski hram i pri&ccaron;a na\u0161e istorije - Predsednik Republike Kosovo - DR. VJOSA OSMANI - SADRIU -","og_url":"https:\/\/president-ksgov.net\/sr\/predsednik-thaci-katedrala-verski-hram-i-pria-nase-istorije-3\/","og_site_name":"Predsednik Republike Kosovo - DR. VJOSA OSMANI - SADRIU","article_published_time":"2017-09-05T15:29:36+00:00","og_image":[{"width":2560,"height":1707,"url":"https:\/\/president-ksgov.net\/wp-content\/uploads\/05_09_2017_3730023_02-scaled.jpg","type":"image\/jpeg"}],"author":"admin","twitter_card":"summary_large_image","twitter_misc":{"\u041d\u0430\u043f\u0438\u0441\u0430\u043d\u043e \u043e\u0434":"admin","\u041f\u0440\u043e\u0446\u0435\u045a\u0435\u043d\u043e \u0432\u0440\u0435\u043c\u0435 \u0447\u0438\u0442\u0430\u045a\u0430":"4 \u043c\u0438\u043d\u0443\u0442\u0430"},"schema":{"@context":"https:\/\/schema.org","@graph":[{"@type":"WebPage","@id":"https:\/\/president-ksgov.net\/sr\/predsednik-thaci-katedrala-verski-hram-i-pria-nase-istorije-3\/","url":"https:\/\/president-ksgov.net\/sr\/predsednik-thaci-katedrala-verski-hram-i-pria-nase-istorije-3\/","name":"Predsednik Tha\u00e7i: Katedrala verski hram i pri&ccaron;a na\u0161e istorije - Predsednik Republike Kosovo - DR. VJOSA OSMANI - SADRIU","isPartOf":{"@id":"https:\/\/president-ksgov.net\/#website"},"primaryImageOfPage":{"@id":"https:\/\/president-ksgov.net\/sr\/predsednik-thaci-katedrala-verski-hram-i-pria-nase-istorije-3\/#primaryimage"},"image":{"@id":"https:\/\/president-ksgov.net\/sr\/predsednik-thaci-katedrala-verski-hram-i-pria-nase-istorije-3\/#primaryimage"},"thumbnailUrl":"https:\/\/president-ksgov.net\/wp-content\/uploads\/05_09_2017_3730023_02-scaled.jpg","datePublished":"2017-09-05T15:29:36+00:00","dateModified":"2017-09-05T15:29:36+00:00","author":{"@id":"https:\/\/president-ksgov.net\/#\/schema\/person\/bb4337a5fb147cb2046d80548172cbee"},"description":"Predsednik Tha\u00e7i: Katedrala verski hram i pri&ccaron;a na\u0161e istorije - Predsednik Republike Kosovo - DR. VJOSA OSMANI - SADRIU -","breadcrumb":{"@id":"https:\/\/president-ksgov.net\/sr\/predsednik-thaci-katedrala-verski-hram-i-pria-nase-istorije-3\/#breadcrumb"},"inLanguage":"sr-RS","potentialAction":[{"@type":"ReadAction","target":["https:\/\/president-ksgov.net\/sr\/predsednik-thaci-katedrala-verski-hram-i-pria-nase-istorije-3\/"]}]},{"@type":"ImageObject","inLanguage":"sr-RS","@id":"https:\/\/president-ksgov.net\/sr\/predsednik-thaci-katedrala-verski-hram-i-pria-nase-istorije-3\/#primaryimage","url":"https:\/\/president-ksgov.net\/wp-content\/uploads\/05_09_2017_3730023_02-scaled.jpg","contentUrl":"https:\/\/president-ksgov.net\/wp-content\/uploads\/05_09_2017_3730023_02-scaled.jpg","width":2560,"height":1707},{"@type":"BreadcrumbList","@id":"https:\/\/president-ksgov.net\/sr\/predsednik-thaci-katedrala-verski-hram-i-pria-nase-istorije-3\/#breadcrumb","itemListElement":[{"@type":"ListItem","position":1,"name":"Home","item":"https:\/\/president-ksgov.net\/sr\/"},{"@type":"ListItem","position":2,"name":"Predsednik Tha\u00e7i: Katedrala verski hram i pri&ccaron;a na\u0161e istorije"}]},{"@type":"WebSite","@id":"https:\/\/president-ksgov.net\/#website","url":"https:\/\/president-ksgov.net\/","name":"Presidente e Republik\u00ebs s\u00eb Kosov\u00ebs","description":"Presidente e Republik\u00ebs s\u00eb Kosov\u00ebs","alternateName":"DR. VJOSA OSMANI - SADRIU","potentialAction":[{"@type":"SearchAction","target":{"@type":"EntryPoint","urlTemplate":"https:\/\/president-ksgov.net\/?s={search_term_string}"},"query-input":{"@type":"PropertyValueSpecification","valueRequired":true,"valueName":"search_term_string"}}],"inLanguage":"sr-RS"},{"@type":"Person","@id":"https:\/\/president-ksgov.net\/#\/schema\/person\/bb4337a5fb147cb2046d80548172cbee","name":"admin","image":{"@type":"ImageObject","inLanguage":"sr-RS","@id":"https:\/\/president-ksgov.net\/#\/schema\/person\/image\/","url":"https:\/\/secure.gravatar.com\/avatar\/36156ca0fa3b8d9d25174f146e16beea0cf28f37adf1b9e19b6c9c279a7c9dd3?s=96&d=mm&r=g","contentUrl":"https:\/\/secure.gravatar.com\/avatar\/36156ca0fa3b8d9d25174f146e16beea0cf28f37adf1b9e19b6c9c279a7c9dd3?s=96&d=mm&r=g","caption":"admin"},"sameAs":["https:\/\/president-ksgov.net"]}]}},"_links":{"self":[{"href":"https:\/\/president-ksgov.net\/sr\/wp-json\/wp\/v2\/posts\/76163","targetHints":{"allow":["GET"]}}],"collection":[{"href":"https:\/\/president-ksgov.net\/sr\/wp-json\/wp\/v2\/posts"}],"about":[{"href":"https:\/\/president-ksgov.net\/sr\/wp-json\/wp\/v2\/types\/post"}],"author":[{"embeddable":true,"href":"https:\/\/president-ksgov.net\/sr\/wp-json\/wp\/v2\/users\/1"}],"replies":[{"embeddable":true,"href":"https:\/\/president-ksgov.net\/sr\/wp-json\/wp\/v2\/comments?post=76163"}],"version-history":[{"count":0,"href":"https:\/\/president-ksgov.net\/sr\/wp-json\/wp\/v2\/posts\/76163\/revisions"}],"wp:featuredmedia":[{"embeddable":true,"href":"https:\/\/president-ksgov.net\/sr\/wp-json\/wp\/v2\/media\/29941"}],"wp:attachment":[{"href":"https:\/\/president-ksgov.net\/sr\/wp-json\/wp\/v2\/media?parent=76163"}],"wp:term":[{"taxonomy":"category","embeddable":true,"href":"https:\/\/president-ksgov.net\/sr\/wp-json\/wp\/v2\/categories?post=76163"},{"taxonomy":"post_tag","embeddable":true,"href":"https:\/\/president-ksgov.net\/sr\/wp-json\/wp\/v2\/tags?post=76163"}],"curies":[{"name":"wp","href":"https:\/\/api.w.org\/{rel}","templated":true}]}}