{"id":76158,"date":"2017-09-10T18:12:31","date_gmt":"2017-09-10T18:12:31","guid":{"rendered":"https:\/\/dev.president-ksgov.net\/predsednik-thaci-otputovao-u-vasington-gde-e-potpisati-sporazum-izmeu-kosova-i-mcc-a\/"},"modified":"2017-09-10T18:12:31","modified_gmt":"2017-09-10T18:12:31","slug":"predsednik-thaci-otputovao-u-vasington-gde-e-potpisati-sporazum-izmeu-kosova-i-mcc-a","status":"publish","type":"post","link":"https:\/\/president-ksgov.net\/sr\/predsednik-thaci-otputovao-u-vasington-gde-e-potpisati-sporazum-izmeu-kosova-i-mcc-a\/","title":{"rendered":"Predsednik Tha\u00e7i otputovao u Va\u0161ington gde &cacute;e potpisati sporazum izme&dstrok;u Kosova i MCC-a"},"content":{"rendered":"<p>Predsednik Republike Kosovo, Hashim Tha\u00e7i, otputovao je u Va\u0161ington u Sjedinjene Ameri&ccaron;ke Dr&#382;ave zajedno sa nacionalnim koordinatorom za Milenijumske izazove na Kosovu, Petrit-om Selimi.<\/p>\n<p>Predsednik Tha\u00e7i &cacute;e u utorak u ime Republike Kosovo potpisati sporazum izme&dstrok;u Kosova i MCC-a u prisustvu mnogih ameri&ccaron;kih kongresmena i senatora, koji podr&#382;avaju Kosovo, sada ve&cacute; nekoliko decenija.<\/p>\n<p>Ovaj sporazum od 49 miliona ameri&ccaron;kih dolara bi&cacute;e fokusiran na dva polja: Vladavina zakona i energetska efikasnost, preko razli&ccaron;itih projekata i aktivnosti koje &cacute;e se sprovoditi tokom &ccaron;etiri godine.<\/p>\n<p>Ovo je prva istorijska sve&ccaron;anost MCC-a koja ovakav sporazum potpisuje u Kongresu.<\/p>\n<p>Kosovo se prekvalifikovalo za programe MCC-a u novembru 2015. godine, s ciljem identifikacije mogu&cacute;ih polja za transformativna ulaganja radi ekonomskog porasta, smanjena siroma\u0161tva i stvaranja novih radnih mesta na Kosovu.<\/p>\n<p>\u00a0<\/p>\n","protected":false},"excerpt":{"rendered":"<p>Predsednik Republike Kosovo, Hashim Tha\u00e7i, otputovao je u Va\u0161ington u Sjedinjene Ameri&ccaron;ke Dr&#382;ave zajedno sa nacionalnim koordinatorom za Milenijumske izazove na Kosovu, Petrit-om Selimi.<\/p>\n","protected":false},"author":1,"featured_media":29894,"comment_status":"open","ping_status":"closed","sticky":false,"template":"","format":"standard","meta":{"_eb_attr":"","footnotes":""},"categories":[101],"tags":[],"class_list":["post-76158","post","type-post","status-publish","format-standard","has-post-thumbnail","hentry","category-vesti"],"yoast_head":"<!-- This site is optimized with the Yoast SEO plugin v23.5 - https:\/\/yoast.com\/wordpress\/plugins\/seo\/ -->\n<title>Predsednik Tha\u00e7i otputovao u Va\u0161ington gde &amp;cacute;e potpisati sporazum izme&amp;dstrok;u Kosova i MCC-a - Predsednik Republike Kosovo - DR. VJOSA OSMANI - SADRIU<\/title>\n<meta name=\"description\" content=\"Predsednik Tha\u00e7i otputovao u Va\u0161ington gde &amp;cacute;e potpisati sporazum izme&amp;dstrok;u Kosova i MCC-a - Predsednik Republike Kosovo - DR. VJOSA OSMANI - SADRIU -\" \/>\n<meta name=\"robots\" content=\"index, follow, max-snippet:-1, max-image-preview:large, max-video-preview:-1\" \/>\n<link rel=\"canonical\" href=\"https:\/\/president-ksgov.net\/presidenti-thaci-udhetoi-per-ne-uashington-ku-do-te-nenshkruaje-marreveshjen-mes-kosoves-dhe-mcc-se\/\" \/>\n<meta property=\"og:locale\" content=\"sr_RS\" \/>\n<meta property=\"og:type\" content=\"article\" \/>\n<meta property=\"og:title\" content=\"Predsednik Tha\u00e7i otputovao u Va\u0161ington gde &amp;cacute;e potpisati sporazum izme&amp;dstrok;u Kosova i MCC-a - Predsednik Republike Kosovo - DR. VJOSA OSMANI - SADRIU\" \/>\n<meta property=\"og:description\" content=\"Predsednik Tha\u00e7i otputovao u Va\u0161ington gde &amp;cacute;e potpisati sporazum izme&amp;dstrok;u Kosova i MCC-a - Predsednik Republike Kosovo - DR. VJOSA OSMANI - SADRIU -\" \/>\n<meta property=\"og:url\" content=\"https:\/\/president-ksgov.net\/presidenti-thaci-udhetoi-per-ne-uashington-ku-do-te-nenshkruaje-marreveshjen-mes-kosoves-dhe-mcc-se\/\" \/>\n<meta property=\"og:site_name\" content=\"Predsednik Republike Kosovo - DR. VJOSA OSMANI - SADRIU\" \/>\n<meta property=\"article:published_time\" content=\"2017-09-10T18:12:31+00:00\" \/>\n<meta property=\"og:image\" content=\"https:\/\/president-ksgov.net\/wp-content\/uploads\/10_09_2017_1176805_22_06_2017_2411470_31_05_2017_6661955_foto_.jpg\" \/>\n\t<meta property=\"og:image:width\" content=\"960\" \/>\n\t<meta property=\"og:image:height\" content=\"640\" \/>\n\t<meta property=\"og:image:type\" content=\"image\/jpeg\" \/>\n<meta name=\"author\" content=\"admin\" \/>\n<meta name=\"twitter:card\" content=\"summary_large_image\" \/>\n<meta name=\"twitter:label1\" content=\"\u041d\u0430\u043f\u0438\u0441\u0430\u043d\u043e \u043e\u0434\" \/>\n\t<meta name=\"twitter:data1\" content=\"admin\" \/>\n\t<meta name=\"twitter:label2\" content=\"\u041f\u0440\u043e\u0446\u0435\u045a\u0435\u043d\u043e \u0432\u0440\u0435\u043c\u0435 \u0447\u0438\u0442\u0430\u045a\u0430\" \/>\n\t<meta name=\"twitter:data2\" content=\"1 \u043c\u0438\u043d\u0443\u0442\" \/>\n<script type=\"application\/ld+json\" class=\"yoast-schema-graph\">{\"@context\":\"https:\/\/schema.org\",\"@graph\":[{\"@type\":\"WebPage\",\"@id\":\"https:\/\/president-ksgov.net\/presidenti-thaci-udhetoi-per-ne-uashington-ku-do-te-nenshkruaje-marreveshjen-mes-kosoves-dhe-mcc-se\/\",\"url\":\"https:\/\/president-ksgov.net\/presidenti-thaci-udhetoi-per-ne-uashington-ku-do-te-nenshkruaje-marreveshjen-mes-kosoves-dhe-mcc-se\/\",\"name\":\"Predsednik Tha\u00e7i otputovao u Va\u0161ington gde &cacute;e potpisati sporazum izme&dstrok;u Kosova i MCC-a - Predsednik Republike Kosovo - DR. VJOSA OSMANI - SADRIU\",\"isPartOf\":{\"@id\":\"https:\/\/president-ksgov.net\/#website\"},\"primaryImageOfPage\":{\"@id\":\"https:\/\/president-ksgov.net\/presidenti-thaci-udhetoi-per-ne-uashington-ku-do-te-nenshkruaje-marreveshjen-mes-kosoves-dhe-mcc-se\/#primaryimage\"},\"image\":{\"@id\":\"https:\/\/president-ksgov.net\/presidenti-thaci-udhetoi-per-ne-uashington-ku-do-te-nenshkruaje-marreveshjen-mes-kosoves-dhe-mcc-se\/#primaryimage\"},\"thumbnailUrl\":\"https:\/\/president-ksgov.net\/wp-content\/uploads\/10_09_2017_1176805_22_06_2017_2411470_31_05_2017_6661955_foto_.jpg\",\"datePublished\":\"2017-09-10T18:12:31+00:00\",\"dateModified\":\"2017-09-10T18:12:31+00:00\",\"author\":{\"@id\":\"https:\/\/president-ksgov.net\/#\/schema\/person\/bb4337a5fb147cb2046d80548172cbee\"},\"description\":\"Predsednik Tha\u00e7i otputovao u Va\u0161ington gde &cacute;e potpisati sporazum izme&dstrok;u Kosova i MCC-a - Predsednik Republike Kosovo - DR. VJOSA OSMANI - SADRIU -\",\"breadcrumb\":{\"@id\":\"https:\/\/president-ksgov.net\/presidenti-thaci-udhetoi-per-ne-uashington-ku-do-te-nenshkruaje-marreveshjen-mes-kosoves-dhe-mcc-se\/#breadcrumb\"},\"inLanguage\":\"sr-RS\",\"potentialAction\":[{\"@type\":\"ReadAction\",\"target\":[\"https:\/\/president-ksgov.net\/presidenti-thaci-udhetoi-per-ne-uashington-ku-do-te-nenshkruaje-marreveshjen-mes-kosoves-dhe-mcc-se\/\"]}]},{\"@type\":\"ImageObject\",\"inLanguage\":\"sr-RS\",\"@id\":\"https:\/\/president-ksgov.net\/presidenti-thaci-udhetoi-per-ne-uashington-ku-do-te-nenshkruaje-marreveshjen-mes-kosoves-dhe-mcc-se\/#primaryimage\",\"url\":\"https:\/\/president-ksgov.net\/wp-content\/uploads\/10_09_2017_1176805_22_06_2017_2411470_31_05_2017_6661955_foto_.jpg\",\"contentUrl\":\"https:\/\/president-ksgov.net\/wp-content\/uploads\/10_09_2017_1176805_22_06_2017_2411470_31_05_2017_6661955_foto_.jpg\",\"width\":960,\"height\":640},{\"@type\":\"BreadcrumbList\",\"@id\":\"https:\/\/president-ksgov.net\/presidenti-thaci-udhetoi-per-ne-uashington-ku-do-te-nenshkruaje-marreveshjen-mes-kosoves-dhe-mcc-se\/#breadcrumb\",\"itemListElement\":[{\"@type\":\"ListItem\",\"position\":1,\"name\":\"Home\",\"item\":\"https:\/\/president-ksgov.net\/sr\/\"},{\"@type\":\"ListItem\",\"position\":2,\"name\":\"Predsednik Tha\u00e7i otputovao u Va\u0161ington gde &cacute;e potpisati sporazum izme&dstrok;u Kosova i MCC-a\"}]},{\"@type\":\"WebSite\",\"@id\":\"https:\/\/president-ksgov.net\/#website\",\"url\":\"https:\/\/president-ksgov.net\/\",\"name\":\"Presidente e Republik\u00ebs s\u00eb Kosov\u00ebs\",\"description\":\"Presidente e Republik\u00ebs s\u00eb Kosov\u00ebs\",\"alternateName\":\"DR. VJOSA OSMANI - SADRIU\",\"potentialAction\":[{\"@type\":\"SearchAction\",\"target\":{\"@type\":\"EntryPoint\",\"urlTemplate\":\"https:\/\/president-ksgov.net\/?s={search_term_string}\"},\"query-input\":{\"@type\":\"PropertyValueSpecification\",\"valueRequired\":true,\"valueName\":\"search_term_string\"}}],\"inLanguage\":\"sr-RS\"},{\"@type\":\"Person\",\"@id\":\"https:\/\/president-ksgov.net\/#\/schema\/person\/bb4337a5fb147cb2046d80548172cbee\",\"name\":\"admin\",\"image\":{\"@type\":\"ImageObject\",\"inLanguage\":\"sr-RS\",\"@id\":\"https:\/\/president-ksgov.net\/#\/schema\/person\/image\/\",\"url\":\"https:\/\/secure.gravatar.com\/avatar\/36156ca0fa3b8d9d25174f146e16beea0cf28f37adf1b9e19b6c9c279a7c9dd3?s=96&d=mm&r=g\",\"contentUrl\":\"https:\/\/secure.gravatar.com\/avatar\/36156ca0fa3b8d9d25174f146e16beea0cf28f37adf1b9e19b6c9c279a7c9dd3?s=96&d=mm&r=g\",\"caption\":\"admin\"},\"sameAs\":[\"https:\/\/president-ksgov.net\"]}]}<\/script>\n<!-- \/ Yoast SEO plugin. -->","yoast_head_json":{"title":"Predsednik Tha\u00e7i otputovao u Va\u0161ington gde &cacute;e potpisati sporazum izme&dstrok;u Kosova i MCC-a - Predsednik Republike Kosovo - DR. VJOSA OSMANI - SADRIU","description":"Predsednik Tha\u00e7i otputovao u Va\u0161ington gde &cacute;e potpisati sporazum izme&dstrok;u Kosova i MCC-a - Predsednik Republike Kosovo - DR. VJOSA OSMANI - SADRIU -","robots":{"index":"index","follow":"follow","max-snippet":"max-snippet:-1","max-image-preview":"max-image-preview:large","max-video-preview":"max-video-preview:-1"},"canonical":"https:\/\/president-ksgov.net\/presidenti-thaci-udhetoi-per-ne-uashington-ku-do-te-nenshkruaje-marreveshjen-mes-kosoves-dhe-mcc-se\/","og_locale":"sr_RS","og_type":"article","og_title":"Predsednik Tha\u00e7i otputovao u Va\u0161ington gde &cacute;e potpisati sporazum izme&dstrok;u Kosova i MCC-a - Predsednik Republike Kosovo - DR. VJOSA OSMANI - SADRIU","og_description":"Predsednik Tha\u00e7i otputovao u Va\u0161ington gde &cacute;e potpisati sporazum izme&dstrok;u Kosova i MCC-a - Predsednik Republike Kosovo - DR. VJOSA OSMANI - SADRIU -","og_url":"https:\/\/president-ksgov.net\/presidenti-thaci-udhetoi-per-ne-uashington-ku-do-te-nenshkruaje-marreveshjen-mes-kosoves-dhe-mcc-se\/","og_site_name":"Predsednik Republike Kosovo - DR. VJOSA OSMANI - SADRIU","article_published_time":"2017-09-10T18:12:31+00:00","og_image":[{"width":960,"height":640,"url":"https:\/\/president-ksgov.net\/wp-content\/uploads\/10_09_2017_1176805_22_06_2017_2411470_31_05_2017_6661955_foto_.jpg","type":"image\/jpeg"}],"author":"admin","twitter_card":"summary_large_image","twitter_misc":{"\u041d\u0430\u043f\u0438\u0441\u0430\u043d\u043e \u043e\u0434":"admin","\u041f\u0440\u043e\u0446\u0435\u045a\u0435\u043d\u043e \u0432\u0440\u0435\u043c\u0435 \u0447\u0438\u0442\u0430\u045a\u0430":"1 \u043c\u0438\u043d\u0443\u0442"},"schema":{"@context":"https:\/\/schema.org","@graph":[{"@type":"WebPage","@id":"https:\/\/president-ksgov.net\/presidenti-thaci-udhetoi-per-ne-uashington-ku-do-te-nenshkruaje-marreveshjen-mes-kosoves-dhe-mcc-se\/","url":"https:\/\/president-ksgov.net\/presidenti-thaci-udhetoi-per-ne-uashington-ku-do-te-nenshkruaje-marreveshjen-mes-kosoves-dhe-mcc-se\/","name":"Predsednik Tha\u00e7i otputovao u Va\u0161ington gde &cacute;e potpisati sporazum izme&dstrok;u Kosova i MCC-a - Predsednik Republike Kosovo - DR. VJOSA OSMANI - SADRIU","isPartOf":{"@id":"https:\/\/president-ksgov.net\/#website"},"primaryImageOfPage":{"@id":"https:\/\/president-ksgov.net\/presidenti-thaci-udhetoi-per-ne-uashington-ku-do-te-nenshkruaje-marreveshjen-mes-kosoves-dhe-mcc-se\/#primaryimage"},"image":{"@id":"https:\/\/president-ksgov.net\/presidenti-thaci-udhetoi-per-ne-uashington-ku-do-te-nenshkruaje-marreveshjen-mes-kosoves-dhe-mcc-se\/#primaryimage"},"thumbnailUrl":"https:\/\/president-ksgov.net\/wp-content\/uploads\/10_09_2017_1176805_22_06_2017_2411470_31_05_2017_6661955_foto_.jpg","datePublished":"2017-09-10T18:12:31+00:00","dateModified":"2017-09-10T18:12:31+00:00","author":{"@id":"https:\/\/president-ksgov.net\/#\/schema\/person\/bb4337a5fb147cb2046d80548172cbee"},"description":"Predsednik Tha\u00e7i otputovao u Va\u0161ington gde &cacute;e potpisati sporazum izme&dstrok;u Kosova i MCC-a - Predsednik Republike Kosovo - DR. VJOSA OSMANI - SADRIU -","breadcrumb":{"@id":"https:\/\/president-ksgov.net\/presidenti-thaci-udhetoi-per-ne-uashington-ku-do-te-nenshkruaje-marreveshjen-mes-kosoves-dhe-mcc-se\/#breadcrumb"},"inLanguage":"sr-RS","potentialAction":[{"@type":"ReadAction","target":["https:\/\/president-ksgov.net\/presidenti-thaci-udhetoi-per-ne-uashington-ku-do-te-nenshkruaje-marreveshjen-mes-kosoves-dhe-mcc-se\/"]}]},{"@type":"ImageObject","inLanguage":"sr-RS","@id":"https:\/\/president-ksgov.net\/presidenti-thaci-udhetoi-per-ne-uashington-ku-do-te-nenshkruaje-marreveshjen-mes-kosoves-dhe-mcc-se\/#primaryimage","url":"https:\/\/president-ksgov.net\/wp-content\/uploads\/10_09_2017_1176805_22_06_2017_2411470_31_05_2017_6661955_foto_.jpg","contentUrl":"https:\/\/president-ksgov.net\/wp-content\/uploads\/10_09_2017_1176805_22_06_2017_2411470_31_05_2017_6661955_foto_.jpg","width":960,"height":640},{"@type":"BreadcrumbList","@id":"https:\/\/president-ksgov.net\/presidenti-thaci-udhetoi-per-ne-uashington-ku-do-te-nenshkruaje-marreveshjen-mes-kosoves-dhe-mcc-se\/#breadcrumb","itemListElement":[{"@type":"ListItem","position":1,"name":"Home","item":"https:\/\/president-ksgov.net\/sr\/"},{"@type":"ListItem","position":2,"name":"Predsednik Tha\u00e7i otputovao u Va\u0161ington gde &cacute;e potpisati sporazum izme&dstrok;u Kosova i MCC-a"}]},{"@type":"WebSite","@id":"https:\/\/president-ksgov.net\/#website","url":"https:\/\/president-ksgov.net\/","name":"Presidente e Republik\u00ebs s\u00eb Kosov\u00ebs","description":"Presidente e Republik\u00ebs s\u00eb Kosov\u00ebs","alternateName":"DR. VJOSA OSMANI - SADRIU","potentialAction":[{"@type":"SearchAction","target":{"@type":"EntryPoint","urlTemplate":"https:\/\/president-ksgov.net\/?s={search_term_string}"},"query-input":{"@type":"PropertyValueSpecification","valueRequired":true,"valueName":"search_term_string"}}],"inLanguage":"sr-RS"},{"@type":"Person","@id":"https:\/\/president-ksgov.net\/#\/schema\/person\/bb4337a5fb147cb2046d80548172cbee","name":"admin","image":{"@type":"ImageObject","inLanguage":"sr-RS","@id":"https:\/\/president-ksgov.net\/#\/schema\/person\/image\/","url":"https:\/\/secure.gravatar.com\/avatar\/36156ca0fa3b8d9d25174f146e16beea0cf28f37adf1b9e19b6c9c279a7c9dd3?s=96&d=mm&r=g","contentUrl":"https:\/\/secure.gravatar.com\/avatar\/36156ca0fa3b8d9d25174f146e16beea0cf28f37adf1b9e19b6c9c279a7c9dd3?s=96&d=mm&r=g","caption":"admin"},"sameAs":["https:\/\/president-ksgov.net"]}]}},"_links":{"self":[{"href":"https:\/\/president-ksgov.net\/sr\/wp-json\/wp\/v2\/posts\/76158","targetHints":{"allow":["GET"]}}],"collection":[{"href":"https:\/\/president-ksgov.net\/sr\/wp-json\/wp\/v2\/posts"}],"about":[{"href":"https:\/\/president-ksgov.net\/sr\/wp-json\/wp\/v2\/types\/post"}],"author":[{"embeddable":true,"href":"https:\/\/president-ksgov.net\/sr\/wp-json\/wp\/v2\/users\/1"}],"replies":[{"embeddable":true,"href":"https:\/\/president-ksgov.net\/sr\/wp-json\/wp\/v2\/comments?post=76158"}],"version-history":[{"count":0,"href":"https:\/\/president-ksgov.net\/sr\/wp-json\/wp\/v2\/posts\/76158\/revisions"}],"wp:featuredmedia":[{"embeddable":true,"href":"https:\/\/president-ksgov.net\/sr\/wp-json\/wp\/v2\/media\/29894"}],"wp:attachment":[{"href":"https:\/\/president-ksgov.net\/sr\/wp-json\/wp\/v2\/media?parent=76158"}],"wp:term":[{"taxonomy":"category","embeddable":true,"href":"https:\/\/president-ksgov.net\/sr\/wp-json\/wp\/v2\/categories?post=76158"},{"taxonomy":"post_tag","embeddable":true,"href":"https:\/\/president-ksgov.net\/sr\/wp-json\/wp\/v2\/tags?post=76158"}],"curies":[{"name":"wp","href":"https:\/\/api.w.org\/{rel}","templated":true}]}}