{"id":76157,"date":"2017-09-13T10:12:32","date_gmt":"2017-09-13T08:12:32","guid":{"rendered":"https:\/\/dev.president-ksgov.net\/predsednik-thaci-potpisao-je-sporazum-od-49-miliona-sa-mcc-om\/"},"modified":"2017-09-13T10:12:32","modified_gmt":"2017-09-13T10:12:32","slug":"predsednik-thaci-potpisao-je-sporazum-od-49-miliona-sa-mcc-om","status":"publish","type":"post","link":"https:\/\/president-ksgov.net\/sr\/predsednik-thaci-potpisao-je-sporazum-od-49-miliona-sa-mcc-om\/","title":{"rendered":"Predsednik Tha\u00e7i potpisao je sporazum od 49 miliona sa MCC-om"},"content":{"rendered":"<p>Va\u0161ington, 13. septembar \u2013 Predsednik Republike Kosovo, Hashim Tha\u00e7i, koji boravi u Va\u0161ingtonu u Sjedinjenim Ameri&ccaron;kim Dr&#382;avama, potpisao je u ime Republike Kosovo sporazum izme&dstrok;u Kosova i MCC-a.<\/p>\n<p>Tim povodom, predsednik Tha\u00e7i je rekao da je ovo jedan veliki dan u Va\u0161ingtonu za Kosovo.<\/p>\n<p>\u201eMi smo uvek imali dobre dane u Va\u0161ingtonu, jer Kosovo i SAD imaju dugo i jako prijateljstvo, ali danas je poseban dan jer dodajemo jo\u0161 jednog prijatelja na duga&ccaron;ak spisak prijatelja u ovom glavnom gradu. Mi potpisujemo ovaj sporazum sa MCC-om i okre&cacute;emo novu stranu u odnosima, usredre&dstrok;eni na ekonomski razvoj i vladavinu zakona\u201c; istakao je predsednik Tha\u00e7i.<\/p>\n<p>On je u nastavku rekao da je ovaj sporazum novo i veoma jako sredstvo podr\u0161ke gra&dstrok;anima Kosova, i da &cacute;e pomo&cacute;i Kosovu u sprovo&dstrok;enju projekata sa MCC-om.<\/p>\n<p>\u201eOvo &cacute;e pomo&cacute;i Kosovu da osnuje fondaciju koja &cacute;e investirati skoro 50 miliona dolara veoma fokusirano. Ova ulaganja &cacute;e pomo&cacute;i Vladi Kosova i kosovskim firmama da se bave snabdevanjem elektri&ccaron;nom energijom, u\u0161tedom energije i ja&ccaron;anjem transparentnosti Vlade za gra&dstrok;ane\u201c, potvrdio je predsednik Tha\u00e7i.<\/p>\n<p>\u0160ef dr&#382;ave je rekao da je od prvog dana u Predsedni\u0161tva pratio proces MCC-a dodaju&cacute;i da su ovaj sporazum i ovaj dan omogu&cacute;eni samo uz veliku pomo&cacute; kongresmena Engel-a i ostalih kongresmena. \u201eHvala kongresmene na va\u0161oj posve&cacute;enosti Kosovu i dovo&dstrok;enju MCC-a na Kosovo. Zahvaljujemo se po\u0161tovanim &ccaron;lanovima Kongresa i Senata koji su pomogli Kosovu u ovom procesu. Tako&dstrok;e se zahvaljujemo na\u0161im timovima, kojima su rukovodili Sarah Olmstad i Petrit Selimi koji su vredno i brzo radili kako bi stvorili projekte i kako bi doveli ovaj sporazum do ovog dana\u201c, dodao je predsednik Tha\u00e7i. <\/p>\n<p>On je dalje rekao da smo posve&cacute;eni tome da se uverimo da &cacute;e se projekti sprovoditi, \u201eSada imamo novu Vladu, ali kao predsednik Republike ja mogu da potvrdim da &cacute;e projekti MCC-a biti podr&#382;ani od strane svih politi&ccaron;kih partija i svih institucija. Civilno dru\u0161tvo Kosova i privatni sektor Kosova &cacute;e tako&dstrok;e biti bitni elementi podr\u0161ke\u201c.<\/p>\n<p>Tim povodom, predsednik Tha\u00e7i izrazio je njegovu zahvalnost biv\u0161oj predsednici Jahjaga i biv\u0161em premijeru Mustafa, na njihovoj podr\u0161ci MCC-u.<\/p>\n<p>Ocenjuju&cacute;i ovaj dan kao praznik, predsednik\u00a0 Tha\u00e7i je rekao da je to dan kada mi slavimo ovu saradnju izme&dstrok;u mnogih institucija i civilnog dru\u0161tva na Kosovu, ali tako&dstrok;e i izme&dstrok;u Kosova i Sjedinjenih Dr&#382;ava.<\/p>\n<p>\u201eOvaj sporazum koji ja danas potpisujem sa rukovodiocem MCC-a, g. Nash-om, je instrument, ali ja se nadam da se mo&#382;e razviti mnogo vi\u0161e instrumenata uz podr\u0161ku MCC-a i da &cacute;e nam pomo&cacute;i u stvaranju radnih mesta i smanjenju siroma\u0161tva na Kosovu. Tako danas slavimo ovde u Kongresu SAD-a sa prijateljima Kosova, ali tako&dstrok;e obe&cacute;avamo da &cacute;emo po&ccaron;eti da radimo, ve&cacute; od sutra, kako bi ovaj sporazum postao razlog za slavlje na jo\u0161 hiljade ljudi na Kosovu.\u201c<\/p>\n<p>S druge strane vr\u0161ilac du&#382;nosti izvr\u0161nog direktora MCC-a Jonathan Nash rekao je da poma&#382;e vladama da neke od najsiroma\u0161nijih ljudi pove&#382;e sa radnim mestima, tr&#382;i\u0161tima i mogu&cacute;nostima.<\/p>\n<p>A kongresmen SAD-a Eliot Engel je rekao da \u201cKosovo ide putem prema evro-atlantskim integracijama i da &cacute;e ovo novo partnerstvo pomo&cacute;i da zemlja napreduje prema ovom cilju.\u201d<\/p>\n<p>\u201cVlada SAD-a &cacute;e putem MCC-a raditi sa Vladom Kosova kako bi srpoveli politi&ccaron;ke i institucionalne reforme koje pove&cacute;avaju transparentnost i ja&ccaron;aju energetski sektor zemlje\u201d, rekao je on.<\/p>\n<p>A Petrit Selimi\u00a0 nacionalni koordinator za Milenijumske izazove na Kosovu je rekao da je potpisivanje sporazuma &#8222;Threshold&#8220; kraj procesa razvoja projekata, ali svakako obele&#382;ava po&ccaron;etak nove emotivne mogu&cacute;nosti za kosovske institucije, civilno dru\u0161tvo I privatni sektor da sara&dstrok;uju na ure&dstrok;enju nekoliko od ograni&ccaron;enja koja su najbitnija u pravcu razvoja Kosova. \u201cMi nestrpljivo &ccaron;ekamo da vidimo po&ccaron;etak projekata na terenu i da donesu rezultate koji &cacute;e pomo&cacute;i Kosovu u tretiranju energetske efikasnosti, korupcije i dobrog upravljanja, kao i zaga&dstrok;enja vazduha. \u201c<\/p>\n<p>Program \u201cThreshold\u201d MCC-a je usredsre&dstrok;en na kriti&ccaron;na polja za budu&cacute;nost Kosova i on &cacute;e ubrzati investicije na polju energetske efikasnosti i podr&#382;a&cacute;e projekte kako bi promovisao efektivno i odgovorno upravljanje.\u00a0<\/p>\n","protected":false},"excerpt":{"rendered":"<p>Va\u0161ington, 13. septembar \u2013 Predsednik Republike Kosovo, Hashim Tha\u00e7i, koji boravi u Va\u0161ingtonu u Sjedinjenim Ameri&ccaron;kim Dr&#382;avama, potpisao je u ime Republike Kosovo sporazum izme&dstrok;u Kosova i MCC-a.<\/p>\n","protected":false},"author":1,"featured_media":29872,"comment_status":"open","ping_status":"closed","sticky":false,"template":"","format":"standard","meta":{"_eb_attr":"","footnotes":""},"categories":[114,101],"tags":[],"class_list":["post-76157","post","type-post","status-publish","format-standard","has-post-thumbnail","hentry","category-medunarodne-posete","category-vesti"],"yoast_head":"<!-- This site is optimized with the Yoast SEO plugin v23.5 - https:\/\/yoast.com\/wordpress\/plugins\/seo\/ -->\n<title>Predsednik Tha\u00e7i potpisao je sporazum od 49 miliona sa MCC-om - Predsednik Republike Kosovo - DR. VJOSA OSMANI - SADRIU<\/title>\n<meta name=\"description\" content=\"Predsednik Tha\u00e7i potpisao je sporazum od 49 miliona sa MCC-om - Predsednik Republike Kosovo - DR. VJOSA OSMANI - SADRIU -\" \/>\n<meta name=\"robots\" content=\"index, follow, max-snippet:-1, max-image-preview:large, max-video-preview:-1\" \/>\n<link rel=\"canonical\" href=\"https:\/\/president-ksgov.net\/sr\/predsednik-thaci-potpisao-je-sporazum-od-49-miliona-sa-mcc-om\/\" \/>\n<meta property=\"og:locale\" content=\"sr_RS\" \/>\n<meta property=\"og:type\" content=\"article\" \/>\n<meta property=\"og:title\" content=\"Predsednik Tha\u00e7i potpisao je sporazum od 49 miliona sa MCC-om - Predsednik Republike Kosovo - DR. VJOSA OSMANI - SADRIU\" \/>\n<meta property=\"og:description\" content=\"Predsednik Tha\u00e7i potpisao je sporazum od 49 miliona sa MCC-om - Predsednik Republike Kosovo - DR. VJOSA OSMANI - SADRIU -\" \/>\n<meta property=\"og:url\" content=\"https:\/\/president-ksgov.net\/sr\/predsednik-thaci-potpisao-je-sporazum-od-49-miliona-sa-mcc-om\/\" \/>\n<meta property=\"og:site_name\" content=\"Predsednik Republike Kosovo - DR. VJOSA OSMANI - SADRIU\" \/>\n<meta property=\"article:published_time\" content=\"2017-09-13T08:12:32+00:00\" \/>\n<meta property=\"article:modified_time\" content=\"2017-09-13T10:12:32+00:00\" \/>\n<meta property=\"og:image\" content=\"https:\/\/president-ksgov.net\/wp-content\/uploads\/13_09_2017_9491999_M_5__1_.jpg\" \/>\n\t<meta property=\"og:image:width\" content=\"640\" \/>\n\t<meta property=\"og:image:height\" content=\"427\" \/>\n\t<meta property=\"og:image:type\" content=\"image\/jpeg\" \/>\n<meta name=\"author\" content=\"admin\" \/>\n<meta name=\"twitter:card\" content=\"summary_large_image\" \/>\n<meta name=\"twitter:label1\" content=\"\u041d\u0430\u043f\u0438\u0441\u0430\u043d\u043e \u043e\u0434\" \/>\n\t<meta name=\"twitter:data1\" content=\"admin\" \/>\n\t<meta name=\"twitter:label2\" content=\"\u041f\u0440\u043e\u0446\u0435\u045a\u0435\u043d\u043e \u0432\u0440\u0435\u043c\u0435 \u0447\u0438\u0442\u0430\u045a\u0430\" \/>\n\t<meta name=\"twitter:data2\" content=\"4 \u043c\u0438\u043d\u0443\u0442\u0430\" \/>\n<script type=\"application\/ld+json\" class=\"yoast-schema-graph\">{\"@context\":\"https:\/\/schema.org\",\"@graph\":[{\"@type\":\"WebPage\",\"@id\":\"https:\/\/president-ksgov.net\/sr\/predsednik-thaci-potpisao-je-sporazum-od-49-miliona-sa-mcc-om\/\",\"url\":\"https:\/\/president-ksgov.net\/sr\/predsednik-thaci-potpisao-je-sporazum-od-49-miliona-sa-mcc-om\/\",\"name\":\"Predsednik Tha\u00e7i potpisao je sporazum od 49 miliona sa MCC-om - Predsednik Republike Kosovo - DR. VJOSA OSMANI - SADRIU\",\"isPartOf\":{\"@id\":\"https:\/\/president-ksgov.net\/#website\"},\"primaryImageOfPage\":{\"@id\":\"https:\/\/president-ksgov.net\/sr\/predsednik-thaci-potpisao-je-sporazum-od-49-miliona-sa-mcc-om\/#primaryimage\"},\"image\":{\"@id\":\"https:\/\/president-ksgov.net\/sr\/predsednik-thaci-potpisao-je-sporazum-od-49-miliona-sa-mcc-om\/#primaryimage\"},\"thumbnailUrl\":\"https:\/\/president-ksgov.net\/wp-content\/uploads\/13_09_2017_9491999_M_5__1_.jpg\",\"datePublished\":\"2017-09-13T08:12:32+00:00\",\"dateModified\":\"2017-09-13T10:12:32+00:00\",\"author\":{\"@id\":\"https:\/\/president-ksgov.net\/#\/schema\/person\/bb4337a5fb147cb2046d80548172cbee\"},\"description\":\"Predsednik Tha\u00e7i potpisao je sporazum od 49 miliona sa MCC-om - Predsednik Republike Kosovo - DR. VJOSA OSMANI - SADRIU -\",\"breadcrumb\":{\"@id\":\"https:\/\/president-ksgov.net\/sr\/predsednik-thaci-potpisao-je-sporazum-od-49-miliona-sa-mcc-om\/#breadcrumb\"},\"inLanguage\":\"sr-RS\",\"potentialAction\":[{\"@type\":\"ReadAction\",\"target\":[\"https:\/\/president-ksgov.net\/sr\/predsednik-thaci-potpisao-je-sporazum-od-49-miliona-sa-mcc-om\/\"]}]},{\"@type\":\"ImageObject\",\"inLanguage\":\"sr-RS\",\"@id\":\"https:\/\/president-ksgov.net\/sr\/predsednik-thaci-potpisao-je-sporazum-od-49-miliona-sa-mcc-om\/#primaryimage\",\"url\":\"https:\/\/president-ksgov.net\/wp-content\/uploads\/13_09_2017_9491999_M_5__1_.jpg\",\"contentUrl\":\"https:\/\/president-ksgov.net\/wp-content\/uploads\/13_09_2017_9491999_M_5__1_.jpg\",\"width\":640,\"height\":427},{\"@type\":\"BreadcrumbList\",\"@id\":\"https:\/\/president-ksgov.net\/sr\/predsednik-thaci-potpisao-je-sporazum-od-49-miliona-sa-mcc-om\/#breadcrumb\",\"itemListElement\":[{\"@type\":\"ListItem\",\"position\":1,\"name\":\"Home\",\"item\":\"https:\/\/president-ksgov.net\/sr\/\"},{\"@type\":\"ListItem\",\"position\":2,\"name\":\"Predsednik Tha\u00e7i potpisao je sporazum od 49 miliona sa MCC-om\"}]},{\"@type\":\"WebSite\",\"@id\":\"https:\/\/president-ksgov.net\/#website\",\"url\":\"https:\/\/president-ksgov.net\/\",\"name\":\"Presidente e Republik\u00ebs s\u00eb Kosov\u00ebs\",\"description\":\"Presidente e Republik\u00ebs s\u00eb Kosov\u00ebs\",\"alternateName\":\"DR. VJOSA OSMANI - SADRIU\",\"potentialAction\":[{\"@type\":\"SearchAction\",\"target\":{\"@type\":\"EntryPoint\",\"urlTemplate\":\"https:\/\/president-ksgov.net\/?s={search_term_string}\"},\"query-input\":{\"@type\":\"PropertyValueSpecification\",\"valueRequired\":true,\"valueName\":\"search_term_string\"}}],\"inLanguage\":\"sr-RS\"},{\"@type\":\"Person\",\"@id\":\"https:\/\/president-ksgov.net\/#\/schema\/person\/bb4337a5fb147cb2046d80548172cbee\",\"name\":\"admin\",\"image\":{\"@type\":\"ImageObject\",\"inLanguage\":\"sr-RS\",\"@id\":\"https:\/\/president-ksgov.net\/#\/schema\/person\/image\/\",\"url\":\"https:\/\/secure.gravatar.com\/avatar\/36156ca0fa3b8d9d25174f146e16beea0cf28f37adf1b9e19b6c9c279a7c9dd3?s=96&d=mm&r=g\",\"contentUrl\":\"https:\/\/secure.gravatar.com\/avatar\/36156ca0fa3b8d9d25174f146e16beea0cf28f37adf1b9e19b6c9c279a7c9dd3?s=96&d=mm&r=g\",\"caption\":\"admin\"},\"sameAs\":[\"https:\/\/president-ksgov.net\"]}]}<\/script>\n<!-- \/ Yoast SEO plugin. -->","yoast_head_json":{"title":"Predsednik Tha\u00e7i potpisao je sporazum od 49 miliona sa MCC-om - Predsednik Republike Kosovo - DR. VJOSA OSMANI - SADRIU","description":"Predsednik Tha\u00e7i potpisao je sporazum od 49 miliona sa MCC-om - Predsednik Republike Kosovo - DR. VJOSA OSMANI - SADRIU -","robots":{"index":"index","follow":"follow","max-snippet":"max-snippet:-1","max-image-preview":"max-image-preview:large","max-video-preview":"max-video-preview:-1"},"canonical":"https:\/\/president-ksgov.net\/sr\/predsednik-thaci-potpisao-je-sporazum-od-49-miliona-sa-mcc-om\/","og_locale":"sr_RS","og_type":"article","og_title":"Predsednik Tha\u00e7i potpisao je sporazum od 49 miliona sa MCC-om - Predsednik Republike Kosovo - DR. VJOSA OSMANI - SADRIU","og_description":"Predsednik Tha\u00e7i potpisao je sporazum od 49 miliona sa MCC-om - Predsednik Republike Kosovo - DR. VJOSA OSMANI - SADRIU -","og_url":"https:\/\/president-ksgov.net\/sr\/predsednik-thaci-potpisao-je-sporazum-od-49-miliona-sa-mcc-om\/","og_site_name":"Predsednik Republike Kosovo - DR. VJOSA OSMANI - SADRIU","article_published_time":"2017-09-13T08:12:32+00:00","article_modified_time":"2017-09-13T10:12:32+00:00","og_image":[{"width":640,"height":427,"url":"https:\/\/president-ksgov.net\/wp-content\/uploads\/13_09_2017_9491999_M_5__1_.jpg","type":"image\/jpeg"}],"author":"admin","twitter_card":"summary_large_image","twitter_misc":{"\u041d\u0430\u043f\u0438\u0441\u0430\u043d\u043e \u043e\u0434":"admin","\u041f\u0440\u043e\u0446\u0435\u045a\u0435\u043d\u043e \u0432\u0440\u0435\u043c\u0435 \u0447\u0438\u0442\u0430\u045a\u0430":"4 \u043c\u0438\u043d\u0443\u0442\u0430"},"schema":{"@context":"https:\/\/schema.org","@graph":[{"@type":"WebPage","@id":"https:\/\/president-ksgov.net\/sr\/predsednik-thaci-potpisao-je-sporazum-od-49-miliona-sa-mcc-om\/","url":"https:\/\/president-ksgov.net\/sr\/predsednik-thaci-potpisao-je-sporazum-od-49-miliona-sa-mcc-om\/","name":"Predsednik Tha\u00e7i potpisao je sporazum od 49 miliona sa MCC-om - Predsednik Republike Kosovo - DR. VJOSA OSMANI - SADRIU","isPartOf":{"@id":"https:\/\/president-ksgov.net\/#website"},"primaryImageOfPage":{"@id":"https:\/\/president-ksgov.net\/sr\/predsednik-thaci-potpisao-je-sporazum-od-49-miliona-sa-mcc-om\/#primaryimage"},"image":{"@id":"https:\/\/president-ksgov.net\/sr\/predsednik-thaci-potpisao-je-sporazum-od-49-miliona-sa-mcc-om\/#primaryimage"},"thumbnailUrl":"https:\/\/president-ksgov.net\/wp-content\/uploads\/13_09_2017_9491999_M_5__1_.jpg","datePublished":"2017-09-13T08:12:32+00:00","dateModified":"2017-09-13T10:12:32+00:00","author":{"@id":"https:\/\/president-ksgov.net\/#\/schema\/person\/bb4337a5fb147cb2046d80548172cbee"},"description":"Predsednik Tha\u00e7i potpisao je sporazum od 49 miliona sa MCC-om - Predsednik Republike Kosovo - DR. VJOSA OSMANI - SADRIU -","breadcrumb":{"@id":"https:\/\/president-ksgov.net\/sr\/predsednik-thaci-potpisao-je-sporazum-od-49-miliona-sa-mcc-om\/#breadcrumb"},"inLanguage":"sr-RS","potentialAction":[{"@type":"ReadAction","target":["https:\/\/president-ksgov.net\/sr\/predsednik-thaci-potpisao-je-sporazum-od-49-miliona-sa-mcc-om\/"]}]},{"@type":"ImageObject","inLanguage":"sr-RS","@id":"https:\/\/president-ksgov.net\/sr\/predsednik-thaci-potpisao-je-sporazum-od-49-miliona-sa-mcc-om\/#primaryimage","url":"https:\/\/president-ksgov.net\/wp-content\/uploads\/13_09_2017_9491999_M_5__1_.jpg","contentUrl":"https:\/\/president-ksgov.net\/wp-content\/uploads\/13_09_2017_9491999_M_5__1_.jpg","width":640,"height":427},{"@type":"BreadcrumbList","@id":"https:\/\/president-ksgov.net\/sr\/predsednik-thaci-potpisao-je-sporazum-od-49-miliona-sa-mcc-om\/#breadcrumb","itemListElement":[{"@type":"ListItem","position":1,"name":"Home","item":"https:\/\/president-ksgov.net\/sr\/"},{"@type":"ListItem","position":2,"name":"Predsednik Tha\u00e7i potpisao je sporazum od 49 miliona sa MCC-om"}]},{"@type":"WebSite","@id":"https:\/\/president-ksgov.net\/#website","url":"https:\/\/president-ksgov.net\/","name":"Presidente e Republik\u00ebs s\u00eb Kosov\u00ebs","description":"Presidente e Republik\u00ebs s\u00eb Kosov\u00ebs","alternateName":"DR. VJOSA OSMANI - SADRIU","potentialAction":[{"@type":"SearchAction","target":{"@type":"EntryPoint","urlTemplate":"https:\/\/president-ksgov.net\/?s={search_term_string}"},"query-input":{"@type":"PropertyValueSpecification","valueRequired":true,"valueName":"search_term_string"}}],"inLanguage":"sr-RS"},{"@type":"Person","@id":"https:\/\/president-ksgov.net\/#\/schema\/person\/bb4337a5fb147cb2046d80548172cbee","name":"admin","image":{"@type":"ImageObject","inLanguage":"sr-RS","@id":"https:\/\/president-ksgov.net\/#\/schema\/person\/image\/","url":"https:\/\/secure.gravatar.com\/avatar\/36156ca0fa3b8d9d25174f146e16beea0cf28f37adf1b9e19b6c9c279a7c9dd3?s=96&d=mm&r=g","contentUrl":"https:\/\/secure.gravatar.com\/avatar\/36156ca0fa3b8d9d25174f146e16beea0cf28f37adf1b9e19b6c9c279a7c9dd3?s=96&d=mm&r=g","caption":"admin"},"sameAs":["https:\/\/president-ksgov.net"]}]}},"_links":{"self":[{"href":"https:\/\/president-ksgov.net\/sr\/wp-json\/wp\/v2\/posts\/76157","targetHints":{"allow":["GET"]}}],"collection":[{"href":"https:\/\/president-ksgov.net\/sr\/wp-json\/wp\/v2\/posts"}],"about":[{"href":"https:\/\/president-ksgov.net\/sr\/wp-json\/wp\/v2\/types\/post"}],"author":[{"embeddable":true,"href":"https:\/\/president-ksgov.net\/sr\/wp-json\/wp\/v2\/users\/1"}],"replies":[{"embeddable":true,"href":"https:\/\/president-ksgov.net\/sr\/wp-json\/wp\/v2\/comments?post=76157"}],"version-history":[{"count":0,"href":"https:\/\/president-ksgov.net\/sr\/wp-json\/wp\/v2\/posts\/76157\/revisions"}],"wp:featuredmedia":[{"embeddable":true,"href":"https:\/\/president-ksgov.net\/sr\/wp-json\/wp\/v2\/media\/29872"}],"wp:attachment":[{"href":"https:\/\/president-ksgov.net\/sr\/wp-json\/wp\/v2\/media?parent=76157"}],"wp:term":[{"taxonomy":"category","embeddable":true,"href":"https:\/\/president-ksgov.net\/sr\/wp-json\/wp\/v2\/categories?post=76157"},{"taxonomy":"post_tag","embeddable":true,"href":"https:\/\/president-ksgov.net\/sr\/wp-json\/wp\/v2\/tags?post=76157"}],"curies":[{"name":"wp","href":"https:\/\/api.w.org\/{rel}","templated":true}]}}