{"id":76153,"date":"2017-09-15T16:13:04","date_gmt":"2017-09-15T16:13:04","guid":{"rendered":"https:\/\/dev.president-ksgov.net\/predsednik-thaci-doekao-premijera-kosova-ramush-a-haradinaj-a\/"},"modified":"2017-09-15T16:13:04","modified_gmt":"2017-09-15T16:13:04","slug":"predsednik-thaci-doekao-premijera-kosova-ramush-a-haradinaj-a","status":"publish","type":"post","link":"https:\/\/president-ksgov.net\/sr\/predsednik-thaci-doekao-premijera-kosova-ramush-a-haradinaj-a\/","title":{"rendered":"Predsednik Tha\u00e7i do&ccaron;ekao premijera Kosova, Ramush-a Haradinaj-a"},"content":{"rendered":"<p>Pri\u0161tina, 15. septembar 2017. godine- Predsednik Republike Kosova, Hashim Tha\u00e7i, do&ccaron;ekao je na prvom sastanku tek izabranog premijera Republike Kosovo, Ramush-a Haradinaj-a.<\/p>\n<p>Predsednik Tha\u00e7i\u00a0 mu je izrazio najlep\u0161e &#382;elje na &ccaron;elu Vlade u zemlji i ujedno je tim povodom izrazio i obe&cacute;anje za saradnju.<\/p>\n<p>\u0160ef dr&#382;ave je tim povodom rekao da se danas prepodne sastao sa predsednikom Skup\u0161tine Republike Kosovo, gospodinom Kadri Veseli-em, kao i sada sa tek izabranim premijerom Republike Kosova, g. Haradinaj-em, kako bi zaista otpo&ccaron;ela jedna nova faza institucionalnih anga&#382;ovanja, faza koja &cacute;e ubrzati proces evro-atlantskih integracija.<\/p>\n<p>\u201e&Ccaron;estitaju&cacute;i izbor premijeru Haradinaj-u, u isto vreme mi delimo na\u0161e institucionalne odgovornosti u vr\u0161enju ovih zajedni&ccaron;kih prioriteta koji su od izuzetne va&#382;nosti za na\u0161u dr&#382;avu\u201c, rekao je predsednik Tha\u00e7i .<\/p>\n<p>On je tako&dstrok;e otkrio da se na sastanku izme&dstrok;u njega i premijera Haradinaj diskutovalo i o nastavljanju neophodnih i potrebnih demokratskih reformi za novu dr&#382;avu.<\/p>\n<p>Predsednik Tha\u00e7i\u00a0 je rekao da je Kosovo pro\u0161lo kroz neke bitne izazove demokratije, kao \u0161to su organizovanje fer, slobodnih, demokratskih i transparentnih izbora koji su cenjeni od strane &ccaron;itavog politi&ccaron;kog spektra i me&dstrok;unarodne zajednice.<\/p>\n<p>Tako&dstrok;e jo\u0161 jedna izvanredna zasluga kosovskih politi&ccaron;kih partija konstitucija Skup\u0161tine, osnivanje Vlade od same unutra\u0161nje debate politi&ccaron;kog spektra, bez ume\u0161anosti me&dstrok;unarodne zajednice, ocenjuju&cacute;i to kao novu politi&ccaron;ku kulturu.<\/p>\n<p>\u201eRazgovarao sam sa premijerom Haradinaj i danas ranije sa predsednikom Skup\u0161tine Veseli o anga&#382;ovanjima koja &cacute;e nam biti zajedni&ccaron;ka kako bismo ubrzali proces integracije Kosova u NATO, Evropsku uniju i u Organizaciju Ujedinjenih nacija\u201c nastavio je predsednik Tha\u00e7i.<\/p>\n<p>On je dalje rekao da je to samo po&ccaron;etak vladinog mandata i da &cacute;e naravno biti prostora i mogu&cacute;nosti za debatu i u Skup\u0161tini Kosova o prioritetima Vlade Kosova, izra&#382;avaju&cacute;i potpuno poverenje da &cacute;e biti obuhva&cacute;ene i opozicione partije i svi, jer prema njegovom mi\u0161ljenju, samo ujedinjeni mo&#382;emo napredovati jo\u0161 br&#382;e i jo\u0161 bolje.<\/p>\n<p>\u201eIma prostora za doprinos svih, verujem da &cacute;e se stvoriti te okolnosti, u tim uslovima komunikacije i saradnje koje su zajedni&ccaron;ki interesi, naravno uvek po\u0161tuju&cacute;i i pozicioniranje Vlade i opozicije. Ali ima mnogo vi\u0161e prioriteta koji ujedinjuju politi&ccaron;ke partije, nego oni koji razlikuju njihove pristupe\u201c, istakao je \u0161ef dr&#382;ave.<\/p>\n<p>Predsednik Tha\u00e7i je izrazio njegovo uverenje da &cacute;e stvari koje su preostale da se zavr\u0161e, biti zavr\u0161ene ubrzo, ali da &cacute;e i novi prioriteti koje je pred sebe stavio premijer Haradinaj, Vlada Haradinaj, mo&cacute;i da se sprovedu u bliskoj budu&cacute;nosti.<\/p>\n<p>\u201eJa sam svestan da &cacute;e biti puno izazova, da &cacute;e biti pote\u0161ko&cacute;a, da &cacute;e biti suo&ccaron;avanja. Ali energijom i odlu&ccaron;no\u0161&cacute;u sve &cacute;e se zavr\u0161iti, ja sam optimista\u201c, zaklju&ccaron;io je predsednik Tha\u00e7i.<\/p>\n<p>A s druge strane, tek izabrani premijer Republike Kosova, Ramush Haradinaj je rekao da je ovo prvi sastanak sa predsednikom, ali da prema njegovom mi\u0161ljenju ovde po&ccaron;inje jedna praksa redovnih sastanaka koja &cacute;e se pratiti u budu&cacute;nosti.<\/p>\n<p>\u201eMeni je &ccaron;ast danas da sam odr&#382;ao sastanak sa predsednikom Kosova, gospodinom Tha\u00e7i-em. Ujedno da zapo&ccaron;nemo jednu praksu sada, koju &cacute;emo pratiti konstantno, praksu redovnih sastanaka, na kojima &cacute;u koristiti priliku da izve\u0161tavam predsedniku o doga&dstrok;ajima upravljanja u zemlji\u201c, istakao je premijer Haradinaj.<\/p>\n<p>On je dalje rekao da javno menjenje i gra&dstrok;ani zemlje treba da budu svesni da smo samo snimili stanje upravljanja u zemlji, da sada znamo kakvo je upravljanje i koje je realno stanje u zemlji.<\/p>\n<p>\u201eNaredne nedelje, predstavi&cacute;emo Skup\u0161tini i zemlji u program upravljanja, ali koji je zasnovan ta&ccaron;no na realnom stanju\u201c, dodao je Haradinaj.<br \/>\n\u00a0<\/p>\n","protected":false},"excerpt":{"rendered":"<p>Pri\u0161tina, 15. septembar 2017. godine- Predsednik Republike Kosova, Hashim Tha\u00e7i, do&ccaron;ekao je na prvom sastanku tek izabranog premijera Republike Kosovo, Ramush-a Haradinaj-a.<\/p>\n","protected":false},"author":1,"featured_media":29838,"comment_status":"open","ping_status":"closed","sticky":false,"template":"","format":"standard","meta":{"_eb_attr":"","footnotes":""},"categories":[101],"tags":[],"class_list":["post-76153","post","type-post","status-publish","format-standard","has-post-thumbnail","hentry","category-vesti"],"yoast_head":"<!-- This site is optimized with the Yoast SEO plugin v23.5 - https:\/\/yoast.com\/wordpress\/plugins\/seo\/ -->\n<title>Predsednik Tha\u00e7i do&amp;ccaron;ekao premijera Kosova, Ramush-a Haradinaj-a - Predsednik Republike Kosovo - DR. VJOSA OSMANI - SADRIU<\/title>\n<meta name=\"description\" content=\"Predsednik Tha\u00e7i do&amp;ccaron;ekao premijera Kosova, Ramush-a Haradinaj-a - Predsednik Republike Kosovo - DR. VJOSA OSMANI - SADRIU -\" \/>\n<meta name=\"robots\" content=\"index, follow, max-snippet:-1, max-image-preview:large, max-video-preview:-1\" \/>\n<link rel=\"canonical\" href=\"https:\/\/president-ksgov.net\/sr\/predsednik-thaci-doekao-premijera-kosova-ramush-a-haradinaj-a\/\" \/>\n<meta property=\"og:locale\" content=\"sr_RS\" \/>\n<meta property=\"og:type\" content=\"article\" \/>\n<meta property=\"og:title\" content=\"Predsednik Tha\u00e7i do&amp;ccaron;ekao premijera Kosova, Ramush-a Haradinaj-a - Predsednik Republike Kosovo - DR. VJOSA OSMANI - SADRIU\" \/>\n<meta property=\"og:description\" content=\"Predsednik Tha\u00e7i do&amp;ccaron;ekao premijera Kosova, Ramush-a Haradinaj-a - Predsednik Republike Kosovo - DR. VJOSA OSMANI - SADRIU -\" \/>\n<meta property=\"og:url\" content=\"https:\/\/president-ksgov.net\/sr\/predsednik-thaci-doekao-premijera-kosova-ramush-a-haradinaj-a\/\" \/>\n<meta property=\"og:site_name\" content=\"Predsednik Republike Kosovo - DR. VJOSA OSMANI - SADRIU\" \/>\n<meta property=\"article:published_time\" content=\"2017-09-15T16:13:04+00:00\" \/>\n<meta property=\"og:image\" content=\"https:\/\/president-ksgov.net\/wp-content\/uploads\/15_09_2017_3019725_15_09_2017_Takim_me_kryeministrin_2.jpg\" \/>\n\t<meta property=\"og:image:width\" content=\"2000\" \/>\n\t<meta property=\"og:image:height\" content=\"1238\" \/>\n\t<meta property=\"og:image:type\" content=\"image\/jpeg\" \/>\n<meta name=\"author\" content=\"admin\" \/>\n<meta name=\"twitter:card\" content=\"summary_large_image\" \/>\n<meta name=\"twitter:label1\" content=\"\u041d\u0430\u043f\u0438\u0441\u0430\u043d\u043e \u043e\u0434\" \/>\n\t<meta name=\"twitter:data1\" content=\"admin\" \/>\n\t<meta name=\"twitter:label2\" content=\"\u041f\u0440\u043e\u0446\u0435\u045a\u0435\u043d\u043e \u0432\u0440\u0435\u043c\u0435 \u0447\u0438\u0442\u0430\u045a\u0430\" \/>\n\t<meta name=\"twitter:data2\" content=\"3 \u043c\u0438\u043d\u0443\u0442\u0430\" \/>\n<script type=\"application\/ld+json\" class=\"yoast-schema-graph\">{\"@context\":\"https:\/\/schema.org\",\"@graph\":[{\"@type\":\"WebPage\",\"@id\":\"https:\/\/president-ksgov.net\/sr\/predsednik-thaci-doekao-premijera-kosova-ramush-a-haradinaj-a\/\",\"url\":\"https:\/\/president-ksgov.net\/sr\/predsednik-thaci-doekao-premijera-kosova-ramush-a-haradinaj-a\/\",\"name\":\"Predsednik Tha\u00e7i do&ccaron;ekao premijera Kosova, Ramush-a Haradinaj-a - Predsednik Republike Kosovo - DR. VJOSA OSMANI - SADRIU\",\"isPartOf\":{\"@id\":\"https:\/\/president-ksgov.net\/#website\"},\"primaryImageOfPage\":{\"@id\":\"https:\/\/president-ksgov.net\/sr\/predsednik-thaci-doekao-premijera-kosova-ramush-a-haradinaj-a\/#primaryimage\"},\"image\":{\"@id\":\"https:\/\/president-ksgov.net\/sr\/predsednik-thaci-doekao-premijera-kosova-ramush-a-haradinaj-a\/#primaryimage\"},\"thumbnailUrl\":\"https:\/\/president-ksgov.net\/wp-content\/uploads\/15_09_2017_3019725_15_09_2017_Takim_me_kryeministrin_2.jpg\",\"datePublished\":\"2017-09-15T16:13:04+00:00\",\"dateModified\":\"2017-09-15T16:13:04+00:00\",\"author\":{\"@id\":\"https:\/\/president-ksgov.net\/#\/schema\/person\/bb4337a5fb147cb2046d80548172cbee\"},\"description\":\"Predsednik Tha\u00e7i do&ccaron;ekao premijera Kosova, Ramush-a Haradinaj-a - Predsednik Republike Kosovo - DR. VJOSA OSMANI - SADRIU -\",\"breadcrumb\":{\"@id\":\"https:\/\/president-ksgov.net\/sr\/predsednik-thaci-doekao-premijera-kosova-ramush-a-haradinaj-a\/#breadcrumb\"},\"inLanguage\":\"sr-RS\",\"potentialAction\":[{\"@type\":\"ReadAction\",\"target\":[\"https:\/\/president-ksgov.net\/sr\/predsednik-thaci-doekao-premijera-kosova-ramush-a-haradinaj-a\/\"]}]},{\"@type\":\"ImageObject\",\"inLanguage\":\"sr-RS\",\"@id\":\"https:\/\/president-ksgov.net\/sr\/predsednik-thaci-doekao-premijera-kosova-ramush-a-haradinaj-a\/#primaryimage\",\"url\":\"https:\/\/president-ksgov.net\/wp-content\/uploads\/15_09_2017_3019725_15_09_2017_Takim_me_kryeministrin_2.jpg\",\"contentUrl\":\"https:\/\/president-ksgov.net\/wp-content\/uploads\/15_09_2017_3019725_15_09_2017_Takim_me_kryeministrin_2.jpg\",\"width\":2000,\"height\":1238},{\"@type\":\"BreadcrumbList\",\"@id\":\"https:\/\/president-ksgov.net\/sr\/predsednik-thaci-doekao-premijera-kosova-ramush-a-haradinaj-a\/#breadcrumb\",\"itemListElement\":[{\"@type\":\"ListItem\",\"position\":1,\"name\":\"Home\",\"item\":\"https:\/\/president-ksgov.net\/sr\/\"},{\"@type\":\"ListItem\",\"position\":2,\"name\":\"Predsednik Tha\u00e7i do&ccaron;ekao premijera Kosova, Ramush-a Haradinaj-a\"}]},{\"@type\":\"WebSite\",\"@id\":\"https:\/\/president-ksgov.net\/#website\",\"url\":\"https:\/\/president-ksgov.net\/\",\"name\":\"Presidente e Republik\u00ebs s\u00eb Kosov\u00ebs\",\"description\":\"Presidente e Republik\u00ebs s\u00eb Kosov\u00ebs\",\"alternateName\":\"DR. VJOSA OSMANI - SADRIU\",\"potentialAction\":[{\"@type\":\"SearchAction\",\"target\":{\"@type\":\"EntryPoint\",\"urlTemplate\":\"https:\/\/president-ksgov.net\/?s={search_term_string}\"},\"query-input\":{\"@type\":\"PropertyValueSpecification\",\"valueRequired\":true,\"valueName\":\"search_term_string\"}}],\"inLanguage\":\"sr-RS\"},{\"@type\":\"Person\",\"@id\":\"https:\/\/president-ksgov.net\/#\/schema\/person\/bb4337a5fb147cb2046d80548172cbee\",\"name\":\"admin\",\"image\":{\"@type\":\"ImageObject\",\"inLanguage\":\"sr-RS\",\"@id\":\"https:\/\/president-ksgov.net\/#\/schema\/person\/image\/\",\"url\":\"https:\/\/secure.gravatar.com\/avatar\/36156ca0fa3b8d9d25174f146e16beea0cf28f37adf1b9e19b6c9c279a7c9dd3?s=96&d=mm&r=g\",\"contentUrl\":\"https:\/\/secure.gravatar.com\/avatar\/36156ca0fa3b8d9d25174f146e16beea0cf28f37adf1b9e19b6c9c279a7c9dd3?s=96&d=mm&r=g\",\"caption\":\"admin\"},\"sameAs\":[\"https:\/\/president-ksgov.net\"]}]}<\/script>\n<!-- \/ Yoast SEO plugin. -->","yoast_head_json":{"title":"Predsednik Tha\u00e7i do&ccaron;ekao premijera Kosova, Ramush-a Haradinaj-a - Predsednik Republike Kosovo - DR. VJOSA OSMANI - SADRIU","description":"Predsednik Tha\u00e7i do&ccaron;ekao premijera Kosova, Ramush-a Haradinaj-a - Predsednik Republike Kosovo - DR. VJOSA OSMANI - SADRIU -","robots":{"index":"index","follow":"follow","max-snippet":"max-snippet:-1","max-image-preview":"max-image-preview:large","max-video-preview":"max-video-preview:-1"},"canonical":"https:\/\/president-ksgov.net\/sr\/predsednik-thaci-doekao-premijera-kosova-ramush-a-haradinaj-a\/","og_locale":"sr_RS","og_type":"article","og_title":"Predsednik Tha\u00e7i do&ccaron;ekao premijera Kosova, Ramush-a Haradinaj-a - Predsednik Republike Kosovo - DR. VJOSA OSMANI - SADRIU","og_description":"Predsednik Tha\u00e7i do&ccaron;ekao premijera Kosova, Ramush-a Haradinaj-a - Predsednik Republike Kosovo - DR. VJOSA OSMANI - SADRIU -","og_url":"https:\/\/president-ksgov.net\/sr\/predsednik-thaci-doekao-premijera-kosova-ramush-a-haradinaj-a\/","og_site_name":"Predsednik Republike Kosovo - DR. VJOSA OSMANI - SADRIU","article_published_time":"2017-09-15T16:13:04+00:00","og_image":[{"width":2000,"height":1238,"url":"https:\/\/president-ksgov.net\/wp-content\/uploads\/15_09_2017_3019725_15_09_2017_Takim_me_kryeministrin_2.jpg","type":"image\/jpeg"}],"author":"admin","twitter_card":"summary_large_image","twitter_misc":{"\u041d\u0430\u043f\u0438\u0441\u0430\u043d\u043e \u043e\u0434":"admin","\u041f\u0440\u043e\u0446\u0435\u045a\u0435\u043d\u043e \u0432\u0440\u0435\u043c\u0435 \u0447\u0438\u0442\u0430\u045a\u0430":"3 \u043c\u0438\u043d\u0443\u0442\u0430"},"schema":{"@context":"https:\/\/schema.org","@graph":[{"@type":"WebPage","@id":"https:\/\/president-ksgov.net\/sr\/predsednik-thaci-doekao-premijera-kosova-ramush-a-haradinaj-a\/","url":"https:\/\/president-ksgov.net\/sr\/predsednik-thaci-doekao-premijera-kosova-ramush-a-haradinaj-a\/","name":"Predsednik Tha\u00e7i do&ccaron;ekao premijera Kosova, Ramush-a Haradinaj-a - Predsednik Republike Kosovo - DR. VJOSA OSMANI - SADRIU","isPartOf":{"@id":"https:\/\/president-ksgov.net\/#website"},"primaryImageOfPage":{"@id":"https:\/\/president-ksgov.net\/sr\/predsednik-thaci-doekao-premijera-kosova-ramush-a-haradinaj-a\/#primaryimage"},"image":{"@id":"https:\/\/president-ksgov.net\/sr\/predsednik-thaci-doekao-premijera-kosova-ramush-a-haradinaj-a\/#primaryimage"},"thumbnailUrl":"https:\/\/president-ksgov.net\/wp-content\/uploads\/15_09_2017_3019725_15_09_2017_Takim_me_kryeministrin_2.jpg","datePublished":"2017-09-15T16:13:04+00:00","dateModified":"2017-09-15T16:13:04+00:00","author":{"@id":"https:\/\/president-ksgov.net\/#\/schema\/person\/bb4337a5fb147cb2046d80548172cbee"},"description":"Predsednik Tha\u00e7i do&ccaron;ekao premijera Kosova, Ramush-a Haradinaj-a - Predsednik Republike Kosovo - DR. VJOSA OSMANI - SADRIU -","breadcrumb":{"@id":"https:\/\/president-ksgov.net\/sr\/predsednik-thaci-doekao-premijera-kosova-ramush-a-haradinaj-a\/#breadcrumb"},"inLanguage":"sr-RS","potentialAction":[{"@type":"ReadAction","target":["https:\/\/president-ksgov.net\/sr\/predsednik-thaci-doekao-premijera-kosova-ramush-a-haradinaj-a\/"]}]},{"@type":"ImageObject","inLanguage":"sr-RS","@id":"https:\/\/president-ksgov.net\/sr\/predsednik-thaci-doekao-premijera-kosova-ramush-a-haradinaj-a\/#primaryimage","url":"https:\/\/president-ksgov.net\/wp-content\/uploads\/15_09_2017_3019725_15_09_2017_Takim_me_kryeministrin_2.jpg","contentUrl":"https:\/\/president-ksgov.net\/wp-content\/uploads\/15_09_2017_3019725_15_09_2017_Takim_me_kryeministrin_2.jpg","width":2000,"height":1238},{"@type":"BreadcrumbList","@id":"https:\/\/president-ksgov.net\/sr\/predsednik-thaci-doekao-premijera-kosova-ramush-a-haradinaj-a\/#breadcrumb","itemListElement":[{"@type":"ListItem","position":1,"name":"Home","item":"https:\/\/president-ksgov.net\/sr\/"},{"@type":"ListItem","position":2,"name":"Predsednik Tha\u00e7i do&ccaron;ekao premijera Kosova, Ramush-a Haradinaj-a"}]},{"@type":"WebSite","@id":"https:\/\/president-ksgov.net\/#website","url":"https:\/\/president-ksgov.net\/","name":"Presidente e Republik\u00ebs s\u00eb Kosov\u00ebs","description":"Presidente e Republik\u00ebs s\u00eb Kosov\u00ebs","alternateName":"DR. VJOSA OSMANI - SADRIU","potentialAction":[{"@type":"SearchAction","target":{"@type":"EntryPoint","urlTemplate":"https:\/\/president-ksgov.net\/?s={search_term_string}"},"query-input":{"@type":"PropertyValueSpecification","valueRequired":true,"valueName":"search_term_string"}}],"inLanguage":"sr-RS"},{"@type":"Person","@id":"https:\/\/president-ksgov.net\/#\/schema\/person\/bb4337a5fb147cb2046d80548172cbee","name":"admin","image":{"@type":"ImageObject","inLanguage":"sr-RS","@id":"https:\/\/president-ksgov.net\/#\/schema\/person\/image\/","url":"https:\/\/secure.gravatar.com\/avatar\/36156ca0fa3b8d9d25174f146e16beea0cf28f37adf1b9e19b6c9c279a7c9dd3?s=96&d=mm&r=g","contentUrl":"https:\/\/secure.gravatar.com\/avatar\/36156ca0fa3b8d9d25174f146e16beea0cf28f37adf1b9e19b6c9c279a7c9dd3?s=96&d=mm&r=g","caption":"admin"},"sameAs":["https:\/\/president-ksgov.net"]}]}},"_links":{"self":[{"href":"https:\/\/president-ksgov.net\/sr\/wp-json\/wp\/v2\/posts\/76153","targetHints":{"allow":["GET"]}}],"collection":[{"href":"https:\/\/president-ksgov.net\/sr\/wp-json\/wp\/v2\/posts"}],"about":[{"href":"https:\/\/president-ksgov.net\/sr\/wp-json\/wp\/v2\/types\/post"}],"author":[{"embeddable":true,"href":"https:\/\/president-ksgov.net\/sr\/wp-json\/wp\/v2\/users\/1"}],"replies":[{"embeddable":true,"href":"https:\/\/president-ksgov.net\/sr\/wp-json\/wp\/v2\/comments?post=76153"}],"version-history":[{"count":0,"href":"https:\/\/president-ksgov.net\/sr\/wp-json\/wp\/v2\/posts\/76153\/revisions"}],"wp:featuredmedia":[{"embeddable":true,"href":"https:\/\/president-ksgov.net\/sr\/wp-json\/wp\/v2\/media\/29838"}],"wp:attachment":[{"href":"https:\/\/president-ksgov.net\/sr\/wp-json\/wp\/v2\/media?parent=76153"}],"wp:term":[{"taxonomy":"category","embeddable":true,"href":"https:\/\/president-ksgov.net\/sr\/wp-json\/wp\/v2\/categories?post=76153"},{"taxonomy":"post_tag","embeddable":true,"href":"https:\/\/president-ksgov.net\/sr\/wp-json\/wp\/v2\/tags?post=76153"}],"curies":[{"name":"wp","href":"https:\/\/api.w.org\/{rel}","templated":true}]}}