{"id":76099,"date":"2017-10-14T14:04:55","date_gmt":"2017-10-14T14:04:55","guid":{"rendered":"https:\/\/dev.president-ksgov.net\/predsednik-thaci-uestvovao-je-na-gjecovi-evim-sastancima-u-zjumu-kod-prizrena\/"},"modified":"2017-10-14T14:04:55","modified_gmt":"2017-10-14T14:04:55","slug":"predsednik-thaci-uestvovao-je-na-gjecovi-evim-sastancima-u-zjumu-kod-prizrena","status":"publish","type":"post","link":"https:\/\/president-ksgov.net\/sr\/predsednik-thaci-uestvovao-je-na-gjecovi-evim-sastancima-u-zjumu-kod-prizrena\/","title":{"rendered":"Predsednik Tha\u00e7i u&ccaron;estvovao je na \u201cGje\u00e7ovi-evim sastancima\u201d  u Zjumu kod Prizrena"},"content":{"rendered":"<p>Zjum, 14. oktobar 2017. \u2013 Predsednik Republike Kosovo, Hashim Tha\u00e7i, u&ccaron;estvovao je danas na 46. ediciji knji&#382;evne, kulturne i nau&ccaron;ne manifestacije \u201cGje\u00e7ovi-evi sastanci\u201d, koja se odr&#382;ava u Zjumu kod Hasa.<\/p>\n<p>Tim povodom \u0161ef dr&#382;ave je rekao da je po&ccaron;astvovan \u0161to se danas nalazi me&dstrok;u njima kako bi u&ccaron;estvovavo na tradicionalnoj kulturnoj manifestaciji \u201cGje\u00e7ovi-evi sastanci\u201d ovde u legendarnom Zjumu, u emblemskom naselju Has. <\/p>\n<p>\u201cU velikodu\u0161nom sam Hasu, u Hasu od bese i &#382;rtve u svim periodima kosovske istorije\u201d, naglasio je predsednik Tha\u00e7i. <\/p>\n<p>On je dalje rekao da Zjum ima posebnu istoriju, jer je to ime povezano sa neumornim radom istaknutog patriote u fazama kasnog nacionalnog preporoda, pod imenom Shtjef\u00ebn Gje\u00e7ovi. <\/p>\n<p>\u201cIntelektualac retkog uma, otac Shtjef\u00ebn Gje\u00e7ovi bio je svestrana osoba: arheolog, etnograf, sakuplja&ccaron; folklora, autor nekoliko knjiga, a iznad svega sakuplja&ccaron; i sistemator \u201cKanuna Leke Duga&dstrok;inija\u201d, ovog velikog dela koje je poznato kao pravni i obi&ccaron;ajni zakonik Albanaca tokom dugog vremenskog perioda\u201d, nastavio je predsednik Tha\u00e7i, dodaju&cacute;i dalje da je otac Shtjef\u00ebn Gje\u00e7ovi pripadao plejadi najistaknutijih patriota tokom prve tri decenije dvadesetog veka. <\/p>\n<p>\u201cOn je bio stalni kontakt sa idejnim tvorcem nezavisnosti Albanije, Hasan-om Prishtina, sa Ded\u00eb Gjo Luli-em, Bajram-om Curri-jem, Azem-om Bejta i ostalim patriotama tog vremena. Dakle, njegove napredne ideje o nacionalnom jedinstvu nezavisno od verskih ube&dstrok;enja, \u0161irenje albanske knjige, veze sa intelektualcima i patriotama iz tog vremena, u&ccaron;inili su da on bude ubijen od strane antialbanskih krugova, 1929. godine\u201d, istakao je \u0161ef dr&#382;ave.<\/p>\n<p>Predsednik Tha\u00e7i je izme&dstrok;u ostalog rekao da je Zjum kod Hasa poznat kao mesto sa divljom prirodom, ali i kao mesto iz kjeg su potekle velike nacionalne figure kao \u0161to su Pjet\u00ebr Bogdani, Katarina Josipi, Anton Pashku i mnogi intelektualci koji su njihvoim delima uticali na emancipaciju ovih predela.<\/p>\n<p>\u201cHas veli&ccaron;anstvenih istorijskih, kulturolo\u0161kih i nacionalnih figura otvorio je svetlo poglavlje i vreme borbe Oslobodila&ccaron;ke vojske Kosova. Hasani nisu oklevali ni u jednom trenutku da se pridru&#382;e oslobodila&ccaron;koj borbi\u201d, istakao je predsednik Tha\u00e7i dodaju&cacute;i &ccaron;injenicu da je Has bio glavna arterija dono\u0161enja naoru&#382;anja na Kosovo, ali i boraca za slobodu.<\/p>\n<p>\u201cHas je bilo bojno polje velikih ratova. Has je ova arena bojnih polja koja je podstakla i me&dstrok;unarodnu zajednicu da ozbiljno razmisli o Kosovu\u201d, dodao je \u0161ef dr&#382;ave, isti&ccaron;u&cacute;i da \u201cDanas nasuprot planinama legendarnog Pa\u0161trika, s po\u0161tovanjem se se&cacute;amo i klanjamo se pred svim palim borcima u Hasu koji su pali za slobodu i nezavisnost dr&#382;ave\u201d. <\/p>\n<p>On se dalje zahvalio svim stanovnicima Hasa na staranju i podr\u0161ci koju subpokazali prema borcima Oslobodila&ccaron;ke vojske Kosova. <\/p>\n<p>\u201c&Zcaron;elim da se i li&ccaron;no, ali i u ime institicuja zahvalim svakome od vas, svakoj porodici ovde \u0161to ste se starali za borce Oslobodila&ccaron;ke vojske Kosova, \u0161to ste otvorili va\u0161e ku&cacute;e, pokazali ste velikodu\u0161nost i dokazali ste da ste hrabri\u201d, rekao je predsednik Tha\u00e7i. <\/p>\n<p>On je izme&dstrok;unostalog rekao \u201ci sam sam svedok va\u0161ih napora u va\u0161em selu, u vreme ki\u0161a i snega&#8230; danju&#8230; no&cacute;u&#8230; ali va\u00dfa volja, nada, optimizam, va\u0161a hrabrost, na kraju su pobedili represiju srpske vojske i policije. Dakle, Has i Zjum su emblem kosovske slobode i nezavisnosti\u201d, istakao je predsednik Tha\u00e7i. <\/p>\n<p>Na samom kraju, \u0161ef dr&#382;ave je rekao da treba da odamo po&ccaron;ast svim intelektualcima i aktivistima koji odr&#382;avaju kulturnu i knji&#382;evnu manifestaciju \u201cGje\u00e7ovi-evi sastanci\u201d &#382;ivom.\u00a0<\/p>\n","protected":false},"excerpt":{"rendered":"<p>Zjum, 14. oktobar 2017. \u2013 Predsednik Republike Kosovo, Hashim Tha\u00e7i, u&ccaron;estvovao je danas na 46. ediciji knji&#382;evne, kulturne i nau&ccaron;ne manifestacije \u201cGje\u00e7ovi-evi sastanci\u201d, koja se odr&#382;ava u Zjumu kod Hasa.<\/p>\n","protected":false},"author":1,"featured_media":29482,"comment_status":"open","ping_status":"closed","sticky":false,"template":"","format":"standard","meta":{"_eb_attr":"","footnotes":""},"categories":[101],"tags":[],"class_list":["post-76099","post","type-post","status-publish","format-standard","has-post-thumbnail","hentry","category-vesti"],"yoast_head":"<!-- This site is optimized with the Yoast SEO plugin v23.5 - https:\/\/yoast.com\/wordpress\/plugins\/seo\/ -->\n<title>Predsednik Tha\u00e7i u&amp;ccaron;estvovao je na \u201cGje\u00e7ovi-evim sastancima\u201d u Zjumu kod Prizrena - Predsednik Republike Kosovo - DR. VJOSA OSMANI - SADRIU<\/title>\n<meta name=\"description\" content=\"Predsednik Tha\u00e7i u&amp;ccaron;estvovao je na \u201cGje\u00e7ovi-evim sastancima\u201d u Zjumu kod Prizrena - Predsednik Republike Kosovo - DR. VJOSA OSMANI - SADRIU -\" \/>\n<meta name=\"robots\" content=\"index, follow, max-snippet:-1, max-image-preview:large, max-video-preview:-1\" \/>\n<link rel=\"canonical\" href=\"https:\/\/president-ksgov.net\/sr\/predsednik-thaci-uestvovao-je-na-gjecovi-evim-sastancima-u-zjumu-kod-prizrena\/\" \/>\n<meta property=\"og:locale\" content=\"sr_RS\" \/>\n<meta property=\"og:type\" content=\"article\" \/>\n<meta property=\"og:title\" content=\"Predsednik Tha\u00e7i u&amp;ccaron;estvovao je na \u201cGje\u00e7ovi-evim sastancima\u201d u Zjumu kod Prizrena - Predsednik Republike Kosovo - DR. VJOSA OSMANI - SADRIU\" \/>\n<meta property=\"og:description\" content=\"Predsednik Tha\u00e7i u&amp;ccaron;estvovao je na \u201cGje\u00e7ovi-evim sastancima\u201d u Zjumu kod Prizrena - Predsednik Republike Kosovo - DR. VJOSA OSMANI - SADRIU -\" \/>\n<meta property=\"og:url\" content=\"https:\/\/president-ksgov.net\/sr\/predsednik-thaci-uestvovao-je-na-gjecovi-evim-sastancima-u-zjumu-kod-prizrena\/\" \/>\n<meta property=\"og:site_name\" content=\"Predsednik Republike Kosovo - DR. VJOSA OSMANI - SADRIU\" \/>\n<meta property=\"article:published_time\" content=\"2017-10-14T14:04:55+00:00\" \/>\n<meta property=\"og:image\" content=\"https:\/\/president-ksgov.net\/wp-content\/uploads\/14_10_2017_9424268_zym_2-scaled.jpg\" \/>\n\t<meta property=\"og:image:width\" content=\"1704\" \/>\n\t<meta property=\"og:image:height\" content=\"2560\" \/>\n\t<meta property=\"og:image:type\" content=\"image\/jpeg\" \/>\n<meta name=\"author\" content=\"admin\" \/>\n<meta name=\"twitter:card\" content=\"summary_large_image\" \/>\n<meta name=\"twitter:label1\" content=\"\u041d\u0430\u043f\u0438\u0441\u0430\u043d\u043e \u043e\u0434\" \/>\n\t<meta name=\"twitter:data1\" content=\"admin\" \/>\n\t<meta name=\"twitter:label2\" content=\"\u041f\u0440\u043e\u0446\u0435\u045a\u0435\u043d\u043e \u0432\u0440\u0435\u043c\u0435 \u0447\u0438\u0442\u0430\u045a\u0430\" \/>\n\t<meta name=\"twitter:data2\" content=\"3 \u043c\u0438\u043d\u0443\u0442\u0430\" \/>\n<script type=\"application\/ld+json\" class=\"yoast-schema-graph\">{\"@context\":\"https:\/\/schema.org\",\"@graph\":[{\"@type\":\"WebPage\",\"@id\":\"https:\/\/president-ksgov.net\/sr\/predsednik-thaci-uestvovao-je-na-gjecovi-evim-sastancima-u-zjumu-kod-prizrena\/\",\"url\":\"https:\/\/president-ksgov.net\/sr\/predsednik-thaci-uestvovao-je-na-gjecovi-evim-sastancima-u-zjumu-kod-prizrena\/\",\"name\":\"Predsednik Tha\u00e7i u&ccaron;estvovao je na \u201cGje\u00e7ovi-evim sastancima\u201d u Zjumu kod Prizrena - Predsednik Republike Kosovo - DR. VJOSA OSMANI - SADRIU\",\"isPartOf\":{\"@id\":\"https:\/\/president-ksgov.net\/#website\"},\"primaryImageOfPage\":{\"@id\":\"https:\/\/president-ksgov.net\/sr\/predsednik-thaci-uestvovao-je-na-gjecovi-evim-sastancima-u-zjumu-kod-prizrena\/#primaryimage\"},\"image\":{\"@id\":\"https:\/\/president-ksgov.net\/sr\/predsednik-thaci-uestvovao-je-na-gjecovi-evim-sastancima-u-zjumu-kod-prizrena\/#primaryimage\"},\"thumbnailUrl\":\"https:\/\/president-ksgov.net\/wp-content\/uploads\/14_10_2017_9424268_zym_2-scaled.jpg\",\"datePublished\":\"2017-10-14T14:04:55+00:00\",\"dateModified\":\"2017-10-14T14:04:55+00:00\",\"author\":{\"@id\":\"https:\/\/president-ksgov.net\/#\/schema\/person\/bb4337a5fb147cb2046d80548172cbee\"},\"description\":\"Predsednik Tha\u00e7i u&ccaron;estvovao je na \u201cGje\u00e7ovi-evim sastancima\u201d u Zjumu kod Prizrena - Predsednik Republike Kosovo - DR. VJOSA OSMANI - SADRIU -\",\"breadcrumb\":{\"@id\":\"https:\/\/president-ksgov.net\/sr\/predsednik-thaci-uestvovao-je-na-gjecovi-evim-sastancima-u-zjumu-kod-prizrena\/#breadcrumb\"},\"inLanguage\":\"sr-RS\",\"potentialAction\":[{\"@type\":\"ReadAction\",\"target\":[\"https:\/\/president-ksgov.net\/sr\/predsednik-thaci-uestvovao-je-na-gjecovi-evim-sastancima-u-zjumu-kod-prizrena\/\"]}]},{\"@type\":\"ImageObject\",\"inLanguage\":\"sr-RS\",\"@id\":\"https:\/\/president-ksgov.net\/sr\/predsednik-thaci-uestvovao-je-na-gjecovi-evim-sastancima-u-zjumu-kod-prizrena\/#primaryimage\",\"url\":\"https:\/\/president-ksgov.net\/wp-content\/uploads\/14_10_2017_9424268_zym_2-scaled.jpg\",\"contentUrl\":\"https:\/\/president-ksgov.net\/wp-content\/uploads\/14_10_2017_9424268_zym_2-scaled.jpg\",\"width\":1704,\"height\":2560},{\"@type\":\"BreadcrumbList\",\"@id\":\"https:\/\/president-ksgov.net\/sr\/predsednik-thaci-uestvovao-je-na-gjecovi-evim-sastancima-u-zjumu-kod-prizrena\/#breadcrumb\",\"itemListElement\":[{\"@type\":\"ListItem\",\"position\":1,\"name\":\"Home\",\"item\":\"https:\/\/president-ksgov.net\/sr\/\"},{\"@type\":\"ListItem\",\"position\":2,\"name\":\"Predsednik Tha\u00e7i u&ccaron;estvovao je na \u201cGje\u00e7ovi-evim sastancima\u201d u Zjumu kod Prizrena\"}]},{\"@type\":\"WebSite\",\"@id\":\"https:\/\/president-ksgov.net\/#website\",\"url\":\"https:\/\/president-ksgov.net\/\",\"name\":\"Presidente e Republik\u00ebs s\u00eb Kosov\u00ebs\",\"description\":\"Presidente e Republik\u00ebs s\u00eb Kosov\u00ebs\",\"alternateName\":\"DR. VJOSA OSMANI - SADRIU\",\"potentialAction\":[{\"@type\":\"SearchAction\",\"target\":{\"@type\":\"EntryPoint\",\"urlTemplate\":\"https:\/\/president-ksgov.net\/?s={search_term_string}\"},\"query-input\":{\"@type\":\"PropertyValueSpecification\",\"valueRequired\":true,\"valueName\":\"search_term_string\"}}],\"inLanguage\":\"sr-RS\"},{\"@type\":\"Person\",\"@id\":\"https:\/\/president-ksgov.net\/#\/schema\/person\/bb4337a5fb147cb2046d80548172cbee\",\"name\":\"admin\",\"image\":{\"@type\":\"ImageObject\",\"inLanguage\":\"sr-RS\",\"@id\":\"https:\/\/president-ksgov.net\/#\/schema\/person\/image\/\",\"url\":\"https:\/\/secure.gravatar.com\/avatar\/36156ca0fa3b8d9d25174f146e16beea0cf28f37adf1b9e19b6c9c279a7c9dd3?s=96&d=mm&r=g\",\"contentUrl\":\"https:\/\/secure.gravatar.com\/avatar\/36156ca0fa3b8d9d25174f146e16beea0cf28f37adf1b9e19b6c9c279a7c9dd3?s=96&d=mm&r=g\",\"caption\":\"admin\"},\"sameAs\":[\"https:\/\/president-ksgov.net\"]}]}<\/script>\n<!-- \/ Yoast SEO plugin. -->","yoast_head_json":{"title":"Predsednik Tha\u00e7i u&ccaron;estvovao je na \u201cGje\u00e7ovi-evim sastancima\u201d u Zjumu kod Prizrena - Predsednik Republike Kosovo - DR. VJOSA OSMANI - SADRIU","description":"Predsednik Tha\u00e7i u&ccaron;estvovao je na \u201cGje\u00e7ovi-evim sastancima\u201d u Zjumu kod Prizrena - Predsednik Republike Kosovo - DR. VJOSA OSMANI - SADRIU -","robots":{"index":"index","follow":"follow","max-snippet":"max-snippet:-1","max-image-preview":"max-image-preview:large","max-video-preview":"max-video-preview:-1"},"canonical":"https:\/\/president-ksgov.net\/sr\/predsednik-thaci-uestvovao-je-na-gjecovi-evim-sastancima-u-zjumu-kod-prizrena\/","og_locale":"sr_RS","og_type":"article","og_title":"Predsednik Tha\u00e7i u&ccaron;estvovao je na \u201cGje\u00e7ovi-evim sastancima\u201d u Zjumu kod Prizrena - Predsednik Republike Kosovo - DR. VJOSA OSMANI - SADRIU","og_description":"Predsednik Tha\u00e7i u&ccaron;estvovao je na \u201cGje\u00e7ovi-evim sastancima\u201d u Zjumu kod Prizrena - Predsednik Republike Kosovo - DR. VJOSA OSMANI - SADRIU -","og_url":"https:\/\/president-ksgov.net\/sr\/predsednik-thaci-uestvovao-je-na-gjecovi-evim-sastancima-u-zjumu-kod-prizrena\/","og_site_name":"Predsednik Republike Kosovo - DR. VJOSA OSMANI - SADRIU","article_published_time":"2017-10-14T14:04:55+00:00","og_image":[{"width":1704,"height":2560,"url":"https:\/\/president-ksgov.net\/wp-content\/uploads\/14_10_2017_9424268_zym_2-scaled.jpg","type":"image\/jpeg"}],"author":"admin","twitter_card":"summary_large_image","twitter_misc":{"\u041d\u0430\u043f\u0438\u0441\u0430\u043d\u043e \u043e\u0434":"admin","\u041f\u0440\u043e\u0446\u0435\u045a\u0435\u043d\u043e \u0432\u0440\u0435\u043c\u0435 \u0447\u0438\u0442\u0430\u045a\u0430":"3 \u043c\u0438\u043d\u0443\u0442\u0430"},"schema":{"@context":"https:\/\/schema.org","@graph":[{"@type":"WebPage","@id":"https:\/\/president-ksgov.net\/sr\/predsednik-thaci-uestvovao-je-na-gjecovi-evim-sastancima-u-zjumu-kod-prizrena\/","url":"https:\/\/president-ksgov.net\/sr\/predsednik-thaci-uestvovao-je-na-gjecovi-evim-sastancima-u-zjumu-kod-prizrena\/","name":"Predsednik Tha\u00e7i u&ccaron;estvovao je na \u201cGje\u00e7ovi-evim sastancima\u201d u Zjumu kod Prizrena - Predsednik Republike Kosovo - DR. VJOSA OSMANI - SADRIU","isPartOf":{"@id":"https:\/\/president-ksgov.net\/#website"},"primaryImageOfPage":{"@id":"https:\/\/president-ksgov.net\/sr\/predsednik-thaci-uestvovao-je-na-gjecovi-evim-sastancima-u-zjumu-kod-prizrena\/#primaryimage"},"image":{"@id":"https:\/\/president-ksgov.net\/sr\/predsednik-thaci-uestvovao-je-na-gjecovi-evim-sastancima-u-zjumu-kod-prizrena\/#primaryimage"},"thumbnailUrl":"https:\/\/president-ksgov.net\/wp-content\/uploads\/14_10_2017_9424268_zym_2-scaled.jpg","datePublished":"2017-10-14T14:04:55+00:00","dateModified":"2017-10-14T14:04:55+00:00","author":{"@id":"https:\/\/president-ksgov.net\/#\/schema\/person\/bb4337a5fb147cb2046d80548172cbee"},"description":"Predsednik Tha\u00e7i u&ccaron;estvovao je na \u201cGje\u00e7ovi-evim sastancima\u201d u Zjumu kod Prizrena - Predsednik Republike Kosovo - DR. VJOSA OSMANI - SADRIU -","breadcrumb":{"@id":"https:\/\/president-ksgov.net\/sr\/predsednik-thaci-uestvovao-je-na-gjecovi-evim-sastancima-u-zjumu-kod-prizrena\/#breadcrumb"},"inLanguage":"sr-RS","potentialAction":[{"@type":"ReadAction","target":["https:\/\/president-ksgov.net\/sr\/predsednik-thaci-uestvovao-je-na-gjecovi-evim-sastancima-u-zjumu-kod-prizrena\/"]}]},{"@type":"ImageObject","inLanguage":"sr-RS","@id":"https:\/\/president-ksgov.net\/sr\/predsednik-thaci-uestvovao-je-na-gjecovi-evim-sastancima-u-zjumu-kod-prizrena\/#primaryimage","url":"https:\/\/president-ksgov.net\/wp-content\/uploads\/14_10_2017_9424268_zym_2-scaled.jpg","contentUrl":"https:\/\/president-ksgov.net\/wp-content\/uploads\/14_10_2017_9424268_zym_2-scaled.jpg","width":1704,"height":2560},{"@type":"BreadcrumbList","@id":"https:\/\/president-ksgov.net\/sr\/predsednik-thaci-uestvovao-je-na-gjecovi-evim-sastancima-u-zjumu-kod-prizrena\/#breadcrumb","itemListElement":[{"@type":"ListItem","position":1,"name":"Home","item":"https:\/\/president-ksgov.net\/sr\/"},{"@type":"ListItem","position":2,"name":"Predsednik Tha\u00e7i u&ccaron;estvovao je na \u201cGje\u00e7ovi-evim sastancima\u201d u Zjumu kod Prizrena"}]},{"@type":"WebSite","@id":"https:\/\/president-ksgov.net\/#website","url":"https:\/\/president-ksgov.net\/","name":"Presidente e Republik\u00ebs s\u00eb Kosov\u00ebs","description":"Presidente e Republik\u00ebs s\u00eb Kosov\u00ebs","alternateName":"DR. VJOSA OSMANI - SADRIU","potentialAction":[{"@type":"SearchAction","target":{"@type":"EntryPoint","urlTemplate":"https:\/\/president-ksgov.net\/?s={search_term_string}"},"query-input":{"@type":"PropertyValueSpecification","valueRequired":true,"valueName":"search_term_string"}}],"inLanguage":"sr-RS"},{"@type":"Person","@id":"https:\/\/president-ksgov.net\/#\/schema\/person\/bb4337a5fb147cb2046d80548172cbee","name":"admin","image":{"@type":"ImageObject","inLanguage":"sr-RS","@id":"https:\/\/president-ksgov.net\/#\/schema\/person\/image\/","url":"https:\/\/secure.gravatar.com\/avatar\/36156ca0fa3b8d9d25174f146e16beea0cf28f37adf1b9e19b6c9c279a7c9dd3?s=96&d=mm&r=g","contentUrl":"https:\/\/secure.gravatar.com\/avatar\/36156ca0fa3b8d9d25174f146e16beea0cf28f37adf1b9e19b6c9c279a7c9dd3?s=96&d=mm&r=g","caption":"admin"},"sameAs":["https:\/\/president-ksgov.net"]}]}},"_links":{"self":[{"href":"https:\/\/president-ksgov.net\/sr\/wp-json\/wp\/v2\/posts\/76099","targetHints":{"allow":["GET"]}}],"collection":[{"href":"https:\/\/president-ksgov.net\/sr\/wp-json\/wp\/v2\/posts"}],"about":[{"href":"https:\/\/president-ksgov.net\/sr\/wp-json\/wp\/v2\/types\/post"}],"author":[{"embeddable":true,"href":"https:\/\/president-ksgov.net\/sr\/wp-json\/wp\/v2\/users\/1"}],"replies":[{"embeddable":true,"href":"https:\/\/president-ksgov.net\/sr\/wp-json\/wp\/v2\/comments?post=76099"}],"version-history":[{"count":0,"href":"https:\/\/president-ksgov.net\/sr\/wp-json\/wp\/v2\/posts\/76099\/revisions"}],"wp:featuredmedia":[{"embeddable":true,"href":"https:\/\/president-ksgov.net\/sr\/wp-json\/wp\/v2\/media\/29482"}],"wp:attachment":[{"href":"https:\/\/president-ksgov.net\/sr\/wp-json\/wp\/v2\/media?parent=76099"}],"wp:term":[{"taxonomy":"category","embeddable":true,"href":"https:\/\/president-ksgov.net\/sr\/wp-json\/wp\/v2\/categories?post=76099"},{"taxonomy":"post_tag","embeddable":true,"href":"https:\/\/president-ksgov.net\/sr\/wp-json\/wp\/v2\/tags?post=76099"}],"curies":[{"name":"wp","href":"https:\/\/api.w.org\/{rel}","templated":true}]}}