{"id":76095,"date":"2017-10-17T11:46:14","date_gmt":"2017-10-17T11:46:14","guid":{"rendered":"https:\/\/dev.president-ksgov.net\/izjava-za-medije-2\/"},"modified":"2017-10-17T11:46:14","modified_gmt":"2017-10-17T11:46:14","slug":"izjava-za-medije-2","status":"publish","type":"post","link":"https:\/\/president-ksgov.net\/sr\/izjava-za-medije-2\/","title":{"rendered":"Izjava za medije"},"content":{"rendered":"<p>Danas, 17. oktobra 2017. godine, Kancelarija predsednika je bila spremna da do&ccaron;eka dolazak &ccaron;etrdeset i dvoje (42) sudija i &ccaron;etrnaest (14) tu&#382;ilaca iz neve&ccaron;inske zajednice u Republici Kosovo, koji su nakon dekretiranja od strane predsednika Republike Kosovo, g. Hashim-a Tha\u00e7i-ja,  trebalo da se pridru&#382;e sudskom i tu&#382;ila&ccaron;kom sistemu Republike Kosovo.<\/p>\n<p>Dekretiranje sudija i tu&#382;ilaca iz neve&cacute;inske zajednice u Republici Kosovo je jedna od afirmativnih mera koje institucije Republike Kosovo preduzimaju kako bi se postigla potpuna i efektivna jednakost, pripadnika zajednica na svim &#382;ivotnim, ekonomskim, dru\u0161tvenim, politi&ccaron;kim i kulturnim poljima. Dana\u0161nji akt polaganja zakletve je za cilj imao potpuno sprovo&dstrok;enje Sporazuma o pravdi, koji je postignut u Briselu, 10. februara 2015. godine.<\/p>\n<p>Danas se dekretiranje sudija i tu&#382;ilaca iz neve&cacute;inske zajednice nije dogodilo jer kandidati za sudije i tu&#382;ioce nisu do\u0161li na dekretiranje. Nisu do\u0161li jer ih je u tome omela Republika Srbija, s jedinim ciljem, da ne dozvoli njihovu integraciju u sudski i tu&#382;ila&ccaron;ki sistem Kosova. Ovo je jo\u0161 jedan korak, od mnogobrojnih koraka koje Republika Srbija preduzima protiv na\u0161ih gra&dstrok;ana, jer uvr\u0161tavanje sudija i tu&#382;ilaca iz redova neve&cacute;eniske zajednice u Republici Kosovo ima veliku ulogu na &#382;ivot zajednica, na ostvarivanje njihovih prava i na sigurnost\u00a0 jednakog pristupa pravdi.<\/p>\n<p>Ujedno, dana\u0161nji postupak ometanja kandidata za sudije i tu&#382;ioce da do&dstrok;u danas na dekretiranje kod predsednika, je jo\u0161 jedan neuspeh i nesposobnost EU kao posrednika u ovom procesu sprovo&dstrok;enja Sporazuma o pravdi.<\/p>\n<p>Nezavisno od ovog nemarnog neuspeha kojim upravlja Srbija, Republika Kosovo &cacute;e nastaviti da funkcioni\u0161e, na osnovu sveobuhvatnih ustavnih principa, dakle, pozivamo jo\u0161 jednom stranke Sporazuma o pravdi da izvr\u0161avaju njihove obaveze. Republika Kosovo je ispunila njene obaveze i svakom smislu.\u00a0<\/p>\n","protected":false},"excerpt":{"rendered":"<p>Danas, 17. oktobra 2017. godine, Kancelarija predsednika je bila spremna da do&ccaron;eka dolazak &ccaron;etrdeset i dvoje (42) sudija i &ccaron;etrnaest (14) tu&#382;ilaca iz neve&ccaron;inske zajednice u Republici Kosovo, koji su nakon dekretiranja od strane predsednika Republike Kosovo, g. Hashim-a Tha\u00e7i-ja,  trebalo da se pridru&#382;e sudskom i tu&#382;ila&ccaron;kom sistemu Republike Kosovo.<\/p>\n","protected":false},"author":1,"featured_media":29460,"comment_status":"open","ping_status":"closed","sticky":false,"template":"","format":"standard","meta":{"_eb_attr":"","footnotes":""},"categories":[101],"tags":[],"class_list":["post-76095","post","type-post","status-publish","format-standard","has-post-thumbnail","hentry","category-vesti"],"yoast_head":"<!-- This site is optimized with the Yoast SEO plugin v23.5 - https:\/\/yoast.com\/wordpress\/plugins\/seo\/ -->\n<title>Izjava za medije - Predsednik Republike Kosovo - DR. VJOSA OSMANI - SADRIU<\/title>\n<meta name=\"description\" content=\"Izjava za medije - Predsednik Republike Kosovo - DR. VJOSA OSMANI - SADRIU -\" \/>\n<meta name=\"robots\" content=\"index, follow, max-snippet:-1, max-image-preview:large, max-video-preview:-1\" \/>\n<link rel=\"canonical\" href=\"https:\/\/president-ksgov.net\/sr\/izjava-za-medije-2\/\" \/>\n<meta property=\"og:locale\" content=\"sr_RS\" \/>\n<meta property=\"og:type\" content=\"article\" \/>\n<meta property=\"og:title\" content=\"Izjava za medije - Predsednik Republike Kosovo - DR. VJOSA OSMANI - SADRIU\" \/>\n<meta property=\"og:description\" content=\"Izjava za medije - Predsednik Republike Kosovo - DR. VJOSA OSMANI - SADRIU -\" \/>\n<meta property=\"og:url\" content=\"https:\/\/president-ksgov.net\/sr\/izjava-za-medije-2\/\" \/>\n<meta property=\"og:site_name\" content=\"Predsednik Republike Kosovo - DR. VJOSA OSMANI - SADRIU\" \/>\n<meta property=\"article:published_time\" content=\"2017-10-17T11:46:14+00:00\" \/>\n<meta property=\"og:image\" content=\"https:\/\/president-ksgov.net\/wp-content\/uploads\/17_10_2017_4659342_02_10_2017_2570366_viber_image.jpeg\" \/>\n\t<meta property=\"og:image:width\" content=\"1280\" \/>\n\t<meta property=\"og:image:height\" content=\"850\" \/>\n\t<meta property=\"og:image:type\" content=\"image\/jpeg\" \/>\n<meta name=\"author\" content=\"admin\" \/>\n<meta name=\"twitter:card\" content=\"summary_large_image\" \/>\n<meta name=\"twitter:label1\" content=\"\u041d\u0430\u043f\u0438\u0441\u0430\u043d\u043e \u043e\u0434\" \/>\n\t<meta name=\"twitter:data1\" content=\"admin\" \/>\n\t<meta name=\"twitter:label2\" content=\"\u041f\u0440\u043e\u0446\u0435\u045a\u0435\u043d\u043e \u0432\u0440\u0435\u043c\u0435 \u0447\u0438\u0442\u0430\u045a\u0430\" \/>\n\t<meta name=\"twitter:data2\" content=\"2 \u043c\u0438\u043d\u0443\u0442\u0430\" \/>\n<script type=\"application\/ld+json\" class=\"yoast-schema-graph\">{\"@context\":\"https:\/\/schema.org\",\"@graph\":[{\"@type\":\"WebPage\",\"@id\":\"https:\/\/president-ksgov.net\/sr\/izjava-za-medije-2\/\",\"url\":\"https:\/\/president-ksgov.net\/sr\/izjava-za-medije-2\/\",\"name\":\"Izjava za medije - Predsednik Republike Kosovo - DR. VJOSA OSMANI - SADRIU\",\"isPartOf\":{\"@id\":\"https:\/\/president-ksgov.net\/#website\"},\"primaryImageOfPage\":{\"@id\":\"https:\/\/president-ksgov.net\/sr\/izjava-za-medije-2\/#primaryimage\"},\"image\":{\"@id\":\"https:\/\/president-ksgov.net\/sr\/izjava-za-medije-2\/#primaryimage\"},\"thumbnailUrl\":\"https:\/\/president-ksgov.net\/wp-content\/uploads\/17_10_2017_4659342_02_10_2017_2570366_viber_image.jpeg\",\"datePublished\":\"2017-10-17T11:46:14+00:00\",\"dateModified\":\"2017-10-17T11:46:14+00:00\",\"author\":{\"@id\":\"https:\/\/president-ksgov.net\/#\/schema\/person\/bb4337a5fb147cb2046d80548172cbee\"},\"description\":\"Izjava za medije - Predsednik Republike Kosovo - DR. VJOSA OSMANI - SADRIU -\",\"breadcrumb\":{\"@id\":\"https:\/\/president-ksgov.net\/sr\/izjava-za-medije-2\/#breadcrumb\"},\"inLanguage\":\"sr-RS\",\"potentialAction\":[{\"@type\":\"ReadAction\",\"target\":[\"https:\/\/president-ksgov.net\/sr\/izjava-za-medije-2\/\"]}]},{\"@type\":\"ImageObject\",\"inLanguage\":\"sr-RS\",\"@id\":\"https:\/\/president-ksgov.net\/sr\/izjava-za-medije-2\/#primaryimage\",\"url\":\"https:\/\/president-ksgov.net\/wp-content\/uploads\/17_10_2017_4659342_02_10_2017_2570366_viber_image.jpeg\",\"contentUrl\":\"https:\/\/president-ksgov.net\/wp-content\/uploads\/17_10_2017_4659342_02_10_2017_2570366_viber_image.jpeg\",\"width\":1280,\"height\":850},{\"@type\":\"BreadcrumbList\",\"@id\":\"https:\/\/president-ksgov.net\/sr\/izjava-za-medije-2\/#breadcrumb\",\"itemListElement\":[{\"@type\":\"ListItem\",\"position\":1,\"name\":\"Home\",\"item\":\"https:\/\/president-ksgov.net\/sr\/\"},{\"@type\":\"ListItem\",\"position\":2,\"name\":\"Izjava za medije\"}]},{\"@type\":\"WebSite\",\"@id\":\"https:\/\/president-ksgov.net\/#website\",\"url\":\"https:\/\/president-ksgov.net\/\",\"name\":\"Presidente e Republik\u00ebs s\u00eb Kosov\u00ebs\",\"description\":\"Presidente e Republik\u00ebs s\u00eb Kosov\u00ebs\",\"alternateName\":\"DR. VJOSA OSMANI - SADRIU\",\"potentialAction\":[{\"@type\":\"SearchAction\",\"target\":{\"@type\":\"EntryPoint\",\"urlTemplate\":\"https:\/\/president-ksgov.net\/?s={search_term_string}\"},\"query-input\":{\"@type\":\"PropertyValueSpecification\",\"valueRequired\":true,\"valueName\":\"search_term_string\"}}],\"inLanguage\":\"sr-RS\"},{\"@type\":\"Person\",\"@id\":\"https:\/\/president-ksgov.net\/#\/schema\/person\/bb4337a5fb147cb2046d80548172cbee\",\"name\":\"admin\",\"image\":{\"@type\":\"ImageObject\",\"inLanguage\":\"sr-RS\",\"@id\":\"https:\/\/president-ksgov.net\/#\/schema\/person\/image\/\",\"url\":\"https:\/\/secure.gravatar.com\/avatar\/36156ca0fa3b8d9d25174f146e16beea0cf28f37adf1b9e19b6c9c279a7c9dd3?s=96&d=mm&r=g\",\"contentUrl\":\"https:\/\/secure.gravatar.com\/avatar\/36156ca0fa3b8d9d25174f146e16beea0cf28f37adf1b9e19b6c9c279a7c9dd3?s=96&d=mm&r=g\",\"caption\":\"admin\"},\"sameAs\":[\"https:\/\/president-ksgov.net\"]}]}<\/script>\n<!-- \/ Yoast SEO plugin. -->","yoast_head_json":{"title":"Izjava za medije - Predsednik Republike Kosovo - DR. VJOSA OSMANI - SADRIU","description":"Izjava za medije - Predsednik Republike Kosovo - DR. VJOSA OSMANI - SADRIU -","robots":{"index":"index","follow":"follow","max-snippet":"max-snippet:-1","max-image-preview":"max-image-preview:large","max-video-preview":"max-video-preview:-1"},"canonical":"https:\/\/president-ksgov.net\/sr\/izjava-za-medije-2\/","og_locale":"sr_RS","og_type":"article","og_title":"Izjava za medije - Predsednik Republike Kosovo - DR. VJOSA OSMANI - SADRIU","og_description":"Izjava za medije - Predsednik Republike Kosovo - DR. VJOSA OSMANI - SADRIU -","og_url":"https:\/\/president-ksgov.net\/sr\/izjava-za-medije-2\/","og_site_name":"Predsednik Republike Kosovo - DR. VJOSA OSMANI - SADRIU","article_published_time":"2017-10-17T11:46:14+00:00","og_image":[{"width":1280,"height":850,"url":"https:\/\/president-ksgov.net\/wp-content\/uploads\/17_10_2017_4659342_02_10_2017_2570366_viber_image.jpeg","type":"image\/jpeg"}],"author":"admin","twitter_card":"summary_large_image","twitter_misc":{"\u041d\u0430\u043f\u0438\u0441\u0430\u043d\u043e \u043e\u0434":"admin","\u041f\u0440\u043e\u0446\u0435\u045a\u0435\u043d\u043e \u0432\u0440\u0435\u043c\u0435 \u0447\u0438\u0442\u0430\u045a\u0430":"2 \u043c\u0438\u043d\u0443\u0442\u0430"},"schema":{"@context":"https:\/\/schema.org","@graph":[{"@type":"WebPage","@id":"https:\/\/president-ksgov.net\/sr\/izjava-za-medije-2\/","url":"https:\/\/president-ksgov.net\/sr\/izjava-za-medije-2\/","name":"Izjava za medije - Predsednik Republike Kosovo - DR. VJOSA OSMANI - SADRIU","isPartOf":{"@id":"https:\/\/president-ksgov.net\/#website"},"primaryImageOfPage":{"@id":"https:\/\/president-ksgov.net\/sr\/izjava-za-medije-2\/#primaryimage"},"image":{"@id":"https:\/\/president-ksgov.net\/sr\/izjava-za-medije-2\/#primaryimage"},"thumbnailUrl":"https:\/\/president-ksgov.net\/wp-content\/uploads\/17_10_2017_4659342_02_10_2017_2570366_viber_image.jpeg","datePublished":"2017-10-17T11:46:14+00:00","dateModified":"2017-10-17T11:46:14+00:00","author":{"@id":"https:\/\/president-ksgov.net\/#\/schema\/person\/bb4337a5fb147cb2046d80548172cbee"},"description":"Izjava za medije - Predsednik Republike Kosovo - DR. VJOSA OSMANI - SADRIU -","breadcrumb":{"@id":"https:\/\/president-ksgov.net\/sr\/izjava-za-medije-2\/#breadcrumb"},"inLanguage":"sr-RS","potentialAction":[{"@type":"ReadAction","target":["https:\/\/president-ksgov.net\/sr\/izjava-za-medije-2\/"]}]},{"@type":"ImageObject","inLanguage":"sr-RS","@id":"https:\/\/president-ksgov.net\/sr\/izjava-za-medije-2\/#primaryimage","url":"https:\/\/president-ksgov.net\/wp-content\/uploads\/17_10_2017_4659342_02_10_2017_2570366_viber_image.jpeg","contentUrl":"https:\/\/president-ksgov.net\/wp-content\/uploads\/17_10_2017_4659342_02_10_2017_2570366_viber_image.jpeg","width":1280,"height":850},{"@type":"BreadcrumbList","@id":"https:\/\/president-ksgov.net\/sr\/izjava-za-medije-2\/#breadcrumb","itemListElement":[{"@type":"ListItem","position":1,"name":"Home","item":"https:\/\/president-ksgov.net\/sr\/"},{"@type":"ListItem","position":2,"name":"Izjava za medije"}]},{"@type":"WebSite","@id":"https:\/\/president-ksgov.net\/#website","url":"https:\/\/president-ksgov.net\/","name":"Presidente e Republik\u00ebs s\u00eb Kosov\u00ebs","description":"Presidente e Republik\u00ebs s\u00eb Kosov\u00ebs","alternateName":"DR. VJOSA OSMANI - SADRIU","potentialAction":[{"@type":"SearchAction","target":{"@type":"EntryPoint","urlTemplate":"https:\/\/president-ksgov.net\/?s={search_term_string}"},"query-input":{"@type":"PropertyValueSpecification","valueRequired":true,"valueName":"search_term_string"}}],"inLanguage":"sr-RS"},{"@type":"Person","@id":"https:\/\/president-ksgov.net\/#\/schema\/person\/bb4337a5fb147cb2046d80548172cbee","name":"admin","image":{"@type":"ImageObject","inLanguage":"sr-RS","@id":"https:\/\/president-ksgov.net\/#\/schema\/person\/image\/","url":"https:\/\/secure.gravatar.com\/avatar\/36156ca0fa3b8d9d25174f146e16beea0cf28f37adf1b9e19b6c9c279a7c9dd3?s=96&d=mm&r=g","contentUrl":"https:\/\/secure.gravatar.com\/avatar\/36156ca0fa3b8d9d25174f146e16beea0cf28f37adf1b9e19b6c9c279a7c9dd3?s=96&d=mm&r=g","caption":"admin"},"sameAs":["https:\/\/president-ksgov.net"]}]}},"_links":{"self":[{"href":"https:\/\/president-ksgov.net\/sr\/wp-json\/wp\/v2\/posts\/76095","targetHints":{"allow":["GET"]}}],"collection":[{"href":"https:\/\/president-ksgov.net\/sr\/wp-json\/wp\/v2\/posts"}],"about":[{"href":"https:\/\/president-ksgov.net\/sr\/wp-json\/wp\/v2\/types\/post"}],"author":[{"embeddable":true,"href":"https:\/\/president-ksgov.net\/sr\/wp-json\/wp\/v2\/users\/1"}],"replies":[{"embeddable":true,"href":"https:\/\/president-ksgov.net\/sr\/wp-json\/wp\/v2\/comments?post=76095"}],"version-history":[{"count":0,"href":"https:\/\/president-ksgov.net\/sr\/wp-json\/wp\/v2\/posts\/76095\/revisions"}],"wp:featuredmedia":[{"embeddable":true,"href":"https:\/\/president-ksgov.net\/sr\/wp-json\/wp\/v2\/media\/29460"}],"wp:attachment":[{"href":"https:\/\/president-ksgov.net\/sr\/wp-json\/wp\/v2\/media?parent=76095"}],"wp:term":[{"taxonomy":"category","embeddable":true,"href":"https:\/\/president-ksgov.net\/sr\/wp-json\/wp\/v2\/categories?post=76095"},{"taxonomy":"post_tag","embeddable":true,"href":"https:\/\/president-ksgov.net\/sr\/wp-json\/wp\/v2\/tags?post=76095"}],"curies":[{"name":"wp","href":"https:\/\/api.w.org\/{rel}","templated":true}]}}