{"id":76091,"date":"2017-10-20T16:46:07","date_gmt":"2017-10-20T16:46:07","guid":{"rendered":"https:\/\/dev.president-ksgov.net\/izjava-predsednika-kosova-hashim-a-thaci-ja-o-lokalnim-izborima-22-oktobra\/"},"modified":"2017-10-20T16:46:07","modified_gmt":"2017-10-20T16:46:07","slug":"izjava-predsednika-kosova-hashim-a-thaci-ja-o-lokalnim-izborima-22-oktobra","status":"publish","type":"post","link":"https:\/\/president-ksgov.net\/sr\/izjava-predsednika-kosova-hashim-a-thaci-ja-o-lokalnim-izborima-22-oktobra\/","title":{"rendered":"Izjava predsednika Kosova, Hashim-a Tha\u00e7i-ja o lokalnim izborima 22. oktobra"},"content":{"rendered":"<p>Po\u0161tovani gra&dstrok;ani Republike Kosovo,<\/p>\n<p>U nedelju se organizuju lokalni izbori za predsednike i odbornike Skup\u0161tina op\u0161tina na celoj teritoriji Republike Kosova.<\/p>\n<p>Va\u0161e masivno u&ccaron;estvovanje na ovim izborima nije samo ispunjavanje demokratske norme, ve&cacute; i idealna mogu&cacute;nost da odredite i projektujete &ccaron;etiri naredne godine lokalne samouprave.<\/p>\n<p>Ovu mogu&cacute;nost treba da iskoristi svaki gra&dstrok;anin, i svakoj op\u0161tini, svuda na Kosovu. Mogu&cacute;nost da biraju slobodno, u mirnim okolnostima putem demokratskog procesa, koji prate me&dstrok;unarodni prijatelji, stekli smo uz mnogo &#382;rtvi.<\/p>\n<p>Istom posve&cacute;eno\u0161&cacute;u treba da postanemo deo odlu&ccaron;ivanja, lokalne samouprave, pobolj\u0161anja blagostanja i infrastrukture na\u0161ih gradova i sela.<\/p>\n<p>Ovo mo&#382;ete uraditi samo ukoliko u nedelju iza&dstrok;ete da glasate, postaju&cacute;i tako deo slobodnog, fer i demokratskog procesa.<\/p>\n<p>Nezavisno od politi&ccaron;kih ube&dstrok;enja, mi, kao gra&dstrok;ani, kao dru\u0161tvo, putem ovih izbora, treba da jo\u0161 vi\u0161e oja&ccaron;amo gra&dstrok;ansko jedinstvo. Samo ujedinjeni bi&cacute;emo u stanju da transformi\u0161emo dru\u0161tvo, na\u0161e gradove i na\u0161a sela.<\/p>\n<p>Po\u0161tovani sugra&dstrok;ani,<\/p>\n<p>Kosovske institucije su izvr\u0161ile sve pripreme kako bi izborni proces u nedelju bio u istom demokratskom duhu sa izbornim procesima poslednjih godina na Kosovu.<\/p>\n<p>Pozivam sve politi&ccaron;ke partije, bezbednosne institucije, institucije pravde, me&dstrok;unarodne pratioce i medije da podr&#382;e tok ovih izbora.<\/p>\n<p>Gra&dstrok;ani Kosova, ni na ovim izborima ne treba da dozvolimo nijednu zloupotrebu glasa ili povredu izbornog procesa, koji treba da bude u skladu sa demokratskim standardima.<\/p>\n<p>Pozivam sve gra&dstrok;ane, da u nedelju, 22. oktobra iza&dstrok;u i da iskoriste njihovo demokratsko pravo da glasaju za budu&cacute;nost na\u0161e dece.\u00a0<\/p>\n","protected":false},"excerpt":{"rendered":"<p>Po\u0161tovani gra&dstrok;ani Republike Kosovo, U nedelju se organizuju lokalni izbori za predsednike i odbornike Skup\u0161tina op\u0161tina na celoj teritoriji Republike Kosova. Va\u0161e masivno u&ccaron;estvovanje na ovim izborima nije samo ispunjavanje demokratske norme, ve&cacute; i idealna mogu&cacute;nost da odredite i projektujete &ccaron;etiri naredne godine lokalne samouprave. Ovu mogu&cacute;nost treba da iskoristi svaki gra&dstrok;anin, i svakoj op\u0161tini, svuda na Kosovu. Mogu&cacute;nost da biraju slobodno, u mirnim okolnostima putem demokratskog procesa, koji prate me&dstrok;unarodni prijatelji, stekli smo uz mnogo &#382;rtvi. Istom posve&cacute;eno\u0161&cacute;u treba da postanemo deo odlu&ccaron;ivanja, lokalne samouprave, pobolj\u0161anja blagostanja i infrastrukture na\u0161ih gradova i sela. Ovo mo&#382;ete uraditi samo ukoliko u nedelju iza&dstrok;ete da glasate, postaju&cacute;i tako deo slobodnog, fer i demokratskog procesa. Nezavisno od politi&ccaron;kih ube&dstrok;enja, mi, kao gra&dstrok;ani, kao dru\u0161tvo, putem ovih izbora, treba da jo\u0161 vi\u0161e oja&ccaron;amo gra&dstrok;ansko jedinstvo. Samo ujedinjeni bi&cacute;emo u stanju da transformi\u0161emo dru\u0161tvo, na\u0161e gradove i na\u0161a sela. Po\u0161tovani sugra&dstrok;ani, Kosovske institucije su izvr\u0161ile sve pripreme kako bi izborni proces u nedelju bio u istom demokratskom duhu sa izbornim procesima poslednjih godina na Kosovu. Pozivam sve politi&ccaron;ke partije, bezbednosne institucije, institucije pravde, me&dstrok;unarodne pratioce i medije da podr&#382;e tok ovih izbora. Gra&dstrok;ani Kosova, ni na ovim izborima ne treba da dozvolimo nijednu zloupotrebu glasa ili povredu izbornog procesa, koji treba da bude u skladu sa demokratskim standardima. Pozivam sve gra&dstrok;ane, da u nedelju, 22. oktobra iza&dstrok;u i da iskoriste njihovo demokratsko pravo da glasaju za budu&cacute;nost na\u0161e dece.\u00a0<\/p>\n","protected":false},"author":1,"featured_media":29441,"comment_status":"open","ping_status":"closed","sticky":false,"template":"","format":"standard","meta":{"_eb_attr":"","footnotes":""},"categories":[101],"tags":[],"class_list":["post-76091","post","type-post","status-publish","format-standard","has-post-thumbnail","hentry","category-vesti"],"yoast_head":"<!-- This site is optimized with the Yoast SEO plugin v23.5 - https:\/\/yoast.com\/wordpress\/plugins\/seo\/ -->\n<title>Izjava predsednika Kosova, Hashim-a Tha\u00e7i-ja o lokalnim izborima 22. oktobra - Predsednik Republike Kosovo - DR. VJOSA OSMANI - SADRIU<\/title>\n<meta name=\"description\" content=\"Izjava predsednika Kosova, Hashim-a Tha\u00e7i-ja o lokalnim izborima 22. oktobra - Predsednik Republike Kosovo - DR. VJOSA OSMANI - SADRIU -\" \/>\n<meta name=\"robots\" content=\"index, follow, max-snippet:-1, max-image-preview:large, max-video-preview:-1\" \/>\n<link rel=\"canonical\" href=\"https:\/\/president-ksgov.net\/sr\/izjava-predsednika-kosova-hashim-a-thaci-ja-o-lokalnim-izborima-22-oktobra\/\" \/>\n<meta property=\"og:locale\" content=\"sr_RS\" \/>\n<meta property=\"og:type\" content=\"article\" \/>\n<meta property=\"og:title\" content=\"Izjava predsednika Kosova, Hashim-a Tha\u00e7i-ja o lokalnim izborima 22. oktobra - Predsednik Republike Kosovo - DR. VJOSA OSMANI - SADRIU\" \/>\n<meta property=\"og:description\" content=\"Izjava predsednika Kosova, Hashim-a Tha\u00e7i-ja o lokalnim izborima 22. oktobra - Predsednik Republike Kosovo - DR. VJOSA OSMANI - SADRIU -\" \/>\n<meta property=\"og:url\" content=\"https:\/\/president-ksgov.net\/sr\/izjava-predsednika-kosova-hashim-a-thaci-ja-o-lokalnim-izborima-22-oktobra\/\" \/>\n<meta property=\"og:site_name\" content=\"Predsednik Republike Kosovo - DR. VJOSA OSMANI - SADRIU\" \/>\n<meta property=\"article:published_time\" content=\"2017-10-20T16:46:07+00:00\" \/>\n<meta property=\"og:image\" content=\"https:\/\/president-ksgov.net\/wp-content\/uploads\/20_10_2017_6363073_presidenti1.jpg\" \/>\n\t<meta property=\"og:image:width\" content=\"2000\" \/>\n\t<meta property=\"og:image:height\" content=\"1283\" \/>\n\t<meta property=\"og:image:type\" content=\"image\/jpeg\" \/>\n<meta name=\"author\" content=\"admin\" \/>\n<meta name=\"twitter:card\" content=\"summary_large_image\" \/>\n<meta name=\"twitter:label1\" content=\"\u041d\u0430\u043f\u0438\u0441\u0430\u043d\u043e \u043e\u0434\" \/>\n\t<meta name=\"twitter:data1\" content=\"admin\" \/>\n\t<meta name=\"twitter:label2\" content=\"\u041f\u0440\u043e\u0446\u0435\u045a\u0435\u043d\u043e \u0432\u0440\u0435\u043c\u0435 \u0447\u0438\u0442\u0430\u045a\u0430\" \/>\n\t<meta name=\"twitter:data2\" content=\"2 \u043c\u0438\u043d\u0443\u0442\u0430\" \/>\n<script type=\"application\/ld+json\" class=\"yoast-schema-graph\">{\"@context\":\"https:\/\/schema.org\",\"@graph\":[{\"@type\":\"WebPage\",\"@id\":\"https:\/\/president-ksgov.net\/sr\/izjava-predsednika-kosova-hashim-a-thaci-ja-o-lokalnim-izborima-22-oktobra\/\",\"url\":\"https:\/\/president-ksgov.net\/sr\/izjava-predsednika-kosova-hashim-a-thaci-ja-o-lokalnim-izborima-22-oktobra\/\",\"name\":\"Izjava predsednika Kosova, Hashim-a Tha\u00e7i-ja o lokalnim izborima 22. oktobra - Predsednik Republike Kosovo - DR. VJOSA OSMANI - SADRIU\",\"isPartOf\":{\"@id\":\"https:\/\/president-ksgov.net\/#website\"},\"primaryImageOfPage\":{\"@id\":\"https:\/\/president-ksgov.net\/sr\/izjava-predsednika-kosova-hashim-a-thaci-ja-o-lokalnim-izborima-22-oktobra\/#primaryimage\"},\"image\":{\"@id\":\"https:\/\/president-ksgov.net\/sr\/izjava-predsednika-kosova-hashim-a-thaci-ja-o-lokalnim-izborima-22-oktobra\/#primaryimage\"},\"thumbnailUrl\":\"https:\/\/president-ksgov.net\/wp-content\/uploads\/20_10_2017_6363073_presidenti1.jpg\",\"datePublished\":\"2017-10-20T16:46:07+00:00\",\"dateModified\":\"2017-10-20T16:46:07+00:00\",\"author\":{\"@id\":\"https:\/\/president-ksgov.net\/#\/schema\/person\/bb4337a5fb147cb2046d80548172cbee\"},\"description\":\"Izjava predsednika Kosova, Hashim-a Tha\u00e7i-ja o lokalnim izborima 22. oktobra - Predsednik Republike Kosovo - DR. VJOSA OSMANI - SADRIU -\",\"breadcrumb\":{\"@id\":\"https:\/\/president-ksgov.net\/sr\/izjava-predsednika-kosova-hashim-a-thaci-ja-o-lokalnim-izborima-22-oktobra\/#breadcrumb\"},\"inLanguage\":\"sr-RS\",\"potentialAction\":[{\"@type\":\"ReadAction\",\"target\":[\"https:\/\/president-ksgov.net\/sr\/izjava-predsednika-kosova-hashim-a-thaci-ja-o-lokalnim-izborima-22-oktobra\/\"]}]},{\"@type\":\"ImageObject\",\"inLanguage\":\"sr-RS\",\"@id\":\"https:\/\/president-ksgov.net\/sr\/izjava-predsednika-kosova-hashim-a-thaci-ja-o-lokalnim-izborima-22-oktobra\/#primaryimage\",\"url\":\"https:\/\/president-ksgov.net\/wp-content\/uploads\/20_10_2017_6363073_presidenti1.jpg\",\"contentUrl\":\"https:\/\/president-ksgov.net\/wp-content\/uploads\/20_10_2017_6363073_presidenti1.jpg\",\"width\":2000,\"height\":1283},{\"@type\":\"BreadcrumbList\",\"@id\":\"https:\/\/president-ksgov.net\/sr\/izjava-predsednika-kosova-hashim-a-thaci-ja-o-lokalnim-izborima-22-oktobra\/#breadcrumb\",\"itemListElement\":[{\"@type\":\"ListItem\",\"position\":1,\"name\":\"Home\",\"item\":\"https:\/\/president-ksgov.net\/sr\/\"},{\"@type\":\"ListItem\",\"position\":2,\"name\":\"Izjava predsednika Kosova, Hashim-a Tha\u00e7i-ja o lokalnim izborima 22. oktobra\"}]},{\"@type\":\"WebSite\",\"@id\":\"https:\/\/president-ksgov.net\/#website\",\"url\":\"https:\/\/president-ksgov.net\/\",\"name\":\"Presidente e Republik\u00ebs s\u00eb Kosov\u00ebs\",\"description\":\"Presidente e Republik\u00ebs s\u00eb Kosov\u00ebs\",\"alternateName\":\"DR. VJOSA OSMANI - SADRIU\",\"potentialAction\":[{\"@type\":\"SearchAction\",\"target\":{\"@type\":\"EntryPoint\",\"urlTemplate\":\"https:\/\/president-ksgov.net\/?s={search_term_string}\"},\"query-input\":{\"@type\":\"PropertyValueSpecification\",\"valueRequired\":true,\"valueName\":\"search_term_string\"}}],\"inLanguage\":\"sr-RS\"},{\"@type\":\"Person\",\"@id\":\"https:\/\/president-ksgov.net\/#\/schema\/person\/bb4337a5fb147cb2046d80548172cbee\",\"name\":\"admin\",\"image\":{\"@type\":\"ImageObject\",\"inLanguage\":\"sr-RS\",\"@id\":\"https:\/\/president-ksgov.net\/#\/schema\/person\/image\/\",\"url\":\"https:\/\/secure.gravatar.com\/avatar\/36156ca0fa3b8d9d25174f146e16beea0cf28f37adf1b9e19b6c9c279a7c9dd3?s=96&d=mm&r=g\",\"contentUrl\":\"https:\/\/secure.gravatar.com\/avatar\/36156ca0fa3b8d9d25174f146e16beea0cf28f37adf1b9e19b6c9c279a7c9dd3?s=96&d=mm&r=g\",\"caption\":\"admin\"},\"sameAs\":[\"https:\/\/president-ksgov.net\"]}]}<\/script>\n<!-- \/ Yoast SEO plugin. -->","yoast_head_json":{"title":"Izjava predsednika Kosova, Hashim-a Tha\u00e7i-ja o lokalnim izborima 22. oktobra - Predsednik Republike Kosovo - DR. VJOSA OSMANI - SADRIU","description":"Izjava predsednika Kosova, Hashim-a Tha\u00e7i-ja o lokalnim izborima 22. oktobra - Predsednik Republike Kosovo - DR. VJOSA OSMANI - SADRIU -","robots":{"index":"index","follow":"follow","max-snippet":"max-snippet:-1","max-image-preview":"max-image-preview:large","max-video-preview":"max-video-preview:-1"},"canonical":"https:\/\/president-ksgov.net\/sr\/izjava-predsednika-kosova-hashim-a-thaci-ja-o-lokalnim-izborima-22-oktobra\/","og_locale":"sr_RS","og_type":"article","og_title":"Izjava predsednika Kosova, Hashim-a Tha\u00e7i-ja o lokalnim izborima 22. oktobra - Predsednik Republike Kosovo - DR. VJOSA OSMANI - SADRIU","og_description":"Izjava predsednika Kosova, Hashim-a Tha\u00e7i-ja o lokalnim izborima 22. oktobra - Predsednik Republike Kosovo - DR. VJOSA OSMANI - SADRIU -","og_url":"https:\/\/president-ksgov.net\/sr\/izjava-predsednika-kosova-hashim-a-thaci-ja-o-lokalnim-izborima-22-oktobra\/","og_site_name":"Predsednik Republike Kosovo - DR. VJOSA OSMANI - SADRIU","article_published_time":"2017-10-20T16:46:07+00:00","og_image":[{"width":2000,"height":1283,"url":"https:\/\/president-ksgov.net\/wp-content\/uploads\/20_10_2017_6363073_presidenti1.jpg","type":"image\/jpeg"}],"author":"admin","twitter_card":"summary_large_image","twitter_misc":{"\u041d\u0430\u043f\u0438\u0441\u0430\u043d\u043e \u043e\u0434":"admin","\u041f\u0440\u043e\u0446\u0435\u045a\u0435\u043d\u043e \u0432\u0440\u0435\u043c\u0435 \u0447\u0438\u0442\u0430\u045a\u0430":"2 \u043c\u0438\u043d\u0443\u0442\u0430"},"schema":{"@context":"https:\/\/schema.org","@graph":[{"@type":"WebPage","@id":"https:\/\/president-ksgov.net\/sr\/izjava-predsednika-kosova-hashim-a-thaci-ja-o-lokalnim-izborima-22-oktobra\/","url":"https:\/\/president-ksgov.net\/sr\/izjava-predsednika-kosova-hashim-a-thaci-ja-o-lokalnim-izborima-22-oktobra\/","name":"Izjava predsednika Kosova, Hashim-a Tha\u00e7i-ja o lokalnim izborima 22. oktobra - Predsednik Republike Kosovo - DR. VJOSA OSMANI - SADRIU","isPartOf":{"@id":"https:\/\/president-ksgov.net\/#website"},"primaryImageOfPage":{"@id":"https:\/\/president-ksgov.net\/sr\/izjava-predsednika-kosova-hashim-a-thaci-ja-o-lokalnim-izborima-22-oktobra\/#primaryimage"},"image":{"@id":"https:\/\/president-ksgov.net\/sr\/izjava-predsednika-kosova-hashim-a-thaci-ja-o-lokalnim-izborima-22-oktobra\/#primaryimage"},"thumbnailUrl":"https:\/\/president-ksgov.net\/wp-content\/uploads\/20_10_2017_6363073_presidenti1.jpg","datePublished":"2017-10-20T16:46:07+00:00","dateModified":"2017-10-20T16:46:07+00:00","author":{"@id":"https:\/\/president-ksgov.net\/#\/schema\/person\/bb4337a5fb147cb2046d80548172cbee"},"description":"Izjava predsednika Kosova, Hashim-a Tha\u00e7i-ja o lokalnim izborima 22. oktobra - Predsednik Republike Kosovo - DR. VJOSA OSMANI - SADRIU -","breadcrumb":{"@id":"https:\/\/president-ksgov.net\/sr\/izjava-predsednika-kosova-hashim-a-thaci-ja-o-lokalnim-izborima-22-oktobra\/#breadcrumb"},"inLanguage":"sr-RS","potentialAction":[{"@type":"ReadAction","target":["https:\/\/president-ksgov.net\/sr\/izjava-predsednika-kosova-hashim-a-thaci-ja-o-lokalnim-izborima-22-oktobra\/"]}]},{"@type":"ImageObject","inLanguage":"sr-RS","@id":"https:\/\/president-ksgov.net\/sr\/izjava-predsednika-kosova-hashim-a-thaci-ja-o-lokalnim-izborima-22-oktobra\/#primaryimage","url":"https:\/\/president-ksgov.net\/wp-content\/uploads\/20_10_2017_6363073_presidenti1.jpg","contentUrl":"https:\/\/president-ksgov.net\/wp-content\/uploads\/20_10_2017_6363073_presidenti1.jpg","width":2000,"height":1283},{"@type":"BreadcrumbList","@id":"https:\/\/president-ksgov.net\/sr\/izjava-predsednika-kosova-hashim-a-thaci-ja-o-lokalnim-izborima-22-oktobra\/#breadcrumb","itemListElement":[{"@type":"ListItem","position":1,"name":"Home","item":"https:\/\/president-ksgov.net\/sr\/"},{"@type":"ListItem","position":2,"name":"Izjava predsednika Kosova, Hashim-a Tha\u00e7i-ja o lokalnim izborima 22. oktobra"}]},{"@type":"WebSite","@id":"https:\/\/president-ksgov.net\/#website","url":"https:\/\/president-ksgov.net\/","name":"Presidente e Republik\u00ebs s\u00eb Kosov\u00ebs","description":"Presidente e Republik\u00ebs s\u00eb Kosov\u00ebs","alternateName":"DR. VJOSA OSMANI - SADRIU","potentialAction":[{"@type":"SearchAction","target":{"@type":"EntryPoint","urlTemplate":"https:\/\/president-ksgov.net\/?s={search_term_string}"},"query-input":{"@type":"PropertyValueSpecification","valueRequired":true,"valueName":"search_term_string"}}],"inLanguage":"sr-RS"},{"@type":"Person","@id":"https:\/\/president-ksgov.net\/#\/schema\/person\/bb4337a5fb147cb2046d80548172cbee","name":"admin","image":{"@type":"ImageObject","inLanguage":"sr-RS","@id":"https:\/\/president-ksgov.net\/#\/schema\/person\/image\/","url":"https:\/\/secure.gravatar.com\/avatar\/36156ca0fa3b8d9d25174f146e16beea0cf28f37adf1b9e19b6c9c279a7c9dd3?s=96&d=mm&r=g","contentUrl":"https:\/\/secure.gravatar.com\/avatar\/36156ca0fa3b8d9d25174f146e16beea0cf28f37adf1b9e19b6c9c279a7c9dd3?s=96&d=mm&r=g","caption":"admin"},"sameAs":["https:\/\/president-ksgov.net"]}]}},"_links":{"self":[{"href":"https:\/\/president-ksgov.net\/sr\/wp-json\/wp\/v2\/posts\/76091","targetHints":{"allow":["GET"]}}],"collection":[{"href":"https:\/\/president-ksgov.net\/sr\/wp-json\/wp\/v2\/posts"}],"about":[{"href":"https:\/\/president-ksgov.net\/sr\/wp-json\/wp\/v2\/types\/post"}],"author":[{"embeddable":true,"href":"https:\/\/president-ksgov.net\/sr\/wp-json\/wp\/v2\/users\/1"}],"replies":[{"embeddable":true,"href":"https:\/\/president-ksgov.net\/sr\/wp-json\/wp\/v2\/comments?post=76091"}],"version-history":[{"count":0,"href":"https:\/\/president-ksgov.net\/sr\/wp-json\/wp\/v2\/posts\/76091\/revisions"}],"wp:featuredmedia":[{"embeddable":true,"href":"https:\/\/president-ksgov.net\/sr\/wp-json\/wp\/v2\/media\/29441"}],"wp:attachment":[{"href":"https:\/\/president-ksgov.net\/sr\/wp-json\/wp\/v2\/media?parent=76091"}],"wp:term":[{"taxonomy":"category","embeddable":true,"href":"https:\/\/president-ksgov.net\/sr\/wp-json\/wp\/v2\/categories?post=76091"},{"taxonomy":"post_tag","embeddable":true,"href":"https:\/\/president-ksgov.net\/sr\/wp-json\/wp\/v2\/tags?post=76091"}],"curies":[{"name":"wp","href":"https:\/\/api.w.org\/{rel}","templated":true}]}}