{"id":76086,"date":"2017-10-24T11:58:58","date_gmt":"2017-10-24T11:58:58","guid":{"rendered":"https:\/\/dev.president-ksgov.net\/tuioci-i-sudije-iz-neveinske-zajednice-poloili-zakletvu-pred-predsednikom-thaci-jem\/"},"modified":"2017-10-24T11:58:58","modified_gmt":"2017-10-24T11:58:58","slug":"tuioci-i-sudije-iz-neveinske-zajednice-poloili-zakletvu-pred-predsednikom-thaci-jem","status":"publish","type":"post","link":"https:\/\/president-ksgov.net\/sr\/tuioci-i-sudije-iz-neveinske-zajednice-poloili-zakletvu-pred-predsednikom-thaci-jem\/","title":{"rendered":"Tu&#158;ioci i sudije iz neve&cacute;inske zajednice polo&#158;ili zakletvu pred predsednikom Tha\u00e7i-jem"},"content":{"rendered":"<p>Pri\u0161tina, 24. oktobar \u2013 Predsednik Republike Kosovo, Hashim Tha\u00e7i u skladu sa njegovim ustavnim i zakonskim nadle&#382;nostima, u skladu sa predlogom Tu&#382;ila&ccaron;kog saveta, danas je dekretima imenovano 40 novih dr&#382;avnih sudija i 13 novih dr&#382;avnih tu&#382;ilaca iz neve&cacute;inske zajednice.<\/p>\n<p>Predsednik Tha\u00e7i je nakon ceremonije polaganja zakletve &ccaron;estitao svim novim tu&#382;iocima i sudijama, pru&#382;aju&cacute;i im podr\u0161ku u njihovom svakodnevnom radu. <\/p>\n<p>\u201eKosovo je izgra&dstrok;eno nad ustavnim, sveobuhvatnim principima, principima jednakosti i slobode svakog pojedinca. Kosovo je usvojilo adekvatne mere promovisanja potpune i efektivne jednakosti me&dstrok;u pripadnicima zajednica na svim &#382;ivotnim, ekonomskim, dru\u0161tvenim i kulturolo\u0161kim poljima\u201c, istakao je predsednik.<\/p>\n<p>On je rekao da dekretiranje sudija i tu&#382;ilaca iz neve&cacute;inskih zajednica u potpunosti predstavlja multietni&ccaron;ku prirodu Kosova. <\/p>\n<p>Prema njegovom mi\u0161ljenu, Kosovo je konstantno vr\u0161ilo i vr\u0161i reforme u sudskom i tu&#382;ila&ccaron;kom sistemu, sa jedinim ciljem da sudski i tu&#382;ila&ccaron;ki sistem \u0161to bolje funkcioni\u0161u. <\/p>\n<p>\u201eNa ovom putu mi smo imali i podr\u0161ku na\u0161ih me&dstrok;unarodnih prijatelja, kojima se zahvaljujemo. Sudije i tu&#382;ioci imaju veliku ulogu u &#382;ivotu gra&dstrok;ana, bez obzira na njihovu rodnu, rasnu, versku ili nacionalnu pripadnost\u201c, dodao je predsednik. <\/p>\n<p>On je rekao da je na njihovim ple&cacute;ima velika odgovornost, za koju u potpunosti veruje da &cacute;e znati da je nose, a gra&dstrok;ani na\u0161e zemlje &cacute;e se ose&cacute;ati bezbednim i jednakim pred zakonom. <\/p>\n<p>\u201ePozdravljam va\u0161u spremnost da se integri\u0161ete u kosovsko pravosu&dstrok;e i da radite u skladu sa kosovskim zakonodavstvom. Tako&dstrok;e, pozdravljam va\u0161u spremnost da va\u0161u funkciju sudije, odnosno tu&#382;ioca, izvr\u0161avate\u00a0 &ccaron;asno, odgovorno i nepristrasno, po\u0161tuju&cacute;i pravila profesionalne etike\u201c, rekao je predsednik Tha\u00e7i.<br \/>\n\u00a0<br \/>\nSudski savet Kosova i Tu&#382;ila&ccaron;ki savet Kosova, u skladu sa njihovim ustavnim i zakonskim odgovornostima, smatrali su kao afirmativni postupak njihov predlog o pove&cacute;anju broja sudija i tu&#382;ilaca iz neve&cacute;inske zajednice, kao \u0161to je odre&dstrok;eno Ustavom,\u00a0 Zakonom za za\u0161titu od diskriminacije i Sporazumom o pravdi, koji je postignut u Briselu, 10. februara 2015. godine, a koji je nastavak sporazuma koji je ratifikovan od strane Skup\u0161tine Zakonom Br. 04\/L-199. <\/p>\n<p>Njihovo dekretiranje je jedna od afirmativnih mera koje institucije Republike Kosovo preduzimaju kako bi se postigla potpuna i efektivna jednakost pripadnika zajednica na svim &#382;ivotnim, ekonomskmi, dru\u0161tvenim, politi&ccaron;kim i kulturolo\u0161kim poljima. <\/p>\n<p>Aktom polaganja zakletve se u potpunosti sprovodi Sporazum o pravdi koji je postignut u Briselu 10. februara 2015. godine.<br \/>\n\u00a0<\/p>\n","protected":false},"excerpt":{"rendered":"<p>Pri\u0161tina, 24. oktobar \u2013 Predsednik Republike Kosovo, Hashim Tha\u00e7i u skladu sa njegovim ustavnim i zakonskim nadle&#382;nostima, u skladu sa predlogom Tu&#382;ila&ccaron;kog saveta, danas je dekretima imenovano 40 novih dr&#382;avnih sudija i 13 novih dr&#382;avnih tu&#382;ilaca iz neve&cacute;inske zajednice.<\/p>\n","protected":false},"author":1,"featured_media":29385,"comment_status":"open","ping_status":"closed","sticky":false,"template":"","format":"standard","meta":{"_eb_attr":"","footnotes":""},"categories":[101],"tags":[],"class_list":["post-76086","post","type-post","status-publish","format-standard","has-post-thumbnail","hentry","category-vesti"],"yoast_head":"<!-- This site is optimized with the Yoast SEO plugin v23.5 - https:\/\/yoast.com\/wordpress\/plugins\/seo\/ -->\n<title>Tu&#158;ioci i sudije iz neve&amp;cacute;inske zajednice polo&#158;ili zakletvu pred predsednikom Tha\u00e7i-jem - Predsednik Republike Kosovo - DR. VJOSA OSMANI - SADRIU<\/title>\n<meta name=\"description\" content=\"Tu&#158;ioci i sudije iz neve&amp;cacute;inske zajednice polo&#158;ili zakletvu pred predsednikom Tha\u00e7i-jem - Predsednik Republike Kosovo - DR. VJOSA OSMANI - SADRIU -\" \/>\n<meta name=\"robots\" content=\"index, follow, max-snippet:-1, max-image-preview:large, max-video-preview:-1\" \/>\n<link rel=\"canonical\" href=\"https:\/\/president-ksgov.net\/sr\/tuioci-i-sudije-iz-neveinske-zajednice-poloili-zakletvu-pred-predsednikom-thaci-jem\/\" \/>\n<meta property=\"og:locale\" content=\"sr_RS\" \/>\n<meta property=\"og:type\" content=\"article\" \/>\n<meta property=\"og:title\" content=\"Tu&#158;ioci i sudije iz neve&amp;cacute;inske zajednice polo&#158;ili zakletvu pred predsednikom Tha\u00e7i-jem - Predsednik Republike Kosovo - DR. VJOSA OSMANI - SADRIU\" \/>\n<meta property=\"og:description\" content=\"Tu&#158;ioci i sudije iz neve&amp;cacute;inske zajednice polo&#158;ili zakletvu pred predsednikom Tha\u00e7i-jem - Predsednik Republike Kosovo - DR. VJOSA OSMANI - SADRIU -\" \/>\n<meta property=\"og:url\" content=\"https:\/\/president-ksgov.net\/sr\/tuioci-i-sudije-iz-neveinske-zajednice-poloili-zakletvu-pred-predsednikom-thaci-jem\/\" \/>\n<meta property=\"og:site_name\" content=\"Predsednik Republike Kosovo - DR. VJOSA OSMANI - SADRIU\" \/>\n<meta property=\"article:published_time\" content=\"2017-10-24T11:58:58+00:00\" \/>\n<meta property=\"og:image\" content=\"https:\/\/president-ksgov.net\/wp-content\/uploads\/24_10_2017_8409857_00.jpg\" \/>\n\t<meta property=\"og:image:width\" content=\"2400\" \/>\n\t<meta property=\"og:image:height\" content=\"1600\" \/>\n\t<meta property=\"og:image:type\" content=\"image\/jpeg\" \/>\n<meta name=\"author\" content=\"admin\" \/>\n<meta name=\"twitter:card\" content=\"summary_large_image\" \/>\n<meta name=\"twitter:label1\" content=\"\u041d\u0430\u043f\u0438\u0441\u0430\u043d\u043e \u043e\u0434\" \/>\n\t<meta name=\"twitter:data1\" content=\"admin\" \/>\n\t<meta name=\"twitter:label2\" content=\"\u041f\u0440\u043e\u0446\u0435\u045a\u0435\u043d\u043e \u0432\u0440\u0435\u043c\u0435 \u0447\u0438\u0442\u0430\u045a\u0430\" \/>\n\t<meta name=\"twitter:data2\" content=\"2 \u043c\u0438\u043d\u0443\u0442\u0430\" \/>\n<script type=\"application\/ld+json\" class=\"yoast-schema-graph\">{\"@context\":\"https:\/\/schema.org\",\"@graph\":[{\"@type\":\"WebPage\",\"@id\":\"https:\/\/president-ksgov.net\/sr\/tuioci-i-sudije-iz-neveinske-zajednice-poloili-zakletvu-pred-predsednikom-thaci-jem\/\",\"url\":\"https:\/\/president-ksgov.net\/sr\/tuioci-i-sudije-iz-neveinske-zajednice-poloili-zakletvu-pred-predsednikom-thaci-jem\/\",\"name\":\"Tu&#158;ioci i sudije iz neve&cacute;inske zajednice polo&#158;ili zakletvu pred predsednikom Tha\u00e7i-jem - Predsednik Republike Kosovo - DR. VJOSA OSMANI - SADRIU\",\"isPartOf\":{\"@id\":\"https:\/\/president-ksgov.net\/#website\"},\"primaryImageOfPage\":{\"@id\":\"https:\/\/president-ksgov.net\/sr\/tuioci-i-sudije-iz-neveinske-zajednice-poloili-zakletvu-pred-predsednikom-thaci-jem\/#primaryimage\"},\"image\":{\"@id\":\"https:\/\/president-ksgov.net\/sr\/tuioci-i-sudije-iz-neveinske-zajednice-poloili-zakletvu-pred-predsednikom-thaci-jem\/#primaryimage\"},\"thumbnailUrl\":\"https:\/\/president-ksgov.net\/wp-content\/uploads\/24_10_2017_8409857_00.jpg\",\"datePublished\":\"2017-10-24T11:58:58+00:00\",\"dateModified\":\"2017-10-24T11:58:58+00:00\",\"author\":{\"@id\":\"https:\/\/president-ksgov.net\/#\/schema\/person\/bb4337a5fb147cb2046d80548172cbee\"},\"description\":\"Tu&#158;ioci i sudije iz neve&cacute;inske zajednice polo&#158;ili zakletvu pred predsednikom Tha\u00e7i-jem - Predsednik Republike Kosovo - DR. VJOSA OSMANI - SADRIU -\",\"breadcrumb\":{\"@id\":\"https:\/\/president-ksgov.net\/sr\/tuioci-i-sudije-iz-neveinske-zajednice-poloili-zakletvu-pred-predsednikom-thaci-jem\/#breadcrumb\"},\"inLanguage\":\"sr-RS\",\"potentialAction\":[{\"@type\":\"ReadAction\",\"target\":[\"https:\/\/president-ksgov.net\/sr\/tuioci-i-sudije-iz-neveinske-zajednice-poloili-zakletvu-pred-predsednikom-thaci-jem\/\"]}]},{\"@type\":\"ImageObject\",\"inLanguage\":\"sr-RS\",\"@id\":\"https:\/\/president-ksgov.net\/sr\/tuioci-i-sudije-iz-neveinske-zajednice-poloili-zakletvu-pred-predsednikom-thaci-jem\/#primaryimage\",\"url\":\"https:\/\/president-ksgov.net\/wp-content\/uploads\/24_10_2017_8409857_00.jpg\",\"contentUrl\":\"https:\/\/president-ksgov.net\/wp-content\/uploads\/24_10_2017_8409857_00.jpg\",\"width\":2400,\"height\":1600},{\"@type\":\"BreadcrumbList\",\"@id\":\"https:\/\/president-ksgov.net\/sr\/tuioci-i-sudije-iz-neveinske-zajednice-poloili-zakletvu-pred-predsednikom-thaci-jem\/#breadcrumb\",\"itemListElement\":[{\"@type\":\"ListItem\",\"position\":1,\"name\":\"Home\",\"item\":\"https:\/\/president-ksgov.net\/sr\/\"},{\"@type\":\"ListItem\",\"position\":2,\"name\":\"Tu&#158;ioci i sudije iz neve&cacute;inske zajednice polo&#158;ili zakletvu pred predsednikom Tha\u00e7i-jem\"}]},{\"@type\":\"WebSite\",\"@id\":\"https:\/\/president-ksgov.net\/#website\",\"url\":\"https:\/\/president-ksgov.net\/\",\"name\":\"Presidente e Republik\u00ebs s\u00eb Kosov\u00ebs\",\"description\":\"Presidente e Republik\u00ebs s\u00eb Kosov\u00ebs\",\"alternateName\":\"DR. VJOSA OSMANI - SADRIU\",\"potentialAction\":[{\"@type\":\"SearchAction\",\"target\":{\"@type\":\"EntryPoint\",\"urlTemplate\":\"https:\/\/president-ksgov.net\/?s={search_term_string}\"},\"query-input\":{\"@type\":\"PropertyValueSpecification\",\"valueRequired\":true,\"valueName\":\"search_term_string\"}}],\"inLanguage\":\"sr-RS\"},{\"@type\":\"Person\",\"@id\":\"https:\/\/president-ksgov.net\/#\/schema\/person\/bb4337a5fb147cb2046d80548172cbee\",\"name\":\"admin\",\"image\":{\"@type\":\"ImageObject\",\"inLanguage\":\"sr-RS\",\"@id\":\"https:\/\/president-ksgov.net\/#\/schema\/person\/image\/\",\"url\":\"https:\/\/secure.gravatar.com\/avatar\/36156ca0fa3b8d9d25174f146e16beea0cf28f37adf1b9e19b6c9c279a7c9dd3?s=96&d=mm&r=g\",\"contentUrl\":\"https:\/\/secure.gravatar.com\/avatar\/36156ca0fa3b8d9d25174f146e16beea0cf28f37adf1b9e19b6c9c279a7c9dd3?s=96&d=mm&r=g\",\"caption\":\"admin\"},\"sameAs\":[\"https:\/\/president-ksgov.net\"]}]}<\/script>\n<!-- \/ Yoast SEO plugin. -->","yoast_head_json":{"title":"Tu&#158;ioci i sudije iz neve&cacute;inske zajednice polo&#158;ili zakletvu pred predsednikom Tha\u00e7i-jem - Predsednik Republike Kosovo - DR. VJOSA OSMANI - SADRIU","description":"Tu&#158;ioci i sudije iz neve&cacute;inske zajednice polo&#158;ili zakletvu pred predsednikom Tha\u00e7i-jem - Predsednik Republike Kosovo - DR. VJOSA OSMANI - SADRIU -","robots":{"index":"index","follow":"follow","max-snippet":"max-snippet:-1","max-image-preview":"max-image-preview:large","max-video-preview":"max-video-preview:-1"},"canonical":"https:\/\/president-ksgov.net\/sr\/tuioci-i-sudije-iz-neveinske-zajednice-poloili-zakletvu-pred-predsednikom-thaci-jem\/","og_locale":"sr_RS","og_type":"article","og_title":"Tu&#158;ioci i sudije iz neve&cacute;inske zajednice polo&#158;ili zakletvu pred predsednikom Tha\u00e7i-jem - Predsednik Republike Kosovo - DR. VJOSA OSMANI - SADRIU","og_description":"Tu&#158;ioci i sudije iz neve&cacute;inske zajednice polo&#158;ili zakletvu pred predsednikom Tha\u00e7i-jem - Predsednik Republike Kosovo - DR. VJOSA OSMANI - SADRIU -","og_url":"https:\/\/president-ksgov.net\/sr\/tuioci-i-sudije-iz-neveinske-zajednice-poloili-zakletvu-pred-predsednikom-thaci-jem\/","og_site_name":"Predsednik Republike Kosovo - DR. VJOSA OSMANI - SADRIU","article_published_time":"2017-10-24T11:58:58+00:00","og_image":[{"width":2400,"height":1600,"url":"https:\/\/president-ksgov.net\/wp-content\/uploads\/24_10_2017_8409857_00.jpg","type":"image\/jpeg"}],"author":"admin","twitter_card":"summary_large_image","twitter_misc":{"\u041d\u0430\u043f\u0438\u0441\u0430\u043d\u043e \u043e\u0434":"admin","\u041f\u0440\u043e\u0446\u0435\u045a\u0435\u043d\u043e \u0432\u0440\u0435\u043c\u0435 \u0447\u0438\u0442\u0430\u045a\u0430":"2 \u043c\u0438\u043d\u0443\u0442\u0430"},"schema":{"@context":"https:\/\/schema.org","@graph":[{"@type":"WebPage","@id":"https:\/\/president-ksgov.net\/sr\/tuioci-i-sudije-iz-neveinske-zajednice-poloili-zakletvu-pred-predsednikom-thaci-jem\/","url":"https:\/\/president-ksgov.net\/sr\/tuioci-i-sudije-iz-neveinske-zajednice-poloili-zakletvu-pred-predsednikom-thaci-jem\/","name":"Tu&#158;ioci i sudije iz neve&cacute;inske zajednice polo&#158;ili zakletvu pred predsednikom Tha\u00e7i-jem - Predsednik Republike Kosovo - DR. VJOSA OSMANI - SADRIU","isPartOf":{"@id":"https:\/\/president-ksgov.net\/#website"},"primaryImageOfPage":{"@id":"https:\/\/president-ksgov.net\/sr\/tuioci-i-sudije-iz-neveinske-zajednice-poloili-zakletvu-pred-predsednikom-thaci-jem\/#primaryimage"},"image":{"@id":"https:\/\/president-ksgov.net\/sr\/tuioci-i-sudije-iz-neveinske-zajednice-poloili-zakletvu-pred-predsednikom-thaci-jem\/#primaryimage"},"thumbnailUrl":"https:\/\/president-ksgov.net\/wp-content\/uploads\/24_10_2017_8409857_00.jpg","datePublished":"2017-10-24T11:58:58+00:00","dateModified":"2017-10-24T11:58:58+00:00","author":{"@id":"https:\/\/president-ksgov.net\/#\/schema\/person\/bb4337a5fb147cb2046d80548172cbee"},"description":"Tu&#158;ioci i sudije iz neve&cacute;inske zajednice polo&#158;ili zakletvu pred predsednikom Tha\u00e7i-jem - Predsednik Republike Kosovo - DR. VJOSA OSMANI - SADRIU -","breadcrumb":{"@id":"https:\/\/president-ksgov.net\/sr\/tuioci-i-sudije-iz-neveinske-zajednice-poloili-zakletvu-pred-predsednikom-thaci-jem\/#breadcrumb"},"inLanguage":"sr-RS","potentialAction":[{"@type":"ReadAction","target":["https:\/\/president-ksgov.net\/sr\/tuioci-i-sudije-iz-neveinske-zajednice-poloili-zakletvu-pred-predsednikom-thaci-jem\/"]}]},{"@type":"ImageObject","inLanguage":"sr-RS","@id":"https:\/\/president-ksgov.net\/sr\/tuioci-i-sudije-iz-neveinske-zajednice-poloili-zakletvu-pred-predsednikom-thaci-jem\/#primaryimage","url":"https:\/\/president-ksgov.net\/wp-content\/uploads\/24_10_2017_8409857_00.jpg","contentUrl":"https:\/\/president-ksgov.net\/wp-content\/uploads\/24_10_2017_8409857_00.jpg","width":2400,"height":1600},{"@type":"BreadcrumbList","@id":"https:\/\/president-ksgov.net\/sr\/tuioci-i-sudije-iz-neveinske-zajednice-poloili-zakletvu-pred-predsednikom-thaci-jem\/#breadcrumb","itemListElement":[{"@type":"ListItem","position":1,"name":"Home","item":"https:\/\/president-ksgov.net\/sr\/"},{"@type":"ListItem","position":2,"name":"Tu&#158;ioci i sudije iz neve&cacute;inske zajednice polo&#158;ili zakletvu pred predsednikom Tha\u00e7i-jem"}]},{"@type":"WebSite","@id":"https:\/\/president-ksgov.net\/#website","url":"https:\/\/president-ksgov.net\/","name":"Presidente e Republik\u00ebs s\u00eb Kosov\u00ebs","description":"Presidente e Republik\u00ebs s\u00eb Kosov\u00ebs","alternateName":"DR. VJOSA OSMANI - SADRIU","potentialAction":[{"@type":"SearchAction","target":{"@type":"EntryPoint","urlTemplate":"https:\/\/president-ksgov.net\/?s={search_term_string}"},"query-input":{"@type":"PropertyValueSpecification","valueRequired":true,"valueName":"search_term_string"}}],"inLanguage":"sr-RS"},{"@type":"Person","@id":"https:\/\/president-ksgov.net\/#\/schema\/person\/bb4337a5fb147cb2046d80548172cbee","name":"admin","image":{"@type":"ImageObject","inLanguage":"sr-RS","@id":"https:\/\/president-ksgov.net\/#\/schema\/person\/image\/","url":"https:\/\/secure.gravatar.com\/avatar\/36156ca0fa3b8d9d25174f146e16beea0cf28f37adf1b9e19b6c9c279a7c9dd3?s=96&d=mm&r=g","contentUrl":"https:\/\/secure.gravatar.com\/avatar\/36156ca0fa3b8d9d25174f146e16beea0cf28f37adf1b9e19b6c9c279a7c9dd3?s=96&d=mm&r=g","caption":"admin"},"sameAs":["https:\/\/president-ksgov.net"]}]}},"_links":{"self":[{"href":"https:\/\/president-ksgov.net\/sr\/wp-json\/wp\/v2\/posts\/76086","targetHints":{"allow":["GET"]}}],"collection":[{"href":"https:\/\/president-ksgov.net\/sr\/wp-json\/wp\/v2\/posts"}],"about":[{"href":"https:\/\/president-ksgov.net\/sr\/wp-json\/wp\/v2\/types\/post"}],"author":[{"embeddable":true,"href":"https:\/\/president-ksgov.net\/sr\/wp-json\/wp\/v2\/users\/1"}],"replies":[{"embeddable":true,"href":"https:\/\/president-ksgov.net\/sr\/wp-json\/wp\/v2\/comments?post=76086"}],"version-history":[{"count":0,"href":"https:\/\/president-ksgov.net\/sr\/wp-json\/wp\/v2\/posts\/76086\/revisions"}],"wp:featuredmedia":[{"embeddable":true,"href":"https:\/\/president-ksgov.net\/sr\/wp-json\/wp\/v2\/media\/29385"}],"wp:attachment":[{"href":"https:\/\/president-ksgov.net\/sr\/wp-json\/wp\/v2\/media?parent=76086"}],"wp:term":[{"taxonomy":"category","embeddable":true,"href":"https:\/\/president-ksgov.net\/sr\/wp-json\/wp\/v2\/categories?post=76086"},{"taxonomy":"post_tag","embeddable":true,"href":"https:\/\/president-ksgov.net\/sr\/wp-json\/wp\/v2\/tags?post=76086"}],"curies":[{"name":"wp","href":"https:\/\/api.w.org\/{rel}","templated":true}]}}