{"id":76080,"date":"2017-10-26T16:41:43","date_gmt":"2017-10-26T16:41:43","guid":{"rendered":"https:\/\/dev.president-ksgov.net\/predsednik-thaci-uestvovao-je-na-regionalnoj-konferenciji-o-zastiti-i-promovisanju-ljudskih-prava-i-prava-neveinskih-zajednica\/"},"modified":"2017-10-26T16:41:43","modified_gmt":"2017-10-26T16:41:43","slug":"predsednik-thaci-uestvovao-je-na-regionalnoj-konferenciji-o-zastiti-i-promovisanju-ljudskih-prava-i-prava-neveinskih-zajednica","status":"publish","type":"post","link":"https:\/\/president-ksgov.net\/sr\/predsednik-thaci-uestvovao-je-na-regionalnoj-konferenciji-o-zastiti-i-promovisanju-ljudskih-prava-i-prava-neveinskih-zajednica\/","title":{"rendered":"Predsednik  Tha\u00e7i u&ccaron;estvovao je na Regionalnoj konferenciji o za\u0161titi i promovisanju ljudskih prava i prava neve&cacute;inskih zajednica"},"content":{"rendered":"<p>Pri\u0161tina, 26. oktobar \u2013 Predsednik Republike Kosovo, Hashim Tha\u00e7i u&ccaron;estvovao je danas na Regionalnoj konferenciji o za\u0161titi i promovisanju ljudskih prava i prava neve&cacute;inskih zajednica, koju je organizovalo Savetodavno ve&cacute;e za zajednice, a koje funkcioni\u0161e u okviru Kancelarije predsednika.<\/p>\n<p>Predsednik Tha\u00e7i je &ccaron;estitao na ovoj konferenciji i na promovisanju dijaloga o ljudskim pravima, sa posebnim akcentom na prava neve&cacute;inskih zajednica.<\/p>\n<p>\u201eKosovo je pravo mesto za ovakvu debatu po\u0161to predstavlja dobar primer politika promovisanja i akomodacije ve&cacute;inskih zajednica. Dr&#382;ava, ali i celo kosovsko dru\u0161tvo je izgra&dstrok;eno nad ustavnim sveobuhvatnim principima, principima jednakosti i slobode svakog pojedinca\u201c, istakao je on.<\/p>\n<p>On je dalje rekao da je Kosovo usvojilo adekvatne mere promovisanja potpune i efektivne jednakosti me&dstrok;u pripadnicima zajednica na svim &#382;ivotnim, ekonomskim, dru\u0161tvenim, politi&ccaron;kim i kulturolo\u0161kim poljima.\u00a0 <\/p>\n<p>\u201eTa&ccaron;nije, to zna&ccaron;i da smo se starali da neve&cacute;inske zajednice budu zastupljene u politi&ccaron;kim institucijama u zemlji, kako bi im mogu&cacute;nost da \u0161tite i promovi\u0161u njihova politi&ccaron;ka prava bila zagarantovana\u201c, nastavio je predsednik Tha\u00e7i, dodaju&cacute;i dalje: \u201eUspostavili smo princip kvota za zaposlenje u javnim institucijama, kako bismo neve&cacute;inskim zajednicama obezbedili da u&ccaron;estvuju u radu javnih institucija. Uspostavili smo princip kvota na javnim univerzitetima, kako bi se pravo na visoko obrazovanje garantovalo svima\u201c, dodao je on.<\/p>\n<p>Prvi &ccaron;ovek zemlje, dalje je rekao da se sam Ustav Kosova odnosi na najbitnije me&dstrok;unarodne dokumente koji garantuju ljudska prava i slobode.<\/p>\n<p>On je dalje rekao da su sveobuhvatnost i u&ccaron;estvovanje jedni od principa koje promovi\u0161emo n Kosovu.<\/p>\n<p>\u201eOvakvu ulogu ima i Savetodavno ve&cacute;e za zajednice, kada predstavnici iz svih zajednica koje &#382;ive na Kosovu doprinose idejama i projektima u pobolj\u0161anju &#382;ivota njihove zajednice ili svih zajednica\u201c, dodaju&cacute;i dalje: \u201eOvo je jedan od mehanizama koji smo izgradili kako bismo promovisali jednu od glavnih vrednosti koju smo kao dru\u0161tvo i kao dr&#382;ava izgradili \u2013 dijalog\u201c.<\/p>\n<p>Predsednik zemlje je rekao da se na Kosovu ponosimo dijalogom koji smo izgradili, bilo me&dstrok;u etni&ccaron;kim zajednicama, bilo me&dstrok;u verskim zajednicama ili sa regionom.<\/p>\n<p>\u201eImamo i konferenciju INTER-FAITH koja okuplja verske i politi&ccaron;ke lidere, nau&ccaron;nike i medije iz celog sveta kako bi diskutovali o verskom su&#382;ivotu\u201c, istakao je predsednik Tha\u00e7i.<\/p>\n<p>On je izme&dstrok;u ostalog govorio i o iniciranju osnivanja Komisije za istinu i pomirenje, kao mehanizma za promovisanje dijaloga me&dstrok;u etni&ccaron;kim zajednicama, kako bi se poglavlje sukoba zaklju&ccaron;ilo i kako bi se izgradilo poglavlje mira i su&#382;ivota.<\/p>\n<p>\u201ePosve&cacute;eni smo dijalogu sa Srbijom, kako bismo normalizovali odnose, kako bismo izgradili dobre susedske odnose\u201c, dodao je on.<\/p>\n<p>Govore&cacute;i o dobrim susedskim odnosima, predsednik Tha\u00e7i je rekao: \u201ePromovi\u0161emo regionalnu saradnju kao vrednost regiona i kao mehanizma koji &cacute;e ubrzati na\u0161e putovanje prema EU. I ova konferencija ovde je u slu&#382;bi te regionalne saradnje, regionalnog dijaloga, u funkciji razmene ideja i dobrih iskustava za sastavljanje i sprovo&dstrok;enje afirmativnih politika\u201c, ali prema njegovom mi\u0161ljenju mo&#382;emo puno da u&ccaron;inimo samo na regionalnom nivou, kako bismo pobolj\u0161ali komunikaciju i saradnju me&dstrok;u na\u0161im dr&#382;avama.<\/p>\n<p>Predsednik Tha\u00e7i je pomenuo i nekoliko pitanja \u2013 slobodu kretanja gra&dstrok;ana i robe za dr&#382;ave regiona.<\/p>\n<p>\u201eNa primer, gra&dstrok;ani Kosova ne mogu slobodno da putuju u Bosnu i Hercegovinu i obratno. Roba sa Kosova ne mo&#382;e da se slobodno prevozi po dr&#382;avama regiona. Kako bi se na\u0161lo re\u0161enje za ova pitanja ne bi trebalo da nam je potrebno me&dstrok;unarodno posredovanje\u201c, potvrdio je on.<\/p>\n<p>Na kraju predsednik Tha\u00e7i je rekao da bi bilo dobro da forumi poput ovog danas tra&#382;e re\u0161enja za ru\u0161enje zidova koje jo\u0161 uvek imamo me&dstrok;u nama: \u201eS toga vam &#382;elim plodnu, uspe\u0161nu, konkretnu diskusiju koja &cacute;e doprineti pobolj\u0161anju &#382;ivota svih zajednica na Kosovu i u regionu\u201c, istakao je predsednik Tha\u00e7i.\u00a0<\/p>\n","protected":false},"excerpt":{"rendered":"<p>Pri\u0161tina, 26. oktobar \u2013 Predsednik Republike Kosovo, Hashim Tha\u00e7i u&ccaron;estvovao je danas na Regionalnoj konferenciji o za\u0161titi i promovisanju ljudskih prava i prava neve&cacute;inskih zajednica, koju je organizovalo Savetodavno ve&cacute;e za zajednice, a koje funkcioni\u0161e u okviru Kancelarije predsednika.<\/p>\n","protected":false},"author":1,"featured_media":29344,"comment_status":"open","ping_status":"closed","sticky":false,"template":"","format":"standard","meta":{"_eb_attr":"","footnotes":""},"categories":[101],"tags":[],"class_list":["post-76080","post","type-post","status-publish","format-standard","has-post-thumbnail","hentry","category-vesti"],"yoast_head":"<!-- This site is optimized with the Yoast SEO plugin v23.5 - https:\/\/yoast.com\/wordpress\/plugins\/seo\/ -->\n<title>Predsednik Tha\u00e7i u&amp;ccaron;estvovao je na Regionalnoj konferenciji o za\u0161titi i promovisanju ljudskih prava i prava neve&amp;cacute;inskih zajednica - Predsednik Republike Kosovo - DR. VJOSA OSMANI - SADRIU<\/title>\n<meta name=\"description\" content=\"Predsednik Tha\u00e7i u&amp;ccaron;estvovao je na Regionalnoj konferenciji o za\u0161titi i promovisanju ljudskih prava i prava neve&amp;cacute;inskih zajednica - Predsednik Republike Kosovo - DR. VJOSA OSMANI - SADRIU -\" \/>\n<meta name=\"robots\" content=\"index, follow, max-snippet:-1, max-image-preview:large, max-video-preview:-1\" \/>\n<link rel=\"canonical\" href=\"https:\/\/president-ksgov.net\/sr\/predsednik-thaci-uestvovao-je-na-regionalnoj-konferenciji-o-zastiti-i-promovisanju-ljudskih-prava-i-prava-neveinskih-zajednica\/\" \/>\n<meta property=\"og:locale\" content=\"sr_RS\" \/>\n<meta property=\"og:type\" content=\"article\" \/>\n<meta property=\"og:title\" content=\"Predsednik Tha\u00e7i u&amp;ccaron;estvovao je na Regionalnoj konferenciji o za\u0161titi i promovisanju ljudskih prava i prava neve&amp;cacute;inskih zajednica - Predsednik Republike Kosovo - DR. VJOSA OSMANI - SADRIU\" \/>\n<meta property=\"og:description\" content=\"Predsednik Tha\u00e7i u&amp;ccaron;estvovao je na Regionalnoj konferenciji o za\u0161titi i promovisanju ljudskih prava i prava neve&amp;cacute;inskih zajednica - Predsednik Republike Kosovo - DR. VJOSA OSMANI - SADRIU -\" \/>\n<meta property=\"og:url\" content=\"https:\/\/president-ksgov.net\/sr\/predsednik-thaci-uestvovao-je-na-regionalnoj-konferenciji-o-zastiti-i-promovisanju-ljudskih-prava-i-prava-neveinskih-zajednica\/\" \/>\n<meta property=\"og:site_name\" content=\"Predsednik Republike Kosovo - DR. VJOSA OSMANI - SADRIU\" \/>\n<meta property=\"article:published_time\" content=\"2017-10-26T16:41:43+00:00\" \/>\n<meta property=\"og:image\" content=\"https:\/\/president-ksgov.net\/wp-content\/uploads\/26_10_2017_7774381_26_10_2017_Konferenca_1.jpg\" \/>\n\t<meta property=\"og:image:width\" content=\"2000\" \/>\n\t<meta property=\"og:image:height\" content=\"1297\" \/>\n\t<meta property=\"og:image:type\" content=\"image\/jpeg\" \/>\n<meta name=\"author\" content=\"admin\" \/>\n<meta name=\"twitter:card\" content=\"summary_large_image\" \/>\n<meta name=\"twitter:label1\" content=\"\u041d\u0430\u043f\u0438\u0441\u0430\u043d\u043e \u043e\u0434\" \/>\n\t<meta name=\"twitter:data1\" content=\"admin\" \/>\n\t<meta name=\"twitter:label2\" content=\"\u041f\u0440\u043e\u0446\u0435\u045a\u0435\u043d\u043e \u0432\u0440\u0435\u043c\u0435 \u0447\u0438\u0442\u0430\u045a\u0430\" \/>\n\t<meta name=\"twitter:data2\" content=\"4 \u043c\u0438\u043d\u0443\u0442\u0430\" \/>\n<script type=\"application\/ld+json\" class=\"yoast-schema-graph\">{\"@context\":\"https:\/\/schema.org\",\"@graph\":[{\"@type\":\"WebPage\",\"@id\":\"https:\/\/president-ksgov.net\/sr\/predsednik-thaci-uestvovao-je-na-regionalnoj-konferenciji-o-zastiti-i-promovisanju-ljudskih-prava-i-prava-neveinskih-zajednica\/\",\"url\":\"https:\/\/president-ksgov.net\/sr\/predsednik-thaci-uestvovao-je-na-regionalnoj-konferenciji-o-zastiti-i-promovisanju-ljudskih-prava-i-prava-neveinskih-zajednica\/\",\"name\":\"Predsednik Tha\u00e7i u&ccaron;estvovao je na Regionalnoj konferenciji o za\u0161titi i promovisanju ljudskih prava i prava neve&cacute;inskih zajednica - Predsednik Republike Kosovo - DR. VJOSA OSMANI - SADRIU\",\"isPartOf\":{\"@id\":\"https:\/\/president-ksgov.net\/#website\"},\"primaryImageOfPage\":{\"@id\":\"https:\/\/president-ksgov.net\/sr\/predsednik-thaci-uestvovao-je-na-regionalnoj-konferenciji-o-zastiti-i-promovisanju-ljudskih-prava-i-prava-neveinskih-zajednica\/#primaryimage\"},\"image\":{\"@id\":\"https:\/\/president-ksgov.net\/sr\/predsednik-thaci-uestvovao-je-na-regionalnoj-konferenciji-o-zastiti-i-promovisanju-ljudskih-prava-i-prava-neveinskih-zajednica\/#primaryimage\"},\"thumbnailUrl\":\"https:\/\/president-ksgov.net\/wp-content\/uploads\/26_10_2017_7774381_26_10_2017_Konferenca_1.jpg\",\"datePublished\":\"2017-10-26T16:41:43+00:00\",\"dateModified\":\"2017-10-26T16:41:43+00:00\",\"author\":{\"@id\":\"https:\/\/president-ksgov.net\/#\/schema\/person\/bb4337a5fb147cb2046d80548172cbee\"},\"description\":\"Predsednik Tha\u00e7i u&ccaron;estvovao je na Regionalnoj konferenciji o za\u0161titi i promovisanju ljudskih prava i prava neve&cacute;inskih zajednica - Predsednik Republike Kosovo - DR. VJOSA OSMANI - SADRIU -\",\"breadcrumb\":{\"@id\":\"https:\/\/president-ksgov.net\/sr\/predsednik-thaci-uestvovao-je-na-regionalnoj-konferenciji-o-zastiti-i-promovisanju-ljudskih-prava-i-prava-neveinskih-zajednica\/#breadcrumb\"},\"inLanguage\":\"sr-RS\",\"potentialAction\":[{\"@type\":\"ReadAction\",\"target\":[\"https:\/\/president-ksgov.net\/sr\/predsednik-thaci-uestvovao-je-na-regionalnoj-konferenciji-o-zastiti-i-promovisanju-ljudskih-prava-i-prava-neveinskih-zajednica\/\"]}]},{\"@type\":\"ImageObject\",\"inLanguage\":\"sr-RS\",\"@id\":\"https:\/\/president-ksgov.net\/sr\/predsednik-thaci-uestvovao-je-na-regionalnoj-konferenciji-o-zastiti-i-promovisanju-ljudskih-prava-i-prava-neveinskih-zajednica\/#primaryimage\",\"url\":\"https:\/\/president-ksgov.net\/wp-content\/uploads\/26_10_2017_7774381_26_10_2017_Konferenca_1.jpg\",\"contentUrl\":\"https:\/\/president-ksgov.net\/wp-content\/uploads\/26_10_2017_7774381_26_10_2017_Konferenca_1.jpg\",\"width\":2000,\"height\":1297},{\"@type\":\"BreadcrumbList\",\"@id\":\"https:\/\/president-ksgov.net\/sr\/predsednik-thaci-uestvovao-je-na-regionalnoj-konferenciji-o-zastiti-i-promovisanju-ljudskih-prava-i-prava-neveinskih-zajednica\/#breadcrumb\",\"itemListElement\":[{\"@type\":\"ListItem\",\"position\":1,\"name\":\"Home\",\"item\":\"https:\/\/president-ksgov.net\/sr\/\"},{\"@type\":\"ListItem\",\"position\":2,\"name\":\"Predsednik Tha\u00e7i u&ccaron;estvovao je na Regionalnoj konferenciji o za\u0161titi i promovisanju ljudskih prava i prava neve&cacute;inskih zajednica\"}]},{\"@type\":\"WebSite\",\"@id\":\"https:\/\/president-ksgov.net\/#website\",\"url\":\"https:\/\/president-ksgov.net\/\",\"name\":\"Presidente e Republik\u00ebs s\u00eb Kosov\u00ebs\",\"description\":\"Presidente e Republik\u00ebs s\u00eb Kosov\u00ebs\",\"alternateName\":\"DR. VJOSA OSMANI - SADRIU\",\"potentialAction\":[{\"@type\":\"SearchAction\",\"target\":{\"@type\":\"EntryPoint\",\"urlTemplate\":\"https:\/\/president-ksgov.net\/?s={search_term_string}\"},\"query-input\":{\"@type\":\"PropertyValueSpecification\",\"valueRequired\":true,\"valueName\":\"search_term_string\"}}],\"inLanguage\":\"sr-RS\"},{\"@type\":\"Person\",\"@id\":\"https:\/\/president-ksgov.net\/#\/schema\/person\/bb4337a5fb147cb2046d80548172cbee\",\"name\":\"admin\",\"image\":{\"@type\":\"ImageObject\",\"inLanguage\":\"sr-RS\",\"@id\":\"https:\/\/president-ksgov.net\/#\/schema\/person\/image\/\",\"url\":\"https:\/\/secure.gravatar.com\/avatar\/36156ca0fa3b8d9d25174f146e16beea0cf28f37adf1b9e19b6c9c279a7c9dd3?s=96&d=mm&r=g\",\"contentUrl\":\"https:\/\/secure.gravatar.com\/avatar\/36156ca0fa3b8d9d25174f146e16beea0cf28f37adf1b9e19b6c9c279a7c9dd3?s=96&d=mm&r=g\",\"caption\":\"admin\"},\"sameAs\":[\"https:\/\/president-ksgov.net\"]}]}<\/script>\n<!-- \/ Yoast SEO plugin. -->","yoast_head_json":{"title":"Predsednik Tha\u00e7i u&ccaron;estvovao je na Regionalnoj konferenciji o za\u0161titi i promovisanju ljudskih prava i prava neve&cacute;inskih zajednica - Predsednik Republike Kosovo - DR. VJOSA OSMANI - SADRIU","description":"Predsednik Tha\u00e7i u&ccaron;estvovao je na Regionalnoj konferenciji o za\u0161titi i promovisanju ljudskih prava i prava neve&cacute;inskih zajednica - Predsednik Republike Kosovo - DR. VJOSA OSMANI - SADRIU -","robots":{"index":"index","follow":"follow","max-snippet":"max-snippet:-1","max-image-preview":"max-image-preview:large","max-video-preview":"max-video-preview:-1"},"canonical":"https:\/\/president-ksgov.net\/sr\/predsednik-thaci-uestvovao-je-na-regionalnoj-konferenciji-o-zastiti-i-promovisanju-ljudskih-prava-i-prava-neveinskih-zajednica\/","og_locale":"sr_RS","og_type":"article","og_title":"Predsednik Tha\u00e7i u&ccaron;estvovao je na Regionalnoj konferenciji o za\u0161titi i promovisanju ljudskih prava i prava neve&cacute;inskih zajednica - Predsednik Republike Kosovo - DR. VJOSA OSMANI - SADRIU","og_description":"Predsednik Tha\u00e7i u&ccaron;estvovao je na Regionalnoj konferenciji o za\u0161titi i promovisanju ljudskih prava i prava neve&cacute;inskih zajednica - Predsednik Republike Kosovo - DR. VJOSA OSMANI - SADRIU -","og_url":"https:\/\/president-ksgov.net\/sr\/predsednik-thaci-uestvovao-je-na-regionalnoj-konferenciji-o-zastiti-i-promovisanju-ljudskih-prava-i-prava-neveinskih-zajednica\/","og_site_name":"Predsednik Republike Kosovo - DR. VJOSA OSMANI - SADRIU","article_published_time":"2017-10-26T16:41:43+00:00","og_image":[{"width":2000,"height":1297,"url":"https:\/\/president-ksgov.net\/wp-content\/uploads\/26_10_2017_7774381_26_10_2017_Konferenca_1.jpg","type":"image\/jpeg"}],"author":"admin","twitter_card":"summary_large_image","twitter_misc":{"\u041d\u0430\u043f\u0438\u0441\u0430\u043d\u043e \u043e\u0434":"admin","\u041f\u0440\u043e\u0446\u0435\u045a\u0435\u043d\u043e \u0432\u0440\u0435\u043c\u0435 \u0447\u0438\u0442\u0430\u045a\u0430":"4 \u043c\u0438\u043d\u0443\u0442\u0430"},"schema":{"@context":"https:\/\/schema.org","@graph":[{"@type":"WebPage","@id":"https:\/\/president-ksgov.net\/sr\/predsednik-thaci-uestvovao-je-na-regionalnoj-konferenciji-o-zastiti-i-promovisanju-ljudskih-prava-i-prava-neveinskih-zajednica\/","url":"https:\/\/president-ksgov.net\/sr\/predsednik-thaci-uestvovao-je-na-regionalnoj-konferenciji-o-zastiti-i-promovisanju-ljudskih-prava-i-prava-neveinskih-zajednica\/","name":"Predsednik Tha\u00e7i u&ccaron;estvovao je na Regionalnoj konferenciji o za\u0161titi i promovisanju ljudskih prava i prava neve&cacute;inskih zajednica - Predsednik Republike Kosovo - DR. VJOSA OSMANI - SADRIU","isPartOf":{"@id":"https:\/\/president-ksgov.net\/#website"},"primaryImageOfPage":{"@id":"https:\/\/president-ksgov.net\/sr\/predsednik-thaci-uestvovao-je-na-regionalnoj-konferenciji-o-zastiti-i-promovisanju-ljudskih-prava-i-prava-neveinskih-zajednica\/#primaryimage"},"image":{"@id":"https:\/\/president-ksgov.net\/sr\/predsednik-thaci-uestvovao-je-na-regionalnoj-konferenciji-o-zastiti-i-promovisanju-ljudskih-prava-i-prava-neveinskih-zajednica\/#primaryimage"},"thumbnailUrl":"https:\/\/president-ksgov.net\/wp-content\/uploads\/26_10_2017_7774381_26_10_2017_Konferenca_1.jpg","datePublished":"2017-10-26T16:41:43+00:00","dateModified":"2017-10-26T16:41:43+00:00","author":{"@id":"https:\/\/president-ksgov.net\/#\/schema\/person\/bb4337a5fb147cb2046d80548172cbee"},"description":"Predsednik Tha\u00e7i u&ccaron;estvovao je na Regionalnoj konferenciji o za\u0161titi i promovisanju ljudskih prava i prava neve&cacute;inskih zajednica - Predsednik Republike Kosovo - DR. VJOSA OSMANI - SADRIU -","breadcrumb":{"@id":"https:\/\/president-ksgov.net\/sr\/predsednik-thaci-uestvovao-je-na-regionalnoj-konferenciji-o-zastiti-i-promovisanju-ljudskih-prava-i-prava-neveinskih-zajednica\/#breadcrumb"},"inLanguage":"sr-RS","potentialAction":[{"@type":"ReadAction","target":["https:\/\/president-ksgov.net\/sr\/predsednik-thaci-uestvovao-je-na-regionalnoj-konferenciji-o-zastiti-i-promovisanju-ljudskih-prava-i-prava-neveinskih-zajednica\/"]}]},{"@type":"ImageObject","inLanguage":"sr-RS","@id":"https:\/\/president-ksgov.net\/sr\/predsednik-thaci-uestvovao-je-na-regionalnoj-konferenciji-o-zastiti-i-promovisanju-ljudskih-prava-i-prava-neveinskih-zajednica\/#primaryimage","url":"https:\/\/president-ksgov.net\/wp-content\/uploads\/26_10_2017_7774381_26_10_2017_Konferenca_1.jpg","contentUrl":"https:\/\/president-ksgov.net\/wp-content\/uploads\/26_10_2017_7774381_26_10_2017_Konferenca_1.jpg","width":2000,"height":1297},{"@type":"BreadcrumbList","@id":"https:\/\/president-ksgov.net\/sr\/predsednik-thaci-uestvovao-je-na-regionalnoj-konferenciji-o-zastiti-i-promovisanju-ljudskih-prava-i-prava-neveinskih-zajednica\/#breadcrumb","itemListElement":[{"@type":"ListItem","position":1,"name":"Home","item":"https:\/\/president-ksgov.net\/sr\/"},{"@type":"ListItem","position":2,"name":"Predsednik Tha\u00e7i u&ccaron;estvovao je na Regionalnoj konferenciji o za\u0161titi i promovisanju ljudskih prava i prava neve&cacute;inskih zajednica"}]},{"@type":"WebSite","@id":"https:\/\/president-ksgov.net\/#website","url":"https:\/\/president-ksgov.net\/","name":"Presidente e Republik\u00ebs s\u00eb Kosov\u00ebs","description":"Presidente e Republik\u00ebs s\u00eb Kosov\u00ebs","alternateName":"DR. VJOSA OSMANI - SADRIU","potentialAction":[{"@type":"SearchAction","target":{"@type":"EntryPoint","urlTemplate":"https:\/\/president-ksgov.net\/?s={search_term_string}"},"query-input":{"@type":"PropertyValueSpecification","valueRequired":true,"valueName":"search_term_string"}}],"inLanguage":"sr-RS"},{"@type":"Person","@id":"https:\/\/president-ksgov.net\/#\/schema\/person\/bb4337a5fb147cb2046d80548172cbee","name":"admin","image":{"@type":"ImageObject","inLanguage":"sr-RS","@id":"https:\/\/president-ksgov.net\/#\/schema\/person\/image\/","url":"https:\/\/secure.gravatar.com\/avatar\/36156ca0fa3b8d9d25174f146e16beea0cf28f37adf1b9e19b6c9c279a7c9dd3?s=96&d=mm&r=g","contentUrl":"https:\/\/secure.gravatar.com\/avatar\/36156ca0fa3b8d9d25174f146e16beea0cf28f37adf1b9e19b6c9c279a7c9dd3?s=96&d=mm&r=g","caption":"admin"},"sameAs":["https:\/\/president-ksgov.net"]}]}},"_links":{"self":[{"href":"https:\/\/president-ksgov.net\/sr\/wp-json\/wp\/v2\/posts\/76080","targetHints":{"allow":["GET"]}}],"collection":[{"href":"https:\/\/president-ksgov.net\/sr\/wp-json\/wp\/v2\/posts"}],"about":[{"href":"https:\/\/president-ksgov.net\/sr\/wp-json\/wp\/v2\/types\/post"}],"author":[{"embeddable":true,"href":"https:\/\/president-ksgov.net\/sr\/wp-json\/wp\/v2\/users\/1"}],"replies":[{"embeddable":true,"href":"https:\/\/president-ksgov.net\/sr\/wp-json\/wp\/v2\/comments?post=76080"}],"version-history":[{"count":0,"href":"https:\/\/president-ksgov.net\/sr\/wp-json\/wp\/v2\/posts\/76080\/revisions"}],"wp:featuredmedia":[{"embeddable":true,"href":"https:\/\/president-ksgov.net\/sr\/wp-json\/wp\/v2\/media\/29344"}],"wp:attachment":[{"href":"https:\/\/president-ksgov.net\/sr\/wp-json\/wp\/v2\/media?parent=76080"}],"wp:term":[{"taxonomy":"category","embeddable":true,"href":"https:\/\/president-ksgov.net\/sr\/wp-json\/wp\/v2\/categories?post=76080"},{"taxonomy":"post_tag","embeddable":true,"href":"https:\/\/president-ksgov.net\/sr\/wp-json\/wp\/v2\/tags?post=76080"}],"curies":[{"name":"wp","href":"https:\/\/api.w.org\/{rel}","templated":true}]}}