{"id":76079,"date":"2017-10-27T09:37:12","date_gmt":"2017-10-27T09:37:12","guid":{"rendered":"https:\/\/dev.president-ksgov.net\/thaci-za-der-standarad-evropska-komisija-nepravedna-prema-kosovu\/"},"modified":"2017-10-27T09:37:12","modified_gmt":"2017-10-27T09:37:12","slug":"thaci-za-der-standarad-evropska-komisija-nepravedna-prema-kosovu","status":"publish","type":"post","link":"https:\/\/president-ksgov.net\/sr\/thaci-za-der-standarad-evropska-komisija-nepravedna-prema-kosovu\/","title":{"rendered":"Tha\u00e7i za &#8222;Der Standarad&#8220; : Evropska komisija nepravedna prema Kosovu"},"content":{"rendered":"<p>Standard: Predlo&#382;ili ste da Kosovari dobiju albansko dr&#382;avljanstvo? Zbog &ccaron;ega zapravo? Za\u0161to?<br \/>\n\u00a0<br \/>\nPredsednik Tha\u00e7i:\u00a0Kosovo je ostavljeno u izolaciji, jo\u0161 uvek nema liberalizacije viza. Moj predlog je u potpunom skladu sa zakonima Kosova i Albanije. Oni imaju pravo na dvojno dr&#382;avljanstvo, kao \u0161to imamo i mi. Istina je da je apsurdno da studenti i poslovni ljudi koji moraju da putuju, budu ometani u izvr\u0161enju njihovog elementarnog prava. Evropska komisija je bila nepravedna prema Kosovu. Dakle, gra&dstrok;ani gube poverenje da Evropska komisija mo&#382;e imati pozitivnu agendu za Kosovo. <\/p>\n<p>Standard: Ukoliko do&dstrok;e do liberalizacije viza, onda Kosovarima ne&cacute;e biti potrebno albansko dr&#382;avljanstvo. Ili &#382;elite, da nezavisno od tog pitanja, svi Kosovari dobiju albansko dr&#382;avljanstvo?<br \/>\n\u00a0<br \/>\nTha\u00e7i:\u00a0Ostaje na Kosovarima da odlu&ccaron;e da li &#382;ele dvojno dr&#382;avljanstvo ili ne. Ali, ukoliko Evropska komisija nastavi ovu izolaciju, &ccaron;ak i ka&#382;njavaju&cacute;i Kosovo, onda postoji mogu&cacute;nost da se ovako ne\u0161to i dogodi. Kosovo je u potpunosti ispunilo 94 od 95 kriterijuma za liberalizaciju viza. Mi smo bili verni, ali ispunjenje ovih kriterijuma Evropska komisija nije nagradila. Evropska komisija je fokusirana samo na Srbiju i uznemirena je samo zbog Srbije, ali ne i za ostale dr&#382;ave Zapadnog Balkana. EU je potreban lider\u0161ip kada su u pitanju politike integracija i pro\u0161irenja.<br \/>\n\u00a0<br \/>\nStandard: Za liberalizaciju viza jo\u0161 uvek nije ratifikovan grani&ccaron;ni sporazum sa Crnom Gorom. Samo kada se to dogodi, Kosovo &cacute;e imati \u0161anse da stekne liberalizaciju.<br \/>\n\u00a0<br \/>\nTha\u00e7i:\u00a0Kosovo i Crna Gora su strate\u0161ki partneri i imaju sjajne odnose. Demarkacija nije nesporazum izme&dstrok;u Kosova i Crne Gore, ve&cacute; unutra\u0161nje politi&ccaron;ko pitanje ovde u Pri\u0161tini. Mi smo bili zate&ccaron;eni kada je Evropska komisija postavila to kao uslov. Ali, ratifikacija demarkacije je iz jednog uslova prerasla u zamku za Kosovo.<br \/>\n\u00a0<br \/>\nStandard: Dakle, ne mislite da &cacute;e Kosovo biti u stanju da ratifikuje sporazum ubrzo?<br \/>\n\u00a0<br \/>\nTha\u00e7i:\u00a0Nadam se da &cacute;e se to dogoditi ubrzo u Parlamentu, ali jo\u0161 uvek nemamo datum za to pitanje. I dalje smo zabrinuto, jer se lako mo&#382;e dogoditi, da &cacute;e i nasuprot ratifikaciji demarkacije, Evropska komisija i dalje oklevati da uspe\u0161no zaklju&ccaron;i proces liberalizacije viza.<br \/>\n\u00a0<br \/>\nStandard: Da li ste o va\u0161em predlogu da Kosovari dobiju albansko dr&#382;avljanstvo, razgovarali i sa premijerom Albanije, Edi Ramom?<br \/>\n\u00a0<br \/>\nTha\u00e7i:\u00a0Ukoliko jedna dr&#382;ava dozvoljava dvojno dr&#382;avljanstvo, onda je to pravo gra&dstrok;a. Kosovski Srbi imaju dr&#382;avljanstvo Srbije, Crnogorci na Kosovu imaju i crnogorsko dr&#382;avljanstvo. Ve&cacute;ina politi&ccaron;ke elite, medija sa Kosova, sada imaju i dr&#382;avljanstvo Albanije. Za\u0161to da ga nemaju i studenti, biznismeni i gra&dstrok;ani? Nije to vi\u0161e politi&ccaron;ko pitanje, ve&cacute; je prakti&ccaron;na potreba i u pitanju su ljudska prava. Ja nisam nostalgi&ccaron;ar kada je u pitanju Titova Jugoslavija, ali pre 30-40 godina mi smo se kretali slobodnije nego danas. Velika je nepravda ovo \u0161to se ovde doga&dstrok;a, iako smo navi\u0161e proevropska zemlja na Balkanu.<br \/>\n\u00a0<br \/>\nStandard: Da li ste razgovarali sa premijerom Ramom o ovom pitanju?<br \/>\n\u00a0<br \/>\nTha\u00e7i:\u00a0Moja poruka je svima bila jasna.<br \/>\n\u00a0<br \/>\nStandard:\u00a0Pre nekoliko nedelja sam razgovarao sa premijerom Ramom i on je rekao da &cacute;e upravljanje granicom izme&dstrok;u Kosova i Albanije biti lak\u0161e. Da li to zna&ccaron;i da ljudi koji putuju izme&dstrok;u Albanije i Kosova, mogu to da rade bez grani&ccaron;ne kontrole?<br \/>\n\u00a0<br \/>\nTha\u00e7i:\u00a0To je u skladu sa pravilima EU. Re&ccaron; je o integrisanom upravljanju granicama. To nismo uspostavili samo na granici sa Albanijom, ve&cacute; i sa Crnom Gorom i sa Srbijom. Mi &#382;elimo otvorene granice me&dstrok;u svim zemljama, a ne ono \u0161to radi EU, zna&ccaron;i izgradnju mentalnih zidova. Dok se EU trudi da dr&#382;i lekcije ameri&ccaron;kom predsedniku Trampu, o izgradnji zida, ona sama gradi mentalne zidove u Jugoisto&ccaron;noj Evropi. Ti mentalni zidovi su opasniji od fizi&ccaron;ke podele ljudi.<br \/>\n\u00a0<br \/>\nStandard:\u00a0Ukoliko svi Kosovari imaju albansko dr&#382;avljanstvo, onda oni svi mogu da glasaju u Albaniji i to &cacute;e pove&cacute;ati brige u vezi sa Velikom Albanijom. To, s druge strane dovodi do brige da mo&#382;e da se stvori ne\u0161to poput Velike Srbije, koja bi podrazumevala poni\u0161tenje Bosne i Hercegovine. Zar to ne bi dovelo do nestabilnosti na Balkanu?<br \/>\n\u00a0<br \/>\nTha\u00e7i:\u00a0Srbi u Bosni sada imaju srpsko dr&#382;avljanstvo i Hrvati u Bosni imaju hrvatsko. Za\u0161to izuzimati Kosovare od toga? To je u skladu sa Ustavom. Postoji i mogu&cacute;nost da gra&dstrok;ani iz susednih dr&#382;ava prihvate kosovsko dr&#382;avljanstvo. Nema to veze sa izmenom granica, ve&cacute; sa slobodom kretanja i pravima zajem&ccaron;enim Ustavom.<br \/>\n\u00a0<br \/>\nStandard:\u00a0Dakle, nema veze sa Velikom Albanijom?<br \/>\n\u00a0<br \/>\nTha\u00e7i:\u00a0Ne, to nema veze sa Velikom Albanijom, ve&cacute; ima veze sa slobodom kretanja, sa jednim (elementarnim) ljudskim pravom. Svedoci smo da Evropska komisija nagra&dstrok;uje samo Srbiju. I to se de\u0161ava, kada su se ljudi koje je Tribunal za Jugoslaviju osudio, nakon njihovog povratka u Srbiju, nagradili visokim pozicijama u dr&#382;avnim institucijama. Srbija napreduje u pregovorima sa EU, ne zato \u0161to ispunjava evropske standarde, ve&cacute; zato \u0161to ucenjuje EU \u201eruskom kartom\u201c. \u0160ta vi\u0161e, Srbija ne sprovodi postignute sporazume u dijalogu sa Kosovom. I ponovo, ona je nagra&dstrok;ena.<br \/>\n\u00a0<br \/>\nStandard: Kada &cacute;e se dogoditi naredni korak u dijalogu sa Srbijom?<br \/>\n\u00a0<br \/>\nTha\u00e7i:\u00a0Nakon lokalnih izbora. Dijalog nema alternativu. &Zcaron;elimo da zavr\u0161imo sa jednim kona&ccaron;nim i istorijskim sporazumom proces normalizacije i pomirenja.<br \/>\n\u00a0<br \/>\nStandard: Dakle, dijalog mo&#382;e ponovo da po&ccaron;ne ove godine?<br \/>\n\u00a0<br \/>\nTha\u00e7i:\u00a0Nadam se!<br \/>\n\u00a0<br \/>\nStandard: Ima mnogo glasina o severu Kosova. Postoji i stav u Srbiji, da &cacute;e sever Kosova, koji je uglavnom naseljen Srbima, pripasti Srbiji prema jednom takvom sporazumu. Da li je Kosovo spremno da odustane od severa Kosova?<br \/>\n\u00a0<br \/>\nTha\u00e7i:\u00a0Jednom zauvek treba da shvatimo da podela ljudi prema etni&ccaron;kim linijama nije re\u0161enje. Kosovo je suverena dr&#382;ava i ima svoj teritorijalni integritet. Izmena granica ne mo&#382;e da pru&#382;a stabilna re\u0161enja, nezavisno od &ccaron;injenice \u0161to Albanci u regionu &#382;ive u pet razli&ccaron;itih dr&#382;ava. Ali, podela po etni&ccaron;kim linijama nije re\u0161enje. Treba da radimo na evropskom modelu sa otvorenim granicama u regionu, i na tome da sve dr&#382;ave Balkana budu integrisane u EU.<br \/>\n\u00a0<br \/>\n\u00a0<\/p>\n","protected":false},"excerpt":{"rendered":"<p>Standard: Predlo&#382;ili ste da Kosovari dobiju albansko dr&#382;avljanstvo? Zbog &ccaron;ega zapravo? Za\u0161to? \u00a0 Predsednik Tha\u00e7i:\u00a0Kosovo je ostavljeno u izolaciji, jo\u0161 uvek nema liberalizacije viza. Moj predlog je u potpunom skladu sa zakonima Kosova i Albanije. Oni imaju pravo na dvojno dr&#382;avljanstvo, kao \u0161to imamo i mi. Istina je da je apsurdno da studenti i poslovni ljudi koji moraju da putuju, budu ometani u izvr\u0161enju njihovog elementarnog prava. Evropska komisija je bila nepravedna prema Kosovu. Dakle, gra&dstrok;ani gube poverenje da Evropska komisija mo&#382;e imati pozitivnu agendu za Kosovo. Standard: Ukoliko do&dstrok;e do liberalizacije viza, onda Kosovarima ne&cacute;e biti potrebno albansko dr&#382;avljanstvo. Ili &#382;elite, da nezavisno od tog pitanja, svi Kosovari dobiju albansko dr&#382;avljanstvo? \u00a0 Tha\u00e7i:\u00a0Ostaje na Kosovarima da odlu&ccaron;e da li &#382;ele dvojno dr&#382;avljanstvo ili ne. Ali, ukoliko Evropska komisija nastavi ovu izolaciju, &ccaron;ak i ka&#382;njavaju&cacute;i Kosovo, onda postoji mogu&cacute;nost da se ovako ne\u0161to i dogodi. Kosovo je u potpunosti ispunilo 94 od 95 kriterijuma za liberalizaciju viza. Mi smo bili verni, ali ispunjenje ovih kriterijuma Evropska komisija nije nagradila. Evropska komisija je fokusirana samo na Srbiju i uznemirena je samo zbog Srbije, ali ne i za ostale dr&#382;ave Zapadnog Balkana. EU je potreban lider\u0161ip kada su u pitanju politike integracija i pro\u0161irenja. \u00a0 Standard: Za liberalizaciju viza jo\u0161 uvek nije ratifikovan grani&ccaron;ni sporazum sa Crnom Gorom. Samo kada se to dogodi, Kosovo &cacute;e imati \u0161anse da stekne liberalizaciju. \u00a0 Tha\u00e7i:\u00a0Kosovo i Crna Gora su strate\u0161ki partneri i imaju sjajne odnose. Demarkacija nije nesporazum izme&dstrok;u Kosova i Crne Gore, ve&cacute; unutra\u0161nje politi&ccaron;ko pitanje ovde u Pri\u0161tini. Mi smo bili zate&ccaron;eni kada je Evropska komisija postavila to kao uslov. Ali, ratifikacija demarkacije je iz jednog uslova prerasla u zamku za Kosovo. \u00a0 Standard: Dakle, ne mislite da &cacute;e Kosovo biti u stanju da ratifikuje sporazum ubrzo? \u00a0 Tha\u00e7i:\u00a0Nadam se da &cacute;e se to dogoditi ubrzo u Parlamentu, ali jo\u0161 uvek nemamo datum za to pitanje. I dalje smo zabrinuto, jer se lako mo&#382;e dogoditi, da &cacute;e i nasuprot ratifikaciji demarkacije, Evropska komisija i dalje oklevati da uspe\u0161no zaklju&ccaron;i proces liberalizacije viza. \u00a0 Standard: Da li ste o va\u0161em predlogu da Kosovari dobiju albansko dr&#382;avljanstvo, razgovarali i sa premijerom Albanije, Edi Ramom? \u00a0 Tha\u00e7i:\u00a0Ukoliko jedna dr&#382;ava dozvoljava dvojno dr&#382;avljanstvo, onda je to pravo gra&dstrok;a. Kosovski Srbi imaju dr&#382;avljanstvo Srbije, Crnogorci na Kosovu imaju i crnogorsko dr&#382;avljanstvo. Ve&cacute;ina politi&ccaron;ke elite, medija sa Kosova, sada imaju i dr&#382;avljanstvo Albanije. Za\u0161to da ga nemaju i studenti, biznismeni i gra&dstrok;ani? Nije to vi\u0161e politi&ccaron;ko pitanje, ve&cacute; je prakti&ccaron;na potreba i u pitanju su ljudska prava. Ja nisam nostalgi&ccaron;ar kada je u pitanju Titova Jugoslavija, ali pre 30-40 godina mi smo se kretali slobodnije nego danas. Velika je nepravda ovo \u0161to se ovde doga&dstrok;a, iako smo navi\u0161e proevropska zemlja na Balkanu. \u00a0 Standard: Da li ste razgovarali sa premijerom Ramom o ovom pitanju? \u00a0 Tha\u00e7i:\u00a0Moja poruka je svima bila jasna. \u00a0 Standard:\u00a0Pre nekoliko nedelja sam razgovarao sa premijerom Ramom i on je rekao da &cacute;e upravljanje granicom izme&dstrok;u Kosova i Albanije biti lak\u0161e. Da li to zna&ccaron;i da ljudi koji putuju izme&dstrok;u Albanije i Kosova, mogu to da rade bez grani&ccaron;ne kontrole? \u00a0 Tha\u00e7i:\u00a0To je u skladu sa pravilima EU. Re&ccaron; je o integrisanom upravljanju granicama. To nismo uspostavili samo na granici sa Albanijom, ve&cacute; i sa Crnom Gorom i sa Srbijom. Mi &#382;elimo otvorene granice me&dstrok;u svim zemljama, a ne ono \u0161to radi EU, zna&ccaron;i izgradnju mentalnih zidova. Dok se EU trudi da dr&#382;i lekcije ameri&ccaron;kom predsedniku Trampu, o izgradnji zida, ona sama gradi mentalne zidove u Jugoisto&ccaron;noj Evropi. Ti mentalni zidovi su opasniji od fizi&ccaron;ke podele ljudi. \u00a0 Standard:\u00a0Ukoliko svi Kosovari imaju albansko dr&#382;avljanstvo, onda oni svi mogu da glasaju u Albaniji i to &cacute;e pove&cacute;ati brige u vezi sa Velikom Albanijom. To, s druge strane dovodi do brige da mo&#382;e da se stvori ne\u0161to poput Velike Srbije, koja bi podrazumevala poni\u0161tenje Bosne i Hercegovine. Zar to ne bi dovelo do nestabilnosti na Balkanu? \u00a0 Tha\u00e7i:\u00a0Srbi u Bosni sada imaju srpsko dr&#382;avljanstvo i Hrvati u Bosni imaju hrvatsko. Za\u0161to izuzimati Kosovare od toga? To je u skladu sa Ustavom. Postoji i mogu&cacute;nost da gra&dstrok;ani iz susednih dr&#382;ava prihvate kosovsko dr&#382;avljanstvo. Nema to veze sa izmenom granica, ve&cacute; sa slobodom kretanja i pravima zajem&ccaron;enim Ustavom. \u00a0 Standard:\u00a0Dakle, nema veze sa Velikom Albanijom? \u00a0 Tha\u00e7i:\u00a0Ne, to nema veze sa Velikom Albanijom, ve&cacute; ima veze sa slobodom kretanja, sa jednim (elementarnim) ljudskim pravom. Svedoci smo da Evropska komisija nagra&dstrok;uje samo Srbiju. I to se de\u0161ava, kada su se ljudi koje je Tribunal za Jugoslaviju osudio, nakon njihovog povratka u Srbiju, nagradili visokim pozicijama u dr&#382;avnim institucijama. Srbija napreduje u pregovorima sa EU, ne zato \u0161to ispunjava evropske standarde, ve&cacute; zato \u0161to ucenjuje EU \u201eruskom kartom\u201c. \u0160ta vi\u0161e, Srbija ne sprovodi postignute sporazume u dijalogu sa Kosovom. I ponovo, ona je nagra&dstrok;ena. \u00a0 Standard: Kada &cacute;e se dogoditi naredni korak u dijalogu sa Srbijom? \u00a0 Tha\u00e7i:\u00a0Nakon lokalnih izbora. Dijalog nema alternativu. &Zcaron;elimo da zavr\u0161imo sa jednim kona&ccaron;nim i istorijskim sporazumom proces normalizacije i pomirenja. \u00a0 Standard: Dakle, dijalog mo&#382;e ponovo da po&ccaron;ne ove godine? \u00a0 Tha\u00e7i:\u00a0Nadam se! \u00a0 Standard: Ima mnogo glasina o severu Kosova. Postoji i stav u Srbiji, da &cacute;e sever Kosova, koji je uglavnom naseljen Srbima, pripasti Srbiji prema jednom takvom sporazumu. Da li je Kosovo spremno da odustane od severa Kosova? \u00a0 Tha\u00e7i:\u00a0Jednom zauvek treba da shvatimo da podela ljudi prema etni&ccaron;kim linijama nije re\u0161enje. Kosovo je suverena dr&#382;ava i ima svoj teritorijalni integritet. Izmena granica ne mo&#382;e da pru&#382;a stabilna re\u0161enja, nezavisno od &ccaron;injenice \u0161to Albanci u regionu &#382;ive u pet razli&ccaron;itih dr&#382;ava. Ali, podela po etni&ccaron;kim linijama nije re\u0161enje. Treba da radimo na evropskom modelu sa otvorenim granicama u regionu, i na tome da sve dr&#382;ave Balkana budu integrisane u EU. \u00a0 \u00a0<\/p>\n","protected":false},"author":1,"featured_media":29340,"comment_status":"open","ping_status":"closed","sticky":false,"template":"","format":"standard","meta":{"_eb_attr":"","footnotes":""},"categories":[104],"tags":[],"class_list":["post-76079","post","type-post","status-publish","format-standard","has-post-thumbnail","hentry","category-intervjui"],"yoast_head":"<!-- This site is optimized with the Yoast SEO plugin v23.5 - https:\/\/yoast.com\/wordpress\/plugins\/seo\/ -->\n<title>Tha\u00e7i za &quot;Der Standarad&quot; : Evropska komisija nepravedna prema Kosovu - Predsednik Republike Kosovo - DR. VJOSA OSMANI - SADRIU<\/title>\n<meta name=\"description\" content=\"Tha\u00e7i za &quot;Der Standarad&quot; : Evropska komisija nepravedna prema Kosovu - Predsednik Republike Kosovo - DR. VJOSA OSMANI - SADRIU -\" \/>\n<meta name=\"robots\" content=\"index, follow, max-snippet:-1, max-image-preview:large, max-video-preview:-1\" \/>\n<link rel=\"canonical\" href=\"https:\/\/president-ksgov.net\/sr\/thaci-za-der-standarad-evropska-komisija-nepravedna-prema-kosovu\/\" \/>\n<meta property=\"og:locale\" content=\"sr_RS\" \/>\n<meta property=\"og:type\" content=\"article\" \/>\n<meta property=\"og:title\" content=\"Tha\u00e7i za &quot;Der Standarad&quot; : Evropska komisija nepravedna prema Kosovu - Predsednik Republike Kosovo - DR. VJOSA OSMANI - SADRIU\" \/>\n<meta property=\"og:description\" content=\"Tha\u00e7i za &quot;Der Standarad&quot; : Evropska komisija nepravedna prema Kosovu - Predsednik Republike Kosovo - DR. VJOSA OSMANI - SADRIU -\" \/>\n<meta property=\"og:url\" content=\"https:\/\/president-ksgov.net\/sr\/thaci-za-der-standarad-evropska-komisija-nepravedna-prema-kosovu\/\" \/>\n<meta property=\"og:site_name\" content=\"Predsednik Republike Kosovo - DR. VJOSA OSMANI - SADRIU\" \/>\n<meta property=\"article:published_time\" content=\"2017-10-27T09:37:12+00:00\" \/>\n<meta property=\"og:image\" content=\"https:\/\/president-ksgov.net\/wp-content\/uploads\/27_10_2017_2809389_20_10_2017_9337930_presidenti.jpeg\" \/>\n\t<meta property=\"og:image:width\" content=\"1280\" \/>\n\t<meta property=\"og:image:height\" content=\"850\" \/>\n\t<meta property=\"og:image:type\" content=\"image\/jpeg\" \/>\n<meta name=\"author\" content=\"admin\" \/>\n<meta name=\"twitter:card\" content=\"summary_large_image\" \/>\n<meta name=\"twitter:label1\" content=\"\u041d\u0430\u043f\u0438\u0441\u0430\u043d\u043e \u043e\u0434\" \/>\n\t<meta name=\"twitter:data1\" content=\"admin\" \/>\n\t<meta name=\"twitter:label2\" content=\"\u041f\u0440\u043e\u0446\u0435\u045a\u0435\u043d\u043e \u0432\u0440\u0435\u043c\u0435 \u0447\u0438\u0442\u0430\u045a\u0430\" \/>\n\t<meta name=\"twitter:data2\" content=\"5 \u043c\u0438\u043d\u0443\u0442\u0430\" \/>\n<script type=\"application\/ld+json\" class=\"yoast-schema-graph\">{\"@context\":\"https:\/\/schema.org\",\"@graph\":[{\"@type\":\"WebPage\",\"@id\":\"https:\/\/president-ksgov.net\/sr\/thaci-za-der-standarad-evropska-komisija-nepravedna-prema-kosovu\/\",\"url\":\"https:\/\/president-ksgov.net\/sr\/thaci-za-der-standarad-evropska-komisija-nepravedna-prema-kosovu\/\",\"name\":\"Tha\u00e7i za \\\"Der Standarad\\\" : Evropska komisija nepravedna prema Kosovu - Predsednik Republike Kosovo - DR. VJOSA OSMANI - SADRIU\",\"isPartOf\":{\"@id\":\"https:\/\/president-ksgov.net\/#website\"},\"primaryImageOfPage\":{\"@id\":\"https:\/\/president-ksgov.net\/sr\/thaci-za-der-standarad-evropska-komisija-nepravedna-prema-kosovu\/#primaryimage\"},\"image\":{\"@id\":\"https:\/\/president-ksgov.net\/sr\/thaci-za-der-standarad-evropska-komisija-nepravedna-prema-kosovu\/#primaryimage\"},\"thumbnailUrl\":\"https:\/\/president-ksgov.net\/wp-content\/uploads\/27_10_2017_2809389_20_10_2017_9337930_presidenti.jpeg\",\"datePublished\":\"2017-10-27T09:37:12+00:00\",\"dateModified\":\"2017-10-27T09:37:12+00:00\",\"author\":{\"@id\":\"https:\/\/president-ksgov.net\/#\/schema\/person\/bb4337a5fb147cb2046d80548172cbee\"},\"description\":\"Tha\u00e7i za \\\"Der Standarad\\\" : Evropska komisija nepravedna prema Kosovu - Predsednik Republike Kosovo - DR. VJOSA OSMANI - SADRIU -\",\"breadcrumb\":{\"@id\":\"https:\/\/president-ksgov.net\/sr\/thaci-za-der-standarad-evropska-komisija-nepravedna-prema-kosovu\/#breadcrumb\"},\"inLanguage\":\"sr-RS\",\"potentialAction\":[{\"@type\":\"ReadAction\",\"target\":[\"https:\/\/president-ksgov.net\/sr\/thaci-za-der-standarad-evropska-komisija-nepravedna-prema-kosovu\/\"]}]},{\"@type\":\"ImageObject\",\"inLanguage\":\"sr-RS\",\"@id\":\"https:\/\/president-ksgov.net\/sr\/thaci-za-der-standarad-evropska-komisija-nepravedna-prema-kosovu\/#primaryimage\",\"url\":\"https:\/\/president-ksgov.net\/wp-content\/uploads\/27_10_2017_2809389_20_10_2017_9337930_presidenti.jpeg\",\"contentUrl\":\"https:\/\/president-ksgov.net\/wp-content\/uploads\/27_10_2017_2809389_20_10_2017_9337930_presidenti.jpeg\",\"width\":1280,\"height\":850},{\"@type\":\"BreadcrumbList\",\"@id\":\"https:\/\/president-ksgov.net\/sr\/thaci-za-der-standarad-evropska-komisija-nepravedna-prema-kosovu\/#breadcrumb\",\"itemListElement\":[{\"@type\":\"ListItem\",\"position\":1,\"name\":\"Home\",\"item\":\"https:\/\/president-ksgov.net\/sr\/\"},{\"@type\":\"ListItem\",\"position\":2,\"name\":\"Tha\u00e7i za &#8222;Der Standarad&#8220; : Evropska komisija nepravedna prema Kosovu\"}]},{\"@type\":\"WebSite\",\"@id\":\"https:\/\/president-ksgov.net\/#website\",\"url\":\"https:\/\/president-ksgov.net\/\",\"name\":\"Presidente e Republik\u00ebs s\u00eb Kosov\u00ebs\",\"description\":\"Presidente e Republik\u00ebs s\u00eb Kosov\u00ebs\",\"alternateName\":\"DR. VJOSA OSMANI - SADRIU\",\"potentialAction\":[{\"@type\":\"SearchAction\",\"target\":{\"@type\":\"EntryPoint\",\"urlTemplate\":\"https:\/\/president-ksgov.net\/?s={search_term_string}\"},\"query-input\":{\"@type\":\"PropertyValueSpecification\",\"valueRequired\":true,\"valueName\":\"search_term_string\"}}],\"inLanguage\":\"sr-RS\"},{\"@type\":\"Person\",\"@id\":\"https:\/\/president-ksgov.net\/#\/schema\/person\/bb4337a5fb147cb2046d80548172cbee\",\"name\":\"admin\",\"image\":{\"@type\":\"ImageObject\",\"inLanguage\":\"sr-RS\",\"@id\":\"https:\/\/president-ksgov.net\/#\/schema\/person\/image\/\",\"url\":\"https:\/\/secure.gravatar.com\/avatar\/36156ca0fa3b8d9d25174f146e16beea0cf28f37adf1b9e19b6c9c279a7c9dd3?s=96&d=mm&r=g\",\"contentUrl\":\"https:\/\/secure.gravatar.com\/avatar\/36156ca0fa3b8d9d25174f146e16beea0cf28f37adf1b9e19b6c9c279a7c9dd3?s=96&d=mm&r=g\",\"caption\":\"admin\"},\"sameAs\":[\"https:\/\/president-ksgov.net\"]}]}<\/script>\n<!-- \/ Yoast SEO plugin. -->","yoast_head_json":{"title":"Tha\u00e7i za \"Der Standarad\" : Evropska komisija nepravedna prema Kosovu - Predsednik Republike Kosovo - DR. VJOSA OSMANI - SADRIU","description":"Tha\u00e7i za \"Der Standarad\" : Evropska komisija nepravedna prema Kosovu - Predsednik Republike Kosovo - DR. VJOSA OSMANI - SADRIU -","robots":{"index":"index","follow":"follow","max-snippet":"max-snippet:-1","max-image-preview":"max-image-preview:large","max-video-preview":"max-video-preview:-1"},"canonical":"https:\/\/president-ksgov.net\/sr\/thaci-za-der-standarad-evropska-komisija-nepravedna-prema-kosovu\/","og_locale":"sr_RS","og_type":"article","og_title":"Tha\u00e7i za \"Der Standarad\" : Evropska komisija nepravedna prema Kosovu - Predsednik Republike Kosovo - DR. VJOSA OSMANI - SADRIU","og_description":"Tha\u00e7i za \"Der Standarad\" : Evropska komisija nepravedna prema Kosovu - Predsednik Republike Kosovo - DR. VJOSA OSMANI - SADRIU -","og_url":"https:\/\/president-ksgov.net\/sr\/thaci-za-der-standarad-evropska-komisija-nepravedna-prema-kosovu\/","og_site_name":"Predsednik Republike Kosovo - DR. VJOSA OSMANI - SADRIU","article_published_time":"2017-10-27T09:37:12+00:00","og_image":[{"width":1280,"height":850,"url":"https:\/\/president-ksgov.net\/wp-content\/uploads\/27_10_2017_2809389_20_10_2017_9337930_presidenti.jpeg","type":"image\/jpeg"}],"author":"admin","twitter_card":"summary_large_image","twitter_misc":{"\u041d\u0430\u043f\u0438\u0441\u0430\u043d\u043e \u043e\u0434":"admin","\u041f\u0440\u043e\u0446\u0435\u045a\u0435\u043d\u043e \u0432\u0440\u0435\u043c\u0435 \u0447\u0438\u0442\u0430\u045a\u0430":"5 \u043c\u0438\u043d\u0443\u0442\u0430"},"schema":{"@context":"https:\/\/schema.org","@graph":[{"@type":"WebPage","@id":"https:\/\/president-ksgov.net\/sr\/thaci-za-der-standarad-evropska-komisija-nepravedna-prema-kosovu\/","url":"https:\/\/president-ksgov.net\/sr\/thaci-za-der-standarad-evropska-komisija-nepravedna-prema-kosovu\/","name":"Tha\u00e7i za \"Der Standarad\" : Evropska komisija nepravedna prema Kosovu - Predsednik Republike Kosovo - DR. VJOSA OSMANI - SADRIU","isPartOf":{"@id":"https:\/\/president-ksgov.net\/#website"},"primaryImageOfPage":{"@id":"https:\/\/president-ksgov.net\/sr\/thaci-za-der-standarad-evropska-komisija-nepravedna-prema-kosovu\/#primaryimage"},"image":{"@id":"https:\/\/president-ksgov.net\/sr\/thaci-za-der-standarad-evropska-komisija-nepravedna-prema-kosovu\/#primaryimage"},"thumbnailUrl":"https:\/\/president-ksgov.net\/wp-content\/uploads\/27_10_2017_2809389_20_10_2017_9337930_presidenti.jpeg","datePublished":"2017-10-27T09:37:12+00:00","dateModified":"2017-10-27T09:37:12+00:00","author":{"@id":"https:\/\/president-ksgov.net\/#\/schema\/person\/bb4337a5fb147cb2046d80548172cbee"},"description":"Tha\u00e7i za \"Der Standarad\" : Evropska komisija nepravedna prema Kosovu - Predsednik Republike Kosovo - DR. VJOSA OSMANI - SADRIU -","breadcrumb":{"@id":"https:\/\/president-ksgov.net\/sr\/thaci-za-der-standarad-evropska-komisija-nepravedna-prema-kosovu\/#breadcrumb"},"inLanguage":"sr-RS","potentialAction":[{"@type":"ReadAction","target":["https:\/\/president-ksgov.net\/sr\/thaci-za-der-standarad-evropska-komisija-nepravedna-prema-kosovu\/"]}]},{"@type":"ImageObject","inLanguage":"sr-RS","@id":"https:\/\/president-ksgov.net\/sr\/thaci-za-der-standarad-evropska-komisija-nepravedna-prema-kosovu\/#primaryimage","url":"https:\/\/president-ksgov.net\/wp-content\/uploads\/27_10_2017_2809389_20_10_2017_9337930_presidenti.jpeg","contentUrl":"https:\/\/president-ksgov.net\/wp-content\/uploads\/27_10_2017_2809389_20_10_2017_9337930_presidenti.jpeg","width":1280,"height":850},{"@type":"BreadcrumbList","@id":"https:\/\/president-ksgov.net\/sr\/thaci-za-der-standarad-evropska-komisija-nepravedna-prema-kosovu\/#breadcrumb","itemListElement":[{"@type":"ListItem","position":1,"name":"Home","item":"https:\/\/president-ksgov.net\/sr\/"},{"@type":"ListItem","position":2,"name":"Tha\u00e7i za &#8222;Der Standarad&#8220; : Evropska komisija nepravedna prema Kosovu"}]},{"@type":"WebSite","@id":"https:\/\/president-ksgov.net\/#website","url":"https:\/\/president-ksgov.net\/","name":"Presidente e Republik\u00ebs s\u00eb Kosov\u00ebs","description":"Presidente e Republik\u00ebs s\u00eb Kosov\u00ebs","alternateName":"DR. VJOSA OSMANI - SADRIU","potentialAction":[{"@type":"SearchAction","target":{"@type":"EntryPoint","urlTemplate":"https:\/\/president-ksgov.net\/?s={search_term_string}"},"query-input":{"@type":"PropertyValueSpecification","valueRequired":true,"valueName":"search_term_string"}}],"inLanguage":"sr-RS"},{"@type":"Person","@id":"https:\/\/president-ksgov.net\/#\/schema\/person\/bb4337a5fb147cb2046d80548172cbee","name":"admin","image":{"@type":"ImageObject","inLanguage":"sr-RS","@id":"https:\/\/president-ksgov.net\/#\/schema\/person\/image\/","url":"https:\/\/secure.gravatar.com\/avatar\/36156ca0fa3b8d9d25174f146e16beea0cf28f37adf1b9e19b6c9c279a7c9dd3?s=96&d=mm&r=g","contentUrl":"https:\/\/secure.gravatar.com\/avatar\/36156ca0fa3b8d9d25174f146e16beea0cf28f37adf1b9e19b6c9c279a7c9dd3?s=96&d=mm&r=g","caption":"admin"},"sameAs":["https:\/\/president-ksgov.net"]}]}},"_links":{"self":[{"href":"https:\/\/president-ksgov.net\/sr\/wp-json\/wp\/v2\/posts\/76079","targetHints":{"allow":["GET"]}}],"collection":[{"href":"https:\/\/president-ksgov.net\/sr\/wp-json\/wp\/v2\/posts"}],"about":[{"href":"https:\/\/president-ksgov.net\/sr\/wp-json\/wp\/v2\/types\/post"}],"author":[{"embeddable":true,"href":"https:\/\/president-ksgov.net\/sr\/wp-json\/wp\/v2\/users\/1"}],"replies":[{"embeddable":true,"href":"https:\/\/president-ksgov.net\/sr\/wp-json\/wp\/v2\/comments?post=76079"}],"version-history":[{"count":0,"href":"https:\/\/president-ksgov.net\/sr\/wp-json\/wp\/v2\/posts\/76079\/revisions"}],"wp:featuredmedia":[{"embeddable":true,"href":"https:\/\/president-ksgov.net\/sr\/wp-json\/wp\/v2\/media\/29340"}],"wp:attachment":[{"href":"https:\/\/president-ksgov.net\/sr\/wp-json\/wp\/v2\/media?parent=76079"}],"wp:term":[{"taxonomy":"category","embeddable":true,"href":"https:\/\/president-ksgov.net\/sr\/wp-json\/wp\/v2\/categories?post=76079"},{"taxonomy":"post_tag","embeddable":true,"href":"https:\/\/president-ksgov.net\/sr\/wp-json\/wp\/v2\/tags?post=76079"}],"curies":[{"name":"wp","href":"https:\/\/api.w.org\/{rel}","templated":true}]}}